{"id":1503,"date":"2007-03-06T18:32:49","date_gmt":"2007-03-06T18:32:49","guid":{"rendered":"http:\/\/blogs.thesocialmedia.com\/leblogmoto\/2007\/03\/06\/voyage-sur-un-a\/"},"modified":"2012-07-11T14:34:12","modified_gmt":"2012-07-11T14:34:12","slug":"voyage-sur-un-a","status":"publish","type":"post","link":"https:\/\/blogs.thesocialmedia.com\/leblogmoto\/2007\/03\/06\/voyage-sur-un-a\/","title":{"rendered":"Voyage sur un aigle"},"content":{"rendered":"<p><a href=\"http:\/\/blogs.thesocialmedia.com\/leblogmoto\/files\/2012\/07\/phiphiguzzi.jpg\"><img loading=\"lazy\" decoding=\"async\" height=\"200\" alt=\"Phiphiguzzi\" src=\"http:\/\/www.leblogmoto.com\/images\/phiphiguzzi.jpg\" width=\"250\"  \/><\/a> Voici un documentaire qui devrait plaire \u00e0 tous les passionn\u00e9s de moto, ou du moins, ne pas laisser indiff\u00e9rent.<br \/>&quot;Voyage sur un aigle&quot; conte l&rsquo;histoire d&rsquo;un homme,&nbsp; Philippe Lucchese, qui a d\u00e9cid\u00e9 de partir faire le tour en Europe \u00e0 bord de sa <a href=\"http:\/\/www.motomag.com\/spip\/1100-V11-Le-Mans.html\">Moto Guzzi V11 Le Mans<\/a>.<br \/>Ce p\u00e9riple d\u00e9bute donc du Mans lors des 24h moto, passe par l&rsquo;Espagne pour ensuite aller en Italie rencontrer le p\u00e8re de sa Guzzi, puis l&rsquo;Allemagne, etc&#8230; mais je vous laisse d\u00e9couvrir ce film.<\/p>\n<p><a href=\"http:\/\/clabedan.typepad.com\/.shared\/image.html?\/photos\/uncategorized\/aigle_2.jpg\"><img loading=\"lazy\" decoding=\"async\" height=\"200\" alt=\"Aigle_2\" src=\"http:\/\/www.leblogmoto.com\/images\/aigle_2.jpg\" width=\"250\"  \/><\/a> Cette oeuvre a \u00e9t\u00e9 prim\u00e9 lors de la <a href=\"http:\/\/www.motostra.com\/\">Motostra<\/a> 2004 comme prix du doumentaire et comme prix du public en 2005.<\/p>\n<p>Vous pourrez retrouver la vid\u00e9o <a href=\"http:\/\/cinocheproduction.free.fr\/\">ici<\/a>, mais je vous invite \u00e0 voir les autres vid\u00e9os qui sont tout aussi int\u00e9ressantes.<\/p>\n","protected":false},"excerpt":{"rendered":"<p>Voici un documentaire qui devrait plaire \u00e0 tous les passionn\u00e9s de moto, ou du moins, ne pas laisser indiff\u00e9rent.&quot;Voyage sur un aigle&quot; conte l&rsquo;histoire d&rsquo;un homme,&nbsp; Philippe Lucchese, qui a d\u00e9cid\u00e9 de partir faire le tour en Europe \u00e0 bord de sa Moto Guzzi V11 Le Mans.Ce p\u00e9riple d\u00e9bute donc du Mans lors des 24h [&hellip;]<\/p>\n","protected":false},"author":329,"featured_media":0,"comment_status":"open","ping_status":"open","sticky":false,"template":"","format":"standard","meta":{"footnotes":""},"categories":[13,12],"tags":[],"class_list":["post-1503","post","type-post","status-publish","format-standard","hentry","category-aventure","category-videos"],"yoast_head":"<!-- This site is optimized with the Yoast SEO plugin v26.0 - https:\/\/yoast.com\/wordpress\/plugins\/seo\/ -->\n<title>Voyage sur un aigle - leblogmoto.com<\/title>\n<meta name=\"robots\" content=\"index, follow, max-snippet:-1, max-image-preview:large, max-video-preview:-1\" \/>\n<link rel=\"canonical\" href=\"https:\/\/blogs.thesocialmedia.com\/leblogmoto\/2007\/03\/06\/voyage-sur-un-a\/\" \/>\n<meta name=\"twitter:card\" content=\"summary_large_image\" \/>\n<meta name=\"twitter:title\" content=\"Voyage sur un aigle - leblogmoto.com\" \/>\n<meta name=\"twitter:description\" content=\"Voici un documentaire qui devrait plaire \u00e0 tous les passionn\u00e9s de moto, ou du moins, ne pas laisser indiff\u00e9rent.&quot;Voyage sur un aigle&quot; conte l&rsquo;histoire d&rsquo;un homme,&nbsp; Philippe Lucchese, qui a d\u00e9cid\u00e9 de partir faire le tour en Europe \u00e0 bord de sa Moto Guzzi V11 Le Mans.Ce p\u00e9riple d\u00e9bute donc du Mans lors des 24h [&hellip;]\" \/>\n<meta name=\"twitter:image\" content=\"http:\/\/www.leblogmoto.com\/images\/phiphiguzzi.jpg\" \/>\n<meta name=\"twitter:label1\" content=\"\u00c9crit par\" \/>\n\t<meta name=\"twitter:data1\" content=\"gregory boucaud\" \/>\n\t<meta name=\"twitter:label2\" content=\"Dur\u00e9e de lecture estim\u00e9e\" \/>\n\t<meta name=\"twitter:data2\" content=\"1 minute\" \/>\n<script type=\"application\/ld+json\" class=\"yoast-schema-graph\">{\"@context\":\"https:\/\/schema.org\",\"@graph\":[{\"@type\":\"WebPage\",\"@id\":\"https:\/\/blogs.thesocialmedia.com\/leblogmoto\/2007\/03\/06\/voyage-sur-un-a\/\",\"url\":\"https:\/\/blogs.thesocialmedia.com\/leblogmoto\/2007\/03\/06\/voyage-sur-un-a\/\",\"name\":\"Voyage sur un aigle - leblogmoto.com\",\"isPartOf\":{\"@id\":\"https:\/\/blogs.thesocialmedia.com\/leblogmoto\/#website\"},\"primaryImageOfPage\":{\"@id\":\"https:\/\/blogs.thesocialmedia.com\/leblogmoto\/2007\/03\/06\/voyage-sur-un-a\/#primaryimage\"},\"image\":{\"@id\":\"https:\/\/blogs.thesocialmedia.com\/leblogmoto\/2007\/03\/06\/voyage-sur-un-a\/#primaryimage\"},\"thumbnailUrl\":\"http:\/\/www.leblogmoto.com\/images\/phiphiguzzi.jpg\",\"datePublished\":\"2007-03-06T18:32:49+00:00\",\"dateModified\":\"2012-07-11T14:34:12+00:00\",\"author\":{\"@id\":\"https:\/\/blogs.thesocialmedia.com\/leblogmoto\/#\/schema\/person\/769623f89741cc3381675029a37764f8\"},\"breadcrumb\":{\"@id\":\"https:\/\/blogs.thesocialmedia.com\/leblogmoto\/2007\/03\/06\/voyage-sur-un-a\/#breadcrumb\"},\"inLanguage\":\"fr-FR\",\"potentialAction\":[{\"@type\":\"ReadAction\",\"target\":[\"https:\/\/blogs.thesocialmedia.com\/leblogmoto\/2007\/03\/06\/voyage-sur-un-a\/\"]}]},{\"@type\":\"ImageObject\",\"inLanguage\":\"fr-FR\",\"@id\":\"https:\/\/blogs.thesocialmedia.com\/leblogmoto\/2007\/03\/06\/voyage-sur-un-a\/#primaryimage\",\"url\":\"http:\/\/www.leblogmoto.com\/images\/phiphiguzzi.jpg\",\"contentUrl\":\"http:\/\/www.leblogmoto.com\/images\/phiphiguzzi.jpg\"},{\"@type\":\"BreadcrumbList\",\"@id\":\"https:\/\/blogs.thesocialmedia.com\/leblogmoto\/2007\/03\/06\/voyage-sur-un-a\/#breadcrumb\",\"itemListElement\":[{\"@type\":\"ListItem\",\"position\":1,\"name\":\"Accueil\",\"item\":\"https:\/\/blogs.thesocialmedia.com\/leblogmoto\/\"},{\"@type\":\"ListItem\",\"position\":2,\"name\":\"Voyage sur un aigle\"}]},{\"@type\":\"WebSite\",\"@id\":\"https:\/\/blogs.thesocialmedia.com\/leblogmoto\/#website\",\"url\":\"https:\/\/blogs.thesocialmedia.com\/leblogmoto\/\",\"name\":\"leblogmoto\",\"description\":\"Toute l&#039;actualit\u00e9 des 2 roues\",\"potentialAction\":[{\"@type\":\"SearchAction\",\"target\":{\"@type\":\"EntryPoint\",\"urlTemplate\":\"https:\/\/blogs.thesocialmedia.com\/leblogmoto\/?s={search_term_string}\"},\"query-input\":{\"@type\":\"PropertyValueSpecification\",\"valueRequired\":true,\"valueName\":\"search_term_string\"}}],\"inLanguage\":\"fr-FR\"},{\"@type\":\"Person\",\"@id\":\"https:\/\/blogs.thesocialmedia.com\/leblogmoto\/#\/schema\/person\/769623f89741cc3381675029a37764f8\",\"name\":\"gregory boucaud\",\"image\":{\"@type\":\"ImageObject\",\"inLanguage\":\"fr-FR\",\"@id\":\"https:\/\/blogs.thesocialmedia.com\/leblogmoto\/#\/schema\/person\/image\/\",\"url\":\"https:\/\/secure.gravatar.com\/avatar\/?s=96&d=mm&r=g\",\"contentUrl\":\"https:\/\/secure.gravatar.com\/avatar\/?s=96&d=mm&r=g\",\"caption\":\"gregory boucaud\"},\"url\":\"https:\/\/blogs.thesocialmedia.com\/leblogmoto\/author\/gregory-boucaud\/\"}]}<\/script>\n<!-- \/ Yoast SEO plugin. -->","yoast_head_json":{"title":"Voyage sur un aigle - leblogmoto.com","robots":{"index":"index","follow":"follow","max-snippet":"max-snippet:-1","max-image-preview":"max-image-preview:large","max-video-preview":"max-video-preview:-1"},"canonical":"https:\/\/blogs.thesocialmedia.com\/leblogmoto\/2007\/03\/06\/voyage-sur-un-a\/","twitter_card":"summary_large_image","twitter_title":"Voyage sur un aigle - leblogmoto.com","twitter_description":"Voici un documentaire qui devrait plaire \u00e0 tous les passionn\u00e9s de moto, ou du moins, ne pas laisser indiff\u00e9rent.&quot;Voyage sur un aigle&quot; conte l&rsquo;histoire d&rsquo;un homme,&nbsp; Philippe Lucchese, qui a d\u00e9cid\u00e9 de partir faire le tour en Europe \u00e0 bord de sa Moto Guzzi V11 Le Mans.Ce p\u00e9riple d\u00e9bute donc du Mans lors des 24h [&hellip;]","twitter_image":"http:\/\/www.leblogmoto.com\/images\/phiphiguzzi.jpg","twitter_misc":{"\u00c9crit par":"gregory boucaud","Dur\u00e9e de lecture estim\u00e9e":"1 minute"},"schema":{"@context":"https:\/\/schema.org","@graph":[{"@type":"WebPage","@id":"https:\/\/blogs.thesocialmedia.com\/leblogmoto\/2007\/03\/06\/voyage-sur-un-a\/","url":"https:\/\/blogs.thesocialmedia.com\/leblogmoto\/2007\/03\/06\/voyage-sur-un-a\/","name":"Voyage sur un aigle - leblogmoto.com","isPartOf":{"@id":"https:\/\/blogs.thesocialmedia.com\/leblogmoto\/#website"},"primaryImageOfPage":{"@id":"https:\/\/blogs.thesocialmedia.com\/leblogmoto\/2007\/03\/06\/voyage-sur-un-a\/#primaryimage"},"image":{"@id":"https:\/\/blogs.thesocialmedia.com\/leblogmoto\/2007\/03\/06\/voyage-sur-un-a\/#primaryimage"},"thumbnailUrl":"http:\/\/www.leblogmoto.com\/images\/phiphiguzzi.jpg","datePublished":"2007-03-06T18:32:49+00:00","dateModified":"2012-07-11T14:34:12+00:00","author":{"@id":"https:\/\/blogs.thesocialmedia.com\/leblogmoto\/#\/schema\/person\/769623f89741cc3381675029a37764f8"},"breadcrumb":{"@id":"https:\/\/blogs.thesocialmedia.com\/leblogmoto\/2007\/03\/06\/voyage-sur-un-a\/#breadcrumb"},"inLanguage":"fr-FR","potentialAction":[{"@type":"ReadAction","target":["https:\/\/blogs.thesocialmedia.com\/leblogmoto\/2007\/03\/06\/voyage-sur-un-a\/"]}]},{"@type":"ImageObject","inLanguage":"fr-FR","@id":"https:\/\/blogs.thesocialmedia.com\/leblogmoto\/2007\/03\/06\/voyage-sur-un-a\/#primaryimage","url":"http:\/\/www.leblogmoto.com\/images\/phiphiguzzi.jpg","contentUrl":"http:\/\/www.leblogmoto.com\/images\/phiphiguzzi.jpg"},{"@type":"BreadcrumbList","@id":"https:\/\/blogs.thesocialmedia.com\/leblogmoto\/2007\/03\/06\/voyage-sur-un-a\/#breadcrumb","itemListElement":[{"@type":"ListItem","position":1,"name":"Accueil","item":"https:\/\/blogs.thesocialmedia.com\/leblogmoto\/"},{"@type":"ListItem","position":2,"name":"Voyage sur un aigle"}]},{"@type":"WebSite","@id":"https:\/\/blogs.thesocialmedia.com\/leblogmoto\/#website","url":"https:\/\/blogs.thesocialmedia.com\/leblogmoto\/","name":"leblogmoto","description":"Toute l&#039;actualit\u00e9 des 2 roues","potentialAction":[{"@type":"SearchAction","target":{"@type":"EntryPoint","urlTemplate":"https:\/\/blogs.thesocialmedia.com\/leblogmoto\/?s={search_term_string}"},"query-input":{"@type":"PropertyValueSpecification","valueRequired":true,"valueName":"search_term_string"}}],"inLanguage":"fr-FR"},{"@type":"Person","@id":"https:\/\/blogs.thesocialmedia.com\/leblogmoto\/#\/schema\/person\/769623f89741cc3381675029a37764f8","name":"gregory boucaud","image":{"@type":"ImageObject","inLanguage":"fr-FR","@id":"https:\/\/blogs.thesocialmedia.com\/leblogmoto\/#\/schema\/person\/image\/","url":"https:\/\/secure.gravatar.com\/avatar\/?s=96&d=mm&r=g","contentUrl":"https:\/\/secure.gravatar.com\/avatar\/?s=96&d=mm&r=g","caption":"gregory boucaud"},"url":"https:\/\/blogs.thesocialmedia.com\/leblogmoto\/author\/gregory-boucaud\/"}]}},"_links":{"self":[{"href":"https:\/\/blogs.thesocialmedia.com\/leblogmoto\/wp-json\/wp\/v2\/posts\/1503","targetHints":{"allow":["GET"]}}],"collection":[{"href":"https:\/\/blogs.thesocialmedia.com\/leblogmoto\/wp-json\/wp\/v2\/posts"}],"about":[{"href":"https:\/\/blogs.thesocialmedia.com\/leblogmoto\/wp-json\/wp\/v2\/types\/post"}],"author":[{"embeddable":true,"href":"https:\/\/blogs.thesocialmedia.com\/leblogmoto\/wp-json\/wp\/v2\/users\/329"}],"replies":[{"embeddable":true,"href":"https:\/\/blogs.thesocialmedia.com\/leblogmoto\/wp-json\/wp\/v2\/comments?post=1503"}],"version-history":[{"count":2,"href":"https:\/\/blogs.thesocialmedia.com\/leblogmoto\/wp-json\/wp\/v2\/posts\/1503\/revisions"}],"predecessor-version":[{"id":8131,"href":"https:\/\/blogs.thesocialmedia.com\/leblogmoto\/wp-json\/wp\/v2\/posts\/1503\/revisions\/8131"}],"wp:attachment":[{"href":"https:\/\/blogs.thesocialmedia.com\/leblogmoto\/wp-json\/wp\/v2\/media?parent=1503"}],"wp:term":[{"taxonomy":"category","embeddable":true,"href":"https:\/\/blogs.thesocialmedia.com\/leblogmoto\/wp-json\/wp\/v2\/categories?post=1503"},{"taxonomy":"post_tag","embeddable":true,"href":"https:\/\/blogs.thesocialmedia.com\/leblogmoto\/wp-json\/wp\/v2\/tags?post=1503"}],"curies":[{"name":"wp","href":"https:\/\/api.w.org\/{rel}","templated":true}]}}