{"id":1505,"date":"2007-03-06T00:02:32","date_gmt":"2007-03-06T00:02:32","guid":{"rendered":"http:\/\/blogs.thesocialmedia.com\/leblogmoto\/2007\/03\/06\/toulouse-univer\/"},"modified":"2012-07-11T14:34:07","modified_gmt":"2012-07-11T14:34:07","slug":"toulouse-univer","status":"publish","type":"post","link":"https:\/\/blogs.thesocialmedia.com\/leblogmoto\/2007\/03\/06\/toulouse-univer\/","title":{"rendered":"Toulouse : Univers Moto ouvre ses portes"},"content":{"rendered":"<p><a href=\"http:\/\/blogs.thesocialmedia.com\/leblogmoto\/files\/2012\/07\/complex1.jpg\"><img loading=\"lazy\" decoding=\"async\" width=\"250\" height=\"139\"  alt=\"Complex1\" src=\"http:\/\/www.leblogmoto.com\/images\/complex1.jpg\" style=\"margin: 0px 5px 5px 0px;float: left\" \/><\/a> <a href=\"http:\/\/www.leblogmoto.com\/2006\/12\/toulouse_la_mot.html#more\">Nous l\u2019avions annonc\u00e9 d\u00e9but d\u00e9cembre 2006<\/a> et ce sera chose faite demain mardi 6 mars 2007, quand la plus grande surface commerciale permanente d\u00e9di\u00e9e \u00e0 la moto en France ouvrira ses portes.<\/p>\n<p>Situ\u00e9e \u00e0 un jet de pierre du Stade Toulousain, le c\u00e9l\u00e8bre stade de rugby, pr\u00e9cis\u00e9ment au num\u00e9ro 6 de la rue Louis-Bonin.<\/p>\n<p><a href=\"http:\/\/www.yamservice.com\/complex.html\">\u00ab Univers moto \u00bb<\/a>, r\u00e9unira sur sur 6 000 m2 six concessions, un magasin d&rsquo;accessoires, un atelier de r\u00e9paration, un caf\u00e9, une \u00e9cole de conduite et un bureau de la <a href=\"http:\/\/www.amdm.fr\/assurance-moto\/\">Mutuelle des Motards<\/a>. Bref, l\u2019essentiel, le superflu et tout le bonheur des motards sera r\u00e9uni dans ce superbe complexe. <\/p>\n<p>Le site se compose de quatre b\u00e2timents jumel\u00e9s par une tour cylindrique. Chaque b\u00e2timent abritera les concessions et les commerces d&rsquo;accessoires ainsi que les ateliers. Concient de l&rsquo;attrait que repr\u00e9sente un tel complexe des concessionnaires du centre ville ont choisi de fermer boutique pour venir s&rsquo;implanter l\u00e0. <\/p>\n<p> \u00ab Univers Moto \u00bb sera \u00e0 n\u2019en point douter un s\u00e9rieux concurrent au \u00ab boulevard de la moto \u00bb. C\u2019est ainsi que les toulousains surnomment le boulevard d\u2019Atlanta en raison des nombreuses concessions et magasins moto qui s&rsquo;y sont implant\u00e9s. <br \/> Les motards du nord-ouest toulousains sont g\u00e2t\u00e9s : le \u00ab boulevard \u00bb et <a href=\"http:\/\/www.yamservice.com\/complex.html\">\u00ab Univers Moto \u00bb<\/a> se trouvent &#8230;\u00e0 5 minutes l\u2019un de l\u2019autre !<\/p>\n","protected":false},"excerpt":{"rendered":"<p>Nous l\u2019avions annonc\u00e9 d\u00e9but d\u00e9cembre 2006 et ce sera chose faite demain mardi 6 mars 2007, quand la plus grande surface commerciale permanente d\u00e9di\u00e9e \u00e0 la moto en France ouvrira ses portes. Situ\u00e9e \u00e0 un jet de pierre du Stade Toulousain, le c\u00e9l\u00e8bre stade de rugby, pr\u00e9cis\u00e9ment au num\u00e9ro 6 de la rue Louis-Bonin. \u00ab [&hellip;]<\/p>\n","protected":false},"author":333,"featured_media":0,"comment_status":"open","ping_status":"open","sticky":false,"template":"","format":"standard","meta":{"footnotes":""},"categories":[3],"tags":[],"class_list":["post-1505","post","type-post","status-publish","format-standard","hentry","category-actualite"],"yoast_head":"<!-- This site is optimized with the Yoast SEO plugin v26.0 - https:\/\/yoast.com\/wordpress\/plugins\/seo\/ -->\n<title>Toulouse : Univers Moto ouvre ses portes - leblogmoto.com<\/title>\n<meta name=\"robots\" content=\"index, follow, max-snippet:-1, max-image-preview:large, max-video-preview:-1\" \/>\n<link rel=\"canonical\" href=\"https:\/\/blogs.thesocialmedia.com\/leblogmoto\/2007\/03\/06\/toulouse-univer\/\" \/>\n<meta name=\"twitter:card\" content=\"summary_large_image\" \/>\n<meta name=\"twitter:title\" content=\"Toulouse : Univers Moto ouvre ses portes - leblogmoto.com\" \/>\n<meta name=\"twitter:description\" content=\"Nous l\u2019avions annonc\u00e9 d\u00e9but d\u00e9cembre 2006 et ce sera chose faite demain mardi 6 mars 2007, quand la plus grande surface commerciale permanente d\u00e9di\u00e9e \u00e0 la moto en France ouvrira ses portes. Situ\u00e9e \u00e0 un jet de pierre du Stade Toulousain, le c\u00e9l\u00e8bre stade de rugby, pr\u00e9cis\u00e9ment au num\u00e9ro 6 de la rue Louis-Bonin. \u00ab [&hellip;]\" \/>\n<meta name=\"twitter:image\" content=\"http:\/\/www.leblogmoto.com\/images\/complex1.jpg\" \/>\n<meta name=\"twitter:label1\" content=\"\u00c9crit par\" \/>\n\t<meta name=\"twitter:data1\" content=\"christian tirat\" \/>\n\t<meta name=\"twitter:label2\" content=\"Dur\u00e9e de lecture estim\u00e9e\" \/>\n\t<meta name=\"twitter:data2\" content=\"1 minute\" \/>\n<script type=\"application\/ld+json\" class=\"yoast-schema-graph\">{\"@context\":\"https:\/\/schema.org\",\"@graph\":[{\"@type\":\"WebPage\",\"@id\":\"https:\/\/blogs.thesocialmedia.com\/leblogmoto\/2007\/03\/06\/toulouse-univer\/\",\"url\":\"https:\/\/blogs.thesocialmedia.com\/leblogmoto\/2007\/03\/06\/toulouse-univer\/\",\"name\":\"Toulouse : Univers Moto ouvre ses portes - leblogmoto.com\",\"isPartOf\":{\"@id\":\"https:\/\/blogs.thesocialmedia.com\/leblogmoto\/#website\"},\"primaryImageOfPage\":{\"@id\":\"https:\/\/blogs.thesocialmedia.com\/leblogmoto\/2007\/03\/06\/toulouse-univer\/#primaryimage\"},\"image\":{\"@id\":\"https:\/\/blogs.thesocialmedia.com\/leblogmoto\/2007\/03\/06\/toulouse-univer\/#primaryimage\"},\"thumbnailUrl\":\"http:\/\/www.leblogmoto.com\/images\/complex1.jpg\",\"datePublished\":\"2007-03-06T00:02:32+00:00\",\"dateModified\":\"2012-07-11T14:34:07+00:00\",\"author\":{\"@id\":\"https:\/\/blogs.thesocialmedia.com\/leblogmoto\/#\/schema\/person\/90b2f8fd0d5a2cede2580e95fc79c6c0\"},\"breadcrumb\":{\"@id\":\"https:\/\/blogs.thesocialmedia.com\/leblogmoto\/2007\/03\/06\/toulouse-univer\/#breadcrumb\"},\"inLanguage\":\"fr-FR\",\"potentialAction\":[{\"@type\":\"ReadAction\",\"target\":[\"https:\/\/blogs.thesocialmedia.com\/leblogmoto\/2007\/03\/06\/toulouse-univer\/\"]}]},{\"@type\":\"ImageObject\",\"inLanguage\":\"fr-FR\",\"@id\":\"https:\/\/blogs.thesocialmedia.com\/leblogmoto\/2007\/03\/06\/toulouse-univer\/#primaryimage\",\"url\":\"http:\/\/www.leblogmoto.com\/images\/complex1.jpg\",\"contentUrl\":\"http:\/\/www.leblogmoto.com\/images\/complex1.jpg\"},{\"@type\":\"BreadcrumbList\",\"@id\":\"https:\/\/blogs.thesocialmedia.com\/leblogmoto\/2007\/03\/06\/toulouse-univer\/#breadcrumb\",\"itemListElement\":[{\"@type\":\"ListItem\",\"position\":1,\"name\":\"Accueil\",\"item\":\"https:\/\/blogs.thesocialmedia.com\/leblogmoto\/\"},{\"@type\":\"ListItem\",\"position\":2,\"name\":\"Toulouse : Univers Moto ouvre ses portes\"}]},{\"@type\":\"WebSite\",\"@id\":\"https:\/\/blogs.thesocialmedia.com\/leblogmoto\/#website\",\"url\":\"https:\/\/blogs.thesocialmedia.com\/leblogmoto\/\",\"name\":\"leblogmoto\",\"description\":\"Toute l&#039;actualit\u00e9 des 2 roues\",\"potentialAction\":[{\"@type\":\"SearchAction\",\"target\":{\"@type\":\"EntryPoint\",\"urlTemplate\":\"https:\/\/blogs.thesocialmedia.com\/leblogmoto\/?s={search_term_string}\"},\"query-input\":{\"@type\":\"PropertyValueSpecification\",\"valueRequired\":true,\"valueName\":\"search_term_string\"}}],\"inLanguage\":\"fr-FR\"},{\"@type\":\"Person\",\"@id\":\"https:\/\/blogs.thesocialmedia.com\/leblogmoto\/#\/schema\/person\/90b2f8fd0d5a2cede2580e95fc79c6c0\",\"name\":\"christian tirat\",\"image\":{\"@type\":\"ImageObject\",\"inLanguage\":\"fr-FR\",\"@id\":\"https:\/\/blogs.thesocialmedia.com\/leblogmoto\/#\/schema\/person\/image\/\",\"url\":\"https:\/\/secure.gravatar.com\/avatar\/?s=96&d=mm&r=g\",\"contentUrl\":\"https:\/\/secure.gravatar.com\/avatar\/?s=96&d=mm&r=g\",\"caption\":\"christian tirat\"},\"url\":\"https:\/\/blogs.thesocialmedia.com\/leblogmoto\/author\/christian-tirat\/\"}]}<\/script>\n<!-- \/ Yoast SEO plugin. -->","yoast_head_json":{"title":"Toulouse : Univers Moto ouvre ses portes - leblogmoto.com","robots":{"index":"index","follow":"follow","max-snippet":"max-snippet:-1","max-image-preview":"max-image-preview:large","max-video-preview":"max-video-preview:-1"},"canonical":"https:\/\/blogs.thesocialmedia.com\/leblogmoto\/2007\/03\/06\/toulouse-univer\/","twitter_card":"summary_large_image","twitter_title":"Toulouse : Univers Moto ouvre ses portes - leblogmoto.com","twitter_description":"Nous l\u2019avions annonc\u00e9 d\u00e9but d\u00e9cembre 2006 et ce sera chose faite demain mardi 6 mars 2007, quand la plus grande surface commerciale permanente d\u00e9di\u00e9e \u00e0 la moto en France ouvrira ses portes. Situ\u00e9e \u00e0 un jet de pierre du Stade Toulousain, le c\u00e9l\u00e8bre stade de rugby, pr\u00e9cis\u00e9ment au num\u00e9ro 6 de la rue Louis-Bonin. \u00ab [&hellip;]","twitter_image":"http:\/\/www.leblogmoto.com\/images\/complex1.jpg","twitter_misc":{"\u00c9crit par":"christian tirat","Dur\u00e9e de lecture estim\u00e9e":"1 minute"},"schema":{"@context":"https:\/\/schema.org","@graph":[{"@type":"WebPage","@id":"https:\/\/blogs.thesocialmedia.com\/leblogmoto\/2007\/03\/06\/toulouse-univer\/","url":"https:\/\/blogs.thesocialmedia.com\/leblogmoto\/2007\/03\/06\/toulouse-univer\/","name":"Toulouse : Univers Moto ouvre ses portes - leblogmoto.com","isPartOf":{"@id":"https:\/\/blogs.thesocialmedia.com\/leblogmoto\/#website"},"primaryImageOfPage":{"@id":"https:\/\/blogs.thesocialmedia.com\/leblogmoto\/2007\/03\/06\/toulouse-univer\/#primaryimage"},"image":{"@id":"https:\/\/blogs.thesocialmedia.com\/leblogmoto\/2007\/03\/06\/toulouse-univer\/#primaryimage"},"thumbnailUrl":"http:\/\/www.leblogmoto.com\/images\/complex1.jpg","datePublished":"2007-03-06T00:02:32+00:00","dateModified":"2012-07-11T14:34:07+00:00","author":{"@id":"https:\/\/blogs.thesocialmedia.com\/leblogmoto\/#\/schema\/person\/90b2f8fd0d5a2cede2580e95fc79c6c0"},"breadcrumb":{"@id":"https:\/\/blogs.thesocialmedia.com\/leblogmoto\/2007\/03\/06\/toulouse-univer\/#breadcrumb"},"inLanguage":"fr-FR","potentialAction":[{"@type":"ReadAction","target":["https:\/\/blogs.thesocialmedia.com\/leblogmoto\/2007\/03\/06\/toulouse-univer\/"]}]},{"@type":"ImageObject","inLanguage":"fr-FR","@id":"https:\/\/blogs.thesocialmedia.com\/leblogmoto\/2007\/03\/06\/toulouse-univer\/#primaryimage","url":"http:\/\/www.leblogmoto.com\/images\/complex1.jpg","contentUrl":"http:\/\/www.leblogmoto.com\/images\/complex1.jpg"},{"@type":"BreadcrumbList","@id":"https:\/\/blogs.thesocialmedia.com\/leblogmoto\/2007\/03\/06\/toulouse-univer\/#breadcrumb","itemListElement":[{"@type":"ListItem","position":1,"name":"Accueil","item":"https:\/\/blogs.thesocialmedia.com\/leblogmoto\/"},{"@type":"ListItem","position":2,"name":"Toulouse : Univers Moto ouvre ses portes"}]},{"@type":"WebSite","@id":"https:\/\/blogs.thesocialmedia.com\/leblogmoto\/#website","url":"https:\/\/blogs.thesocialmedia.com\/leblogmoto\/","name":"leblogmoto","description":"Toute l&#039;actualit\u00e9 des 2 roues","potentialAction":[{"@type":"SearchAction","target":{"@type":"EntryPoint","urlTemplate":"https:\/\/blogs.thesocialmedia.com\/leblogmoto\/?s={search_term_string}"},"query-input":{"@type":"PropertyValueSpecification","valueRequired":true,"valueName":"search_term_string"}}],"inLanguage":"fr-FR"},{"@type":"Person","@id":"https:\/\/blogs.thesocialmedia.com\/leblogmoto\/#\/schema\/person\/90b2f8fd0d5a2cede2580e95fc79c6c0","name":"christian tirat","image":{"@type":"ImageObject","inLanguage":"fr-FR","@id":"https:\/\/blogs.thesocialmedia.com\/leblogmoto\/#\/schema\/person\/image\/","url":"https:\/\/secure.gravatar.com\/avatar\/?s=96&d=mm&r=g","contentUrl":"https:\/\/secure.gravatar.com\/avatar\/?s=96&d=mm&r=g","caption":"christian tirat"},"url":"https:\/\/blogs.thesocialmedia.com\/leblogmoto\/author\/christian-tirat\/"}]}},"_links":{"self":[{"href":"https:\/\/blogs.thesocialmedia.com\/leblogmoto\/wp-json\/wp\/v2\/posts\/1505","targetHints":{"allow":["GET"]}}],"collection":[{"href":"https:\/\/blogs.thesocialmedia.com\/leblogmoto\/wp-json\/wp\/v2\/posts"}],"about":[{"href":"https:\/\/blogs.thesocialmedia.com\/leblogmoto\/wp-json\/wp\/v2\/types\/post"}],"author":[{"embeddable":true,"href":"https:\/\/blogs.thesocialmedia.com\/leblogmoto\/wp-json\/wp\/v2\/users\/333"}],"replies":[{"embeddable":true,"href":"https:\/\/blogs.thesocialmedia.com\/leblogmoto\/wp-json\/wp\/v2\/comments?post=1505"}],"version-history":[{"count":2,"href":"https:\/\/blogs.thesocialmedia.com\/leblogmoto\/wp-json\/wp\/v2\/posts\/1505\/revisions"}],"predecessor-version":[{"id":8127,"href":"https:\/\/blogs.thesocialmedia.com\/leblogmoto\/wp-json\/wp\/v2\/posts\/1505\/revisions\/8127"}],"wp:attachment":[{"href":"https:\/\/blogs.thesocialmedia.com\/leblogmoto\/wp-json\/wp\/v2\/media?parent=1505"}],"wp:term":[{"taxonomy":"category","embeddable":true,"href":"https:\/\/blogs.thesocialmedia.com\/leblogmoto\/wp-json\/wp\/v2\/categories?post=1505"},{"taxonomy":"post_tag","embeddable":true,"href":"https:\/\/blogs.thesocialmedia.com\/leblogmoto\/wp-json\/wp\/v2\/tags?post=1505"}],"curies":[{"name":"wp","href":"https:\/\/api.w.org\/{rel}","templated":true}]}}