{"id":1506,"date":"2007-03-05T23:18:11","date_gmt":"2007-03-05T23:18:11","guid":{"rendered":"http:\/\/blogs.thesocialmedia.com\/leblogmoto\/2007\/03\/05\/ffmc-appel-a-ma\/"},"modified":"2012-07-11T14:34:05","modified_gmt":"2012-07-11T14:34:05","slug":"ffmc-appel-a-ma","status":"publish","type":"post","link":"https:\/\/blogs.thesocialmedia.com\/leblogmoto\/2007\/03\/05\/ffmc-appel-a-ma\/","title":{"rendered":"FFMC : Appel a manifester\u2026et a voter"},"content":{"rendered":"<p><a href=\"http:\/\/blogs.thesocialmedia.com\/leblogmoto\/files\/2012\/07\/photo6_1.jpg\"><img loading=\"lazy\" decoding=\"async\" width=\"250\" height=\"155\"  alt=\"Photo6_1\" src=\"http:\/\/www.leblogmoto.com\/images\/photo6_1.jpg\" style=\"margin: 0px 5px 5px 0px;float: left\" \/><\/a> C&rsquo;est sous le slogan \u00ab Aux urnes, citoyens motards !!! \u00bb que la F\u00e9d\u00e9ration des Motards en Col\u00e8re <a href=\"http:\/\/www.ffmc.asso.fr\/\">(FFMC)<\/a> appelle tous les usagers de deux roues motoris\u00e9es a manifester partout en France les 14 et 15 avril.<br \/>Des manifestations qui visent \u00e0 protester contre <a href=\"http:\/\/www.leblogmoto.com\/2007\/02\/ffmc_prsidentie.html#more\">la loi du 5 janvier<\/a>, jug\u00e9e liberticide puisqu\u2019elle peut <em>&quot;nous mener droit en prison pour avoir modifi\u00e9 notre moto et in\u00e9galitaire puisqu\u2019elle \u00e9tablit une distinction entre un automobiliste qui mettrait des &quot;\u00e9clairages suppl\u00e9mentaires et un pot racing&quot; et un motard qui modifierait ses jantes ou ses clignotants&quot;<\/em><\/p>\n<p><a href=\"http:\/\/clabedan.typepad.com\/.shared\/image.html?\/photos\/uncategorized\/ffmclogo.jpg\"><img loading=\"lazy\" decoding=\"async\" width=\"250\" height=\"91\"  alt=\"Ffmclogo\" src=\"http:\/\/www.leblogmoto.com\/images\/ffmclogo.jpg\" style=\"margin: 0px 5px 5px 0px;float: left\" \/><\/a>Tout aussi liberticide est le texte anti-rassemblement qui nous oblige \u00e0 d\u00e9clarer 2 mois \u00e0 l\u2019avance notre balade dominicale.<\/p>\n<p> Libert\u00e9, \u00e9galit\u00e9, solidarit\u00e9, tels sont les \u00ab cr\u00e9do \u00bb de la <a href=\"http:\/\/www.ffmc.asso.fr\/\">FFMC<\/a>. Elle entend bien le faire savoir avec tous les usagers de 2RM. Tout en insistant sur ses actions de pr\u00e9vention la F\u00e9d\u00e9ration se fait aussi mena\u00e7ante : <br \/><em> \u00ab Candidats \u00e0 la pr\u00e9sidentielle, \u00e9coutez nous et entendez nous ! Nous ne sommes pas les d\u00e9linquants et les fous furieux que des mensonges statistiques et des effets d\u2019annonce stigmatisent\/\u2026\/nous sommes capables de grandes choses et nous sommes nombreux. Nous sommes des citoyens, salari\u00e9s, artisans, fonctionnaires, travailleurs ind\u00e9pendants, nous sommes des m\u00e8res et des p\u00e8res de familles, des \u00e9tudiants et des retrait\u00e9s\u2026 et nous votons ! Nous attendons les r\u00e9ponses \u00e0 notre questionnaire aux candidats \u00e0 la pr\u00e9sidentielle pour nous d\u00e9terminer en connaissance de cause et nous saurons rappeler leurs promesses \u00e0 ceux qui seront \u00e9lus \u00bb<\/em><\/p>\n<p><a href=\"http:\/\/clabedan.typepad.com\/.shared\/image.html?\/photos\/uncategorized\/photo1_2.jpg\"><img loading=\"lazy\" decoding=\"async\" width=\"250\" height=\"109\"  alt=\"Photo1_2\" src=\"http:\/\/www.leblogmoto.com\/images\/photo1_2.jpg\" style=\"margin: 0px 5px 5px 0px;float: left\" \/><\/a> En outre, la <a href=\"http:\/\/www.ffmc.asso.fr\/\">FFMC<\/a> prouve son sens des responsabilit\u00e9s quand elle se r\u00e9jouit que l\u2019allumage des feux pour les cyclos et les 125 soit enfin rendu obligatoire, cette \u00e9vidence faisant partie des revendications de la FFMC. Elle pr\u00e9cise dans un communiqu\u00e9 :<\/p>\n<p><em> \u00ab Alors que <a href=\"http:\/\/www.leblogmoto.com\/2007\/01\/scurit_routire_.html#more\">le nombre de tu\u00e9s \u00e0 moto a consid\u00e9rablement baiss\u00e9 l\u2019ann\u00e9e derni\u00e8re<\/a> (-13% en 2006) , alors m\u00eame que le march\u00e9 de la moto augmentait de 20%, le bilan de l\u2019accidentologie des cyclomoteurs est plus pr\u00e9occupant.<\/p>\n<p> Tant pour les cyclomotoristes que pour les \u00ab motomobilistes \u00bb qui, <a href=\"http:\/\/www.leblogmoto.com\/2007\/01\/permis_125_scoo.html#more\">titulaires d\u2019un permis B<\/a> peuvent conduire une 125, il s\u2019agit d\u2019usagers insuffisamment form\u00e9s, particuli\u00e8rement vuln\u00e9rables, et peu visibles sur la route. Cette mesure va donc dans le bon sens en permettant d\u2019am\u00e9liorer leur perception sur la route, m\u00eame si cela ressemble quelque peu \u00e0 une session de rattrapage pour le gouvernement, apr\u00e8s l\u2019\u00e9pisode calamiteux des \u00ab feux de jour \u00bb pour les voitures, et si des lacunes restent \u00e0 combler dans le domaine de la formation des usagers de cyclomoteurs et de motocyclettes l\u00e9g\u00e8res \u00bb<\/em> <\/p>\n<p> Cependant, concernant les \u00ab feux de jour \u00bb pour les voitures, les lecteurs du Blog Moto connaissent mon opinion quelque peu divergente de la FFMC :<br \/> TOUS les mobiles doivent \u00eatre per\u00e7us par les autres usagers ! <br \/> Quoi de plus dangereux par exemple qu\u2019une voiture grise d\u00e9pourvue d\u2019\u00e9clairage, en fin d\u2019apr\u00e8s-midi ? <br \/> Qu\u2019importe&nbsp; d\u2019\u00eatre reconnu, diff\u00e9renci\u00e9 en tant que motard ?<br \/> L\u2019important, c\u2019est d\u2019\u00eatre vu mais aussi de voir les autres v\u00e9hicules\u2026<\/p>\n","protected":false},"excerpt":{"rendered":"<p>C&rsquo;est sous le slogan \u00ab Aux urnes, citoyens motards !!! \u00bb que la F\u00e9d\u00e9ration des Motards en Col\u00e8re (FFMC) appelle tous les usagers de deux roues motoris\u00e9es a manifester partout en France les 14 et 15 avril.Des manifestations qui visent \u00e0 protester contre la loi du 5 janvier, jug\u00e9e liberticide puisqu\u2019elle peut &quot;nous mener droit [&hellip;]<\/p>\n","protected":false},"author":333,"featured_media":0,"comment_status":"open","ping_status":"open","sticky":false,"template":"","format":"standard","meta":{"footnotes":""},"categories":[3],"tags":[],"class_list":["post-1506","post","type-post","status-publish","format-standard","hentry","category-actualite"],"yoast_head":"<!-- This site is optimized with the Yoast SEO plugin v26.0 - https:\/\/yoast.com\/wordpress\/plugins\/seo\/ -->\n<title>FFMC : Appel a manifester\u2026et a voter - leblogmoto.com<\/title>\n<meta name=\"robots\" content=\"index, follow, max-snippet:-1, max-image-preview:large, max-video-preview:-1\" \/>\n<link rel=\"canonical\" href=\"https:\/\/blogs.thesocialmedia.com\/leblogmoto\/2007\/03\/05\/ffmc-appel-a-ma\/\" \/>\n<meta name=\"twitter:card\" content=\"summary_large_image\" \/>\n<meta name=\"twitter:title\" content=\"FFMC : Appel a manifester\u2026et a voter - leblogmoto.com\" \/>\n<meta name=\"twitter:description\" content=\"C&rsquo;est sous le slogan \u00ab Aux urnes, citoyens motards !!! \u00bb que la F\u00e9d\u00e9ration des Motards en Col\u00e8re (FFMC) appelle tous les usagers de deux roues motoris\u00e9es a manifester partout en France les 14 et 15 avril.Des manifestations qui visent \u00e0 protester contre la loi du 5 janvier, jug\u00e9e liberticide puisqu\u2019elle peut &quot;nous mener droit [&hellip;]\" \/>\n<meta name=\"twitter:image\" content=\"http:\/\/www.leblogmoto.com\/images\/photo6_1.jpg\" \/>\n<meta name=\"twitter:label1\" content=\"\u00c9crit par\" \/>\n\t<meta name=\"twitter:data1\" content=\"christian tirat\" \/>\n\t<meta name=\"twitter:label2\" content=\"Dur\u00e9e de lecture estim\u00e9e\" \/>\n\t<meta name=\"twitter:data2\" content=\"3 minutes\" \/>\n<script type=\"application\/ld+json\" class=\"yoast-schema-graph\">{\"@context\":\"https:\/\/schema.org\",\"@graph\":[{\"@type\":\"WebPage\",\"@id\":\"https:\/\/blogs.thesocialmedia.com\/leblogmoto\/2007\/03\/05\/ffmc-appel-a-ma\/\",\"url\":\"https:\/\/blogs.thesocialmedia.com\/leblogmoto\/2007\/03\/05\/ffmc-appel-a-ma\/\",\"name\":\"FFMC : Appel a manifester\u2026et a voter - leblogmoto.com\",\"isPartOf\":{\"@id\":\"https:\/\/blogs.thesocialmedia.com\/leblogmoto\/#website\"},\"primaryImageOfPage\":{\"@id\":\"https:\/\/blogs.thesocialmedia.com\/leblogmoto\/2007\/03\/05\/ffmc-appel-a-ma\/#primaryimage\"},\"image\":{\"@id\":\"https:\/\/blogs.thesocialmedia.com\/leblogmoto\/2007\/03\/05\/ffmc-appel-a-ma\/#primaryimage\"},\"thumbnailUrl\":\"http:\/\/www.leblogmoto.com\/images\/photo6_1.jpg\",\"datePublished\":\"2007-03-05T23:18:11+00:00\",\"dateModified\":\"2012-07-11T14:34:05+00:00\",\"author\":{\"@id\":\"https:\/\/blogs.thesocialmedia.com\/leblogmoto\/#\/schema\/person\/90b2f8fd0d5a2cede2580e95fc79c6c0\"},\"breadcrumb\":{\"@id\":\"https:\/\/blogs.thesocialmedia.com\/leblogmoto\/2007\/03\/05\/ffmc-appel-a-ma\/#breadcrumb\"},\"inLanguage\":\"fr-FR\",\"potentialAction\":[{\"@type\":\"ReadAction\",\"target\":[\"https:\/\/blogs.thesocialmedia.com\/leblogmoto\/2007\/03\/05\/ffmc-appel-a-ma\/\"]}]},{\"@type\":\"ImageObject\",\"inLanguage\":\"fr-FR\",\"@id\":\"https:\/\/blogs.thesocialmedia.com\/leblogmoto\/2007\/03\/05\/ffmc-appel-a-ma\/#primaryimage\",\"url\":\"http:\/\/www.leblogmoto.com\/images\/photo6_1.jpg\",\"contentUrl\":\"http:\/\/www.leblogmoto.com\/images\/photo6_1.jpg\"},{\"@type\":\"BreadcrumbList\",\"@id\":\"https:\/\/blogs.thesocialmedia.com\/leblogmoto\/2007\/03\/05\/ffmc-appel-a-ma\/#breadcrumb\",\"itemListElement\":[{\"@type\":\"ListItem\",\"position\":1,\"name\":\"Accueil\",\"item\":\"https:\/\/blogs.thesocialmedia.com\/leblogmoto\/\"},{\"@type\":\"ListItem\",\"position\":2,\"name\":\"FFMC : Appel a manifester\u2026et a voter\"}]},{\"@type\":\"WebSite\",\"@id\":\"https:\/\/blogs.thesocialmedia.com\/leblogmoto\/#website\",\"url\":\"https:\/\/blogs.thesocialmedia.com\/leblogmoto\/\",\"name\":\"leblogmoto\",\"description\":\"Toute l&#039;actualit\u00e9 des 2 roues\",\"potentialAction\":[{\"@type\":\"SearchAction\",\"target\":{\"@type\":\"EntryPoint\",\"urlTemplate\":\"https:\/\/blogs.thesocialmedia.com\/leblogmoto\/?s={search_term_string}\"},\"query-input\":{\"@type\":\"PropertyValueSpecification\",\"valueRequired\":true,\"valueName\":\"search_term_string\"}}],\"inLanguage\":\"fr-FR\"},{\"@type\":\"Person\",\"@id\":\"https:\/\/blogs.thesocialmedia.com\/leblogmoto\/#\/schema\/person\/90b2f8fd0d5a2cede2580e95fc79c6c0\",\"name\":\"christian tirat\",\"image\":{\"@type\":\"ImageObject\",\"inLanguage\":\"fr-FR\",\"@id\":\"https:\/\/blogs.thesocialmedia.com\/leblogmoto\/#\/schema\/person\/image\/\",\"url\":\"https:\/\/secure.gravatar.com\/avatar\/?s=96&d=mm&r=g\",\"contentUrl\":\"https:\/\/secure.gravatar.com\/avatar\/?s=96&d=mm&r=g\",\"caption\":\"christian tirat\"},\"url\":\"https:\/\/blogs.thesocialmedia.com\/leblogmoto\/author\/christian-tirat\/\"}]}<\/script>\n<!-- \/ Yoast SEO plugin. -->","yoast_head_json":{"title":"FFMC : Appel a manifester\u2026et a voter - leblogmoto.com","robots":{"index":"index","follow":"follow","max-snippet":"max-snippet:-1","max-image-preview":"max-image-preview:large","max-video-preview":"max-video-preview:-1"},"canonical":"https:\/\/blogs.thesocialmedia.com\/leblogmoto\/2007\/03\/05\/ffmc-appel-a-ma\/","twitter_card":"summary_large_image","twitter_title":"FFMC : Appel a manifester\u2026et a voter - leblogmoto.com","twitter_description":"C&rsquo;est sous le slogan \u00ab Aux urnes, citoyens motards !!! \u00bb que la F\u00e9d\u00e9ration des Motards en Col\u00e8re (FFMC) appelle tous les usagers de deux roues motoris\u00e9es a manifester partout en France les 14 et 15 avril.Des manifestations qui visent \u00e0 protester contre la loi du 5 janvier, jug\u00e9e liberticide puisqu\u2019elle peut &quot;nous mener droit [&hellip;]","twitter_image":"http:\/\/www.leblogmoto.com\/images\/photo6_1.jpg","twitter_misc":{"\u00c9crit par":"christian tirat","Dur\u00e9e de lecture estim\u00e9e":"3 minutes"},"schema":{"@context":"https:\/\/schema.org","@graph":[{"@type":"WebPage","@id":"https:\/\/blogs.thesocialmedia.com\/leblogmoto\/2007\/03\/05\/ffmc-appel-a-ma\/","url":"https:\/\/blogs.thesocialmedia.com\/leblogmoto\/2007\/03\/05\/ffmc-appel-a-ma\/","name":"FFMC : Appel a manifester\u2026et a voter - leblogmoto.com","isPartOf":{"@id":"https:\/\/blogs.thesocialmedia.com\/leblogmoto\/#website"},"primaryImageOfPage":{"@id":"https:\/\/blogs.thesocialmedia.com\/leblogmoto\/2007\/03\/05\/ffmc-appel-a-ma\/#primaryimage"},"image":{"@id":"https:\/\/blogs.thesocialmedia.com\/leblogmoto\/2007\/03\/05\/ffmc-appel-a-ma\/#primaryimage"},"thumbnailUrl":"http:\/\/www.leblogmoto.com\/images\/photo6_1.jpg","datePublished":"2007-03-05T23:18:11+00:00","dateModified":"2012-07-11T14:34:05+00:00","author":{"@id":"https:\/\/blogs.thesocialmedia.com\/leblogmoto\/#\/schema\/person\/90b2f8fd0d5a2cede2580e95fc79c6c0"},"breadcrumb":{"@id":"https:\/\/blogs.thesocialmedia.com\/leblogmoto\/2007\/03\/05\/ffmc-appel-a-ma\/#breadcrumb"},"inLanguage":"fr-FR","potentialAction":[{"@type":"ReadAction","target":["https:\/\/blogs.thesocialmedia.com\/leblogmoto\/2007\/03\/05\/ffmc-appel-a-ma\/"]}]},{"@type":"ImageObject","inLanguage":"fr-FR","@id":"https:\/\/blogs.thesocialmedia.com\/leblogmoto\/2007\/03\/05\/ffmc-appel-a-ma\/#primaryimage","url":"http:\/\/www.leblogmoto.com\/images\/photo6_1.jpg","contentUrl":"http:\/\/www.leblogmoto.com\/images\/photo6_1.jpg"},{"@type":"BreadcrumbList","@id":"https:\/\/blogs.thesocialmedia.com\/leblogmoto\/2007\/03\/05\/ffmc-appel-a-ma\/#breadcrumb","itemListElement":[{"@type":"ListItem","position":1,"name":"Accueil","item":"https:\/\/blogs.thesocialmedia.com\/leblogmoto\/"},{"@type":"ListItem","position":2,"name":"FFMC : Appel a manifester\u2026et a voter"}]},{"@type":"WebSite","@id":"https:\/\/blogs.thesocialmedia.com\/leblogmoto\/#website","url":"https:\/\/blogs.thesocialmedia.com\/leblogmoto\/","name":"leblogmoto","description":"Toute l&#039;actualit\u00e9 des 2 roues","potentialAction":[{"@type":"SearchAction","target":{"@type":"EntryPoint","urlTemplate":"https:\/\/blogs.thesocialmedia.com\/leblogmoto\/?s={search_term_string}"},"query-input":{"@type":"PropertyValueSpecification","valueRequired":true,"valueName":"search_term_string"}}],"inLanguage":"fr-FR"},{"@type":"Person","@id":"https:\/\/blogs.thesocialmedia.com\/leblogmoto\/#\/schema\/person\/90b2f8fd0d5a2cede2580e95fc79c6c0","name":"christian tirat","image":{"@type":"ImageObject","inLanguage":"fr-FR","@id":"https:\/\/blogs.thesocialmedia.com\/leblogmoto\/#\/schema\/person\/image\/","url":"https:\/\/secure.gravatar.com\/avatar\/?s=96&d=mm&r=g","contentUrl":"https:\/\/secure.gravatar.com\/avatar\/?s=96&d=mm&r=g","caption":"christian tirat"},"url":"https:\/\/blogs.thesocialmedia.com\/leblogmoto\/author\/christian-tirat\/"}]}},"_links":{"self":[{"href":"https:\/\/blogs.thesocialmedia.com\/leblogmoto\/wp-json\/wp\/v2\/posts\/1506","targetHints":{"allow":["GET"]}}],"collection":[{"href":"https:\/\/blogs.thesocialmedia.com\/leblogmoto\/wp-json\/wp\/v2\/posts"}],"about":[{"href":"https:\/\/blogs.thesocialmedia.com\/leblogmoto\/wp-json\/wp\/v2\/types\/post"}],"author":[{"embeddable":true,"href":"https:\/\/blogs.thesocialmedia.com\/leblogmoto\/wp-json\/wp\/v2\/users\/333"}],"replies":[{"embeddable":true,"href":"https:\/\/blogs.thesocialmedia.com\/leblogmoto\/wp-json\/wp\/v2\/comments?post=1506"}],"version-history":[{"count":2,"href":"https:\/\/blogs.thesocialmedia.com\/leblogmoto\/wp-json\/wp\/v2\/posts\/1506\/revisions"}],"predecessor-version":[{"id":8125,"href":"https:\/\/blogs.thesocialmedia.com\/leblogmoto\/wp-json\/wp\/v2\/posts\/1506\/revisions\/8125"}],"wp:attachment":[{"href":"https:\/\/blogs.thesocialmedia.com\/leblogmoto\/wp-json\/wp\/v2\/media?parent=1506"}],"wp:term":[{"taxonomy":"category","embeddable":true,"href":"https:\/\/blogs.thesocialmedia.com\/leblogmoto\/wp-json\/wp\/v2\/categories?post=1506"},{"taxonomy":"post_tag","embeddable":true,"href":"https:\/\/blogs.thesocialmedia.com\/leblogmoto\/wp-json\/wp\/v2\/tags?post=1506"}],"curies":[{"name":"wp","href":"https:\/\/api.w.org\/{rel}","templated":true}]}}