{"id":1507,"date":"2007-03-05T22:07:32","date_gmt":"2007-03-05T22:07:32","guid":{"rendered":"http:\/\/blogs.thesocialmedia.com\/leblogmoto\/2007\/03\/05\/motogp-yamaha-r\/"},"modified":"2012-07-11T14:34:03","modified_gmt":"2012-07-11T14:34:03","slug":"motogp-yamaha-r","status":"publish","type":"post","link":"https:\/\/blogs.thesocialmedia.com\/leblogmoto\/2007\/03\/05\/motogp-yamaha-r\/","title":{"rendered":"MotoGP : Yamaha roule en Fiat"},"content":{"rendered":"<p><a href=\"http:\/\/blogs.thesocialmedia.com\/leblogmoto\/files\/2012\/07\/p20070305192032187.jpg\"><img loading=\"lazy\" decoding=\"async\" width=\"250\" height=\"142\"  src=\"http:\/\/www.leblogmoto.com\/images\/p20070305192032187.jpg\" alt=\"P20070305192032187\" style=\"margin: 0px 5px 5px 0px;float: left\" \/><\/a> Les &quot;fianc\u00e9s&quot; auront \u00e9t\u00e9 longs \u00e0 se d\u00e9clarer, mais finalement tout finit par arriver. L&rsquo;\u00e9curie des <a href=\"http:\/\/www.yamaha-racing.com\/Racing\/motogp\/index.jsp\">Yamaha <\/a>officielles en MotoGP a enfin lev\u00e9 l\u2019incertitude qui planait depuis quelques semaines sur son alliance avec le constructeur automobile italien <a href=\"http:\/\/www.fiat.com\/\">Fiat<\/a>. La c\u00e9r\u00e9monie de mariage s&rsquo;est d\u00e9roul\u00e9e aujourd&rsquo;hui \u00e0 Milan o\u00f9 l\u2019\u00e9pous\u00e9e a r\u00e9v\u00e9l\u00e9 \u00e0 la fois sa nouvelle robe et son nouveau nom \u201cFiat Yamaha Team\u201d.<\/p>\n<p><a href=\"http:\/\/clabedan.typepad.com\/.shared\/image.html?\/photos\/uncategorized\/p20070305193214187_1.jpg\"><img loading=\"lazy\" decoding=\"async\" width=\"250\" height=\"208\"  src=\"http:\/\/www.leblogmoto.com\/images\/p20070305193214187_1.jpg\" alt=\"P20070305193214187_1\" style=\"margin: 0px 5px 5px 0px;float: left\" \/><\/a> Le contrat de mariage liant <a href=\"http:\/\/www.yamaha-racing.com\/Racing\/motogp\/index.jsp\">Yamaha Motor Co<\/a>. Ltd \u00e0 <a href=\"http:\/\/www.fiat.com\/\">Fiat automobile SPA<\/a> est d\u2019une dur\u00e9e de deux ans renouvelables.<\/p>\n<p>Parmi les t\u00e9moins, <a href=\"http:\/\/www.fanclubvalentinorossi.com\/\">Valentino Rossi<\/a> et <a href=\"http:\/\/www.ceracing.com\/\">Colin Edwards<\/a>, les deux pilotes de la marque au diapason ont particip\u00e9 \u00e0 la traditionelle s\u00e9ance photo. Masao Furusawa, directeur des op\u00e9rations de Yamaha, Lin Jarvis, directeur du service comp\u00e9tition et David Brivio, directeur du team Fiat-Yamaha \u00e9taient aussi de la noce en compagnie de Luca Di Meo, le jeune (39 ans) directeur de Fiat.<\/p>\n<p> Si l\u2019on se fie aux r\u00e9sultats de Rossi lors des derniers essais officiels \u00e0 <a href=\"http:\/\/www.leblogmoto.com\/2007\/02\/moto_gp_jerez_r.html\">Jerez de la Frontera<\/a>, le Championnat du Monde GP qui d\u00e9bute le 10 mars au Qatar, comme un voyage de noces, pourrait bien se terminer&#8230; en lune de miel !<\/p>\n<p> Source : Constructeurs<\/p>\n","protected":false},"excerpt":{"rendered":"<p>Les &quot;fianc\u00e9s&quot; auront \u00e9t\u00e9 longs \u00e0 se d\u00e9clarer, mais finalement tout finit par arriver. L&rsquo;\u00e9curie des Yamaha officielles en MotoGP a enfin lev\u00e9 l\u2019incertitude qui planait depuis quelques semaines sur son alliance avec le constructeur automobile italien Fiat. La c\u00e9r\u00e9monie de mariage s&rsquo;est d\u00e9roul\u00e9e aujourd&rsquo;hui \u00e0 Milan o\u00f9 l\u2019\u00e9pous\u00e9e a r\u00e9v\u00e9l\u00e9 \u00e0 la fois sa [&hellip;]<\/p>\n","protected":false},"author":333,"featured_media":0,"comment_status":"open","ping_status":"open","sticky":false,"template":"","format":"standard","meta":{"footnotes":""},"categories":[22],"tags":[],"class_list":["post-1507","post","type-post","status-publish","format-standard","hentry","category-motogp"],"yoast_head":"<!-- This site is optimized with the Yoast SEO plugin v26.0 - https:\/\/yoast.com\/wordpress\/plugins\/seo\/ -->\n<title>MotoGP : Yamaha roule en Fiat - leblogmoto.com<\/title>\n<meta name=\"robots\" content=\"index, follow, max-snippet:-1, max-image-preview:large, max-video-preview:-1\" \/>\n<link rel=\"canonical\" href=\"https:\/\/blogs.thesocialmedia.com\/leblogmoto\/2007\/03\/05\/motogp-yamaha-r\/\" \/>\n<meta name=\"twitter:card\" content=\"summary_large_image\" \/>\n<meta name=\"twitter:title\" content=\"MotoGP : Yamaha roule en Fiat - leblogmoto.com\" \/>\n<meta name=\"twitter:description\" content=\"Les &quot;fianc\u00e9s&quot; auront \u00e9t\u00e9 longs \u00e0 se d\u00e9clarer, mais finalement tout finit par arriver. L&rsquo;\u00e9curie des Yamaha officielles en MotoGP a enfin lev\u00e9 l\u2019incertitude qui planait depuis quelques semaines sur son alliance avec le constructeur automobile italien Fiat. La c\u00e9r\u00e9monie de mariage s&rsquo;est d\u00e9roul\u00e9e aujourd&rsquo;hui \u00e0 Milan o\u00f9 l\u2019\u00e9pous\u00e9e a r\u00e9v\u00e9l\u00e9 \u00e0 la fois sa [&hellip;]\" \/>\n<meta name=\"twitter:image\" content=\"http:\/\/www.leblogmoto.com\/images\/p20070305192032187.jpg\" \/>\n<meta name=\"twitter:label1\" content=\"\u00c9crit par\" \/>\n\t<meta name=\"twitter:data1\" content=\"christian tirat\" \/>\n\t<meta name=\"twitter:label2\" content=\"Dur\u00e9e de lecture estim\u00e9e\" \/>\n\t<meta name=\"twitter:data2\" content=\"1 minute\" \/>\n<script type=\"application\/ld+json\" class=\"yoast-schema-graph\">{\"@context\":\"https:\/\/schema.org\",\"@graph\":[{\"@type\":\"WebPage\",\"@id\":\"https:\/\/blogs.thesocialmedia.com\/leblogmoto\/2007\/03\/05\/motogp-yamaha-r\/\",\"url\":\"https:\/\/blogs.thesocialmedia.com\/leblogmoto\/2007\/03\/05\/motogp-yamaha-r\/\",\"name\":\"MotoGP : Yamaha roule en Fiat - leblogmoto.com\",\"isPartOf\":{\"@id\":\"https:\/\/blogs.thesocialmedia.com\/leblogmoto\/#website\"},\"primaryImageOfPage\":{\"@id\":\"https:\/\/blogs.thesocialmedia.com\/leblogmoto\/2007\/03\/05\/motogp-yamaha-r\/#primaryimage\"},\"image\":{\"@id\":\"https:\/\/blogs.thesocialmedia.com\/leblogmoto\/2007\/03\/05\/motogp-yamaha-r\/#primaryimage\"},\"thumbnailUrl\":\"http:\/\/www.leblogmoto.com\/images\/p20070305192032187.jpg\",\"datePublished\":\"2007-03-05T22:07:32+00:00\",\"dateModified\":\"2012-07-11T14:34:03+00:00\",\"author\":{\"@id\":\"https:\/\/blogs.thesocialmedia.com\/leblogmoto\/#\/schema\/person\/90b2f8fd0d5a2cede2580e95fc79c6c0\"},\"breadcrumb\":{\"@id\":\"https:\/\/blogs.thesocialmedia.com\/leblogmoto\/2007\/03\/05\/motogp-yamaha-r\/#breadcrumb\"},\"inLanguage\":\"fr-FR\",\"potentialAction\":[{\"@type\":\"ReadAction\",\"target\":[\"https:\/\/blogs.thesocialmedia.com\/leblogmoto\/2007\/03\/05\/motogp-yamaha-r\/\"]}]},{\"@type\":\"ImageObject\",\"inLanguage\":\"fr-FR\",\"@id\":\"https:\/\/blogs.thesocialmedia.com\/leblogmoto\/2007\/03\/05\/motogp-yamaha-r\/#primaryimage\",\"url\":\"http:\/\/www.leblogmoto.com\/images\/p20070305192032187.jpg\",\"contentUrl\":\"http:\/\/www.leblogmoto.com\/images\/p20070305192032187.jpg\"},{\"@type\":\"BreadcrumbList\",\"@id\":\"https:\/\/blogs.thesocialmedia.com\/leblogmoto\/2007\/03\/05\/motogp-yamaha-r\/#breadcrumb\",\"itemListElement\":[{\"@type\":\"ListItem\",\"position\":1,\"name\":\"Accueil\",\"item\":\"https:\/\/blogs.thesocialmedia.com\/leblogmoto\/\"},{\"@type\":\"ListItem\",\"position\":2,\"name\":\"MotoGP : Yamaha roule en Fiat\"}]},{\"@type\":\"WebSite\",\"@id\":\"https:\/\/blogs.thesocialmedia.com\/leblogmoto\/#website\",\"url\":\"https:\/\/blogs.thesocialmedia.com\/leblogmoto\/\",\"name\":\"leblogmoto\",\"description\":\"Toute l&#039;actualit\u00e9 des 2 roues\",\"potentialAction\":[{\"@type\":\"SearchAction\",\"target\":{\"@type\":\"EntryPoint\",\"urlTemplate\":\"https:\/\/blogs.thesocialmedia.com\/leblogmoto\/?s={search_term_string}\"},\"query-input\":{\"@type\":\"PropertyValueSpecification\",\"valueRequired\":true,\"valueName\":\"search_term_string\"}}],\"inLanguage\":\"fr-FR\"},{\"@type\":\"Person\",\"@id\":\"https:\/\/blogs.thesocialmedia.com\/leblogmoto\/#\/schema\/person\/90b2f8fd0d5a2cede2580e95fc79c6c0\",\"name\":\"christian tirat\",\"image\":{\"@type\":\"ImageObject\",\"inLanguage\":\"fr-FR\",\"@id\":\"https:\/\/blogs.thesocialmedia.com\/leblogmoto\/#\/schema\/person\/image\/\",\"url\":\"https:\/\/secure.gravatar.com\/avatar\/?s=96&d=mm&r=g\",\"contentUrl\":\"https:\/\/secure.gravatar.com\/avatar\/?s=96&d=mm&r=g\",\"caption\":\"christian tirat\"},\"url\":\"https:\/\/blogs.thesocialmedia.com\/leblogmoto\/author\/christian-tirat\/\"}]}<\/script>\n<!-- \/ Yoast SEO plugin. -->","yoast_head_json":{"title":"MotoGP : Yamaha roule en Fiat - leblogmoto.com","robots":{"index":"index","follow":"follow","max-snippet":"max-snippet:-1","max-image-preview":"max-image-preview:large","max-video-preview":"max-video-preview:-1"},"canonical":"https:\/\/blogs.thesocialmedia.com\/leblogmoto\/2007\/03\/05\/motogp-yamaha-r\/","twitter_card":"summary_large_image","twitter_title":"MotoGP : Yamaha roule en Fiat - leblogmoto.com","twitter_description":"Les &quot;fianc\u00e9s&quot; auront \u00e9t\u00e9 longs \u00e0 se d\u00e9clarer, mais finalement tout finit par arriver. L&rsquo;\u00e9curie des Yamaha officielles en MotoGP a enfin lev\u00e9 l\u2019incertitude qui planait depuis quelques semaines sur son alliance avec le constructeur automobile italien Fiat. La c\u00e9r\u00e9monie de mariage s&rsquo;est d\u00e9roul\u00e9e aujourd&rsquo;hui \u00e0 Milan o\u00f9 l\u2019\u00e9pous\u00e9e a r\u00e9v\u00e9l\u00e9 \u00e0 la fois sa [&hellip;]","twitter_image":"http:\/\/www.leblogmoto.com\/images\/p20070305192032187.jpg","twitter_misc":{"\u00c9crit par":"christian tirat","Dur\u00e9e de lecture estim\u00e9e":"1 minute"},"schema":{"@context":"https:\/\/schema.org","@graph":[{"@type":"WebPage","@id":"https:\/\/blogs.thesocialmedia.com\/leblogmoto\/2007\/03\/05\/motogp-yamaha-r\/","url":"https:\/\/blogs.thesocialmedia.com\/leblogmoto\/2007\/03\/05\/motogp-yamaha-r\/","name":"MotoGP : Yamaha roule en Fiat - leblogmoto.com","isPartOf":{"@id":"https:\/\/blogs.thesocialmedia.com\/leblogmoto\/#website"},"primaryImageOfPage":{"@id":"https:\/\/blogs.thesocialmedia.com\/leblogmoto\/2007\/03\/05\/motogp-yamaha-r\/#primaryimage"},"image":{"@id":"https:\/\/blogs.thesocialmedia.com\/leblogmoto\/2007\/03\/05\/motogp-yamaha-r\/#primaryimage"},"thumbnailUrl":"http:\/\/www.leblogmoto.com\/images\/p20070305192032187.jpg","datePublished":"2007-03-05T22:07:32+00:00","dateModified":"2012-07-11T14:34:03+00:00","author":{"@id":"https:\/\/blogs.thesocialmedia.com\/leblogmoto\/#\/schema\/person\/90b2f8fd0d5a2cede2580e95fc79c6c0"},"breadcrumb":{"@id":"https:\/\/blogs.thesocialmedia.com\/leblogmoto\/2007\/03\/05\/motogp-yamaha-r\/#breadcrumb"},"inLanguage":"fr-FR","potentialAction":[{"@type":"ReadAction","target":["https:\/\/blogs.thesocialmedia.com\/leblogmoto\/2007\/03\/05\/motogp-yamaha-r\/"]}]},{"@type":"ImageObject","inLanguage":"fr-FR","@id":"https:\/\/blogs.thesocialmedia.com\/leblogmoto\/2007\/03\/05\/motogp-yamaha-r\/#primaryimage","url":"http:\/\/www.leblogmoto.com\/images\/p20070305192032187.jpg","contentUrl":"http:\/\/www.leblogmoto.com\/images\/p20070305192032187.jpg"},{"@type":"BreadcrumbList","@id":"https:\/\/blogs.thesocialmedia.com\/leblogmoto\/2007\/03\/05\/motogp-yamaha-r\/#breadcrumb","itemListElement":[{"@type":"ListItem","position":1,"name":"Accueil","item":"https:\/\/blogs.thesocialmedia.com\/leblogmoto\/"},{"@type":"ListItem","position":2,"name":"MotoGP : Yamaha roule en Fiat"}]},{"@type":"WebSite","@id":"https:\/\/blogs.thesocialmedia.com\/leblogmoto\/#website","url":"https:\/\/blogs.thesocialmedia.com\/leblogmoto\/","name":"leblogmoto","description":"Toute l&#039;actualit\u00e9 des 2 roues","potentialAction":[{"@type":"SearchAction","target":{"@type":"EntryPoint","urlTemplate":"https:\/\/blogs.thesocialmedia.com\/leblogmoto\/?s={search_term_string}"},"query-input":{"@type":"PropertyValueSpecification","valueRequired":true,"valueName":"search_term_string"}}],"inLanguage":"fr-FR"},{"@type":"Person","@id":"https:\/\/blogs.thesocialmedia.com\/leblogmoto\/#\/schema\/person\/90b2f8fd0d5a2cede2580e95fc79c6c0","name":"christian tirat","image":{"@type":"ImageObject","inLanguage":"fr-FR","@id":"https:\/\/blogs.thesocialmedia.com\/leblogmoto\/#\/schema\/person\/image\/","url":"https:\/\/secure.gravatar.com\/avatar\/?s=96&d=mm&r=g","contentUrl":"https:\/\/secure.gravatar.com\/avatar\/?s=96&d=mm&r=g","caption":"christian tirat"},"url":"https:\/\/blogs.thesocialmedia.com\/leblogmoto\/author\/christian-tirat\/"}]}},"_links":{"self":[{"href":"https:\/\/blogs.thesocialmedia.com\/leblogmoto\/wp-json\/wp\/v2\/posts\/1507","targetHints":{"allow":["GET"]}}],"collection":[{"href":"https:\/\/blogs.thesocialmedia.com\/leblogmoto\/wp-json\/wp\/v2\/posts"}],"about":[{"href":"https:\/\/blogs.thesocialmedia.com\/leblogmoto\/wp-json\/wp\/v2\/types\/post"}],"author":[{"embeddable":true,"href":"https:\/\/blogs.thesocialmedia.com\/leblogmoto\/wp-json\/wp\/v2\/users\/333"}],"replies":[{"embeddable":true,"href":"https:\/\/blogs.thesocialmedia.com\/leblogmoto\/wp-json\/wp\/v2\/comments?post=1507"}],"version-history":[{"count":2,"href":"https:\/\/blogs.thesocialmedia.com\/leblogmoto\/wp-json\/wp\/v2\/posts\/1507\/revisions"}],"predecessor-version":[{"id":8123,"href":"https:\/\/blogs.thesocialmedia.com\/leblogmoto\/wp-json\/wp\/v2\/posts\/1507\/revisions\/8123"}],"wp:attachment":[{"href":"https:\/\/blogs.thesocialmedia.com\/leblogmoto\/wp-json\/wp\/v2\/media?parent=1507"}],"wp:term":[{"taxonomy":"category","embeddable":true,"href":"https:\/\/blogs.thesocialmedia.com\/leblogmoto\/wp-json\/wp\/v2\/categories?post=1507"},{"taxonomy":"post_tag","embeddable":true,"href":"https:\/\/blogs.thesocialmedia.com\/leblogmoto\/wp-json\/wp\/v2\/tags?post=1507"}],"curies":[{"name":"wp","href":"https:\/\/api.w.org\/{rel}","templated":true}]}}