{"id":151,"date":"2009-05-13T04:15:42","date_gmt":"2009-05-13T04:15:42","guid":{"rendered":"http:\/\/blogs.thesocialmedia.com\/leblogmoto\/2009\/05\/13\/operation-escargot-la-grogne-des-motards-quebecois\/"},"modified":"2012-07-11T17:25:29","modified_gmt":"2012-07-11T17:25:29","slug":"operation-escargot-la-grogne-des-motards-quebecois","status":"publish","type":"post","link":"https:\/\/blogs.thesocialmedia.com\/leblogmoto\/2009\/05\/13\/operation-escargot-la-grogne-des-motards-quebecois\/","title":{"rendered":"Op\u00e9ration escargot &#8211; La grogne des motards qu\u00e9b\u00e9cois"},"content":{"rendered":"<p><a href=\"http:\/\/blogs.thesocialmedia.com\/leblogmoto\/files\/2012\/07\/6a00d83451b18369e201156f8d4b25970c-popup.png\"><img decoding=\"async\" alt=\"Escargot1\" class=\"at-xid-6a00d83451b18369e201156f8d4b25970c \" src=\"http:\/\/blogs.thesocialmedia.com\/leblogmoto\/files\/2012\/07\/6a00d83451b18369e201156f8d4b25970c-500wi.jpg\" style=\"width: 470px\" \/><\/a> <\/p>\n<p>Annonc\u00e9e en 2006, mais prenant toute sa vigueur en cette saison 2009, la hausse des tarifs pour les frais d\u2019immatriculation touchant tous les deux roues au Qu\u00e9bec prend d\u2019assaut le portefeuille des motards. Passant du double pour les petites cylindr\u00e9es, du triple pour les 700 cm3 et moins, et pouvant jusqu\u2019\u00e0 quintupler pour les mod\u00e8les dits \u00absport\u00bb de 700 cm3 et plus, ces nouvelles mesures administratives visant \u00e0 discipliner les casse-cou du guidon, plus susceptibles d\u2019\u00eatre un fardeau pour la soci\u00e9t\u00e9 des suites d\u2019accidents, qu\u2019ils sont semblent-ils plus nombreux \u00e0 avoir, ces nouvelles mesures donc, auront r\u00e9ussies \u00e0 sortir de sa torpeur printani\u00e8re le motard qu\u00e9b\u00e9cois qui clame maintenant, \u00e0 pas d\u2019<a href=\"http:\/\/www.operationescargot.info\/nouvelles\/\">escargot<\/a>, son indignation.<br \/>Il aura tout de m\u00eame fallu une quatri\u00e8me manifestation, consistant \u00e0 emprunter en groupe les voies publiques et de les arpenter \u00e0 la plus basse vitesse permise, pour que les m\u00e9dias nationaux s\u2019int\u00e9ressent \u00e0 la chose motocycliste.<\/p>\n<p> Le but de ces manifestations n\u2019\u00e9tant pas tant un changement esp\u00e9r\u00e9, mais peu probable de la l\u00e9gislation, mais bien une prise de conscience par la soci\u00e9t\u00e9 en g\u00e9n\u00e9ral du sort r\u00e9serv\u00e9 au motocyclisme au Qu\u00e9bec.<\/p>\n<p>Sur les routes du Qu\u00e9bec, le motard semble une nuisance. La cohabitation n\u2019est pas difficile, elle n\u2019existe pas, et la vigilance pour le motard n\u2019est pas qu\u2019une figure de style, elle est essentielle \u00e0 sa survie. Non seulement le motard est invisible pour les autres usagers de la route, sauf s\u2019il est en groupe, mais l\u00e0 il devient suspect et inqui\u00e9tant, mais son parcours est celui du combattant, devant rouler sur des infrastructures en d\u00e9composition, plus particuli\u00e8rement en milieu urbain, o\u00f9 d\u2019ailleurs sa pr\u00e9sence ne semble pas souhait\u00e9e vu la quasi-impossibilit\u00e9 de d\u00e9nicher un emplacement de stationnement d\u00e9di\u00e9.<br \/>Alors qu\u2019au moment ou, au mieux, on ignore, ou au pire, on stigmatise le motard, on <a href=\"http:\/\/www.cyberpresse.ca\/environnement\/200905\/12\/01-855748-montreal-est-bixi.php\">pl\u00e9biscite le v\u00e9lo<\/a> en ville, comme si c\u2019\u00e9tait moins dangereux, parlez-en aux victimes du syndrome de la porti\u00e8re ouverte ou aux pi\u00e9tons happ\u00e9s par un cycliste sur le trottoir, ou encore, en offrant de g\u00e9n\u00e9reux cr\u00e9dits d\u2019imp\u00f4t pour un quatre roues vert, jusqu\u2019\u00e0 8000$ pour un tout \u00e9lectrique (mais rien du tout pour la moto ou scooter \u00e9lectrique par contre).<br \/>Il devient donc difficile de <a href=\"http:\/\/www.touscontrelasaaq.com\/\">saisir la logique<\/a> derri\u00e8re la pens\u00e9e et les actions des gestionnaires et autres fonctionnaires. Comme si la moto n\u2019\u00e9tait qu\u2019un instrument de d\u00e9solation \u00e0 bannir et non un moyen de transport peu polluant, \u00e9conomique souvent, et apportant plaisir et d\u00e9tente toujours, plut\u00f4t que frustration et rage, comme fr\u00e9quemment chez les automobilistes.<br \/>Malheureusement, le terme motard au Qu\u00e9bec am\u00e8ne tout de suite l\u2019image des ignominieux Hell\u2019s Angels, ou motards criminalis\u00e9s comme le veut la nomenclature officielle. Il serait plus que temps que le folklore et les peurs enfantines face aux motocyclistes laissent place \u00e0 un regard mature et adulte, et qu\u2019une infime minorit\u00e9 ne serve plus comme reflet de la majorit\u00e9.<br \/>Un Qu\u00e9b\u00e9cois en moto poss\u00e8de les m\u00eames qualit\u00e9s, et quelques-unes de plus, qu\u2019un Qu\u00e9b\u00e9cois en voiture, mais parce que sa principale tare est sa vuln\u00e9rabilit\u00e9, on veut l\u2019\u00e9liminer, alors qu\u2019il faudrait le prot\u00e9ger! Belle mentalit\u00e9!<\/p>\n<p><span style=\"text-decoration: underline\"><a href=\"http:\/\/clabedan.typepad.com\/.a\/6a00d83451b18369e201156f8d4c1b970c-popup\"><img decoding=\"async\" alt=\"Escargot2\" class=\"at-xid-6a00d83451b18369e201156f8d4c1b970c \" src=\"http:\/\/blogs.thesocialmedia.com\/leblogmoto\/files\/2012\/07\/6a00d83451b18369e201156f8d4c1b970c-500wi.jpg\" style=\"width: 470px\" \/><\/a> <\/span>&#160;<\/p>\n<p><a href=\"http:\/\/blogs.thesocialmedia.com\/leblogmoto\/files\/2012\/07\/6a00d83451b18369e2011570831ea0970b-popup.png\"><img decoding=\"async\" alt=\"Escargot3\" class=\"at-xid-6a00d83451b18369e2011570831ea0970b \" src=\"http:\/\/blogs.thesocialmedia.com\/leblogmoto\/files\/2012\/07\/6a00d83451b18369e2011570831ea0970b-500wi.jpg\" style=\"width: 470px\" \/><\/a> <br \/>Photos: <a href=\"http:\/\/www.rogueshooters.com\/\">Rogue shooters<\/a><\/p>\n<p><object height=\"344\" width=\"425\"><param name=\"movie\" value=\"http:\/\/www.youtube.com\/v\/6vWtjl9_K7w&amp;hl=fr&amp;fs=1&amp;rel=0\" \/><param name=\"allowFullScreen\" value=\"true\" \/><param name=\"allowscriptaccess\" value=\"always\" \/><embed height=\"344\" src=\"http:\/\/www.youtube.com\/v\/6vWtjl9_K7w&amp;hl=fr&amp;fs=1&amp;rel=0\" type=\"application\/x-shockwave-flash\" width=\"425\" \/><\/object><\/p>\n","protected":false},"excerpt":{"rendered":"<p>Annonc\u00e9e en 2006, mais prenant toute sa vigueur en cette saison 2009, la hausse des tarifs pour les frais d\u2019immatriculation touchant tous les deux roues au Qu\u00e9bec prend d\u2019assaut le portefeuille des motards. Passant du double pour les petites cylindr\u00e9es, du triple pour les 700 cm3 et moins, et pouvant jusqu\u2019\u00e0 quintupler pour les mod\u00e8les [&hellip;]<\/p>\n","protected":false},"author":325,"featured_media":13537,"comment_status":"open","ping_status":"open","sticky":false,"template":"","format":"standard","meta":{"footnotes":""},"categories":[3,17,10,12],"tags":[],"class_list":["post-151","post","type-post","status-publish","format-standard","has-post-thumbnail","hentry","category-actualite","category-divers","category-meetings","category-videos"],"yoast_head":"<!-- This site is optimized with the Yoast SEO plugin v26.0 - https:\/\/yoast.com\/wordpress\/plugins\/seo\/ -->\n<title>Op\u00e9ration escargot - La grogne des motards qu\u00e9b\u00e9cois - leblogmoto.com<\/title>\n<meta name=\"robots\" content=\"index, follow, max-snippet:-1, max-image-preview:large, max-video-preview:-1\" \/>\n<link rel=\"canonical\" href=\"https:\/\/blogs.thesocialmedia.com\/leblogmoto\/2009\/05\/13\/operation-escargot-la-grogne-des-motards-quebecois\/\" \/>\n<meta name=\"twitter:card\" content=\"summary_large_image\" \/>\n<meta name=\"twitter:title\" content=\"Op\u00e9ration escargot - La grogne des motards qu\u00e9b\u00e9cois - leblogmoto.com\" \/>\n<meta name=\"twitter:description\" content=\"Annonc\u00e9e en 2006, mais prenant toute sa vigueur en cette saison 2009, la hausse des tarifs pour les frais d\u2019immatriculation touchant tous les deux roues au Qu\u00e9bec prend d\u2019assaut le portefeuille des motards. Passant du double pour les petites cylindr\u00e9es, du triple pour les 700 cm3 et moins, et pouvant jusqu\u2019\u00e0 quintupler pour les mod\u00e8les [&hellip;]\" \/>\n<meta name=\"twitter:image\" content=\"https:\/\/blogs.thesocialmedia.com\/leblogmoto\/files\/2012\/07\/6a00d83451b18369e201156f8d4b25970c-500wi.jpg\" \/>\n<meta name=\"twitter:label1\" content=\"\u00c9crit par\" \/>\n\t<meta name=\"twitter:data1\" content=\"jacques lesage\" \/>\n\t<meta name=\"twitter:label2\" content=\"Dur\u00e9e de lecture estim\u00e9e\" \/>\n\t<meta name=\"twitter:data2\" content=\"3 minutes\" \/>\n<script type=\"application\/ld+json\" class=\"yoast-schema-graph\">{\"@context\":\"https:\/\/schema.org\",\"@graph\":[{\"@type\":\"WebPage\",\"@id\":\"https:\/\/blogs.thesocialmedia.com\/leblogmoto\/2009\/05\/13\/operation-escargot-la-grogne-des-motards-quebecois\/\",\"url\":\"https:\/\/blogs.thesocialmedia.com\/leblogmoto\/2009\/05\/13\/operation-escargot-la-grogne-des-motards-quebecois\/\",\"name\":\"Op\u00e9ration escargot - La grogne des motards qu\u00e9b\u00e9cois - leblogmoto.com\",\"isPartOf\":{\"@id\":\"https:\/\/blogs.thesocialmedia.com\/leblogmoto\/#website\"},\"primaryImageOfPage\":{\"@id\":\"https:\/\/blogs.thesocialmedia.com\/leblogmoto\/2009\/05\/13\/operation-escargot-la-grogne-des-motards-quebecois\/#primaryimage\"},\"image\":{\"@id\":\"https:\/\/blogs.thesocialmedia.com\/leblogmoto\/2009\/05\/13\/operation-escargot-la-grogne-des-motards-quebecois\/#primaryimage\"},\"thumbnailUrl\":\"https:\/\/blogs.thesocialmedia.com\/leblogmoto\/files\/2012\/07\/6a00d83451b18369e201156f8d4b25970c-500wi.jpg\",\"datePublished\":\"2009-05-13T04:15:42+00:00\",\"dateModified\":\"2012-07-11T17:25:29+00:00\",\"author\":{\"@id\":\"https:\/\/blogs.thesocialmedia.com\/leblogmoto\/#\/schema\/person\/e82a0ca8a9a63d031586097a3ed58526\"},\"breadcrumb\":{\"@id\":\"https:\/\/blogs.thesocialmedia.com\/leblogmoto\/2009\/05\/13\/operation-escargot-la-grogne-des-motards-quebecois\/#breadcrumb\"},\"inLanguage\":\"fr-FR\",\"potentialAction\":[{\"@type\":\"ReadAction\",\"target\":[\"https:\/\/blogs.thesocialmedia.com\/leblogmoto\/2009\/05\/13\/operation-escargot-la-grogne-des-motards-quebecois\/\"]}]},{\"@type\":\"ImageObject\",\"inLanguage\":\"fr-FR\",\"@id\":\"https:\/\/blogs.thesocialmedia.com\/leblogmoto\/2009\/05\/13\/operation-escargot-la-grogne-des-motards-quebecois\/#primaryimage\",\"url\":\"https:\/\/blogs.thesocialmedia.com\/leblogmoto\/files\/2012\/07\/6a00d83451b18369e201156f8d4b25970c-500wi.jpg\",\"contentUrl\":\"https:\/\/blogs.thesocialmedia.com\/leblogmoto\/files\/2012\/07\/6a00d83451b18369e201156f8d4b25970c-500wi.jpg\",\"width\":\"500\",\"height\":\"155\"},{\"@type\":\"BreadcrumbList\",\"@id\":\"https:\/\/blogs.thesocialmedia.com\/leblogmoto\/2009\/05\/13\/operation-escargot-la-grogne-des-motards-quebecois\/#breadcrumb\",\"itemListElement\":[{\"@type\":\"ListItem\",\"position\":1,\"name\":\"Accueil\",\"item\":\"https:\/\/blogs.thesocialmedia.com\/leblogmoto\/\"},{\"@type\":\"ListItem\",\"position\":2,\"name\":\"Op\u00e9ration escargot &#8211; La grogne des motards qu\u00e9b\u00e9cois\"}]},{\"@type\":\"WebSite\",\"@id\":\"https:\/\/blogs.thesocialmedia.com\/leblogmoto\/#website\",\"url\":\"https:\/\/blogs.thesocialmedia.com\/leblogmoto\/\",\"name\":\"leblogmoto\",\"description\":\"Toute l&#039;actualit\u00e9 des 2 roues\",\"potentialAction\":[{\"@type\":\"SearchAction\",\"target\":{\"@type\":\"EntryPoint\",\"urlTemplate\":\"https:\/\/blogs.thesocialmedia.com\/leblogmoto\/?s={search_term_string}\"},\"query-input\":{\"@type\":\"PropertyValueSpecification\",\"valueRequired\":true,\"valueName\":\"search_term_string\"}}],\"inLanguage\":\"fr-FR\"},{\"@type\":\"Person\",\"@id\":\"https:\/\/blogs.thesocialmedia.com\/leblogmoto\/#\/schema\/person\/e82a0ca8a9a63d031586097a3ed58526\",\"name\":\"jacques lesage\",\"image\":{\"@type\":\"ImageObject\",\"inLanguage\":\"fr-FR\",\"@id\":\"https:\/\/blogs.thesocialmedia.com\/leblogmoto\/#\/schema\/person\/image\/\",\"url\":\"https:\/\/secure.gravatar.com\/avatar\/?s=96&d=mm&r=g\",\"contentUrl\":\"https:\/\/secure.gravatar.com\/avatar\/?s=96&d=mm&r=g\",\"caption\":\"jacques lesage\"},\"url\":\"https:\/\/blogs.thesocialmedia.com\/leblogmoto\/author\/jacques-lesage\/\"}]}<\/script>\n<!-- \/ Yoast SEO plugin. -->","yoast_head_json":{"title":"Op\u00e9ration escargot - La grogne des motards qu\u00e9b\u00e9cois - leblogmoto.com","robots":{"index":"index","follow":"follow","max-snippet":"max-snippet:-1","max-image-preview":"max-image-preview:large","max-video-preview":"max-video-preview:-1"},"canonical":"https:\/\/blogs.thesocialmedia.com\/leblogmoto\/2009\/05\/13\/operation-escargot-la-grogne-des-motards-quebecois\/","twitter_card":"summary_large_image","twitter_title":"Op\u00e9ration escargot - La grogne des motards qu\u00e9b\u00e9cois - leblogmoto.com","twitter_description":"Annonc\u00e9e en 2006, mais prenant toute sa vigueur en cette saison 2009, la hausse des tarifs pour les frais d\u2019immatriculation touchant tous les deux roues au Qu\u00e9bec prend d\u2019assaut le portefeuille des motards. Passant du double pour les petites cylindr\u00e9es, du triple pour les 700 cm3 et moins, et pouvant jusqu\u2019\u00e0 quintupler pour les mod\u00e8les [&hellip;]","twitter_image":"https:\/\/blogs.thesocialmedia.com\/leblogmoto\/files\/2012\/07\/6a00d83451b18369e201156f8d4b25970c-500wi.jpg","twitter_misc":{"\u00c9crit par":"jacques lesage","Dur\u00e9e de lecture estim\u00e9e":"3 minutes"},"schema":{"@context":"https:\/\/schema.org","@graph":[{"@type":"WebPage","@id":"https:\/\/blogs.thesocialmedia.com\/leblogmoto\/2009\/05\/13\/operation-escargot-la-grogne-des-motards-quebecois\/","url":"https:\/\/blogs.thesocialmedia.com\/leblogmoto\/2009\/05\/13\/operation-escargot-la-grogne-des-motards-quebecois\/","name":"Op\u00e9ration escargot - La grogne des motards qu\u00e9b\u00e9cois - leblogmoto.com","isPartOf":{"@id":"https:\/\/blogs.thesocialmedia.com\/leblogmoto\/#website"},"primaryImageOfPage":{"@id":"https:\/\/blogs.thesocialmedia.com\/leblogmoto\/2009\/05\/13\/operation-escargot-la-grogne-des-motards-quebecois\/#primaryimage"},"image":{"@id":"https:\/\/blogs.thesocialmedia.com\/leblogmoto\/2009\/05\/13\/operation-escargot-la-grogne-des-motards-quebecois\/#primaryimage"},"thumbnailUrl":"https:\/\/blogs.thesocialmedia.com\/leblogmoto\/files\/2012\/07\/6a00d83451b18369e201156f8d4b25970c-500wi.jpg","datePublished":"2009-05-13T04:15:42+00:00","dateModified":"2012-07-11T17:25:29+00:00","author":{"@id":"https:\/\/blogs.thesocialmedia.com\/leblogmoto\/#\/schema\/person\/e82a0ca8a9a63d031586097a3ed58526"},"breadcrumb":{"@id":"https:\/\/blogs.thesocialmedia.com\/leblogmoto\/2009\/05\/13\/operation-escargot-la-grogne-des-motards-quebecois\/#breadcrumb"},"inLanguage":"fr-FR","potentialAction":[{"@type":"ReadAction","target":["https:\/\/blogs.thesocialmedia.com\/leblogmoto\/2009\/05\/13\/operation-escargot-la-grogne-des-motards-quebecois\/"]}]},{"@type":"ImageObject","inLanguage":"fr-FR","@id":"https:\/\/blogs.thesocialmedia.com\/leblogmoto\/2009\/05\/13\/operation-escargot-la-grogne-des-motards-quebecois\/#primaryimage","url":"https:\/\/blogs.thesocialmedia.com\/leblogmoto\/files\/2012\/07\/6a00d83451b18369e201156f8d4b25970c-500wi.jpg","contentUrl":"https:\/\/blogs.thesocialmedia.com\/leblogmoto\/files\/2012\/07\/6a00d83451b18369e201156f8d4b25970c-500wi.jpg","width":"500","height":"155"},{"@type":"BreadcrumbList","@id":"https:\/\/blogs.thesocialmedia.com\/leblogmoto\/2009\/05\/13\/operation-escargot-la-grogne-des-motards-quebecois\/#breadcrumb","itemListElement":[{"@type":"ListItem","position":1,"name":"Accueil","item":"https:\/\/blogs.thesocialmedia.com\/leblogmoto\/"},{"@type":"ListItem","position":2,"name":"Op\u00e9ration escargot &#8211; La grogne des motards qu\u00e9b\u00e9cois"}]},{"@type":"WebSite","@id":"https:\/\/blogs.thesocialmedia.com\/leblogmoto\/#website","url":"https:\/\/blogs.thesocialmedia.com\/leblogmoto\/","name":"leblogmoto","description":"Toute l&#039;actualit\u00e9 des 2 roues","potentialAction":[{"@type":"SearchAction","target":{"@type":"EntryPoint","urlTemplate":"https:\/\/blogs.thesocialmedia.com\/leblogmoto\/?s={search_term_string}"},"query-input":{"@type":"PropertyValueSpecification","valueRequired":true,"valueName":"search_term_string"}}],"inLanguage":"fr-FR"},{"@type":"Person","@id":"https:\/\/blogs.thesocialmedia.com\/leblogmoto\/#\/schema\/person\/e82a0ca8a9a63d031586097a3ed58526","name":"jacques lesage","image":{"@type":"ImageObject","inLanguage":"fr-FR","@id":"https:\/\/blogs.thesocialmedia.com\/leblogmoto\/#\/schema\/person\/image\/","url":"https:\/\/secure.gravatar.com\/avatar\/?s=96&d=mm&r=g","contentUrl":"https:\/\/secure.gravatar.com\/avatar\/?s=96&d=mm&r=g","caption":"jacques lesage"},"url":"https:\/\/blogs.thesocialmedia.com\/leblogmoto\/author\/jacques-lesage\/"}]}},"_links":{"self":[{"href":"https:\/\/blogs.thesocialmedia.com\/leblogmoto\/wp-json\/wp\/v2\/posts\/151","targetHints":{"allow":["GET"]}}],"collection":[{"href":"https:\/\/blogs.thesocialmedia.com\/leblogmoto\/wp-json\/wp\/v2\/posts"}],"about":[{"href":"https:\/\/blogs.thesocialmedia.com\/leblogmoto\/wp-json\/wp\/v2\/types\/post"}],"author":[{"embeddable":true,"href":"https:\/\/blogs.thesocialmedia.com\/leblogmoto\/wp-json\/wp\/v2\/users\/325"}],"replies":[{"embeddable":true,"href":"https:\/\/blogs.thesocialmedia.com\/leblogmoto\/wp-json\/wp\/v2\/comments?post=151"}],"version-history":[{"count":2,"href":"https:\/\/blogs.thesocialmedia.com\/leblogmoto\/wp-json\/wp\/v2\/posts\/151\/revisions"}],"predecessor-version":[{"id":13542,"href":"https:\/\/blogs.thesocialmedia.com\/leblogmoto\/wp-json\/wp\/v2\/posts\/151\/revisions\/13542"}],"wp:featuredmedia":[{"embeddable":true,"href":"https:\/\/blogs.thesocialmedia.com\/leblogmoto\/wp-json\/wp\/v2\/media\/13537"}],"wp:attachment":[{"href":"https:\/\/blogs.thesocialmedia.com\/leblogmoto\/wp-json\/wp\/v2\/media?parent=151"}],"wp:term":[{"taxonomy":"category","embeddable":true,"href":"https:\/\/blogs.thesocialmedia.com\/leblogmoto\/wp-json\/wp\/v2\/categories?post=151"},{"taxonomy":"post_tag","embeddable":true,"href":"https:\/\/blogs.thesocialmedia.com\/leblogmoto\/wp-json\/wp\/v2\/tags?post=151"}],"curies":[{"name":"wp","href":"https:\/\/api.w.org\/{rel}","templated":true}]}}