{"id":1512,"date":"2007-03-02T20:16:03","date_gmt":"2007-03-02T20:16:03","guid":{"rendered":"http:\/\/blogs.thesocialmedia.com\/leblogmoto\/2007\/03\/02\/lgende-des-hros-2\/"},"modified":"2012-07-11T14:33:50","modified_gmt":"2012-07-11T14:33:50","slug":"lgende-des-hros-2","status":"publish","type":"post","link":"https:\/\/blogs.thesocialmedia.com\/leblogmoto\/2007\/03\/02\/lgende-des-hros-2\/","title":{"rendered":"L\u00e9gende des H\u00e9ros 2007"},"content":{"rendered":"<p><a href=\"http:\/\/blogs.thesocialmedia.com\/leblogmoto\/files\/2012\/07\/gs.jpg\"><img loading=\"lazy\" decoding=\"async\" height=\"190\" alt=\"Gs\" src=\"http:\/\/www.leblogmoto.com\/images\/gs.jpg\" width=\"250\"  \/><\/a>Vous souvenez-vous de la <a href=\"http:\/\/www.leblogmoto.com\/2006\/03\/lgende_des_hros.html\">l\u00e9gende des h\u00e9ros<\/a> ? L&rsquo;\u00e9dition 2007 d\u00e9butera le 24 mars 2007, avec cette ann\u00e9e l&rsquo;apparition d&rsquo;une nouvelle cat\u00e9gorie, la cat\u00e9gorie <a href=\"http:\/\/www.heroeslegend.com\/page-10-8-fr.html\">OPEN<\/a>.<br \/>Cette cat\u00e9gorie permettra \u00e0 toutes les BMW tout-terrains, ainsi qu&rsquo;aux Yamaha de type XT (500, 550, 600, 600 T\u00e9n\u00e9r\u00e9), XTZ 660 et 750 T\u00e9n\u00e9r\u00e9, et autres TT500 et 600, de participer \u00e0 la course.<\/p>\n<p><a href=\"http:\/\/clabedan.typepad.com\/.shared\/image.html?\/photos\/uncategorized\/carte5.jpg\"><\/a>Rappelons que ce RAID a d\u00e9j\u00e0 \u00e9t\u00e9 repouss\u00e9, il \u00e9tait initialement pr\u00e9vu du 3 au 17 mars.<br \/>Le p\u00e9riple sera de 6500 km et les \u00e9quipes traverseront la France, l&rsquo;Espagne, le Maroc et la Mauritanie pour enfin arriver \u00e0 Dakar au S\u00e9n\u00e9gal. Cette ann\u00e9e, 130 concurrents prendront le d\u00e9part de cette aventure au pied de la Tour Eiffel. Sans oublier, un petit mot pour <a href=\"http:\/\/www.heroeslegend.com\/page-2-4-fr.html\">Hubert Auriol<\/a> qui est l&rsquo;organisateur de ce RAID.<\/p>\n<p><a href=\"http:\/\/clabedan.typepad.com\/.shared\/image.html?\/photos\/uncategorized\/carte_petit.gif\"><\/a><img loading=\"lazy\" decoding=\"async\" height=\"667\" alt=\"Carte_petit_2\" src=\"http:\/\/www.leblogmoto.com\/images\/carte_petit_2.gif\" width=\"470\"  \/>Pour en savoir plus sur la l\u00e9gende des h\u00e9ros, voici le <a href=\"http:\/\/www.heroeslegend.com\/\">site officiel<\/a>.<\/p>\n<p><a href=\"http:\/\/clabedan.typepad.com\/.shared\/image.html?\/photos\/uncategorized\/carte_petit_1.gif\"><\/a><a href=\"http:\/\/www2.yamaha-motor.fr\/actu\/\"><\/a><\/p>\n","protected":false},"excerpt":{"rendered":"<p>Vous souvenez-vous de la l\u00e9gende des h\u00e9ros ? L&rsquo;\u00e9dition 2007 d\u00e9butera le 24 mars 2007, avec cette ann\u00e9e l&rsquo;apparition d&rsquo;une nouvelle cat\u00e9gorie, la cat\u00e9gorie OPEN.Cette cat\u00e9gorie permettra \u00e0 toutes les BMW tout-terrains, ainsi qu&rsquo;aux Yamaha de type XT (500, 550, 600, 600 T\u00e9n\u00e9r\u00e9), XTZ 660 et 750 T\u00e9n\u00e9r\u00e9, et autres TT500 et 600, de participer [&hellip;]<\/p>\n","protected":false},"author":329,"featured_media":0,"comment_status":"open","ping_status":"open","sticky":false,"template":"","format":"standard","meta":{"footnotes":""},"categories":[13],"tags":[],"class_list":["post-1512","post","type-post","status-publish","format-standard","hentry","category-aventure"],"yoast_head":"<!-- This site is optimized with the Yoast SEO plugin v26.0 - https:\/\/yoast.com\/wordpress\/plugins\/seo\/ -->\n<title>L\u00e9gende des H\u00e9ros 2007 - leblogmoto.com<\/title>\n<meta name=\"robots\" content=\"index, follow, max-snippet:-1, max-image-preview:large, max-video-preview:-1\" \/>\n<link rel=\"canonical\" href=\"https:\/\/blogs.thesocialmedia.com\/leblogmoto\/2007\/03\/02\/lgende-des-hros-2\/\" \/>\n<meta name=\"twitter:card\" content=\"summary_large_image\" \/>\n<meta name=\"twitter:title\" content=\"L\u00e9gende des H\u00e9ros 2007 - leblogmoto.com\" \/>\n<meta name=\"twitter:description\" content=\"Vous souvenez-vous de la l\u00e9gende des h\u00e9ros ? L&rsquo;\u00e9dition 2007 d\u00e9butera le 24 mars 2007, avec cette ann\u00e9e l&rsquo;apparition d&rsquo;une nouvelle cat\u00e9gorie, la cat\u00e9gorie OPEN.Cette cat\u00e9gorie permettra \u00e0 toutes les BMW tout-terrains, ainsi qu&rsquo;aux Yamaha de type XT (500, 550, 600, 600 T\u00e9n\u00e9r\u00e9), XTZ 660 et 750 T\u00e9n\u00e9r\u00e9, et autres TT500 et 600, de participer [&hellip;]\" \/>\n<meta name=\"twitter:image\" content=\"http:\/\/www.leblogmoto.com\/images\/gs.jpg\" \/>\n<meta name=\"twitter:label1\" content=\"\u00c9crit par\" \/>\n\t<meta name=\"twitter:data1\" content=\"gregory boucaud\" \/>\n\t<meta name=\"twitter:label2\" content=\"Dur\u00e9e de lecture estim\u00e9e\" \/>\n\t<meta name=\"twitter:data2\" content=\"1 minute\" \/>\n<script type=\"application\/ld+json\" class=\"yoast-schema-graph\">{\"@context\":\"https:\/\/schema.org\",\"@graph\":[{\"@type\":\"WebPage\",\"@id\":\"https:\/\/blogs.thesocialmedia.com\/leblogmoto\/2007\/03\/02\/lgende-des-hros-2\/\",\"url\":\"https:\/\/blogs.thesocialmedia.com\/leblogmoto\/2007\/03\/02\/lgende-des-hros-2\/\",\"name\":\"L\u00e9gende des H\u00e9ros 2007 - leblogmoto.com\",\"isPartOf\":{\"@id\":\"https:\/\/blogs.thesocialmedia.com\/leblogmoto\/#website\"},\"primaryImageOfPage\":{\"@id\":\"https:\/\/blogs.thesocialmedia.com\/leblogmoto\/2007\/03\/02\/lgende-des-hros-2\/#primaryimage\"},\"image\":{\"@id\":\"https:\/\/blogs.thesocialmedia.com\/leblogmoto\/2007\/03\/02\/lgende-des-hros-2\/#primaryimage\"},\"thumbnailUrl\":\"http:\/\/www.leblogmoto.com\/images\/gs.jpg\",\"datePublished\":\"2007-03-02T20:16:03+00:00\",\"dateModified\":\"2012-07-11T14:33:50+00:00\",\"author\":{\"@id\":\"https:\/\/blogs.thesocialmedia.com\/leblogmoto\/#\/schema\/person\/769623f89741cc3381675029a37764f8\"},\"breadcrumb\":{\"@id\":\"https:\/\/blogs.thesocialmedia.com\/leblogmoto\/2007\/03\/02\/lgende-des-hros-2\/#breadcrumb\"},\"inLanguage\":\"fr-FR\",\"potentialAction\":[{\"@type\":\"ReadAction\",\"target\":[\"https:\/\/blogs.thesocialmedia.com\/leblogmoto\/2007\/03\/02\/lgende-des-hros-2\/\"]}]},{\"@type\":\"ImageObject\",\"inLanguage\":\"fr-FR\",\"@id\":\"https:\/\/blogs.thesocialmedia.com\/leblogmoto\/2007\/03\/02\/lgende-des-hros-2\/#primaryimage\",\"url\":\"http:\/\/www.leblogmoto.com\/images\/gs.jpg\",\"contentUrl\":\"http:\/\/www.leblogmoto.com\/images\/gs.jpg\"},{\"@type\":\"BreadcrumbList\",\"@id\":\"https:\/\/blogs.thesocialmedia.com\/leblogmoto\/2007\/03\/02\/lgende-des-hros-2\/#breadcrumb\",\"itemListElement\":[{\"@type\":\"ListItem\",\"position\":1,\"name\":\"Accueil\",\"item\":\"https:\/\/blogs.thesocialmedia.com\/leblogmoto\/\"},{\"@type\":\"ListItem\",\"position\":2,\"name\":\"L\u00e9gende des H\u00e9ros 2007\"}]},{\"@type\":\"WebSite\",\"@id\":\"https:\/\/blogs.thesocialmedia.com\/leblogmoto\/#website\",\"url\":\"https:\/\/blogs.thesocialmedia.com\/leblogmoto\/\",\"name\":\"leblogmoto\",\"description\":\"Toute l&#039;actualit\u00e9 des 2 roues\",\"potentialAction\":[{\"@type\":\"SearchAction\",\"target\":{\"@type\":\"EntryPoint\",\"urlTemplate\":\"https:\/\/blogs.thesocialmedia.com\/leblogmoto\/?s={search_term_string}\"},\"query-input\":{\"@type\":\"PropertyValueSpecification\",\"valueRequired\":true,\"valueName\":\"search_term_string\"}}],\"inLanguage\":\"fr-FR\"},{\"@type\":\"Person\",\"@id\":\"https:\/\/blogs.thesocialmedia.com\/leblogmoto\/#\/schema\/person\/769623f89741cc3381675029a37764f8\",\"name\":\"gregory boucaud\",\"image\":{\"@type\":\"ImageObject\",\"inLanguage\":\"fr-FR\",\"@id\":\"https:\/\/blogs.thesocialmedia.com\/leblogmoto\/#\/schema\/person\/image\/\",\"url\":\"https:\/\/secure.gravatar.com\/avatar\/?s=96&d=mm&r=g\",\"contentUrl\":\"https:\/\/secure.gravatar.com\/avatar\/?s=96&d=mm&r=g\",\"caption\":\"gregory boucaud\"},\"url\":\"https:\/\/blogs.thesocialmedia.com\/leblogmoto\/author\/gregory-boucaud\/\"}]}<\/script>\n<!-- \/ Yoast SEO plugin. -->","yoast_head_json":{"title":"L\u00e9gende des H\u00e9ros 2007 - leblogmoto.com","robots":{"index":"index","follow":"follow","max-snippet":"max-snippet:-1","max-image-preview":"max-image-preview:large","max-video-preview":"max-video-preview:-1"},"canonical":"https:\/\/blogs.thesocialmedia.com\/leblogmoto\/2007\/03\/02\/lgende-des-hros-2\/","twitter_card":"summary_large_image","twitter_title":"L\u00e9gende des H\u00e9ros 2007 - leblogmoto.com","twitter_description":"Vous souvenez-vous de la l\u00e9gende des h\u00e9ros ? L&rsquo;\u00e9dition 2007 d\u00e9butera le 24 mars 2007, avec cette ann\u00e9e l&rsquo;apparition d&rsquo;une nouvelle cat\u00e9gorie, la cat\u00e9gorie OPEN.Cette cat\u00e9gorie permettra \u00e0 toutes les BMW tout-terrains, ainsi qu&rsquo;aux Yamaha de type XT (500, 550, 600, 600 T\u00e9n\u00e9r\u00e9), XTZ 660 et 750 T\u00e9n\u00e9r\u00e9, et autres TT500 et 600, de participer [&hellip;]","twitter_image":"http:\/\/www.leblogmoto.com\/images\/gs.jpg","twitter_misc":{"\u00c9crit par":"gregory boucaud","Dur\u00e9e de lecture estim\u00e9e":"1 minute"},"schema":{"@context":"https:\/\/schema.org","@graph":[{"@type":"WebPage","@id":"https:\/\/blogs.thesocialmedia.com\/leblogmoto\/2007\/03\/02\/lgende-des-hros-2\/","url":"https:\/\/blogs.thesocialmedia.com\/leblogmoto\/2007\/03\/02\/lgende-des-hros-2\/","name":"L\u00e9gende des H\u00e9ros 2007 - leblogmoto.com","isPartOf":{"@id":"https:\/\/blogs.thesocialmedia.com\/leblogmoto\/#website"},"primaryImageOfPage":{"@id":"https:\/\/blogs.thesocialmedia.com\/leblogmoto\/2007\/03\/02\/lgende-des-hros-2\/#primaryimage"},"image":{"@id":"https:\/\/blogs.thesocialmedia.com\/leblogmoto\/2007\/03\/02\/lgende-des-hros-2\/#primaryimage"},"thumbnailUrl":"http:\/\/www.leblogmoto.com\/images\/gs.jpg","datePublished":"2007-03-02T20:16:03+00:00","dateModified":"2012-07-11T14:33:50+00:00","author":{"@id":"https:\/\/blogs.thesocialmedia.com\/leblogmoto\/#\/schema\/person\/769623f89741cc3381675029a37764f8"},"breadcrumb":{"@id":"https:\/\/blogs.thesocialmedia.com\/leblogmoto\/2007\/03\/02\/lgende-des-hros-2\/#breadcrumb"},"inLanguage":"fr-FR","potentialAction":[{"@type":"ReadAction","target":["https:\/\/blogs.thesocialmedia.com\/leblogmoto\/2007\/03\/02\/lgende-des-hros-2\/"]}]},{"@type":"ImageObject","inLanguage":"fr-FR","@id":"https:\/\/blogs.thesocialmedia.com\/leblogmoto\/2007\/03\/02\/lgende-des-hros-2\/#primaryimage","url":"http:\/\/www.leblogmoto.com\/images\/gs.jpg","contentUrl":"http:\/\/www.leblogmoto.com\/images\/gs.jpg"},{"@type":"BreadcrumbList","@id":"https:\/\/blogs.thesocialmedia.com\/leblogmoto\/2007\/03\/02\/lgende-des-hros-2\/#breadcrumb","itemListElement":[{"@type":"ListItem","position":1,"name":"Accueil","item":"https:\/\/blogs.thesocialmedia.com\/leblogmoto\/"},{"@type":"ListItem","position":2,"name":"L\u00e9gende des H\u00e9ros 2007"}]},{"@type":"WebSite","@id":"https:\/\/blogs.thesocialmedia.com\/leblogmoto\/#website","url":"https:\/\/blogs.thesocialmedia.com\/leblogmoto\/","name":"leblogmoto","description":"Toute l&#039;actualit\u00e9 des 2 roues","potentialAction":[{"@type":"SearchAction","target":{"@type":"EntryPoint","urlTemplate":"https:\/\/blogs.thesocialmedia.com\/leblogmoto\/?s={search_term_string}"},"query-input":{"@type":"PropertyValueSpecification","valueRequired":true,"valueName":"search_term_string"}}],"inLanguage":"fr-FR"},{"@type":"Person","@id":"https:\/\/blogs.thesocialmedia.com\/leblogmoto\/#\/schema\/person\/769623f89741cc3381675029a37764f8","name":"gregory boucaud","image":{"@type":"ImageObject","inLanguage":"fr-FR","@id":"https:\/\/blogs.thesocialmedia.com\/leblogmoto\/#\/schema\/person\/image\/","url":"https:\/\/secure.gravatar.com\/avatar\/?s=96&d=mm&r=g","contentUrl":"https:\/\/secure.gravatar.com\/avatar\/?s=96&d=mm&r=g","caption":"gregory boucaud"},"url":"https:\/\/blogs.thesocialmedia.com\/leblogmoto\/author\/gregory-boucaud\/"}]}},"_links":{"self":[{"href":"https:\/\/blogs.thesocialmedia.com\/leblogmoto\/wp-json\/wp\/v2\/posts\/1512","targetHints":{"allow":["GET"]}}],"collection":[{"href":"https:\/\/blogs.thesocialmedia.com\/leblogmoto\/wp-json\/wp\/v2\/posts"}],"about":[{"href":"https:\/\/blogs.thesocialmedia.com\/leblogmoto\/wp-json\/wp\/v2\/types\/post"}],"author":[{"embeddable":true,"href":"https:\/\/blogs.thesocialmedia.com\/leblogmoto\/wp-json\/wp\/v2\/users\/329"}],"replies":[{"embeddable":true,"href":"https:\/\/blogs.thesocialmedia.com\/leblogmoto\/wp-json\/wp\/v2\/comments?post=1512"}],"version-history":[{"count":2,"href":"https:\/\/blogs.thesocialmedia.com\/leblogmoto\/wp-json\/wp\/v2\/posts\/1512\/revisions"}],"predecessor-version":[{"id":8113,"href":"https:\/\/blogs.thesocialmedia.com\/leblogmoto\/wp-json\/wp\/v2\/posts\/1512\/revisions\/8113"}],"wp:attachment":[{"href":"https:\/\/blogs.thesocialmedia.com\/leblogmoto\/wp-json\/wp\/v2\/media?parent=1512"}],"wp:term":[{"taxonomy":"category","embeddable":true,"href":"https:\/\/blogs.thesocialmedia.com\/leblogmoto\/wp-json\/wp\/v2\/categories?post=1512"},{"taxonomy":"post_tag","embeddable":true,"href":"https:\/\/blogs.thesocialmedia.com\/leblogmoto\/wp-json\/wp\/v2\/tags?post=1512"}],"curies":[{"name":"wp","href":"https:\/\/api.w.org\/{rel}","templated":true}]}}