{"id":1513,"date":"2007-03-01T22:01:46","date_gmt":"2007-03-01T22:01:46","guid":{"rendered":"http:\/\/blogs.thesocialmedia.com\/leblogmoto\/2007\/03\/01\/corse-en-cross\/"},"modified":"2012-07-11T14:33:46","modified_gmt":"2012-07-11T14:33:46","slug":"corse-en-cross","status":"publish","type":"post","link":"https:\/\/blogs.thesocialmedia.com\/leblogmoto\/2007\/03\/01\/corse-en-cross\/","title":{"rendered":"Tour de Corse ?"},"content":{"rendered":"<p><a href=\"http:\/\/blogs.thesocialmedia.com\/leblogmoto\/files\/2012\/07\/photosejour.jpg\"><img loading=\"lazy\" decoding=\"async\" height=\"163\" alt=\"Photosejour\" src=\"http:\/\/www.leblogmoto.com\/images\/photosejour.jpg\" width=\"250\"  \/><\/a>Les beaux jours reviennent, les id\u00e9es de farniente aussi. Mais l&rsquo;appel de la moto est trop fort, c&rsquo;est pourquoi <a href=\"http:\/\/www.corsicamoto.com\/sejours.php\">Moto Corse Evasion<\/a> propose des packs tout compris avec moto \u00e0 l&rsquo;arriv\u00e9e au port ou \u00e0 l&rsquo;a\u00e9roport d&rsquo;Ajaccio, h\u00f4tel, road book, assistance m\u00e9canique&#8230; Tout cela pour des prix raisonnables.<br \/>Ces circuits se font sur une semaine avec des \u00e9tapes de 80 \u00e0 120 km, avec possiblit\u00e9 de baignades et visites de sites touristiques.<\/p>\n<p><a href=\"http:\/\/clabedan.typepad.com\/.shared\/image.html?\/photos\/uncategorized\/photosejour1.jpg\"><img loading=\"lazy\" decoding=\"async\" height=\"162\" alt=\"Photosejour1\" src=\"http:\/\/www.leblogmoto.com\/images\/photosejour1.jpg\" width=\"250\"  \/><\/a> Les motos propos\u00e9es sont des trails de type <a href=\"http:\/\/www.transalp.us\/images\/XL650V3_3b.jpg\">Transalp<\/a>, <a href=\"http:\/\/www.motonaute.net\/34cv\/yamaha-xte-600.jpg\">600XTE<\/a> et <a href=\"http:\/\/www.locationencorse.com\/images\/corsicamoto\/xlr125.jpg\">125XLR<\/a>, ce qui permet d&rsquo;avoir un large choix de b\u00e9canes.<br \/>Une petite id\u00e9e champ\u00eatre pour Madame et Monsieur en qu\u00eate de communion avec la nature&#8230;<\/p>\n","protected":false},"excerpt":{"rendered":"<p>Les beaux jours reviennent, les id\u00e9es de farniente aussi. Mais l&rsquo;appel de la moto est trop fort, c&rsquo;est pourquoi Moto Corse Evasion propose des packs tout compris avec moto \u00e0 l&rsquo;arriv\u00e9e au port ou \u00e0 l&rsquo;a\u00e9roport d&rsquo;Ajaccio, h\u00f4tel, road book, assistance m\u00e9canique&#8230; Tout cela pour des prix raisonnables.Ces circuits se font sur une semaine avec [&hellip;]<\/p>\n","protected":false},"author":329,"featured_media":0,"comment_status":"open","ping_status":"open","sticky":false,"template":"","format":"standard","meta":{"footnotes":""},"categories":[13],"tags":[],"class_list":["post-1513","post","type-post","status-publish","format-standard","hentry","category-aventure"],"yoast_head":"<!-- This site is optimized with the Yoast SEO plugin v26.0 - https:\/\/yoast.com\/wordpress\/plugins\/seo\/ -->\n<title>Tour de Corse ? - leblogmoto.com<\/title>\n<meta name=\"robots\" content=\"index, follow, max-snippet:-1, max-image-preview:large, max-video-preview:-1\" \/>\n<link rel=\"canonical\" href=\"https:\/\/blogs.thesocialmedia.com\/leblogmoto\/2007\/03\/01\/corse-en-cross\/\" \/>\n<meta name=\"twitter:card\" content=\"summary_large_image\" \/>\n<meta name=\"twitter:title\" content=\"Tour de Corse ? - leblogmoto.com\" \/>\n<meta name=\"twitter:description\" content=\"Les beaux jours reviennent, les id\u00e9es de farniente aussi. Mais l&rsquo;appel de la moto est trop fort, c&rsquo;est pourquoi Moto Corse Evasion propose des packs tout compris avec moto \u00e0 l&rsquo;arriv\u00e9e au port ou \u00e0 l&rsquo;a\u00e9roport d&rsquo;Ajaccio, h\u00f4tel, road book, assistance m\u00e9canique&#8230; Tout cela pour des prix raisonnables.Ces circuits se font sur une semaine avec [&hellip;]\" \/>\n<meta name=\"twitter:image\" content=\"http:\/\/www.leblogmoto.com\/images\/photosejour.jpg\" \/>\n<meta name=\"twitter:label1\" content=\"\u00c9crit par\" \/>\n\t<meta name=\"twitter:data1\" content=\"gregory boucaud\" \/>\n\t<meta name=\"twitter:label2\" content=\"Dur\u00e9e de lecture estim\u00e9e\" \/>\n\t<meta name=\"twitter:data2\" content=\"1 minute\" \/>\n<script type=\"application\/ld+json\" class=\"yoast-schema-graph\">{\"@context\":\"https:\/\/schema.org\",\"@graph\":[{\"@type\":\"WebPage\",\"@id\":\"https:\/\/blogs.thesocialmedia.com\/leblogmoto\/2007\/03\/01\/corse-en-cross\/\",\"url\":\"https:\/\/blogs.thesocialmedia.com\/leblogmoto\/2007\/03\/01\/corse-en-cross\/\",\"name\":\"Tour de Corse ? - leblogmoto.com\",\"isPartOf\":{\"@id\":\"https:\/\/blogs.thesocialmedia.com\/leblogmoto\/#website\"},\"primaryImageOfPage\":{\"@id\":\"https:\/\/blogs.thesocialmedia.com\/leblogmoto\/2007\/03\/01\/corse-en-cross\/#primaryimage\"},\"image\":{\"@id\":\"https:\/\/blogs.thesocialmedia.com\/leblogmoto\/2007\/03\/01\/corse-en-cross\/#primaryimage\"},\"thumbnailUrl\":\"http:\/\/www.leblogmoto.com\/images\/photosejour.jpg\",\"datePublished\":\"2007-03-01T22:01:46+00:00\",\"dateModified\":\"2012-07-11T14:33:46+00:00\",\"author\":{\"@id\":\"https:\/\/blogs.thesocialmedia.com\/leblogmoto\/#\/schema\/person\/769623f89741cc3381675029a37764f8\"},\"breadcrumb\":{\"@id\":\"https:\/\/blogs.thesocialmedia.com\/leblogmoto\/2007\/03\/01\/corse-en-cross\/#breadcrumb\"},\"inLanguage\":\"fr-FR\",\"potentialAction\":[{\"@type\":\"ReadAction\",\"target\":[\"https:\/\/blogs.thesocialmedia.com\/leblogmoto\/2007\/03\/01\/corse-en-cross\/\"]}]},{\"@type\":\"ImageObject\",\"inLanguage\":\"fr-FR\",\"@id\":\"https:\/\/blogs.thesocialmedia.com\/leblogmoto\/2007\/03\/01\/corse-en-cross\/#primaryimage\",\"url\":\"http:\/\/www.leblogmoto.com\/images\/photosejour.jpg\",\"contentUrl\":\"http:\/\/www.leblogmoto.com\/images\/photosejour.jpg\"},{\"@type\":\"BreadcrumbList\",\"@id\":\"https:\/\/blogs.thesocialmedia.com\/leblogmoto\/2007\/03\/01\/corse-en-cross\/#breadcrumb\",\"itemListElement\":[{\"@type\":\"ListItem\",\"position\":1,\"name\":\"Accueil\",\"item\":\"https:\/\/blogs.thesocialmedia.com\/leblogmoto\/\"},{\"@type\":\"ListItem\",\"position\":2,\"name\":\"Tour de Corse ?\"}]},{\"@type\":\"WebSite\",\"@id\":\"https:\/\/blogs.thesocialmedia.com\/leblogmoto\/#website\",\"url\":\"https:\/\/blogs.thesocialmedia.com\/leblogmoto\/\",\"name\":\"leblogmoto\",\"description\":\"Toute l&#039;actualit\u00e9 des 2 roues\",\"potentialAction\":[{\"@type\":\"SearchAction\",\"target\":{\"@type\":\"EntryPoint\",\"urlTemplate\":\"https:\/\/blogs.thesocialmedia.com\/leblogmoto\/?s={search_term_string}\"},\"query-input\":{\"@type\":\"PropertyValueSpecification\",\"valueRequired\":true,\"valueName\":\"search_term_string\"}}],\"inLanguage\":\"fr-FR\"},{\"@type\":\"Person\",\"@id\":\"https:\/\/blogs.thesocialmedia.com\/leblogmoto\/#\/schema\/person\/769623f89741cc3381675029a37764f8\",\"name\":\"gregory boucaud\",\"image\":{\"@type\":\"ImageObject\",\"inLanguage\":\"fr-FR\",\"@id\":\"https:\/\/blogs.thesocialmedia.com\/leblogmoto\/#\/schema\/person\/image\/\",\"url\":\"https:\/\/secure.gravatar.com\/avatar\/?s=96&d=mm&r=g\",\"contentUrl\":\"https:\/\/secure.gravatar.com\/avatar\/?s=96&d=mm&r=g\",\"caption\":\"gregory boucaud\"},\"url\":\"https:\/\/blogs.thesocialmedia.com\/leblogmoto\/author\/gregory-boucaud\/\"}]}<\/script>\n<!-- \/ Yoast SEO plugin. -->","yoast_head_json":{"title":"Tour de Corse ? - leblogmoto.com","robots":{"index":"index","follow":"follow","max-snippet":"max-snippet:-1","max-image-preview":"max-image-preview:large","max-video-preview":"max-video-preview:-1"},"canonical":"https:\/\/blogs.thesocialmedia.com\/leblogmoto\/2007\/03\/01\/corse-en-cross\/","twitter_card":"summary_large_image","twitter_title":"Tour de Corse ? - leblogmoto.com","twitter_description":"Les beaux jours reviennent, les id\u00e9es de farniente aussi. Mais l&rsquo;appel de la moto est trop fort, c&rsquo;est pourquoi Moto Corse Evasion propose des packs tout compris avec moto \u00e0 l&rsquo;arriv\u00e9e au port ou \u00e0 l&rsquo;a\u00e9roport d&rsquo;Ajaccio, h\u00f4tel, road book, assistance m\u00e9canique&#8230; Tout cela pour des prix raisonnables.Ces circuits se font sur une semaine avec [&hellip;]","twitter_image":"http:\/\/www.leblogmoto.com\/images\/photosejour.jpg","twitter_misc":{"\u00c9crit par":"gregory boucaud","Dur\u00e9e de lecture estim\u00e9e":"1 minute"},"schema":{"@context":"https:\/\/schema.org","@graph":[{"@type":"WebPage","@id":"https:\/\/blogs.thesocialmedia.com\/leblogmoto\/2007\/03\/01\/corse-en-cross\/","url":"https:\/\/blogs.thesocialmedia.com\/leblogmoto\/2007\/03\/01\/corse-en-cross\/","name":"Tour de Corse ? - leblogmoto.com","isPartOf":{"@id":"https:\/\/blogs.thesocialmedia.com\/leblogmoto\/#website"},"primaryImageOfPage":{"@id":"https:\/\/blogs.thesocialmedia.com\/leblogmoto\/2007\/03\/01\/corse-en-cross\/#primaryimage"},"image":{"@id":"https:\/\/blogs.thesocialmedia.com\/leblogmoto\/2007\/03\/01\/corse-en-cross\/#primaryimage"},"thumbnailUrl":"http:\/\/www.leblogmoto.com\/images\/photosejour.jpg","datePublished":"2007-03-01T22:01:46+00:00","dateModified":"2012-07-11T14:33:46+00:00","author":{"@id":"https:\/\/blogs.thesocialmedia.com\/leblogmoto\/#\/schema\/person\/769623f89741cc3381675029a37764f8"},"breadcrumb":{"@id":"https:\/\/blogs.thesocialmedia.com\/leblogmoto\/2007\/03\/01\/corse-en-cross\/#breadcrumb"},"inLanguage":"fr-FR","potentialAction":[{"@type":"ReadAction","target":["https:\/\/blogs.thesocialmedia.com\/leblogmoto\/2007\/03\/01\/corse-en-cross\/"]}]},{"@type":"ImageObject","inLanguage":"fr-FR","@id":"https:\/\/blogs.thesocialmedia.com\/leblogmoto\/2007\/03\/01\/corse-en-cross\/#primaryimage","url":"http:\/\/www.leblogmoto.com\/images\/photosejour.jpg","contentUrl":"http:\/\/www.leblogmoto.com\/images\/photosejour.jpg"},{"@type":"BreadcrumbList","@id":"https:\/\/blogs.thesocialmedia.com\/leblogmoto\/2007\/03\/01\/corse-en-cross\/#breadcrumb","itemListElement":[{"@type":"ListItem","position":1,"name":"Accueil","item":"https:\/\/blogs.thesocialmedia.com\/leblogmoto\/"},{"@type":"ListItem","position":2,"name":"Tour de Corse ?"}]},{"@type":"WebSite","@id":"https:\/\/blogs.thesocialmedia.com\/leblogmoto\/#website","url":"https:\/\/blogs.thesocialmedia.com\/leblogmoto\/","name":"leblogmoto","description":"Toute l&#039;actualit\u00e9 des 2 roues","potentialAction":[{"@type":"SearchAction","target":{"@type":"EntryPoint","urlTemplate":"https:\/\/blogs.thesocialmedia.com\/leblogmoto\/?s={search_term_string}"},"query-input":{"@type":"PropertyValueSpecification","valueRequired":true,"valueName":"search_term_string"}}],"inLanguage":"fr-FR"},{"@type":"Person","@id":"https:\/\/blogs.thesocialmedia.com\/leblogmoto\/#\/schema\/person\/769623f89741cc3381675029a37764f8","name":"gregory boucaud","image":{"@type":"ImageObject","inLanguage":"fr-FR","@id":"https:\/\/blogs.thesocialmedia.com\/leblogmoto\/#\/schema\/person\/image\/","url":"https:\/\/secure.gravatar.com\/avatar\/?s=96&d=mm&r=g","contentUrl":"https:\/\/secure.gravatar.com\/avatar\/?s=96&d=mm&r=g","caption":"gregory boucaud"},"url":"https:\/\/blogs.thesocialmedia.com\/leblogmoto\/author\/gregory-boucaud\/"}]}},"_links":{"self":[{"href":"https:\/\/blogs.thesocialmedia.com\/leblogmoto\/wp-json\/wp\/v2\/posts\/1513","targetHints":{"allow":["GET"]}}],"collection":[{"href":"https:\/\/blogs.thesocialmedia.com\/leblogmoto\/wp-json\/wp\/v2\/posts"}],"about":[{"href":"https:\/\/blogs.thesocialmedia.com\/leblogmoto\/wp-json\/wp\/v2\/types\/post"}],"author":[{"embeddable":true,"href":"https:\/\/blogs.thesocialmedia.com\/leblogmoto\/wp-json\/wp\/v2\/users\/329"}],"replies":[{"embeddable":true,"href":"https:\/\/blogs.thesocialmedia.com\/leblogmoto\/wp-json\/wp\/v2\/comments?post=1513"}],"version-history":[{"count":2,"href":"https:\/\/blogs.thesocialmedia.com\/leblogmoto\/wp-json\/wp\/v2\/posts\/1513\/revisions"}],"predecessor-version":[{"id":8111,"href":"https:\/\/blogs.thesocialmedia.com\/leblogmoto\/wp-json\/wp\/v2\/posts\/1513\/revisions\/8111"}],"wp:attachment":[{"href":"https:\/\/blogs.thesocialmedia.com\/leblogmoto\/wp-json\/wp\/v2\/media?parent=1513"}],"wp:term":[{"taxonomy":"category","embeddable":true,"href":"https:\/\/blogs.thesocialmedia.com\/leblogmoto\/wp-json\/wp\/v2\/categories?post=1513"},{"taxonomy":"post_tag","embeddable":true,"href":"https:\/\/blogs.thesocialmedia.com\/leblogmoto\/wp-json\/wp\/v2\/tags?post=1513"}],"curies":[{"name":"wp","href":"https:\/\/api.w.org\/{rel}","templated":true}]}}