{"id":1514,"date":"2007-02-28T22:09:31","date_gmt":"2007-02-28T22:09:31","guid":{"rendered":"http:\/\/blogs.thesocialmedia.com\/leblogmoto\/2007\/02\/28\/orange-day-23-e\/"},"modified":"2012-07-11T14:33:44","modified_gmt":"2012-07-11T14:33:44","slug":"orange-day-23-e","status":"publish","type":"post","link":"https:\/\/blogs.thesocialmedia.com\/leblogmoto\/2007\/02\/28\/orange-day-23-e\/","title":{"rendered":"Orange Day : 23 et 24 mars 2007"},"content":{"rendered":"<p><a href=\"http:\/\/blogs.thesocialmedia.com\/leblogmoto\/files\/2012\/07\/orange_day2.jpg\"><img loading=\"lazy\" decoding=\"async\" width=\"250\" height=\"311\"  alt=\"Orange_day2\" src=\"http:\/\/www.leblogmoto.com\/images\/orange_day2.jpg\" style=\"margin: 0px 5px 5px 0px;float: left\" \/><\/a> <a href=\"http:\/\/www.ktm.fr\/KTM-Ready-to-Race.1.7.html\">KTM<\/a> vous invite les vendredi 23 et samedi 24 mars aux portes ouvertes Orange Day. Toute la gamme routi\u00e8re sera disponible \u00e0 l&rsquo;essai, avec notamment les derni\u00e8res <a href=\"http:\/\/www.ktm.fr\/690-Supermoto.272.7.html\">690 SM<\/a> et <a href=\"http:\/\/www.ktm.fr\/990-Super-Duke.46.7.html\">990 Super Duke<\/a>. Vous pourrez \u00e9galement retrouver les c\u00e9l\u00e8bres <a href=\"http:\/\/www.ktm.fr\/950-Supermoto.76.7.html\">950 SM<\/a> et <a href=\"http:\/\/www.ktm.fr\/990-Adventure.36.7.html\">990 Adventure<\/a>. <br \/>Comme si vous proposer pleins de motos \u00e0 l&rsquo;essai ne suffisait pas, KTM offre aux 1 500 premiers essayeurs le tee-shirt officiel Orange Day.  <\/p>\n<p>Retrouver la liste des concessionnaires participant \u00e0 l&rsquo;op\u00e9ration <a href=\"http:\/\/www.ktm.fr\/fileadmin\/systemdata\/downloads\/participants_orange_day.pdf\">ici<\/a>.<\/p>\n<p>Les nouvelles : <a href=\"http:\/\/www.ktm690supermoto.com\/\">690 SM<\/a> et <a href=\"http:\/\/www.990superduke.at\/\">990 SuperDuke<\/a>, deux machines clairement con\u00e7ues pour se faire plaisir. <br \/>Bas\u00e9e sur le monocylindre LC4 tr\u00e8s compact, la 690 SuperMoto d\u00e9veloppe 47 kW (environ 65ch) pour 152 Kg sur la balance (\u00e0 vide). L&rsquo;\u00e9quipement est prometteur avec des freins brembo et une fourche avant invers\u00e9e de 47mm.<\/p>\n<p><a href=\"http:\/\/clabedan.typepad.com\/.shared\/image.html?\/photos\/uncategorized\/990_superduke.jpg\"><img loading=\"lazy\" decoding=\"async\" width=\"250\" height=\"166\"  alt=\"990_superduke\" src=\"http:\/\/www.leblogmoto.com\/images\/990_superduke.jpg\" style=\"margin: 0px 5px 5px 0px;float: left\" \/><\/a> Plus typ\u00e9e route la <a href=\"http:\/\/www.990superduke.at\/\">990 SuperDuke<\/a> est un roadster &quot;extr\u00eame&quot;. Un look super ramass\u00e9 et agressif autour d&rsquo;un bicylindre en V \u00e0 75\u00b0 de 999 cm3 \u00e0 injection. Certainement ramen\u00e9e autour de 100ch en France, la puissance max initiale atteint 120ch \u00e0 9 000tr\/min. L&rsquo;\u00e9quipement est \u00e0 la hauteur de ses pr\u00e9tentions : freins brembo, fourche invers\u00e9e 48mm. Selon le site officiel, seulement une s\u00e9rie limit\u00e9e sera produite, une bonne raison pour au moins l&rsquo;essayer pendant ces Orange days. <\/p>\n","protected":false},"excerpt":{"rendered":"<p>KTM vous invite les vendredi 23 et samedi 24 mars aux portes ouvertes Orange Day. Toute la gamme routi\u00e8re sera disponible \u00e0 l&rsquo;essai, avec notamment les derni\u00e8res 690 SM et 990 Super Duke. Vous pourrez \u00e9galement retrouver les c\u00e9l\u00e8bres 950 SM et 990 Adventure. Comme si vous proposer pleins de motos \u00e0 l&rsquo;essai ne suffisait [&hellip;]<\/p>\n","protected":false},"author":331,"featured_media":0,"comment_status":"open","ping_status":"open","sticky":false,"template":"","format":"standard","meta":{"footnotes":""},"categories":[3],"tags":[141,142,39,140],"class_list":["post-1514","post","type-post","status-publish","format-standard","hentry","category-actualite","tag-141","tag-142","tag-ktm","tag-orange-day"],"yoast_head":"<!-- This site is optimized with the Yoast SEO plugin v26.0 - https:\/\/yoast.com\/wordpress\/plugins\/seo\/ -->\n<title>Orange Day : 23 et 24 mars 2007 - leblogmoto.com<\/title>\n<meta name=\"robots\" content=\"index, follow, max-snippet:-1, max-image-preview:large, max-video-preview:-1\" \/>\n<link rel=\"canonical\" href=\"https:\/\/blogs.thesocialmedia.com\/leblogmoto\/2007\/02\/28\/orange-day-23-e\/\" \/>\n<meta name=\"twitter:card\" content=\"summary_large_image\" \/>\n<meta name=\"twitter:title\" content=\"Orange Day : 23 et 24 mars 2007 - leblogmoto.com\" \/>\n<meta name=\"twitter:description\" content=\"KTM vous invite les vendredi 23 et samedi 24 mars aux portes ouvertes Orange Day. Toute la gamme routi\u00e8re sera disponible \u00e0 l&rsquo;essai, avec notamment les derni\u00e8res 690 SM et 990 Super Duke. Vous pourrez \u00e9galement retrouver les c\u00e9l\u00e8bres 950 SM et 990 Adventure. Comme si vous proposer pleins de motos \u00e0 l&rsquo;essai ne suffisait [&hellip;]\" \/>\n<meta name=\"twitter:image\" content=\"http:\/\/www.leblogmoto.com\/images\/orange_day2.jpg\" \/>\n<meta name=\"twitter:label1\" content=\"\u00c9crit par\" \/>\n\t<meta name=\"twitter:data1\" content=\"nicolas gehin\" \/>\n\t<meta name=\"twitter:label2\" content=\"Dur\u00e9e de lecture estim\u00e9e\" \/>\n\t<meta name=\"twitter:data2\" content=\"1 minute\" \/>\n<script type=\"application\/ld+json\" class=\"yoast-schema-graph\">{\"@context\":\"https:\/\/schema.org\",\"@graph\":[{\"@type\":\"WebPage\",\"@id\":\"https:\/\/blogs.thesocialmedia.com\/leblogmoto\/2007\/02\/28\/orange-day-23-e\/\",\"url\":\"https:\/\/blogs.thesocialmedia.com\/leblogmoto\/2007\/02\/28\/orange-day-23-e\/\",\"name\":\"Orange Day : 23 et 24 mars 2007 - leblogmoto.com\",\"isPartOf\":{\"@id\":\"https:\/\/blogs.thesocialmedia.com\/leblogmoto\/#website\"},\"primaryImageOfPage\":{\"@id\":\"https:\/\/blogs.thesocialmedia.com\/leblogmoto\/2007\/02\/28\/orange-day-23-e\/#primaryimage\"},\"image\":{\"@id\":\"https:\/\/blogs.thesocialmedia.com\/leblogmoto\/2007\/02\/28\/orange-day-23-e\/#primaryimage\"},\"thumbnailUrl\":\"http:\/\/www.leblogmoto.com\/images\/orange_day2.jpg\",\"datePublished\":\"2007-02-28T22:09:31+00:00\",\"dateModified\":\"2012-07-11T14:33:44+00:00\",\"author\":{\"@id\":\"https:\/\/blogs.thesocialmedia.com\/leblogmoto\/#\/schema\/person\/46fe3ed364ad3153421e8604c6e3305f\"},\"breadcrumb\":{\"@id\":\"https:\/\/blogs.thesocialmedia.com\/leblogmoto\/2007\/02\/28\/orange-day-23-e\/#breadcrumb\"},\"inLanguage\":\"fr-FR\",\"potentialAction\":[{\"@type\":\"ReadAction\",\"target\":[\"https:\/\/blogs.thesocialmedia.com\/leblogmoto\/2007\/02\/28\/orange-day-23-e\/\"]}]},{\"@type\":\"ImageObject\",\"inLanguage\":\"fr-FR\",\"@id\":\"https:\/\/blogs.thesocialmedia.com\/leblogmoto\/2007\/02\/28\/orange-day-23-e\/#primaryimage\",\"url\":\"http:\/\/www.leblogmoto.com\/images\/orange_day2.jpg\",\"contentUrl\":\"http:\/\/www.leblogmoto.com\/images\/orange_day2.jpg\"},{\"@type\":\"BreadcrumbList\",\"@id\":\"https:\/\/blogs.thesocialmedia.com\/leblogmoto\/2007\/02\/28\/orange-day-23-e\/#breadcrumb\",\"itemListElement\":[{\"@type\":\"ListItem\",\"position\":1,\"name\":\"Accueil\",\"item\":\"https:\/\/blogs.thesocialmedia.com\/leblogmoto\/\"},{\"@type\":\"ListItem\",\"position\":2,\"name\":\"Orange Day : 23 et 24 mars 2007\"}]},{\"@type\":\"WebSite\",\"@id\":\"https:\/\/blogs.thesocialmedia.com\/leblogmoto\/#website\",\"url\":\"https:\/\/blogs.thesocialmedia.com\/leblogmoto\/\",\"name\":\"leblogmoto\",\"description\":\"Toute l&#039;actualit\u00e9 des 2 roues\",\"potentialAction\":[{\"@type\":\"SearchAction\",\"target\":{\"@type\":\"EntryPoint\",\"urlTemplate\":\"https:\/\/blogs.thesocialmedia.com\/leblogmoto\/?s={search_term_string}\"},\"query-input\":{\"@type\":\"PropertyValueSpecification\",\"valueRequired\":true,\"valueName\":\"search_term_string\"}}],\"inLanguage\":\"fr-FR\"},{\"@type\":\"Person\",\"@id\":\"https:\/\/blogs.thesocialmedia.com\/leblogmoto\/#\/schema\/person\/46fe3ed364ad3153421e8604c6e3305f\",\"name\":\"nicolas gehin\",\"image\":{\"@type\":\"ImageObject\",\"inLanguage\":\"fr-FR\",\"@id\":\"https:\/\/blogs.thesocialmedia.com\/leblogmoto\/#\/schema\/person\/image\/\",\"url\":\"https:\/\/secure.gravatar.com\/avatar\/?s=96&d=mm&r=g\",\"contentUrl\":\"https:\/\/secure.gravatar.com\/avatar\/?s=96&d=mm&r=g\",\"caption\":\"nicolas gehin\"},\"url\":\"https:\/\/blogs.thesocialmedia.com\/leblogmoto\/author\/nicolas-gehin\/\"}]}<\/script>\n<!-- \/ Yoast SEO plugin. -->","yoast_head_json":{"title":"Orange Day : 23 et 24 mars 2007 - leblogmoto.com","robots":{"index":"index","follow":"follow","max-snippet":"max-snippet:-1","max-image-preview":"max-image-preview:large","max-video-preview":"max-video-preview:-1"},"canonical":"https:\/\/blogs.thesocialmedia.com\/leblogmoto\/2007\/02\/28\/orange-day-23-e\/","twitter_card":"summary_large_image","twitter_title":"Orange Day : 23 et 24 mars 2007 - leblogmoto.com","twitter_description":"KTM vous invite les vendredi 23 et samedi 24 mars aux portes ouvertes Orange Day. Toute la gamme routi\u00e8re sera disponible \u00e0 l&rsquo;essai, avec notamment les derni\u00e8res 690 SM et 990 Super Duke. Vous pourrez \u00e9galement retrouver les c\u00e9l\u00e8bres 950 SM et 990 Adventure. Comme si vous proposer pleins de motos \u00e0 l&rsquo;essai ne suffisait [&hellip;]","twitter_image":"http:\/\/www.leblogmoto.com\/images\/orange_day2.jpg","twitter_misc":{"\u00c9crit par":"nicolas gehin","Dur\u00e9e de lecture estim\u00e9e":"1 minute"},"schema":{"@context":"https:\/\/schema.org","@graph":[{"@type":"WebPage","@id":"https:\/\/blogs.thesocialmedia.com\/leblogmoto\/2007\/02\/28\/orange-day-23-e\/","url":"https:\/\/blogs.thesocialmedia.com\/leblogmoto\/2007\/02\/28\/orange-day-23-e\/","name":"Orange Day : 23 et 24 mars 2007 - leblogmoto.com","isPartOf":{"@id":"https:\/\/blogs.thesocialmedia.com\/leblogmoto\/#website"},"primaryImageOfPage":{"@id":"https:\/\/blogs.thesocialmedia.com\/leblogmoto\/2007\/02\/28\/orange-day-23-e\/#primaryimage"},"image":{"@id":"https:\/\/blogs.thesocialmedia.com\/leblogmoto\/2007\/02\/28\/orange-day-23-e\/#primaryimage"},"thumbnailUrl":"http:\/\/www.leblogmoto.com\/images\/orange_day2.jpg","datePublished":"2007-02-28T22:09:31+00:00","dateModified":"2012-07-11T14:33:44+00:00","author":{"@id":"https:\/\/blogs.thesocialmedia.com\/leblogmoto\/#\/schema\/person\/46fe3ed364ad3153421e8604c6e3305f"},"breadcrumb":{"@id":"https:\/\/blogs.thesocialmedia.com\/leblogmoto\/2007\/02\/28\/orange-day-23-e\/#breadcrumb"},"inLanguage":"fr-FR","potentialAction":[{"@type":"ReadAction","target":["https:\/\/blogs.thesocialmedia.com\/leblogmoto\/2007\/02\/28\/orange-day-23-e\/"]}]},{"@type":"ImageObject","inLanguage":"fr-FR","@id":"https:\/\/blogs.thesocialmedia.com\/leblogmoto\/2007\/02\/28\/orange-day-23-e\/#primaryimage","url":"http:\/\/www.leblogmoto.com\/images\/orange_day2.jpg","contentUrl":"http:\/\/www.leblogmoto.com\/images\/orange_day2.jpg"},{"@type":"BreadcrumbList","@id":"https:\/\/blogs.thesocialmedia.com\/leblogmoto\/2007\/02\/28\/orange-day-23-e\/#breadcrumb","itemListElement":[{"@type":"ListItem","position":1,"name":"Accueil","item":"https:\/\/blogs.thesocialmedia.com\/leblogmoto\/"},{"@type":"ListItem","position":2,"name":"Orange Day : 23 et 24 mars 2007"}]},{"@type":"WebSite","@id":"https:\/\/blogs.thesocialmedia.com\/leblogmoto\/#website","url":"https:\/\/blogs.thesocialmedia.com\/leblogmoto\/","name":"leblogmoto","description":"Toute l&#039;actualit\u00e9 des 2 roues","potentialAction":[{"@type":"SearchAction","target":{"@type":"EntryPoint","urlTemplate":"https:\/\/blogs.thesocialmedia.com\/leblogmoto\/?s={search_term_string}"},"query-input":{"@type":"PropertyValueSpecification","valueRequired":true,"valueName":"search_term_string"}}],"inLanguage":"fr-FR"},{"@type":"Person","@id":"https:\/\/blogs.thesocialmedia.com\/leblogmoto\/#\/schema\/person\/46fe3ed364ad3153421e8604c6e3305f","name":"nicolas gehin","image":{"@type":"ImageObject","inLanguage":"fr-FR","@id":"https:\/\/blogs.thesocialmedia.com\/leblogmoto\/#\/schema\/person\/image\/","url":"https:\/\/secure.gravatar.com\/avatar\/?s=96&d=mm&r=g","contentUrl":"https:\/\/secure.gravatar.com\/avatar\/?s=96&d=mm&r=g","caption":"nicolas gehin"},"url":"https:\/\/blogs.thesocialmedia.com\/leblogmoto\/author\/nicolas-gehin\/"}]}},"_links":{"self":[{"href":"https:\/\/blogs.thesocialmedia.com\/leblogmoto\/wp-json\/wp\/v2\/posts\/1514","targetHints":{"allow":["GET"]}}],"collection":[{"href":"https:\/\/blogs.thesocialmedia.com\/leblogmoto\/wp-json\/wp\/v2\/posts"}],"about":[{"href":"https:\/\/blogs.thesocialmedia.com\/leblogmoto\/wp-json\/wp\/v2\/types\/post"}],"author":[{"embeddable":true,"href":"https:\/\/blogs.thesocialmedia.com\/leblogmoto\/wp-json\/wp\/v2\/users\/331"}],"replies":[{"embeddable":true,"href":"https:\/\/blogs.thesocialmedia.com\/leblogmoto\/wp-json\/wp\/v2\/comments?post=1514"}],"version-history":[{"count":2,"href":"https:\/\/blogs.thesocialmedia.com\/leblogmoto\/wp-json\/wp\/v2\/posts\/1514\/revisions"}],"predecessor-version":[{"id":8109,"href":"https:\/\/blogs.thesocialmedia.com\/leblogmoto\/wp-json\/wp\/v2\/posts\/1514\/revisions\/8109"}],"wp:attachment":[{"href":"https:\/\/blogs.thesocialmedia.com\/leblogmoto\/wp-json\/wp\/v2\/media?parent=1514"}],"wp:term":[{"taxonomy":"category","embeddable":true,"href":"https:\/\/blogs.thesocialmedia.com\/leblogmoto\/wp-json\/wp\/v2\/categories?post=1514"},{"taxonomy":"post_tag","embeddable":true,"href":"https:\/\/blogs.thesocialmedia.com\/leblogmoto\/wp-json\/wp\/v2\/tags?post=1514"}],"curies":[{"name":"wp","href":"https:\/\/api.w.org\/{rel}","templated":true}]}}