{"id":1516,"date":"2007-02-28T19:08:23","date_gmt":"2007-02-28T19:08:23","guid":{"rendered":"http:\/\/blogs.thesocialmedia.com\/leblogmoto\/2007\/02\/28\/stationnement-d\/"},"modified":"2012-07-11T14:33:39","modified_gmt":"2012-07-11T14:33:39","slug":"stationnement-d","status":"publish","type":"post","link":"https:\/\/blogs.thesocialmedia.com\/leblogmoto\/2007\/02\/28\/stationnement-d\/","title":{"rendered":"Stationnement des 2 roues \u00e0 Paris"},"content":{"rendered":"<p dir=\"ltr\"><a href=\"http:\/\/blogs.thesocialmedia.com\/leblogmoto\/files\/2012\/07\/gal1manif.jpg\"><img loading=\"lazy\" decoding=\"async\" height=\"166\" alt=\"Gal1manif\" src=\"http:\/\/www.leblogmoto.com\/images\/gal1manif.jpg\" width=\"250\"  \/><\/a><\/p>\n<p><span>Ce samedi 24 f\u00e9vrier se sont rassembl\u00e9s un millier de motards et de maxi scooters pour protester contre les PV abusifs pour stationnement sur le trottoir. Ce cort\u00e8ge de deux roues partait de la Bastille \u00e0 14h pour se diriger vers le commissariat du 12\u00e8 arrondissement de Paris.<\/span><\/p>\n<p dir=\"ltr\"><em><\/em><\/p>\n<p dir=\"ltr\"><em><\/em><\/p>\n<p dir=\"ltr\"><em>&quot;On peut dire que le bilan global est extr\u00eamement positif&quot;<\/em> d\u00e9taille Fabrice Vidal, coordinateur de la <a href=\"http:\/\/www.ffmc.asso.fr\/\">FFMC<\/a> Paris. &quot;<em>Le bouche \u00e0 oreille a parfaitement fonctionn\u00e9, et les motards \u00e9taient nombreux \u00e0 montrer qu\u2019ils en ont assez de se faire verbaliser \u00e0 outrance alors que leurs engins ne g\u00eanent, en aucune mani\u00e8re, la circulation des pi\u00e9tons ! &quot;<\/em><\/p>\n<p align=\"justify\">\n<p align=\"justify\">Il faut rappeler que d&rsquo;apr\u00e8s <a href=\"http:\/\/www.permisapoints.fr\/stationnement-dangereux--43.html\">l&rsquo;article R417-9 du code de la route<\/a>: &quot;<em>Tout v\u00e9hicule \u00e0 l&rsquo;arr\u00eat ou en stationnement <\/em>doit \u00eatre plac\u00e9 de mani\u00e8re \u00e0 ne pas constituer un danger pour les usagers.&quot;<\/p>\n<p align=\"justify\">\n<p dir=\"ltr\"><span><em><img loading=\"lazy\" decoding=\"async\" height=\"166\" alt=\"Gal2manif\" src=\"http:\/\/www.leblogmoto.com\/images\/gal2manif.jpg\" width=\"250\"  \/>Donc, il n&rsquo;y a pas lieu de verbaliser ces motos, d&rsquo;o\u00f9 les banderoles<\/em> &quot;<em>stationnement non g\u00eanant policiers tol\u00e9rants&quot; .<\/em> <\/span><\/p>\n<p dir=\"ltr\" align=\"justify\"><span><em>Si chaque moto prenait l&#8217;emplacement d&rsquo;une voiture, la situation deviendrait vite invivable en ville pour se garer. A cet effet ont \u00e9t\u00e9 mis en place des emplacements de stationnement pour les 2 roues sur Paris, mais leur nombre reste encore trop insuffisant.<\/em><\/span><\/p>\n<p align=\"justify\">Une affaire \u00e0 suivre&#8230;<\/p>\n<p align=\"justify\">\n<p align=\"justify\">\n<p align=\"justify\"><span><span>Source: <\/span><\/span><span style=\"color: #000080\"><u><a href=\"http:\/\/www.motomag.com\/\"><span><span>www.motomag.com<\/span><\/span><\/a><\/u><\/span><\/p>\n","protected":false},"excerpt":{"rendered":"<p>Ce samedi 24 f\u00e9vrier se sont rassembl\u00e9s un millier de motards et de maxi scooters pour protester contre les PV abusifs pour stationnement sur le trottoir. Ce cort\u00e8ge de deux roues partait de la Bastille \u00e0 14h pour se diriger vers le commissariat du 12\u00e8 arrondissement de Paris. &quot;On peut dire que le bilan global [&hellip;]<\/p>\n","protected":false},"author":329,"featured_media":0,"comment_status":"open","ping_status":"open","sticky":false,"template":"","format":"standard","meta":{"footnotes":""},"categories":[3],"tags":[],"class_list":["post-1516","post","type-post","status-publish","format-standard","hentry","category-actualite"],"yoast_head":"<!-- This site is optimized with the Yoast SEO plugin v26.0 - https:\/\/yoast.com\/wordpress\/plugins\/seo\/ -->\n<title>Stationnement des 2 roues \u00e0 Paris - leblogmoto.com<\/title>\n<meta name=\"robots\" content=\"index, follow, max-snippet:-1, max-image-preview:large, max-video-preview:-1\" \/>\n<link rel=\"canonical\" href=\"https:\/\/blogs.thesocialmedia.com\/leblogmoto\/2007\/02\/28\/stationnement-d\/\" \/>\n<meta name=\"twitter:card\" content=\"summary_large_image\" \/>\n<meta name=\"twitter:title\" content=\"Stationnement des 2 roues \u00e0 Paris - leblogmoto.com\" \/>\n<meta name=\"twitter:description\" content=\"Ce samedi 24 f\u00e9vrier se sont rassembl\u00e9s un millier de motards et de maxi scooters pour protester contre les PV abusifs pour stationnement sur le trottoir. Ce cort\u00e8ge de deux roues partait de la Bastille \u00e0 14h pour se diriger vers le commissariat du 12\u00e8 arrondissement de Paris. &quot;On peut dire que le bilan global [&hellip;]\" \/>\n<meta name=\"twitter:image\" content=\"http:\/\/www.leblogmoto.com\/images\/gal1manif.jpg\" \/>\n<meta name=\"twitter:label1\" content=\"\u00c9crit par\" \/>\n\t<meta name=\"twitter:data1\" content=\"gregory boucaud\" \/>\n\t<meta name=\"twitter:label2\" content=\"Dur\u00e9e de lecture estim\u00e9e\" \/>\n\t<meta name=\"twitter:data2\" content=\"1 minute\" \/>\n<script type=\"application\/ld+json\" class=\"yoast-schema-graph\">{\"@context\":\"https:\/\/schema.org\",\"@graph\":[{\"@type\":\"WebPage\",\"@id\":\"https:\/\/blogs.thesocialmedia.com\/leblogmoto\/2007\/02\/28\/stationnement-d\/\",\"url\":\"https:\/\/blogs.thesocialmedia.com\/leblogmoto\/2007\/02\/28\/stationnement-d\/\",\"name\":\"Stationnement des 2 roues \u00e0 Paris - leblogmoto.com\",\"isPartOf\":{\"@id\":\"https:\/\/blogs.thesocialmedia.com\/leblogmoto\/#website\"},\"primaryImageOfPage\":{\"@id\":\"https:\/\/blogs.thesocialmedia.com\/leblogmoto\/2007\/02\/28\/stationnement-d\/#primaryimage\"},\"image\":{\"@id\":\"https:\/\/blogs.thesocialmedia.com\/leblogmoto\/2007\/02\/28\/stationnement-d\/#primaryimage\"},\"thumbnailUrl\":\"http:\/\/www.leblogmoto.com\/images\/gal1manif.jpg\",\"datePublished\":\"2007-02-28T19:08:23+00:00\",\"dateModified\":\"2012-07-11T14:33:39+00:00\",\"author\":{\"@id\":\"https:\/\/blogs.thesocialmedia.com\/leblogmoto\/#\/schema\/person\/769623f89741cc3381675029a37764f8\"},\"breadcrumb\":{\"@id\":\"https:\/\/blogs.thesocialmedia.com\/leblogmoto\/2007\/02\/28\/stationnement-d\/#breadcrumb\"},\"inLanguage\":\"fr-FR\",\"potentialAction\":[{\"@type\":\"ReadAction\",\"target\":[\"https:\/\/blogs.thesocialmedia.com\/leblogmoto\/2007\/02\/28\/stationnement-d\/\"]}]},{\"@type\":\"ImageObject\",\"inLanguage\":\"fr-FR\",\"@id\":\"https:\/\/blogs.thesocialmedia.com\/leblogmoto\/2007\/02\/28\/stationnement-d\/#primaryimage\",\"url\":\"http:\/\/www.leblogmoto.com\/images\/gal1manif.jpg\",\"contentUrl\":\"http:\/\/www.leblogmoto.com\/images\/gal1manif.jpg\"},{\"@type\":\"BreadcrumbList\",\"@id\":\"https:\/\/blogs.thesocialmedia.com\/leblogmoto\/2007\/02\/28\/stationnement-d\/#breadcrumb\",\"itemListElement\":[{\"@type\":\"ListItem\",\"position\":1,\"name\":\"Accueil\",\"item\":\"https:\/\/blogs.thesocialmedia.com\/leblogmoto\/\"},{\"@type\":\"ListItem\",\"position\":2,\"name\":\"Stationnement des 2 roues \u00e0 Paris\"}]},{\"@type\":\"WebSite\",\"@id\":\"https:\/\/blogs.thesocialmedia.com\/leblogmoto\/#website\",\"url\":\"https:\/\/blogs.thesocialmedia.com\/leblogmoto\/\",\"name\":\"leblogmoto\",\"description\":\"Toute l&#039;actualit\u00e9 des 2 roues\",\"potentialAction\":[{\"@type\":\"SearchAction\",\"target\":{\"@type\":\"EntryPoint\",\"urlTemplate\":\"https:\/\/blogs.thesocialmedia.com\/leblogmoto\/?s={search_term_string}\"},\"query-input\":{\"@type\":\"PropertyValueSpecification\",\"valueRequired\":true,\"valueName\":\"search_term_string\"}}],\"inLanguage\":\"fr-FR\"},{\"@type\":\"Person\",\"@id\":\"https:\/\/blogs.thesocialmedia.com\/leblogmoto\/#\/schema\/person\/769623f89741cc3381675029a37764f8\",\"name\":\"gregory boucaud\",\"image\":{\"@type\":\"ImageObject\",\"inLanguage\":\"fr-FR\",\"@id\":\"https:\/\/blogs.thesocialmedia.com\/leblogmoto\/#\/schema\/person\/image\/\",\"url\":\"https:\/\/secure.gravatar.com\/avatar\/?s=96&d=mm&r=g\",\"contentUrl\":\"https:\/\/secure.gravatar.com\/avatar\/?s=96&d=mm&r=g\",\"caption\":\"gregory boucaud\"},\"url\":\"https:\/\/blogs.thesocialmedia.com\/leblogmoto\/author\/gregory-boucaud\/\"}]}<\/script>\n<!-- \/ Yoast SEO plugin. -->","yoast_head_json":{"title":"Stationnement des 2 roues \u00e0 Paris - leblogmoto.com","robots":{"index":"index","follow":"follow","max-snippet":"max-snippet:-1","max-image-preview":"max-image-preview:large","max-video-preview":"max-video-preview:-1"},"canonical":"https:\/\/blogs.thesocialmedia.com\/leblogmoto\/2007\/02\/28\/stationnement-d\/","twitter_card":"summary_large_image","twitter_title":"Stationnement des 2 roues \u00e0 Paris - leblogmoto.com","twitter_description":"Ce samedi 24 f\u00e9vrier se sont rassembl\u00e9s un millier de motards et de maxi scooters pour protester contre les PV abusifs pour stationnement sur le trottoir. Ce cort\u00e8ge de deux roues partait de la Bastille \u00e0 14h pour se diriger vers le commissariat du 12\u00e8 arrondissement de Paris. &quot;On peut dire que le bilan global [&hellip;]","twitter_image":"http:\/\/www.leblogmoto.com\/images\/gal1manif.jpg","twitter_misc":{"\u00c9crit par":"gregory boucaud","Dur\u00e9e de lecture estim\u00e9e":"1 minute"},"schema":{"@context":"https:\/\/schema.org","@graph":[{"@type":"WebPage","@id":"https:\/\/blogs.thesocialmedia.com\/leblogmoto\/2007\/02\/28\/stationnement-d\/","url":"https:\/\/blogs.thesocialmedia.com\/leblogmoto\/2007\/02\/28\/stationnement-d\/","name":"Stationnement des 2 roues \u00e0 Paris - leblogmoto.com","isPartOf":{"@id":"https:\/\/blogs.thesocialmedia.com\/leblogmoto\/#website"},"primaryImageOfPage":{"@id":"https:\/\/blogs.thesocialmedia.com\/leblogmoto\/2007\/02\/28\/stationnement-d\/#primaryimage"},"image":{"@id":"https:\/\/blogs.thesocialmedia.com\/leblogmoto\/2007\/02\/28\/stationnement-d\/#primaryimage"},"thumbnailUrl":"http:\/\/www.leblogmoto.com\/images\/gal1manif.jpg","datePublished":"2007-02-28T19:08:23+00:00","dateModified":"2012-07-11T14:33:39+00:00","author":{"@id":"https:\/\/blogs.thesocialmedia.com\/leblogmoto\/#\/schema\/person\/769623f89741cc3381675029a37764f8"},"breadcrumb":{"@id":"https:\/\/blogs.thesocialmedia.com\/leblogmoto\/2007\/02\/28\/stationnement-d\/#breadcrumb"},"inLanguage":"fr-FR","potentialAction":[{"@type":"ReadAction","target":["https:\/\/blogs.thesocialmedia.com\/leblogmoto\/2007\/02\/28\/stationnement-d\/"]}]},{"@type":"ImageObject","inLanguage":"fr-FR","@id":"https:\/\/blogs.thesocialmedia.com\/leblogmoto\/2007\/02\/28\/stationnement-d\/#primaryimage","url":"http:\/\/www.leblogmoto.com\/images\/gal1manif.jpg","contentUrl":"http:\/\/www.leblogmoto.com\/images\/gal1manif.jpg"},{"@type":"BreadcrumbList","@id":"https:\/\/blogs.thesocialmedia.com\/leblogmoto\/2007\/02\/28\/stationnement-d\/#breadcrumb","itemListElement":[{"@type":"ListItem","position":1,"name":"Accueil","item":"https:\/\/blogs.thesocialmedia.com\/leblogmoto\/"},{"@type":"ListItem","position":2,"name":"Stationnement des 2 roues \u00e0 Paris"}]},{"@type":"WebSite","@id":"https:\/\/blogs.thesocialmedia.com\/leblogmoto\/#website","url":"https:\/\/blogs.thesocialmedia.com\/leblogmoto\/","name":"leblogmoto","description":"Toute l&#039;actualit\u00e9 des 2 roues","potentialAction":[{"@type":"SearchAction","target":{"@type":"EntryPoint","urlTemplate":"https:\/\/blogs.thesocialmedia.com\/leblogmoto\/?s={search_term_string}"},"query-input":{"@type":"PropertyValueSpecification","valueRequired":true,"valueName":"search_term_string"}}],"inLanguage":"fr-FR"},{"@type":"Person","@id":"https:\/\/blogs.thesocialmedia.com\/leblogmoto\/#\/schema\/person\/769623f89741cc3381675029a37764f8","name":"gregory boucaud","image":{"@type":"ImageObject","inLanguage":"fr-FR","@id":"https:\/\/blogs.thesocialmedia.com\/leblogmoto\/#\/schema\/person\/image\/","url":"https:\/\/secure.gravatar.com\/avatar\/?s=96&d=mm&r=g","contentUrl":"https:\/\/secure.gravatar.com\/avatar\/?s=96&d=mm&r=g","caption":"gregory boucaud"},"url":"https:\/\/blogs.thesocialmedia.com\/leblogmoto\/author\/gregory-boucaud\/"}]}},"_links":{"self":[{"href":"https:\/\/blogs.thesocialmedia.com\/leblogmoto\/wp-json\/wp\/v2\/posts\/1516","targetHints":{"allow":["GET"]}}],"collection":[{"href":"https:\/\/blogs.thesocialmedia.com\/leblogmoto\/wp-json\/wp\/v2\/posts"}],"about":[{"href":"https:\/\/blogs.thesocialmedia.com\/leblogmoto\/wp-json\/wp\/v2\/types\/post"}],"author":[{"embeddable":true,"href":"https:\/\/blogs.thesocialmedia.com\/leblogmoto\/wp-json\/wp\/v2\/users\/329"}],"replies":[{"embeddable":true,"href":"https:\/\/blogs.thesocialmedia.com\/leblogmoto\/wp-json\/wp\/v2\/comments?post=1516"}],"version-history":[{"count":2,"href":"https:\/\/blogs.thesocialmedia.com\/leblogmoto\/wp-json\/wp\/v2\/posts\/1516\/revisions"}],"predecessor-version":[{"id":8105,"href":"https:\/\/blogs.thesocialmedia.com\/leblogmoto\/wp-json\/wp\/v2\/posts\/1516\/revisions\/8105"}],"wp:attachment":[{"href":"https:\/\/blogs.thesocialmedia.com\/leblogmoto\/wp-json\/wp\/v2\/media?parent=1516"}],"wp:term":[{"taxonomy":"category","embeddable":true,"href":"https:\/\/blogs.thesocialmedia.com\/leblogmoto\/wp-json\/wp\/v2\/categories?post=1516"},{"taxonomy":"post_tag","embeddable":true,"href":"https:\/\/blogs.thesocialmedia.com\/leblogmoto\/wp-json\/wp\/v2\/tags?post=1516"}],"curies":[{"name":"wp","href":"https:\/\/api.w.org\/{rel}","templated":true}]}}