{"id":1517,"date":"2007-02-28T17:48:31","date_gmt":"2007-02-28T17:48:31","guid":{"rendered":"http:\/\/blogs.thesocialmedia.com\/leblogmoto\/2007\/02\/28\/journe-des-chem\/"},"modified":"2012-07-11T14:33:36","modified_gmt":"2012-07-11T14:33:36","slug":"journe-des-chem","status":"publish","type":"post","link":"https:\/\/blogs.thesocialmedia.com\/leblogmoto\/2007\/02\/28\/journe-des-chem\/","title":{"rendered":"Moto verte : exemples de proximit\u00e9"},"content":{"rendered":"<p><a href=\"http:\/\/blogs.thesocialmedia.com\/leblogmoto\/files\/2012\/07\/dscn6201_copie.jpg\"><img loading=\"lazy\" decoding=\"async\" width=\"250\" height=\"188\"  src=\"http:\/\/www.leblogmoto.com\/images\/dscn6201_copie.jpg\" alt=\"Dscn6201_copie\" style=\"margin: 0px 5px 5px 0px;float: left\" \/><\/a> Dans le billet de ce matin qui traitait de la <a href=\"http:\/\/www.leblogmoto.com\/2007\/02\/moto_verte_14me.html#more\">Journ\u00e9e des Chemins<\/a> organis\u00e9e par le <a href=\"http:\/\/www.codever.fr\/\">CODEVER<\/a> le 1er avril 2007, je citais en exemple les chemins communaux de la petite vall\u00e9e o\u00f9 je demeure. <br \/>Sur et autour de ces chemins, volontairement ferm\u00e9s \u00e0 la circulation motoris\u00e9e de loisirs pour des raisons &quot; \u00e9cologiques&quot;, de &quot;responsabilit\u00e9&quot; communale et\/ou&nbsp; simplement d\u2019appropriation ill\u00e9gale par des riverains, j\u2019ai recens\u00e9 3 d\u00e9charges sauvages r\u00e9centes. <\/p>\n<p><a href=\"http:\/\/clabedan.typepad.com\/.shared\/image.html?\/photos\/uncategorized\/dscn6202_copie.jpg\"><img loading=\"lazy\" decoding=\"async\" width=\"250\" height=\"333\"  src=\"http:\/\/www.leblogmoto.com\/images\/dscn6202_copie.jpg\" alt=\"Dscn6202_copie\" style=\"margin: 0px 5px 5px 0px;float: left\" \/><\/a> Il est triste de constater que des &quot;\u00e9cologistes&quot; provoquent indirectement l\u2019inverse de ce qu\u2019ils ont cherch\u00e9. Pire, l\u2019une des 3 d\u00e9charges est \u00ab institutionnelle \u00bb puisqu\u2019il s\u2019agit de bornes France T\u00e9l\u00e9com jet\u00e9es en pleine nature ! Cela d\u00e9passe les bornes&#8230;si l\u2019on peut dire&#8230;ce n\u2019est pas du biod\u00e9gradable, c\u2019est du biod\u00e9gueulasse !<\/p>\n<p>Autre exemple, ce chemin communal entrav\u00e9 par un c\u00e2ble et un panneau \u00ab d\u00e9fense d\u2019entrer \u00bb. Le riverain l\u2019aurait plac\u00e9 pour&nbsp; emp\u00eacher les ramasseurs de champignons de rafler les c\u00e8pes de son bois. Sauf que les victimes de cette interdiction parfaitement ill\u00e9gale sont <strong>TOUS<\/strong> les randonneurs motoris\u00e9s, \u00e9questres, voire p\u00e9destres puisque le \u00ab d\u00e9fense d\u2019entrer \u00bb fait croire que l\u2019on a \u00e0 faire \u00e0 une propri\u00e9t\u00e9 priv\u00e9e. Priv\u00e9e de quoi ? de libert\u00e9 surtout !<br \/> Troisi\u00e8me exemple <a href=\"http:\/\/www.leblogmoto.com\/2007\/01\/circulaire_olin.html#more\">les panneaux de la mairie<\/a> qui jalonnent les chemins de la vall\u00e9e. <br \/><a href=\"http:\/\/clabedan.typepad.com\/.shared\/image.html?\/photos\/uncategorized\/dscn6024.jpg\"><img loading=\"lazy\" decoding=\"async\" width=\"250\" height=\"333\"  src=\"http:\/\/www.leblogmoto.com\/images\/dscn6024.jpg\" alt=\"Dscn6024\" style=\"margin: 0px 5px 5px 0px;float: left\" \/><\/a> Leur conformit\u00e9 avec la l\u00e9gislation est plus que douteuse.<br \/>Ce ne sont que 3 exemples qui se trouvent \u00e0 un jet de pierre de mon habitation, et je suis loin d\u2019\u00eatre le seul dans ce cas. <br \/>En attendant des centaines de kilom\u00e8tres de chemins ruraux disparaissent chaque ann\u00e9e \u00e0 tout jamais. <\/p>\n<p> Est-ce cela que recherchent les \u00abd\u00e9fenseurs de la nature ? \u00bb.<\/p>\n","protected":false},"excerpt":{"rendered":"<p>Dans le billet de ce matin qui traitait de la Journ\u00e9e des Chemins organis\u00e9e par le CODEVER le 1er avril 2007, je citais en exemple les chemins communaux de la petite vall\u00e9e o\u00f9 je demeure. Sur et autour de ces chemins, volontairement ferm\u00e9s \u00e0 la circulation motoris\u00e9e de loisirs pour des raisons &quot; \u00e9cologiques&quot;, de [&hellip;]<\/p>\n","protected":false},"author":333,"featured_media":0,"comment_status":"open","ping_status":"open","sticky":false,"template":"","format":"standard","meta":{"footnotes":""},"categories":[3],"tags":[],"class_list":["post-1517","post","type-post","status-publish","format-standard","hentry","category-actualite"],"yoast_head":"<!-- This site is optimized with the Yoast SEO plugin v26.0 - https:\/\/yoast.com\/wordpress\/plugins\/seo\/ -->\n<title>Moto verte : exemples de proximit\u00e9 - leblogmoto.com<\/title>\n<meta name=\"robots\" content=\"index, follow, max-snippet:-1, max-image-preview:large, max-video-preview:-1\" \/>\n<link rel=\"canonical\" href=\"https:\/\/blogs.thesocialmedia.com\/leblogmoto\/2007\/02\/28\/journe-des-chem\/\" \/>\n<meta name=\"twitter:card\" content=\"summary_large_image\" \/>\n<meta name=\"twitter:title\" content=\"Moto verte : exemples de proximit\u00e9 - leblogmoto.com\" \/>\n<meta name=\"twitter:description\" content=\"Dans le billet de ce matin qui traitait de la Journ\u00e9e des Chemins organis\u00e9e par le CODEVER le 1er avril 2007, je citais en exemple les chemins communaux de la petite vall\u00e9e o\u00f9 je demeure. Sur et autour de ces chemins, volontairement ferm\u00e9s \u00e0 la circulation motoris\u00e9e de loisirs pour des raisons &quot; \u00e9cologiques&quot;, de [&hellip;]\" \/>\n<meta name=\"twitter:image\" content=\"http:\/\/www.leblogmoto.com\/images\/dscn6201_copie.jpg\" \/>\n<meta name=\"twitter:label1\" content=\"\u00c9crit par\" \/>\n\t<meta name=\"twitter:data1\" content=\"christian tirat\" \/>\n\t<meta name=\"twitter:label2\" content=\"Dur\u00e9e de lecture estim\u00e9e\" \/>\n\t<meta name=\"twitter:data2\" content=\"2 minutes\" \/>\n<script type=\"application\/ld+json\" class=\"yoast-schema-graph\">{\"@context\":\"https:\/\/schema.org\",\"@graph\":[{\"@type\":\"WebPage\",\"@id\":\"https:\/\/blogs.thesocialmedia.com\/leblogmoto\/2007\/02\/28\/journe-des-chem\/\",\"url\":\"https:\/\/blogs.thesocialmedia.com\/leblogmoto\/2007\/02\/28\/journe-des-chem\/\",\"name\":\"Moto verte : exemples de proximit\u00e9 - leblogmoto.com\",\"isPartOf\":{\"@id\":\"https:\/\/blogs.thesocialmedia.com\/leblogmoto\/#website\"},\"primaryImageOfPage\":{\"@id\":\"https:\/\/blogs.thesocialmedia.com\/leblogmoto\/2007\/02\/28\/journe-des-chem\/#primaryimage\"},\"image\":{\"@id\":\"https:\/\/blogs.thesocialmedia.com\/leblogmoto\/2007\/02\/28\/journe-des-chem\/#primaryimage\"},\"thumbnailUrl\":\"http:\/\/www.leblogmoto.com\/images\/dscn6201_copie.jpg\",\"datePublished\":\"2007-02-28T17:48:31+00:00\",\"dateModified\":\"2012-07-11T14:33:36+00:00\",\"author\":{\"@id\":\"https:\/\/blogs.thesocialmedia.com\/leblogmoto\/#\/schema\/person\/90b2f8fd0d5a2cede2580e95fc79c6c0\"},\"breadcrumb\":{\"@id\":\"https:\/\/blogs.thesocialmedia.com\/leblogmoto\/2007\/02\/28\/journe-des-chem\/#breadcrumb\"},\"inLanguage\":\"fr-FR\",\"potentialAction\":[{\"@type\":\"ReadAction\",\"target\":[\"https:\/\/blogs.thesocialmedia.com\/leblogmoto\/2007\/02\/28\/journe-des-chem\/\"]}]},{\"@type\":\"ImageObject\",\"inLanguage\":\"fr-FR\",\"@id\":\"https:\/\/blogs.thesocialmedia.com\/leblogmoto\/2007\/02\/28\/journe-des-chem\/#primaryimage\",\"url\":\"http:\/\/www.leblogmoto.com\/images\/dscn6201_copie.jpg\",\"contentUrl\":\"http:\/\/www.leblogmoto.com\/images\/dscn6201_copie.jpg\"},{\"@type\":\"BreadcrumbList\",\"@id\":\"https:\/\/blogs.thesocialmedia.com\/leblogmoto\/2007\/02\/28\/journe-des-chem\/#breadcrumb\",\"itemListElement\":[{\"@type\":\"ListItem\",\"position\":1,\"name\":\"Accueil\",\"item\":\"https:\/\/blogs.thesocialmedia.com\/leblogmoto\/\"},{\"@type\":\"ListItem\",\"position\":2,\"name\":\"Moto verte : exemples de proximit\u00e9\"}]},{\"@type\":\"WebSite\",\"@id\":\"https:\/\/blogs.thesocialmedia.com\/leblogmoto\/#website\",\"url\":\"https:\/\/blogs.thesocialmedia.com\/leblogmoto\/\",\"name\":\"leblogmoto\",\"description\":\"Toute l&#039;actualit\u00e9 des 2 roues\",\"potentialAction\":[{\"@type\":\"SearchAction\",\"target\":{\"@type\":\"EntryPoint\",\"urlTemplate\":\"https:\/\/blogs.thesocialmedia.com\/leblogmoto\/?s={search_term_string}\"},\"query-input\":{\"@type\":\"PropertyValueSpecification\",\"valueRequired\":true,\"valueName\":\"search_term_string\"}}],\"inLanguage\":\"fr-FR\"},{\"@type\":\"Person\",\"@id\":\"https:\/\/blogs.thesocialmedia.com\/leblogmoto\/#\/schema\/person\/90b2f8fd0d5a2cede2580e95fc79c6c0\",\"name\":\"christian tirat\",\"image\":{\"@type\":\"ImageObject\",\"inLanguage\":\"fr-FR\",\"@id\":\"https:\/\/blogs.thesocialmedia.com\/leblogmoto\/#\/schema\/person\/image\/\",\"url\":\"https:\/\/secure.gravatar.com\/avatar\/?s=96&d=mm&r=g\",\"contentUrl\":\"https:\/\/secure.gravatar.com\/avatar\/?s=96&d=mm&r=g\",\"caption\":\"christian tirat\"},\"url\":\"https:\/\/blogs.thesocialmedia.com\/leblogmoto\/author\/christian-tirat\/\"}]}<\/script>\n<!-- \/ Yoast SEO plugin. -->","yoast_head_json":{"title":"Moto verte : exemples de proximit\u00e9 - leblogmoto.com","robots":{"index":"index","follow":"follow","max-snippet":"max-snippet:-1","max-image-preview":"max-image-preview:large","max-video-preview":"max-video-preview:-1"},"canonical":"https:\/\/blogs.thesocialmedia.com\/leblogmoto\/2007\/02\/28\/journe-des-chem\/","twitter_card":"summary_large_image","twitter_title":"Moto verte : exemples de proximit\u00e9 - leblogmoto.com","twitter_description":"Dans le billet de ce matin qui traitait de la Journ\u00e9e des Chemins organis\u00e9e par le CODEVER le 1er avril 2007, je citais en exemple les chemins communaux de la petite vall\u00e9e o\u00f9 je demeure. Sur et autour de ces chemins, volontairement ferm\u00e9s \u00e0 la circulation motoris\u00e9e de loisirs pour des raisons &quot; \u00e9cologiques&quot;, de [&hellip;]","twitter_image":"http:\/\/www.leblogmoto.com\/images\/dscn6201_copie.jpg","twitter_misc":{"\u00c9crit par":"christian tirat","Dur\u00e9e de lecture estim\u00e9e":"2 minutes"},"schema":{"@context":"https:\/\/schema.org","@graph":[{"@type":"WebPage","@id":"https:\/\/blogs.thesocialmedia.com\/leblogmoto\/2007\/02\/28\/journe-des-chem\/","url":"https:\/\/blogs.thesocialmedia.com\/leblogmoto\/2007\/02\/28\/journe-des-chem\/","name":"Moto verte : exemples de proximit\u00e9 - leblogmoto.com","isPartOf":{"@id":"https:\/\/blogs.thesocialmedia.com\/leblogmoto\/#website"},"primaryImageOfPage":{"@id":"https:\/\/blogs.thesocialmedia.com\/leblogmoto\/2007\/02\/28\/journe-des-chem\/#primaryimage"},"image":{"@id":"https:\/\/blogs.thesocialmedia.com\/leblogmoto\/2007\/02\/28\/journe-des-chem\/#primaryimage"},"thumbnailUrl":"http:\/\/www.leblogmoto.com\/images\/dscn6201_copie.jpg","datePublished":"2007-02-28T17:48:31+00:00","dateModified":"2012-07-11T14:33:36+00:00","author":{"@id":"https:\/\/blogs.thesocialmedia.com\/leblogmoto\/#\/schema\/person\/90b2f8fd0d5a2cede2580e95fc79c6c0"},"breadcrumb":{"@id":"https:\/\/blogs.thesocialmedia.com\/leblogmoto\/2007\/02\/28\/journe-des-chem\/#breadcrumb"},"inLanguage":"fr-FR","potentialAction":[{"@type":"ReadAction","target":["https:\/\/blogs.thesocialmedia.com\/leblogmoto\/2007\/02\/28\/journe-des-chem\/"]}]},{"@type":"ImageObject","inLanguage":"fr-FR","@id":"https:\/\/blogs.thesocialmedia.com\/leblogmoto\/2007\/02\/28\/journe-des-chem\/#primaryimage","url":"http:\/\/www.leblogmoto.com\/images\/dscn6201_copie.jpg","contentUrl":"http:\/\/www.leblogmoto.com\/images\/dscn6201_copie.jpg"},{"@type":"BreadcrumbList","@id":"https:\/\/blogs.thesocialmedia.com\/leblogmoto\/2007\/02\/28\/journe-des-chem\/#breadcrumb","itemListElement":[{"@type":"ListItem","position":1,"name":"Accueil","item":"https:\/\/blogs.thesocialmedia.com\/leblogmoto\/"},{"@type":"ListItem","position":2,"name":"Moto verte : exemples de proximit\u00e9"}]},{"@type":"WebSite","@id":"https:\/\/blogs.thesocialmedia.com\/leblogmoto\/#website","url":"https:\/\/blogs.thesocialmedia.com\/leblogmoto\/","name":"leblogmoto","description":"Toute l&#039;actualit\u00e9 des 2 roues","potentialAction":[{"@type":"SearchAction","target":{"@type":"EntryPoint","urlTemplate":"https:\/\/blogs.thesocialmedia.com\/leblogmoto\/?s={search_term_string}"},"query-input":{"@type":"PropertyValueSpecification","valueRequired":true,"valueName":"search_term_string"}}],"inLanguage":"fr-FR"},{"@type":"Person","@id":"https:\/\/blogs.thesocialmedia.com\/leblogmoto\/#\/schema\/person\/90b2f8fd0d5a2cede2580e95fc79c6c0","name":"christian tirat","image":{"@type":"ImageObject","inLanguage":"fr-FR","@id":"https:\/\/blogs.thesocialmedia.com\/leblogmoto\/#\/schema\/person\/image\/","url":"https:\/\/secure.gravatar.com\/avatar\/?s=96&d=mm&r=g","contentUrl":"https:\/\/secure.gravatar.com\/avatar\/?s=96&d=mm&r=g","caption":"christian tirat"},"url":"https:\/\/blogs.thesocialmedia.com\/leblogmoto\/author\/christian-tirat\/"}]}},"_links":{"self":[{"href":"https:\/\/blogs.thesocialmedia.com\/leblogmoto\/wp-json\/wp\/v2\/posts\/1517","targetHints":{"allow":["GET"]}}],"collection":[{"href":"https:\/\/blogs.thesocialmedia.com\/leblogmoto\/wp-json\/wp\/v2\/posts"}],"about":[{"href":"https:\/\/blogs.thesocialmedia.com\/leblogmoto\/wp-json\/wp\/v2\/types\/post"}],"author":[{"embeddable":true,"href":"https:\/\/blogs.thesocialmedia.com\/leblogmoto\/wp-json\/wp\/v2\/users\/333"}],"replies":[{"embeddable":true,"href":"https:\/\/blogs.thesocialmedia.com\/leblogmoto\/wp-json\/wp\/v2\/comments?post=1517"}],"version-history":[{"count":2,"href":"https:\/\/blogs.thesocialmedia.com\/leblogmoto\/wp-json\/wp\/v2\/posts\/1517\/revisions"}],"predecessor-version":[{"id":8103,"href":"https:\/\/blogs.thesocialmedia.com\/leblogmoto\/wp-json\/wp\/v2\/posts\/1517\/revisions\/8103"}],"wp:attachment":[{"href":"https:\/\/blogs.thesocialmedia.com\/leblogmoto\/wp-json\/wp\/v2\/media?parent=1517"}],"wp:term":[{"taxonomy":"category","embeddable":true,"href":"https:\/\/blogs.thesocialmedia.com\/leblogmoto\/wp-json\/wp\/v2\/categories?post=1517"},{"taxonomy":"post_tag","embeddable":true,"href":"https:\/\/blogs.thesocialmedia.com\/leblogmoto\/wp-json\/wp\/v2\/tags?post=1517"}],"curies":[{"name":"wp","href":"https:\/\/api.w.org\/{rel}","templated":true}]}}