{"id":152,"date":"2009-05-11T02:23:44","date_gmt":"2009-05-11T02:23:44","guid":{"rendered":"http:\/\/blogs.thesocialmedia.com\/leblogmoto\/2009\/05\/11\/238-kmh-sur-glace-pour-une-buell-1125r-au-protoxyde-dazote\/"},"modified":"2012-07-11T17:25:23","modified_gmt":"2012-07-11T17:25:23","slug":"238-kmh-sur-glace-pour-une-buell-1125r-au-protoxyde-dazote","status":"publish","type":"post","link":"https:\/\/blogs.thesocialmedia.com\/leblogmoto\/2009\/05\/11\/238-kmh-sur-glace-pour-une-buell-1125r-au-protoxyde-dazote\/","title":{"rendered":"238 km\/h sur glace pour une Buell 1125R au protoxyde d&rsquo;azote"},"content":{"rendered":"<p><a href=\"http:\/\/blogs.thesocialmedia.com\/leblogmoto\/files\/2012\/07\/6a00d83451b18369e201156f874802970c-pi.jpg\"><img decoding=\"async\" alt=\"Buell Ice\" class=\"at-xid-6a00d83451b18369e201156f874802970c \" src=\"http:\/\/blogs.thesocialmedia.com\/leblogmoto\/files\/2012\/07\/6a00d83451b18369e201156f874802970c-500wi.jpg\"><\/a> <br \/>Le stunter am\u00e9ricain Craig Jones a \u00e9t\u00e9 mis \u00e0 contribution par la firme <a href=\"http:\/\/blogs.thesocialmedia.com\/leblogmoto\/files\/2012\/07\/index.html_67.png\" target=\"_blank\">Buell<\/a> sur le lac gel\u00e9 de Dellen en Su\u00e8de pour faire un peu de publicit\u00e9 \u00e0 la Buell 1125R en \u00e9tablissant un nouveau record de vitesse moto sur la glace&#8230;<\/p>\n<p><a href=\"http:\/\/clabedan.typepad.com\/.a\/6a00d83451b18369e20115707d152e970b-pi\"><img decoding=\"async\" alt=\"Buell Ice 01\" class=\"at-xid-6a00d83451b18369e20115707d152e970b \" src=\"http:\/\/blogs.thesocialmedia.com\/leblogmoto\/files\/2012\/07\/6a00d83451b18369e20115707d152e970b-500wi.jpg\"><\/a>  <\/p>\n<p>Pneus \u00e0 clous de 15 mm \u00e0 l&rsquo;avant et de 20 mm \u00e0 l&rsquo;arri\u00e8re mais surtout un kit injection au protoxyde d&rsquo;azote dont la mission est de donner une cinquantaine de cv suppl\u00e9mentaires au bicylindre Rotax.<\/p>\n<p><object width=\"560\" height=\"340\"><param name=\"movie\" value=\"http:\/\/www.youtube.com\/v\/5AOPhpIfNic&amp;hl=en&amp;fs=1\"><param name=\"allowFullScreen\" value=\"true\"><param name=\"allowscriptaccess\" value=\"always\"><embed src=\"http:\/\/www.youtube.com\/v\/5AOPhpIfNic&amp;hl=en&amp;fs=1\" type=\"application\/x-shockwave-flash\" width=\"500\" height=\"340\"><\/object> <object width=\"560\" height=\"340\"><param name=\"movie\" value=\"http:\/\/www.youtube.com\/v\/iX9_fu2oaFo&amp;hl=en&amp;fs=1\"><param name=\"allowFullScreen\" value=\"true\"><param name=\"allowscriptaccess\" value=\"always\"><embed src=\"http:\/\/www.youtube.com\/v\/iX9_fu2oaFo&amp;hl=en&amp;fs=1\" type=\"application\/x-shockwave-flash\" width=\"500\" height=\"340\"><\/object> <\/p>\n<p><object width=\"560\" height=\"340\"><param name=\"movie\" value=\"http:\/\/www.youtube.com\/v\/AxSeS0r2Si4&amp;hl=en&amp;fs=1\"><param name=\"allowFullScreen\" value=\"true\"><param name=\"allowscriptaccess\" value=\"always\"><embed src=\"http:\/\/www.youtube.com\/v\/AxSeS0r2Si4&amp;hl=en&amp;fs=1\" type=\"application\/x-shockwave-flash\" width=\"500\" height=\"340\"><\/object><\/p>\n<\/p>\n<p>Retrouvez toutes les photos sur le site officiel r\u00e9alis\u00e9 pour l&rsquo;exploit <a href=\"http:\/\/www.buell.com\/extreme\" target=\"_blank\">http:\/\/www.buell.com\/extreme<\/a><\/p>\n","protected":false},"excerpt":{"rendered":"<p>Le stunter am\u00e9ricain Craig Jones a \u00e9t\u00e9 mis \u00e0 contribution par la firme Buell sur le lac gel\u00e9 de Dellen en Su\u00e8de pour faire un peu de publicit\u00e9 \u00e0 la Buell 1125R en \u00e9tablissant un nouveau record de vitesse moto sur la glace&#8230; Pneus \u00e0 clous de 15 mm \u00e0 l&rsquo;avant et de 20 mm [&hellip;]<\/p>\n","protected":false},"author":323,"featured_media":13533,"comment_status":"open","ping_status":"open","sticky":false,"template":"","format":"standard","meta":{"footnotes":""},"categories":[47,65,12],"tags":[],"class_list":["post-152","post","type-post","status-publish","format-standard","has-post-thumbnail","hentry","category-buell","category-stunt","category-videos"],"yoast_head":"<!-- This site is optimized with the Yoast SEO plugin v26.0 - https:\/\/yoast.com\/wordpress\/plugins\/seo\/ -->\n<title>238 km\/h sur glace pour une Buell 1125R au protoxyde d&#039;azote - leblogmoto.com<\/title>\n<meta name=\"robots\" content=\"index, follow, max-snippet:-1, max-image-preview:large, max-video-preview:-1\" \/>\n<link rel=\"canonical\" href=\"https:\/\/blogs.thesocialmedia.com\/leblogmoto\/2009\/05\/11\/238-kmh-sur-glace-pour-une-buell-1125r-au-protoxyde-dazote\/\" \/>\n<meta name=\"twitter:card\" content=\"summary_large_image\" \/>\n<meta name=\"twitter:title\" content=\"238 km\/h sur glace pour une Buell 1125R au protoxyde d&#039;azote - leblogmoto.com\" \/>\n<meta name=\"twitter:description\" content=\"Le stunter am\u00e9ricain Craig Jones a \u00e9t\u00e9 mis \u00e0 contribution par la firme Buell sur le lac gel\u00e9 de Dellen en Su\u00e8de pour faire un peu de publicit\u00e9 \u00e0 la Buell 1125R en \u00e9tablissant un nouveau record de vitesse moto sur la glace&#8230; Pneus \u00e0 clous de 15 mm \u00e0 l&rsquo;avant et de 20 mm [&hellip;]\" \/>\n<meta name=\"twitter:image\" content=\"https:\/\/blogs.thesocialmedia.com\/leblogmoto\/files\/2012\/07\/6a00d83451b18369e201156f874802970c-500wi.jpg\" \/>\n<meta name=\"twitter:label1\" content=\"\u00c9crit par\" \/>\n\t<meta name=\"twitter:data1\" content=\"albin le guyader\" \/>\n<script type=\"application\/ld+json\" class=\"yoast-schema-graph\">{\"@context\":\"https:\/\/schema.org\",\"@graph\":[{\"@type\":\"WebPage\",\"@id\":\"https:\/\/blogs.thesocialmedia.com\/leblogmoto\/2009\/05\/11\/238-kmh-sur-glace-pour-une-buell-1125r-au-protoxyde-dazote\/\",\"url\":\"https:\/\/blogs.thesocialmedia.com\/leblogmoto\/2009\/05\/11\/238-kmh-sur-glace-pour-une-buell-1125r-au-protoxyde-dazote\/\",\"name\":\"238 km\/h sur glace pour une Buell 1125R au protoxyde d'azote - leblogmoto.com\",\"isPartOf\":{\"@id\":\"https:\/\/blogs.thesocialmedia.com\/leblogmoto\/#website\"},\"primaryImageOfPage\":{\"@id\":\"https:\/\/blogs.thesocialmedia.com\/leblogmoto\/2009\/05\/11\/238-kmh-sur-glace-pour-une-buell-1125r-au-protoxyde-dazote\/#primaryimage\"},\"image\":{\"@id\":\"https:\/\/blogs.thesocialmedia.com\/leblogmoto\/2009\/05\/11\/238-kmh-sur-glace-pour-une-buell-1125r-au-protoxyde-dazote\/#primaryimage\"},\"thumbnailUrl\":\"https:\/\/blogs.thesocialmedia.com\/leblogmoto\/files\/2012\/07\/6a00d83451b18369e201156f874802970c-500wi.jpg\",\"datePublished\":\"2009-05-11T02:23:44+00:00\",\"dateModified\":\"2012-07-11T17:25:23+00:00\",\"author\":{\"@id\":\"https:\/\/blogs.thesocialmedia.com\/leblogmoto\/#\/schema\/person\/b496d27c898c29a39678e2425cafb9ae\"},\"breadcrumb\":{\"@id\":\"https:\/\/blogs.thesocialmedia.com\/leblogmoto\/2009\/05\/11\/238-kmh-sur-glace-pour-une-buell-1125r-au-protoxyde-dazote\/#breadcrumb\"},\"inLanguage\":\"fr-FR\",\"potentialAction\":[{\"@type\":\"ReadAction\",\"target\":[\"https:\/\/blogs.thesocialmedia.com\/leblogmoto\/2009\/05\/11\/238-kmh-sur-glace-pour-une-buell-1125r-au-protoxyde-dazote\/\"]}]},{\"@type\":\"ImageObject\",\"inLanguage\":\"fr-FR\",\"@id\":\"https:\/\/blogs.thesocialmedia.com\/leblogmoto\/2009\/05\/11\/238-kmh-sur-glace-pour-une-buell-1125r-au-protoxyde-dazote\/#primaryimage\",\"url\":\"https:\/\/blogs.thesocialmedia.com\/leblogmoto\/files\/2012\/07\/6a00d83451b18369e201156f874802970c-500wi.jpg\",\"contentUrl\":\"https:\/\/blogs.thesocialmedia.com\/leblogmoto\/files\/2012\/07\/6a00d83451b18369e201156f874802970c-500wi.jpg\",\"width\":\"500\",\"height\":\"375\"},{\"@type\":\"BreadcrumbList\",\"@id\":\"https:\/\/blogs.thesocialmedia.com\/leblogmoto\/2009\/05\/11\/238-kmh-sur-glace-pour-une-buell-1125r-au-protoxyde-dazote\/#breadcrumb\",\"itemListElement\":[{\"@type\":\"ListItem\",\"position\":1,\"name\":\"Accueil\",\"item\":\"https:\/\/blogs.thesocialmedia.com\/leblogmoto\/\"},{\"@type\":\"ListItem\",\"position\":2,\"name\":\"238 km\/h sur glace pour une Buell 1125R au protoxyde d&rsquo;azote\"}]},{\"@type\":\"WebSite\",\"@id\":\"https:\/\/blogs.thesocialmedia.com\/leblogmoto\/#website\",\"url\":\"https:\/\/blogs.thesocialmedia.com\/leblogmoto\/\",\"name\":\"leblogmoto\",\"description\":\"Toute l&#039;actualit\u00e9 des 2 roues\",\"potentialAction\":[{\"@type\":\"SearchAction\",\"target\":{\"@type\":\"EntryPoint\",\"urlTemplate\":\"https:\/\/blogs.thesocialmedia.com\/leblogmoto\/?s={search_term_string}\"},\"query-input\":{\"@type\":\"PropertyValueSpecification\",\"valueRequired\":true,\"valueName\":\"search_term_string\"}}],\"inLanguage\":\"fr-FR\"},{\"@type\":\"Person\",\"@id\":\"https:\/\/blogs.thesocialmedia.com\/leblogmoto\/#\/schema\/person\/b496d27c898c29a39678e2425cafb9ae\",\"name\":\"albin le guyader\",\"image\":{\"@type\":\"ImageObject\",\"inLanguage\":\"fr-FR\",\"@id\":\"https:\/\/blogs.thesocialmedia.com\/leblogmoto\/#\/schema\/person\/image\/\",\"url\":\"https:\/\/secure.gravatar.com\/avatar\/?s=96&d=mm&r=g\",\"contentUrl\":\"https:\/\/secure.gravatar.com\/avatar\/?s=96&d=mm&r=g\",\"caption\":\"albin le guyader\"},\"url\":\"https:\/\/blogs.thesocialmedia.com\/leblogmoto\/author\/albin-le-guyader\/\"}]}<\/script>\n<!-- \/ Yoast SEO plugin. -->","yoast_head_json":{"title":"238 km\/h sur glace pour une Buell 1125R au protoxyde d'azote - leblogmoto.com","robots":{"index":"index","follow":"follow","max-snippet":"max-snippet:-1","max-image-preview":"max-image-preview:large","max-video-preview":"max-video-preview:-1"},"canonical":"https:\/\/blogs.thesocialmedia.com\/leblogmoto\/2009\/05\/11\/238-kmh-sur-glace-pour-une-buell-1125r-au-protoxyde-dazote\/","twitter_card":"summary_large_image","twitter_title":"238 km\/h sur glace pour une Buell 1125R au protoxyde d'azote - leblogmoto.com","twitter_description":"Le stunter am\u00e9ricain Craig Jones a \u00e9t\u00e9 mis \u00e0 contribution par la firme Buell sur le lac gel\u00e9 de Dellen en Su\u00e8de pour faire un peu de publicit\u00e9 \u00e0 la Buell 1125R en \u00e9tablissant un nouveau record de vitesse moto sur la glace&#8230; Pneus \u00e0 clous de 15 mm \u00e0 l&rsquo;avant et de 20 mm [&hellip;]","twitter_image":"https:\/\/blogs.thesocialmedia.com\/leblogmoto\/files\/2012\/07\/6a00d83451b18369e201156f874802970c-500wi.jpg","twitter_misc":{"\u00c9crit par":"albin le guyader"},"schema":{"@context":"https:\/\/schema.org","@graph":[{"@type":"WebPage","@id":"https:\/\/blogs.thesocialmedia.com\/leblogmoto\/2009\/05\/11\/238-kmh-sur-glace-pour-une-buell-1125r-au-protoxyde-dazote\/","url":"https:\/\/blogs.thesocialmedia.com\/leblogmoto\/2009\/05\/11\/238-kmh-sur-glace-pour-une-buell-1125r-au-protoxyde-dazote\/","name":"238 km\/h sur glace pour une Buell 1125R au protoxyde d'azote - leblogmoto.com","isPartOf":{"@id":"https:\/\/blogs.thesocialmedia.com\/leblogmoto\/#website"},"primaryImageOfPage":{"@id":"https:\/\/blogs.thesocialmedia.com\/leblogmoto\/2009\/05\/11\/238-kmh-sur-glace-pour-une-buell-1125r-au-protoxyde-dazote\/#primaryimage"},"image":{"@id":"https:\/\/blogs.thesocialmedia.com\/leblogmoto\/2009\/05\/11\/238-kmh-sur-glace-pour-une-buell-1125r-au-protoxyde-dazote\/#primaryimage"},"thumbnailUrl":"https:\/\/blogs.thesocialmedia.com\/leblogmoto\/files\/2012\/07\/6a00d83451b18369e201156f874802970c-500wi.jpg","datePublished":"2009-05-11T02:23:44+00:00","dateModified":"2012-07-11T17:25:23+00:00","author":{"@id":"https:\/\/blogs.thesocialmedia.com\/leblogmoto\/#\/schema\/person\/b496d27c898c29a39678e2425cafb9ae"},"breadcrumb":{"@id":"https:\/\/blogs.thesocialmedia.com\/leblogmoto\/2009\/05\/11\/238-kmh-sur-glace-pour-une-buell-1125r-au-protoxyde-dazote\/#breadcrumb"},"inLanguage":"fr-FR","potentialAction":[{"@type":"ReadAction","target":["https:\/\/blogs.thesocialmedia.com\/leblogmoto\/2009\/05\/11\/238-kmh-sur-glace-pour-une-buell-1125r-au-protoxyde-dazote\/"]}]},{"@type":"ImageObject","inLanguage":"fr-FR","@id":"https:\/\/blogs.thesocialmedia.com\/leblogmoto\/2009\/05\/11\/238-kmh-sur-glace-pour-une-buell-1125r-au-protoxyde-dazote\/#primaryimage","url":"https:\/\/blogs.thesocialmedia.com\/leblogmoto\/files\/2012\/07\/6a00d83451b18369e201156f874802970c-500wi.jpg","contentUrl":"https:\/\/blogs.thesocialmedia.com\/leblogmoto\/files\/2012\/07\/6a00d83451b18369e201156f874802970c-500wi.jpg","width":"500","height":"375"},{"@type":"BreadcrumbList","@id":"https:\/\/blogs.thesocialmedia.com\/leblogmoto\/2009\/05\/11\/238-kmh-sur-glace-pour-une-buell-1125r-au-protoxyde-dazote\/#breadcrumb","itemListElement":[{"@type":"ListItem","position":1,"name":"Accueil","item":"https:\/\/blogs.thesocialmedia.com\/leblogmoto\/"},{"@type":"ListItem","position":2,"name":"238 km\/h sur glace pour une Buell 1125R au protoxyde d&rsquo;azote"}]},{"@type":"WebSite","@id":"https:\/\/blogs.thesocialmedia.com\/leblogmoto\/#website","url":"https:\/\/blogs.thesocialmedia.com\/leblogmoto\/","name":"leblogmoto","description":"Toute l&#039;actualit\u00e9 des 2 roues","potentialAction":[{"@type":"SearchAction","target":{"@type":"EntryPoint","urlTemplate":"https:\/\/blogs.thesocialmedia.com\/leblogmoto\/?s={search_term_string}"},"query-input":{"@type":"PropertyValueSpecification","valueRequired":true,"valueName":"search_term_string"}}],"inLanguage":"fr-FR"},{"@type":"Person","@id":"https:\/\/blogs.thesocialmedia.com\/leblogmoto\/#\/schema\/person\/b496d27c898c29a39678e2425cafb9ae","name":"albin le guyader","image":{"@type":"ImageObject","inLanguage":"fr-FR","@id":"https:\/\/blogs.thesocialmedia.com\/leblogmoto\/#\/schema\/person\/image\/","url":"https:\/\/secure.gravatar.com\/avatar\/?s=96&d=mm&r=g","contentUrl":"https:\/\/secure.gravatar.com\/avatar\/?s=96&d=mm&r=g","caption":"albin le guyader"},"url":"https:\/\/blogs.thesocialmedia.com\/leblogmoto\/author\/albin-le-guyader\/"}]}},"_links":{"self":[{"href":"https:\/\/blogs.thesocialmedia.com\/leblogmoto\/wp-json\/wp\/v2\/posts\/152","targetHints":{"allow":["GET"]}}],"collection":[{"href":"https:\/\/blogs.thesocialmedia.com\/leblogmoto\/wp-json\/wp\/v2\/posts"}],"about":[{"href":"https:\/\/blogs.thesocialmedia.com\/leblogmoto\/wp-json\/wp\/v2\/types\/post"}],"author":[{"embeddable":true,"href":"https:\/\/blogs.thesocialmedia.com\/leblogmoto\/wp-json\/wp\/v2\/users\/323"}],"replies":[{"embeddable":true,"href":"https:\/\/blogs.thesocialmedia.com\/leblogmoto\/wp-json\/wp\/v2\/comments?post=152"}],"version-history":[{"count":2,"href":"https:\/\/blogs.thesocialmedia.com\/leblogmoto\/wp-json\/wp\/v2\/posts\/152\/revisions"}],"predecessor-version":[{"id":13536,"href":"https:\/\/blogs.thesocialmedia.com\/leblogmoto\/wp-json\/wp\/v2\/posts\/152\/revisions\/13536"}],"wp:featuredmedia":[{"embeddable":true,"href":"https:\/\/blogs.thesocialmedia.com\/leblogmoto\/wp-json\/wp\/v2\/media\/13533"}],"wp:attachment":[{"href":"https:\/\/blogs.thesocialmedia.com\/leblogmoto\/wp-json\/wp\/v2\/media?parent=152"}],"wp:term":[{"taxonomy":"category","embeddable":true,"href":"https:\/\/blogs.thesocialmedia.com\/leblogmoto\/wp-json\/wp\/v2\/categories?post=152"},{"taxonomy":"post_tag","embeddable":true,"href":"https:\/\/blogs.thesocialmedia.com\/leblogmoto\/wp-json\/wp\/v2\/tags?post=152"}],"curies":[{"name":"wp","href":"https:\/\/api.w.org\/{rel}","templated":true}]}}