{"id":1520,"date":"2007-02-26T20:32:45","date_gmt":"2007-02-26T20:32:45","guid":{"rendered":"http:\/\/blogs.thesocialmedia.com\/leblogmoto\/2007\/02\/26\/mx-coppins-lami\/"},"modified":"2012-07-11T14:33:22","modified_gmt":"2012-07-11T14:33:22","slug":"mx-coppins-lami","status":"publish","type":"post","link":"https:\/\/blogs.thesocialmedia.com\/leblogmoto\/2007\/02\/26\/mx-coppins-lami\/","title":{"rendered":"MX: Coppins d&rsquo;abord !"},"content":{"rendered":"<p><a href=\"http:\/\/blogs.thesocialmedia.com\/leblogmoto\/files\/2012\/07\/0702251937coppins.jpg\"><img loading=\"lazy\" decoding=\"async\" width=\"250\" height=\"167\"  alt=\"0702251937coppins\" src=\"http:\/\/www.leblogmoto.com\/images\/0702251937coppins.jpg\" style=\"margin: 0px 5px 5px 0px;float: left\" \/><\/a> C\u2019est un soleil printanier qui a inond\u00e9 le premier Motocross Inter de l\u2019ann\u00e9e \u00e0 <a href=\"http:\/\/www.leblogmoto.com\/2007\/02\/mx_joshua_coppi.html#more\">Valence<\/a>. Autant dire que les conditions m\u00e9t\u00e9o conjugu\u00e9es \u00e0 la qualit\u00e9 exceptionnelle du plateau r\u00e9unissaient tous les ingr\u00e9dients d\u2019une \u00e9preuve r\u00e9ussie. Seul <a href=\"http:\/\/chris-pourcel-33.skyblog.com\/\">Christophe Pourcel<\/a> manquait \u00e0 l\u2019appel. Pas encore remis de sa fracture du tibia, l\u2019officiel Kawasaki se d\u00e9place toujours avec des b\u00e9quilles mais il devrait reprendre l\u2019entra\u00eenement d\u00e9but mars. Il \u00e9tait cependant au bord de la piste pour encourager son fr\u00e8re S\u00e9bastien.<\/p>\n<p><a href=\"http:\/\/clabedan.typepad.com\/.shared\/image.html?\/photos\/uncategorized\/thb_valenceaubin.jpg\"><img loading=\"lazy\" decoding=\"async\" width=\"250\" height=\"377\"  alt=\"Thb_valenceaubin\" src=\"http:\/\/www.leblogmoto.com\/images\/thb_valenceaubin.jpg\" style=\"margin: 0px 5px 5px 0px;float: left\" \/><\/a>L\u2019\u00e9preuve s\u2019est d\u00e9roul\u00e9e dans une v\u00e9ritable atmosph\u00e8re de GP car la majorit\u00e9 des teams officiels avait align\u00e9 leurs structures des grands jours.<\/p>\n<p> Comme pour le Cross des Nations, le circuit Dr\u00f4mois r\u00e9unissait MX1 et MX2, un ingr\u00e9dient de plus pour garantir des courses disput\u00e9es et spectaculaires.<\/p>\n<p> Apr\u00e8s avoir sign\u00e9 le meilleur temps de la premi\u00e8re s\u00e9ance d\u2019essais libres, la premi\u00e8re manche de Valence a encore \u00e9t\u00e9 domin\u00e9e par l\u2019\u00e9toile montante allemande, <a href=\"http:\/\/www.heinzler.org\/domains\/nagl\/\">Maximilian Nagl<\/a> (450 KTM) qui passe tout juste en MX1. Il avait d\u00e9j\u00e0 enlev\u00e9, \u00e0 la surprise g\u00e9n\u00e9rale, le cross italien de Mantova il y \u00e0 15 jours. Vingt secondes derri\u00e8re lui suivait Billy Mackenzie (Kawasaki) <a href=\"http:\/\/www.joshcoppins.com\/\">Joshua Coppins<\/a> (Yamaha) qui souffla la troisi\u00e8me marche du podium \u00e0 David Philippaerts (KTM). Du c\u00f4t\u00e9 des fran\u00e7ais, Nicolas Aubin (Yamaha) arrive en 6\u00e8me position tendis que S\u00e9bastien Pourcel (Kawasaki) se place 10\u00e8me de cette premi\u00e8re manche. Le premier pilote MX2, Tyla Rattray est onzi\u00e8me.<\/p>\n<p><a href=\"http:\/\/clabedan.typepad.com\/.shared\/image.html?\/photos\/uncategorized\/valenceheatonecoppinsst.jpg\"><img loading=\"lazy\" decoding=\"async\" width=\"250\" height=\"166\"  alt=\"Valenceheatonecoppinsst\" src=\"http:\/\/www.leblogmoto.com\/images\/valenceheatonecoppinsst.jpg\" style=\"margin: 0px 5px 5px 0px;float: left\" \/><\/a> Beau spectacle pour la seconde manche. David Philippaerts titulaire du &quot;holeshot&quot; n\u2019a pas c\u00e9d\u00e9 sa place malgr\u00e9 la poursuite acharn\u00e9e de deux l\u00e9vriers enrag\u00e9s : <a href=\"http:\/\/www.joshcoppins.com\/\">Josshua Coppins<\/a> et Strijbos junior qui finit par l\u2019emporter sur Coppins \u00e0 moins d\u2019une seconde du leader. Renet, <a href=\"http:\/\/www.heinzler.org\/domains\/nagl\/\">Nagl<\/a>, Rattray, Bill, Boissi\u00e8re, Allier et Frossard ferment la marche des \u00ab top ten \u00bb. Ces pilotes avaient \u00e9chapp\u00e9 au dur accrochage entre De Reuver et Leok (qui doit abandonner \u00e9paule en vrac) tout comme Barragan qui s&rsquo;est fait mal au pied.<\/p>\n<p> Pendant la 3\u00e8me manche <a href=\"http:\/\/www.joshcoppins.com\/\">Joshua Coppins<\/a> revanchard ne l\u00e2cha pas David Philippaerts d\u2019une t\u00e9tine et il finit par l\u2019emporter. Les deux pilotes ayant fini la journ\u00e9e ex \u00e6quo, la r\u00e8gle des GP a tranch\u00e9: Coppins \u00e9tait d\u00e9clar\u00e9 vainqueur puisque qu\u2019il \u00e9tait l\u2019auteur de la meilleure performance en derni\u00e8re manche devant Philippaerts et Strijbos. Coppins devient du m\u00eame coup l\u2019homme \u00e0 battre de la cat\u00e9gorie. Dommage pour Renet qui a crev\u00e9 sur cette derni\u00e8re manche alors qu&rsquo;il \u00e9tait quatri\u00e8me dans le sillage du trio Philippaerts, <a href=\"http:\/\/www.joshcoppins.com\/\">Coppins<\/a> et Strijbos. Max Nagl obtient la 3\u00e8me place du g\u00e9n\u00e9ral, o\u00f9 l\u2019on trouve derri\u00e8re Coppins, Philippaerts et <a href=\"http:\/\/www.heinzler.org\/domains\/nagl\/\">Nagl<\/a>. Strijbos rate le podium apr\u00e8s une premi\u00e8re manche r\u00e2t\u00e9e. Rattray qui a termin\u00e9 dans le top 6 de 2 manches est le premier pilote MX2. <\/p>\n<p><strong> Classement g\u00e9n\u00e9ral Inter: <\/strong><br \/> 1.Coppins (NZL, 450 Yamaha), 3\/3\/1 <br \/> 2.Philippaerts (ITA, 450 KTM), 4\/1\/2 <br \/> 3.Nagl (RFA, 450 KTM), 1\/5\/4); <br \/> 4.Strijbos (BEL, 450 Suzuki), 6\/2\/3 <br \/> 5.Rattray (AFS, 250 KTM), 11\/6\/5 <br \/> 6.Mackenzie (GBR, 450 Kawasaki), 2\/0\/10 <br \/> 7.Pourcel (FRA, 450 Kawasaki), 10\/14\/8 <br \/> 8.Bill (CH, 450 Kawasaki), 0\/7\/6<br \/> 9.Aubin (FRA, 450 Yamaha), 7\/0\/7 <br \/> 10.Pierre Alexandre Renet (FRA, 450 Honda NGS), 13\/4\/0<br \/> 19.Pascal Leuret (FRA, 250 Honda NGS), 0\/13\/15<\/p>\n<p><strong> Classement g\u00e9n\u00e9ral 85cc :<\/strong> <br \/> 1.Melvin Regnier (Yamaha), 1\/3 <br \/> 2.Jason Clermont (Honda NGS), 4\/2 <br \/> 3.Jeremy Chauveau (KTM), 2\/4 <br \/> 4.Yohan Lafont (Yamaha), 3\/7 <br \/> 5.Kevin Bonnesset (Honda), 7\/5<\/p>\n","protected":false},"excerpt":{"rendered":"<p>C\u2019est un soleil printanier qui a inond\u00e9 le premier Motocross Inter de l\u2019ann\u00e9e \u00e0 Valence. Autant dire que les conditions m\u00e9t\u00e9o conjugu\u00e9es \u00e0 la qualit\u00e9 exceptionnelle du plateau r\u00e9unissaient tous les ingr\u00e9dients d\u2019une \u00e9preuve r\u00e9ussie. Seul Christophe Pourcel manquait \u00e0 l\u2019appel. Pas encore remis de sa fracture du tibia, l\u2019officiel Kawasaki se d\u00e9place toujours avec [&hellip;]<\/p>\n","protected":false},"author":333,"featured_media":0,"comment_status":"open","ping_status":"open","sticky":false,"template":"","format":"standard","meta":{"footnotes":""},"categories":[66],"tags":[],"class_list":["post-1520","post","type-post","status-publish","format-standard","hentry","category-moto-cross"],"yoast_head":"<!-- This site is optimized with the Yoast SEO plugin v26.0 - https:\/\/yoast.com\/wordpress\/plugins\/seo\/ -->\n<title>MX: Coppins d&#039;abord ! - leblogmoto.com<\/title>\n<meta name=\"robots\" content=\"index, follow, max-snippet:-1, max-image-preview:large, max-video-preview:-1\" \/>\n<link rel=\"canonical\" href=\"https:\/\/blogs.thesocialmedia.com\/leblogmoto\/2007\/02\/26\/mx-coppins-lami\/\" \/>\n<meta name=\"twitter:card\" content=\"summary_large_image\" \/>\n<meta name=\"twitter:title\" content=\"MX: Coppins d&#039;abord ! - leblogmoto.com\" \/>\n<meta name=\"twitter:description\" content=\"C\u2019est un soleil printanier qui a inond\u00e9 le premier Motocross Inter de l\u2019ann\u00e9e \u00e0 Valence. Autant dire que les conditions m\u00e9t\u00e9o conjugu\u00e9es \u00e0 la qualit\u00e9 exceptionnelle du plateau r\u00e9unissaient tous les ingr\u00e9dients d\u2019une \u00e9preuve r\u00e9ussie. Seul Christophe Pourcel manquait \u00e0 l\u2019appel. Pas encore remis de sa fracture du tibia, l\u2019officiel Kawasaki se d\u00e9place toujours avec [&hellip;]\" \/>\n<meta name=\"twitter:image\" content=\"http:\/\/www.leblogmoto.com\/images\/0702251937coppins.jpg\" \/>\n<meta name=\"twitter:label1\" content=\"\u00c9crit par\" \/>\n\t<meta name=\"twitter:data1\" content=\"christian tirat\" \/>\n\t<meta name=\"twitter:label2\" content=\"Dur\u00e9e de lecture estim\u00e9e\" \/>\n\t<meta name=\"twitter:data2\" content=\"3 minutes\" \/>\n<script type=\"application\/ld+json\" class=\"yoast-schema-graph\">{\"@context\":\"https:\/\/schema.org\",\"@graph\":[{\"@type\":\"WebPage\",\"@id\":\"https:\/\/blogs.thesocialmedia.com\/leblogmoto\/2007\/02\/26\/mx-coppins-lami\/\",\"url\":\"https:\/\/blogs.thesocialmedia.com\/leblogmoto\/2007\/02\/26\/mx-coppins-lami\/\",\"name\":\"MX: Coppins d'abord ! - leblogmoto.com\",\"isPartOf\":{\"@id\":\"https:\/\/blogs.thesocialmedia.com\/leblogmoto\/#website\"},\"primaryImageOfPage\":{\"@id\":\"https:\/\/blogs.thesocialmedia.com\/leblogmoto\/2007\/02\/26\/mx-coppins-lami\/#primaryimage\"},\"image\":{\"@id\":\"https:\/\/blogs.thesocialmedia.com\/leblogmoto\/2007\/02\/26\/mx-coppins-lami\/#primaryimage\"},\"thumbnailUrl\":\"http:\/\/www.leblogmoto.com\/images\/0702251937coppins.jpg\",\"datePublished\":\"2007-02-26T20:32:45+00:00\",\"dateModified\":\"2012-07-11T14:33:22+00:00\",\"author\":{\"@id\":\"https:\/\/blogs.thesocialmedia.com\/leblogmoto\/#\/schema\/person\/90b2f8fd0d5a2cede2580e95fc79c6c0\"},\"breadcrumb\":{\"@id\":\"https:\/\/blogs.thesocialmedia.com\/leblogmoto\/2007\/02\/26\/mx-coppins-lami\/#breadcrumb\"},\"inLanguage\":\"fr-FR\",\"potentialAction\":[{\"@type\":\"ReadAction\",\"target\":[\"https:\/\/blogs.thesocialmedia.com\/leblogmoto\/2007\/02\/26\/mx-coppins-lami\/\"]}]},{\"@type\":\"ImageObject\",\"inLanguage\":\"fr-FR\",\"@id\":\"https:\/\/blogs.thesocialmedia.com\/leblogmoto\/2007\/02\/26\/mx-coppins-lami\/#primaryimage\",\"url\":\"http:\/\/www.leblogmoto.com\/images\/0702251937coppins.jpg\",\"contentUrl\":\"http:\/\/www.leblogmoto.com\/images\/0702251937coppins.jpg\"},{\"@type\":\"BreadcrumbList\",\"@id\":\"https:\/\/blogs.thesocialmedia.com\/leblogmoto\/2007\/02\/26\/mx-coppins-lami\/#breadcrumb\",\"itemListElement\":[{\"@type\":\"ListItem\",\"position\":1,\"name\":\"Accueil\",\"item\":\"https:\/\/blogs.thesocialmedia.com\/leblogmoto\/\"},{\"@type\":\"ListItem\",\"position\":2,\"name\":\"MX: Coppins d&rsquo;abord !\"}]},{\"@type\":\"WebSite\",\"@id\":\"https:\/\/blogs.thesocialmedia.com\/leblogmoto\/#website\",\"url\":\"https:\/\/blogs.thesocialmedia.com\/leblogmoto\/\",\"name\":\"leblogmoto\",\"description\":\"Toute l&#039;actualit\u00e9 des 2 roues\",\"potentialAction\":[{\"@type\":\"SearchAction\",\"target\":{\"@type\":\"EntryPoint\",\"urlTemplate\":\"https:\/\/blogs.thesocialmedia.com\/leblogmoto\/?s={search_term_string}\"},\"query-input\":{\"@type\":\"PropertyValueSpecification\",\"valueRequired\":true,\"valueName\":\"search_term_string\"}}],\"inLanguage\":\"fr-FR\"},{\"@type\":\"Person\",\"@id\":\"https:\/\/blogs.thesocialmedia.com\/leblogmoto\/#\/schema\/person\/90b2f8fd0d5a2cede2580e95fc79c6c0\",\"name\":\"christian tirat\",\"image\":{\"@type\":\"ImageObject\",\"inLanguage\":\"fr-FR\",\"@id\":\"https:\/\/blogs.thesocialmedia.com\/leblogmoto\/#\/schema\/person\/image\/\",\"url\":\"https:\/\/secure.gravatar.com\/avatar\/?s=96&d=mm&r=g\",\"contentUrl\":\"https:\/\/secure.gravatar.com\/avatar\/?s=96&d=mm&r=g\",\"caption\":\"christian tirat\"},\"url\":\"https:\/\/blogs.thesocialmedia.com\/leblogmoto\/author\/christian-tirat\/\"}]}<\/script>\n<!-- \/ Yoast SEO plugin. -->","yoast_head_json":{"title":"MX: Coppins d'abord ! - leblogmoto.com","robots":{"index":"index","follow":"follow","max-snippet":"max-snippet:-1","max-image-preview":"max-image-preview:large","max-video-preview":"max-video-preview:-1"},"canonical":"https:\/\/blogs.thesocialmedia.com\/leblogmoto\/2007\/02\/26\/mx-coppins-lami\/","twitter_card":"summary_large_image","twitter_title":"MX: Coppins d'abord ! - leblogmoto.com","twitter_description":"C\u2019est un soleil printanier qui a inond\u00e9 le premier Motocross Inter de l\u2019ann\u00e9e \u00e0 Valence. Autant dire que les conditions m\u00e9t\u00e9o conjugu\u00e9es \u00e0 la qualit\u00e9 exceptionnelle du plateau r\u00e9unissaient tous les ingr\u00e9dients d\u2019une \u00e9preuve r\u00e9ussie. Seul Christophe Pourcel manquait \u00e0 l\u2019appel. Pas encore remis de sa fracture du tibia, l\u2019officiel Kawasaki se d\u00e9place toujours avec [&hellip;]","twitter_image":"http:\/\/www.leblogmoto.com\/images\/0702251937coppins.jpg","twitter_misc":{"\u00c9crit par":"christian tirat","Dur\u00e9e de lecture estim\u00e9e":"3 minutes"},"schema":{"@context":"https:\/\/schema.org","@graph":[{"@type":"WebPage","@id":"https:\/\/blogs.thesocialmedia.com\/leblogmoto\/2007\/02\/26\/mx-coppins-lami\/","url":"https:\/\/blogs.thesocialmedia.com\/leblogmoto\/2007\/02\/26\/mx-coppins-lami\/","name":"MX: Coppins d'abord ! - leblogmoto.com","isPartOf":{"@id":"https:\/\/blogs.thesocialmedia.com\/leblogmoto\/#website"},"primaryImageOfPage":{"@id":"https:\/\/blogs.thesocialmedia.com\/leblogmoto\/2007\/02\/26\/mx-coppins-lami\/#primaryimage"},"image":{"@id":"https:\/\/blogs.thesocialmedia.com\/leblogmoto\/2007\/02\/26\/mx-coppins-lami\/#primaryimage"},"thumbnailUrl":"http:\/\/www.leblogmoto.com\/images\/0702251937coppins.jpg","datePublished":"2007-02-26T20:32:45+00:00","dateModified":"2012-07-11T14:33:22+00:00","author":{"@id":"https:\/\/blogs.thesocialmedia.com\/leblogmoto\/#\/schema\/person\/90b2f8fd0d5a2cede2580e95fc79c6c0"},"breadcrumb":{"@id":"https:\/\/blogs.thesocialmedia.com\/leblogmoto\/2007\/02\/26\/mx-coppins-lami\/#breadcrumb"},"inLanguage":"fr-FR","potentialAction":[{"@type":"ReadAction","target":["https:\/\/blogs.thesocialmedia.com\/leblogmoto\/2007\/02\/26\/mx-coppins-lami\/"]}]},{"@type":"ImageObject","inLanguage":"fr-FR","@id":"https:\/\/blogs.thesocialmedia.com\/leblogmoto\/2007\/02\/26\/mx-coppins-lami\/#primaryimage","url":"http:\/\/www.leblogmoto.com\/images\/0702251937coppins.jpg","contentUrl":"http:\/\/www.leblogmoto.com\/images\/0702251937coppins.jpg"},{"@type":"BreadcrumbList","@id":"https:\/\/blogs.thesocialmedia.com\/leblogmoto\/2007\/02\/26\/mx-coppins-lami\/#breadcrumb","itemListElement":[{"@type":"ListItem","position":1,"name":"Accueil","item":"https:\/\/blogs.thesocialmedia.com\/leblogmoto\/"},{"@type":"ListItem","position":2,"name":"MX: Coppins d&rsquo;abord !"}]},{"@type":"WebSite","@id":"https:\/\/blogs.thesocialmedia.com\/leblogmoto\/#website","url":"https:\/\/blogs.thesocialmedia.com\/leblogmoto\/","name":"leblogmoto","description":"Toute l&#039;actualit\u00e9 des 2 roues","potentialAction":[{"@type":"SearchAction","target":{"@type":"EntryPoint","urlTemplate":"https:\/\/blogs.thesocialmedia.com\/leblogmoto\/?s={search_term_string}"},"query-input":{"@type":"PropertyValueSpecification","valueRequired":true,"valueName":"search_term_string"}}],"inLanguage":"fr-FR"},{"@type":"Person","@id":"https:\/\/blogs.thesocialmedia.com\/leblogmoto\/#\/schema\/person\/90b2f8fd0d5a2cede2580e95fc79c6c0","name":"christian tirat","image":{"@type":"ImageObject","inLanguage":"fr-FR","@id":"https:\/\/blogs.thesocialmedia.com\/leblogmoto\/#\/schema\/person\/image\/","url":"https:\/\/secure.gravatar.com\/avatar\/?s=96&d=mm&r=g","contentUrl":"https:\/\/secure.gravatar.com\/avatar\/?s=96&d=mm&r=g","caption":"christian tirat"},"url":"https:\/\/blogs.thesocialmedia.com\/leblogmoto\/author\/christian-tirat\/"}]}},"_links":{"self":[{"href":"https:\/\/blogs.thesocialmedia.com\/leblogmoto\/wp-json\/wp\/v2\/posts\/1520","targetHints":{"allow":["GET"]}}],"collection":[{"href":"https:\/\/blogs.thesocialmedia.com\/leblogmoto\/wp-json\/wp\/v2\/posts"}],"about":[{"href":"https:\/\/blogs.thesocialmedia.com\/leblogmoto\/wp-json\/wp\/v2\/types\/post"}],"author":[{"embeddable":true,"href":"https:\/\/blogs.thesocialmedia.com\/leblogmoto\/wp-json\/wp\/v2\/users\/333"}],"replies":[{"embeddable":true,"href":"https:\/\/blogs.thesocialmedia.com\/leblogmoto\/wp-json\/wp\/v2\/comments?post=1520"}],"version-history":[{"count":2,"href":"https:\/\/blogs.thesocialmedia.com\/leblogmoto\/wp-json\/wp\/v2\/posts\/1520\/revisions"}],"predecessor-version":[{"id":8094,"href":"https:\/\/blogs.thesocialmedia.com\/leblogmoto\/wp-json\/wp\/v2\/posts\/1520\/revisions\/8094"}],"wp:attachment":[{"href":"https:\/\/blogs.thesocialmedia.com\/leblogmoto\/wp-json\/wp\/v2\/media?parent=1520"}],"wp:term":[{"taxonomy":"category","embeddable":true,"href":"https:\/\/blogs.thesocialmedia.com\/leblogmoto\/wp-json\/wp\/v2\/categories?post=1520"},{"taxonomy":"post_tag","embeddable":true,"href":"https:\/\/blogs.thesocialmedia.com\/leblogmoto\/wp-json\/wp\/v2\/tags?post=1520"}],"curies":[{"name":"wp","href":"https:\/\/api.w.org\/{rel}","templated":true}]}}