{"id":1523,"date":"2007-02-25T19:37:47","date_gmt":"2007-02-25T19:37:47","guid":{"rendered":"http:\/\/blogs.thesocialmedia.com\/leblogmoto\/2007\/02\/25\/moto-gp-jerez-r\/"},"modified":"2012-07-11T14:33:16","modified_gmt":"2012-07-11T14:33:16","slug":"moto-gp-jerez-r","status":"publish","type":"post","link":"https:\/\/blogs.thesocialmedia.com\/leblogmoto\/2007\/02\/25\/moto-gp-jerez-r\/","title":{"rendered":"Moto GP : Jerez, Rossi retrouve sa superbe"},"content":{"rendered":"<p><a href=\"http:\/\/blogs.thesocialmedia.com\/leblogmoto\/files\/2012\/07\/rossii1.jpg\"><img loading=\"lazy\" decoding=\"async\" width=\"250\" height=\"166\"  alt=\"Rossii1\" src=\"http:\/\/www.leblogmoto.com\/images\/rossii1.jpg\" style=\"margin: 0px 5px 5px 0px;float: left\" \/><\/a> Ce matin au cours des essais officiels pr\u00e9c\u00e9dent le <a href=\"http:\/\/www.leblogmoto.com\/2007\/02\/motogp_melandri.html#more\">Troph\u00e9e BMW M<\/a>, <a href=\"http:\/\/www.fanclubvalentinorossi.com\/\">Valentino Rossi<\/a> avait sign\u00e9 le meilleur temps de r\u00e9f\u00e9rence en bouclant un tour en 1\u201939.363 sur le circuit espagnol de Jerez de la Frontera. Il devan\u00e7ait <a href=\"http:\/\/www.ceracing.com\/\">Colin Edwards<\/a>, son co\u00e9quipier de l\u2019\u00e9curie officielle Yamaha, et les pilotes Ducati, <a href=\"http:\/\/www.caseystoner.com.au\/\">Casey Stoner<\/a> et <a href=\"http:\/\/www.ducati.com\/capirossi\/it\/index.jhtml\">Loris Capirossi<\/a>. <a href=\"http:\/\/www.nickyhayden.com\/site\/home.php\">Nicky Hayden<\/a>, le champion en titre&nbsp; restait en retrait avec le cinqui\u00e8me temps, \u00e0 pr\u00e8s d\u2019une seconde de son principal adversaire. <\/p>\n<p><strong><a href=\"http:\/\/clabedan.typepad.com\/.shared\/image.html?\/photos\/uncategorized\/rossii3.jpg\"><img loading=\"lazy\" decoding=\"async\" width=\"250\" height=\"166\"  alt=\"Rossii3\" src=\"http:\/\/www.leblogmoto.com\/images\/rossii3.jpg\" style=\"margin: 0px 5px 5px 0px;float: left\" \/><\/a><\/strong>En progression cependant par rapport aux pr\u00e9c\u00e9dentes journ\u00e9es de tests, l\u2019am\u00e9ricain semblait avoir enfin trouv\u00e9 les r\u00e9glages et les gommes qui lui conviennent.<\/p>\n<p><strong> Le Troph\u00e9e BMW M<\/strong><\/p>\n<p> C\u2019est \u00e0 14h et durant 40 minutes que les pilotes du MotoGP ont jou\u00e9 les chasseurs de prime sur la manche du Troph\u00e9e BMW M qui r\u00e9compense le meilleur pilote en qualification sur l\u2019ensemble de la saison. Prime du jour, une BMW Z4 M. Voil\u00e0 qui motive !<br \/><a href=\"http:\/\/blogs.thesocialmedia.com\/leblogmoto\/files\/2012\/07\/rossii2.jpg\"><img loading=\"lazy\" decoding=\"async\" width=\"250\" height=\"165\"  alt=\"Rossii2\" src=\"http:\/\/www.leblogmoto.com\/images\/rossii2.jpg\" style=\"margin: 0px 5px 5px 0px;float: left\" \/><\/a> Le ciel \u00e9tait nuageux mais la piste \u00e9tait s\u00e8che <a href=\"http:\/\/www.leblogmoto.com\/2007\/02\/motogp_melandri.html#more\">\u00e0 la diff\u00e9rence du reste de la semaine<\/a>. Au cours de cette premi\u00e8re v\u00e9ritable&nbsp; bataille de l\u2019ann\u00e9e, qui se d\u00e9roule entre deux s\u00e9ances de travail conventionnelles, <a href=\"http:\/\/www.fanclubvalentinorossi.com\/\">Valentino Rossi<\/a> a pris l\u2019avantage sur <a href=\"http:\/\/www.danipedrosa.com\/\">Dani Pedrosa<\/a> au terme d\u2019un mano \u00e0 mano qui prouve que sa nouvelle Yamaha est une machine capable de reconqu\u00e9rir son titre. Rossi confirme aussi la plus grande v\u00e9locit\u00e9 des \u00ab petites \u00bb 800cc \u00ab La nouvelle Yamaha est d\u00e9j\u00e0 plus rapide que celle de l\u2019an dernier et elle semble plus efficace sur tous les circuits \u00bb a t\u2019il confirm\u00e9 ce soir.<br \/><a href=\"http:\/\/clabedan.typepad.com\/.shared\/image.html?\/photos\/uncategorized\/dani_pedrosa.jpg\"><img loading=\"lazy\" decoding=\"async\" width=\"250\" height=\"298\"  alt=\"Dani_pedrosa\" src=\"http:\/\/www.leblogmoto.com\/images\/dani_pedrosa.jpg\" style=\"margin: 0px 5px 5px 0px;float: left\" \/><\/a> A la mi-s\u00e9ance pourtant Pedrosa battait le record du circuit sur sa Honda RC212V en \u00e9tant le premier a passer sous la barre des 1\u201939 (1\u201938.527) mais le \u00ab Doctor \u00bb, tr\u00e8s en forme avec une nouvelle machine qui lui pla\u00eet manifestement parvint a battre le pilote Honda sur le dernier tour lanc\u00e9 (1\u201938.394) Un record battu d\u2019un fil, 0.133s de moins que Pedrosa\u20260.133s qui valent un coup\u00e9 BMW Z4M !<br \/> Seuls Rossi et Pedrosa auront \u00e9t\u00e9 capables de passer en dessous de 1\u201939.<\/p>\n<p> Le pr\u00e9c\u00e9dent vainqueur de cette manche du Troph\u00e9e BMW, <a href=\"http:\/\/www.ceracing.com\/\">Colin Edwards<\/a> sur Yamaha se contente de la troisi\u00e8me place en 1\u201939.300, suivi par <a href=\"http:\/\/www.nickyhayden.com\/site\/home.php\">Nicky Hayden<\/a> qui semble sorti de sa l\u00e9thargie (1\u201939.556) mais \u00e0 plus d\u2019une seconde de son principal adversaire. Tr\u00e8s prometteur cinqui\u00e8me temps pour le Fran\u00e7ais <a href=\"http:\/\/www.randydepuniet.net\/news\/\">Randy de Puniet<\/a> (1\u201939.832) au guidon de sa Kawasaki Ninja ZX-RR et premi\u00e8re moto chauss\u00e9e par Bridgestone.<\/p>\n<p><a href=\"http:\/\/clabedan.typepad.com\/.shared\/image.html?\/photos\/uncategorized\/dani_pedrosa_honda_rep.jpg\"><img loading=\"lazy\" decoding=\"async\" width=\"250\" height=\"167\"  alt=\"Dani_pedrosa_honda_rep\" src=\"http:\/\/www.leblogmoto.com\/images\/dani_pedrosa_honda_rep.jpg\" style=\"margin: 0px 5px 5px 0px;float: left\" \/><\/a> Les essais chronom\u00e9tr\u00e9s se poursuivront jusqu&rsquo;en fin d&rsquo;apr\u00e8s-midi&nbsp; et ils marquent l&rsquo;ultime s\u00e9ance de tests officiels IRTA de cette avant-saison.<\/p>\n<p> Prochain rendez-vous le 10 mars sur le circuit de Losail au Qatar pour le coup d\u2019envoi du Championnat&nbsp; MotoGP.<\/p>\n<p><strong><br \/><\/strong><\/p>\n<p><strong><br \/><\/strong><\/p>\n<p><strong> Le classement des essais de Jerez :<\/strong><\/p>\n<p> 1. Rossi Yamaha 1:38.394<br \/> 2. Pedrosa Honda 1:38.527 + 0.133<br \/> 3. Edwards Yamaha 1:39.300 + 0.906<br \/> 4. Hayden Honda 1:39.556 + 1.162<br \/> 5. De Puniet Kawasaki 1:39.832 + 1.438<br \/> 6. Stoner Ducati 1:39.873 + 1.479<br \/> 7. Capirossi Ducati 1:39.887 + 1.493<br \/> 8. Vermeulen Suzuki 1:40.043 + 1.649<br \/> 9. Roberts Jr KR2I2V 1:40.083 + 1.689<br \/> 10. Checa Honda 1:40.100 + 1.706<br \/> 11. Elias Honda 1:40.202 + 1.808<br \/> 12. Nakano Honda 1:40.242 + 1.848<br \/> 13. Tamada Yamaha 1:40.307 + 1.913<br \/> 14. Melandri Honda 1:40.396 + 2.002<br \/> 15. Jacque Kawasaki 1:40.551 + 2.157<br \/> 16. Hofmann Ducati 1:40.681 + 2.287<br \/> 17. Barros Ducati 1:41.038 + 2.644<br \/> 18. Akiyoshi Suzuki 1:41.805 + 3.411<br \/> 19. Guintoli Yamaha 1:42.215 + 3.821<br \/> 20. Guareschi Ducati 1:43.008 + 4.614<br \/> 21. Pitt Ilmor X3 1:43.026 + 4.632<br \/> 22. Ito Ducati 1:43.073 + 4.679<br \/> 23. McWilliams Ilmor X3 1:43.202 + 4.808<\/p>\n","protected":false},"excerpt":{"rendered":"<p>Ce matin au cours des essais officiels pr\u00e9c\u00e9dent le Troph\u00e9e BMW M, Valentino Rossi avait sign\u00e9 le meilleur temps de r\u00e9f\u00e9rence en bouclant un tour en 1\u201939.363 sur le circuit espagnol de Jerez de la Frontera. Il devan\u00e7ait Colin Edwards, son co\u00e9quipier de l\u2019\u00e9curie officielle Yamaha, et les pilotes Ducati, Casey Stoner et Loris Capirossi. [&hellip;]<\/p>\n","protected":false},"author":333,"featured_media":0,"comment_status":"open","ping_status":"open","sticky":false,"template":"","format":"standard","meta":{"footnotes":""},"categories":[22],"tags":[],"class_list":["post-1523","post","type-post","status-publish","format-standard","hentry","category-motogp"],"yoast_head":"<!-- This site is optimized with the Yoast SEO plugin v26.0 - https:\/\/yoast.com\/wordpress\/plugins\/seo\/ -->\n<title>Moto GP : Jerez, Rossi retrouve sa superbe - leblogmoto.com<\/title>\n<meta name=\"robots\" content=\"index, follow, max-snippet:-1, max-image-preview:large, max-video-preview:-1\" \/>\n<link rel=\"canonical\" href=\"https:\/\/blogs.thesocialmedia.com\/leblogmoto\/2007\/02\/25\/moto-gp-jerez-r\/\" \/>\n<meta name=\"twitter:card\" content=\"summary_large_image\" \/>\n<meta name=\"twitter:title\" content=\"Moto GP : Jerez, Rossi retrouve sa superbe - leblogmoto.com\" \/>\n<meta name=\"twitter:description\" content=\"Ce matin au cours des essais officiels pr\u00e9c\u00e9dent le Troph\u00e9e BMW M, Valentino Rossi avait sign\u00e9 le meilleur temps de r\u00e9f\u00e9rence en bouclant un tour en 1\u201939.363 sur le circuit espagnol de Jerez de la Frontera. Il devan\u00e7ait Colin Edwards, son co\u00e9quipier de l\u2019\u00e9curie officielle Yamaha, et les pilotes Ducati, Casey Stoner et Loris Capirossi. [&hellip;]\" \/>\n<meta name=\"twitter:image\" content=\"http:\/\/www.leblogmoto.com\/images\/rossii1.jpg\" \/>\n<meta name=\"twitter:label1\" content=\"\u00c9crit par\" \/>\n\t<meta name=\"twitter:data1\" content=\"christian tirat\" \/>\n\t<meta name=\"twitter:label2\" content=\"Dur\u00e9e de lecture estim\u00e9e\" \/>\n\t<meta name=\"twitter:data2\" content=\"3 minutes\" \/>\n<script type=\"application\/ld+json\" class=\"yoast-schema-graph\">{\"@context\":\"https:\/\/schema.org\",\"@graph\":[{\"@type\":\"WebPage\",\"@id\":\"https:\/\/blogs.thesocialmedia.com\/leblogmoto\/2007\/02\/25\/moto-gp-jerez-r\/\",\"url\":\"https:\/\/blogs.thesocialmedia.com\/leblogmoto\/2007\/02\/25\/moto-gp-jerez-r\/\",\"name\":\"Moto GP : Jerez, Rossi retrouve sa superbe - leblogmoto.com\",\"isPartOf\":{\"@id\":\"https:\/\/blogs.thesocialmedia.com\/leblogmoto\/#website\"},\"primaryImageOfPage\":{\"@id\":\"https:\/\/blogs.thesocialmedia.com\/leblogmoto\/2007\/02\/25\/moto-gp-jerez-r\/#primaryimage\"},\"image\":{\"@id\":\"https:\/\/blogs.thesocialmedia.com\/leblogmoto\/2007\/02\/25\/moto-gp-jerez-r\/#primaryimage\"},\"thumbnailUrl\":\"http:\/\/www.leblogmoto.com\/images\/rossii1.jpg\",\"datePublished\":\"2007-02-25T19:37:47+00:00\",\"dateModified\":\"2012-07-11T14:33:16+00:00\",\"author\":{\"@id\":\"https:\/\/blogs.thesocialmedia.com\/leblogmoto\/#\/schema\/person\/90b2f8fd0d5a2cede2580e95fc79c6c0\"},\"breadcrumb\":{\"@id\":\"https:\/\/blogs.thesocialmedia.com\/leblogmoto\/2007\/02\/25\/moto-gp-jerez-r\/#breadcrumb\"},\"inLanguage\":\"fr-FR\",\"potentialAction\":[{\"@type\":\"ReadAction\",\"target\":[\"https:\/\/blogs.thesocialmedia.com\/leblogmoto\/2007\/02\/25\/moto-gp-jerez-r\/\"]}]},{\"@type\":\"ImageObject\",\"inLanguage\":\"fr-FR\",\"@id\":\"https:\/\/blogs.thesocialmedia.com\/leblogmoto\/2007\/02\/25\/moto-gp-jerez-r\/#primaryimage\",\"url\":\"http:\/\/www.leblogmoto.com\/images\/rossii1.jpg\",\"contentUrl\":\"http:\/\/www.leblogmoto.com\/images\/rossii1.jpg\"},{\"@type\":\"BreadcrumbList\",\"@id\":\"https:\/\/blogs.thesocialmedia.com\/leblogmoto\/2007\/02\/25\/moto-gp-jerez-r\/#breadcrumb\",\"itemListElement\":[{\"@type\":\"ListItem\",\"position\":1,\"name\":\"Accueil\",\"item\":\"https:\/\/blogs.thesocialmedia.com\/leblogmoto\/\"},{\"@type\":\"ListItem\",\"position\":2,\"name\":\"Moto GP : Jerez, Rossi retrouve sa superbe\"}]},{\"@type\":\"WebSite\",\"@id\":\"https:\/\/blogs.thesocialmedia.com\/leblogmoto\/#website\",\"url\":\"https:\/\/blogs.thesocialmedia.com\/leblogmoto\/\",\"name\":\"leblogmoto\",\"description\":\"Toute l&#039;actualit\u00e9 des 2 roues\",\"potentialAction\":[{\"@type\":\"SearchAction\",\"target\":{\"@type\":\"EntryPoint\",\"urlTemplate\":\"https:\/\/blogs.thesocialmedia.com\/leblogmoto\/?s={search_term_string}\"},\"query-input\":{\"@type\":\"PropertyValueSpecification\",\"valueRequired\":true,\"valueName\":\"search_term_string\"}}],\"inLanguage\":\"fr-FR\"},{\"@type\":\"Person\",\"@id\":\"https:\/\/blogs.thesocialmedia.com\/leblogmoto\/#\/schema\/person\/90b2f8fd0d5a2cede2580e95fc79c6c0\",\"name\":\"christian tirat\",\"image\":{\"@type\":\"ImageObject\",\"inLanguage\":\"fr-FR\",\"@id\":\"https:\/\/blogs.thesocialmedia.com\/leblogmoto\/#\/schema\/person\/image\/\",\"url\":\"https:\/\/secure.gravatar.com\/avatar\/?s=96&d=mm&r=g\",\"contentUrl\":\"https:\/\/secure.gravatar.com\/avatar\/?s=96&d=mm&r=g\",\"caption\":\"christian tirat\"},\"url\":\"https:\/\/blogs.thesocialmedia.com\/leblogmoto\/author\/christian-tirat\/\"}]}<\/script>\n<!-- \/ Yoast SEO plugin. -->","yoast_head_json":{"title":"Moto GP : Jerez, Rossi retrouve sa superbe - leblogmoto.com","robots":{"index":"index","follow":"follow","max-snippet":"max-snippet:-1","max-image-preview":"max-image-preview:large","max-video-preview":"max-video-preview:-1"},"canonical":"https:\/\/blogs.thesocialmedia.com\/leblogmoto\/2007\/02\/25\/moto-gp-jerez-r\/","twitter_card":"summary_large_image","twitter_title":"Moto GP : Jerez, Rossi retrouve sa superbe - leblogmoto.com","twitter_description":"Ce matin au cours des essais officiels pr\u00e9c\u00e9dent le Troph\u00e9e BMW M, Valentino Rossi avait sign\u00e9 le meilleur temps de r\u00e9f\u00e9rence en bouclant un tour en 1\u201939.363 sur le circuit espagnol de Jerez de la Frontera. Il devan\u00e7ait Colin Edwards, son co\u00e9quipier de l\u2019\u00e9curie officielle Yamaha, et les pilotes Ducati, Casey Stoner et Loris Capirossi. [&hellip;]","twitter_image":"http:\/\/www.leblogmoto.com\/images\/rossii1.jpg","twitter_misc":{"\u00c9crit par":"christian tirat","Dur\u00e9e de lecture estim\u00e9e":"3 minutes"},"schema":{"@context":"https:\/\/schema.org","@graph":[{"@type":"WebPage","@id":"https:\/\/blogs.thesocialmedia.com\/leblogmoto\/2007\/02\/25\/moto-gp-jerez-r\/","url":"https:\/\/blogs.thesocialmedia.com\/leblogmoto\/2007\/02\/25\/moto-gp-jerez-r\/","name":"Moto GP : Jerez, Rossi retrouve sa superbe - leblogmoto.com","isPartOf":{"@id":"https:\/\/blogs.thesocialmedia.com\/leblogmoto\/#website"},"primaryImageOfPage":{"@id":"https:\/\/blogs.thesocialmedia.com\/leblogmoto\/2007\/02\/25\/moto-gp-jerez-r\/#primaryimage"},"image":{"@id":"https:\/\/blogs.thesocialmedia.com\/leblogmoto\/2007\/02\/25\/moto-gp-jerez-r\/#primaryimage"},"thumbnailUrl":"http:\/\/www.leblogmoto.com\/images\/rossii1.jpg","datePublished":"2007-02-25T19:37:47+00:00","dateModified":"2012-07-11T14:33:16+00:00","author":{"@id":"https:\/\/blogs.thesocialmedia.com\/leblogmoto\/#\/schema\/person\/90b2f8fd0d5a2cede2580e95fc79c6c0"},"breadcrumb":{"@id":"https:\/\/blogs.thesocialmedia.com\/leblogmoto\/2007\/02\/25\/moto-gp-jerez-r\/#breadcrumb"},"inLanguage":"fr-FR","potentialAction":[{"@type":"ReadAction","target":["https:\/\/blogs.thesocialmedia.com\/leblogmoto\/2007\/02\/25\/moto-gp-jerez-r\/"]}]},{"@type":"ImageObject","inLanguage":"fr-FR","@id":"https:\/\/blogs.thesocialmedia.com\/leblogmoto\/2007\/02\/25\/moto-gp-jerez-r\/#primaryimage","url":"http:\/\/www.leblogmoto.com\/images\/rossii1.jpg","contentUrl":"http:\/\/www.leblogmoto.com\/images\/rossii1.jpg"},{"@type":"BreadcrumbList","@id":"https:\/\/blogs.thesocialmedia.com\/leblogmoto\/2007\/02\/25\/moto-gp-jerez-r\/#breadcrumb","itemListElement":[{"@type":"ListItem","position":1,"name":"Accueil","item":"https:\/\/blogs.thesocialmedia.com\/leblogmoto\/"},{"@type":"ListItem","position":2,"name":"Moto GP : Jerez, Rossi retrouve sa superbe"}]},{"@type":"WebSite","@id":"https:\/\/blogs.thesocialmedia.com\/leblogmoto\/#website","url":"https:\/\/blogs.thesocialmedia.com\/leblogmoto\/","name":"leblogmoto","description":"Toute l&#039;actualit\u00e9 des 2 roues","potentialAction":[{"@type":"SearchAction","target":{"@type":"EntryPoint","urlTemplate":"https:\/\/blogs.thesocialmedia.com\/leblogmoto\/?s={search_term_string}"},"query-input":{"@type":"PropertyValueSpecification","valueRequired":true,"valueName":"search_term_string"}}],"inLanguage":"fr-FR"},{"@type":"Person","@id":"https:\/\/blogs.thesocialmedia.com\/leblogmoto\/#\/schema\/person\/90b2f8fd0d5a2cede2580e95fc79c6c0","name":"christian tirat","image":{"@type":"ImageObject","inLanguage":"fr-FR","@id":"https:\/\/blogs.thesocialmedia.com\/leblogmoto\/#\/schema\/person\/image\/","url":"https:\/\/secure.gravatar.com\/avatar\/?s=96&d=mm&r=g","contentUrl":"https:\/\/secure.gravatar.com\/avatar\/?s=96&d=mm&r=g","caption":"christian tirat"},"url":"https:\/\/blogs.thesocialmedia.com\/leblogmoto\/author\/christian-tirat\/"}]}},"_links":{"self":[{"href":"https:\/\/blogs.thesocialmedia.com\/leblogmoto\/wp-json\/wp\/v2\/posts\/1523","targetHints":{"allow":["GET"]}}],"collection":[{"href":"https:\/\/blogs.thesocialmedia.com\/leblogmoto\/wp-json\/wp\/v2\/posts"}],"about":[{"href":"https:\/\/blogs.thesocialmedia.com\/leblogmoto\/wp-json\/wp\/v2\/types\/post"}],"author":[{"embeddable":true,"href":"https:\/\/blogs.thesocialmedia.com\/leblogmoto\/wp-json\/wp\/v2\/users\/333"}],"replies":[{"embeddable":true,"href":"https:\/\/blogs.thesocialmedia.com\/leblogmoto\/wp-json\/wp\/v2\/comments?post=1523"}],"version-history":[{"count":2,"href":"https:\/\/blogs.thesocialmedia.com\/leblogmoto\/wp-json\/wp\/v2\/posts\/1523\/revisions"}],"predecessor-version":[{"id":8088,"href":"https:\/\/blogs.thesocialmedia.com\/leblogmoto\/wp-json\/wp\/v2\/posts\/1523\/revisions\/8088"}],"wp:attachment":[{"href":"https:\/\/blogs.thesocialmedia.com\/leblogmoto\/wp-json\/wp\/v2\/media?parent=1523"}],"wp:term":[{"taxonomy":"category","embeddable":true,"href":"https:\/\/blogs.thesocialmedia.com\/leblogmoto\/wp-json\/wp\/v2\/categories?post=1523"},{"taxonomy":"post_tag","embeddable":true,"href":"https:\/\/blogs.thesocialmedia.com\/leblogmoto\/wp-json\/wp\/v2\/tags?post=1523"}],"curies":[{"name":"wp","href":"https:\/\/api.w.org\/{rel}","templated":true}]}}