{"id":1524,"date":"2007-02-25T15:50:30","date_gmt":"2007-02-25T15:50:30","guid":{"rendered":"http:\/\/blogs.thesocialmedia.com\/leblogmoto\/2007\/02\/25\/trial-en-salle-5\/"},"modified":"2012-07-11T14:33:11","modified_gmt":"2012-07-11T14:33:11","slug":"trial-en-salle-5","status":"publish","type":"post","link":"https:\/\/blogs.thesocialmedia.com\/leblogmoto\/2007\/02\/25\/trial-en-salle-5\/","title":{"rendered":"Trial en salle : Ils ont dit"},"content":{"rendered":"<p><a href=\"http:\/\/blogs.thesocialmedia.com\/leblogmoto\/files\/2012\/07\/mahonbou1.jpg\"><img loading=\"lazy\" decoding=\"async\" width=\"250\" height=\"203\"  alt=\"Mahonbou1\" src=\"http:\/\/www.leblogmoto.com\/images\/mahonbou1.jpg\" style=\"margin: 0px 5px 5px 0px;float: left\" \/><\/a> A l\u2019issue de la septi\u00e8me et avant derni\u00e8re manche du <a href=\"http:\/\/www.leblogmoto.com\/2007\/02\/trial_en_salle__4.html#more\">Championnat du Monde <\/a>de Trial Indoor aux Bal\u00e9ares et de la cons\u00e9cration du jeune prodige <a href=\"http:\/\/www.tonibou.com\/\">Toni Bou<\/a>, les trois leaders de ce championnat nous livrent leurs commentaires.<\/p>\n<p><strong><a href=\"http:\/\/www.tonibou.com\/\">Toni Bou<\/a> :<\/strong> <br \/>&quot;J&rsquo;avais attendu toute ma vie pour appr\u00e9cier une journ\u00e9e comme celle ci : \u00eatre champion du Monde ! <br \/>Les derni\u00e8res courses ont \u00e9t\u00e9 tr\u00e8s dures pour moi en raison de la tension nerveuse et de la pression \u00e0 l\u2019approche de ce r\u00eave. <br \/>Je voudrais confirmer ce titre \u00e0 Madrid&quot;<\/p>\n<p><strong><a href=\"http:\/\/clabedan.typepad.com\/.shared\/image.html?\/photos\/uncategorized\/136_g.jpg\"><img loading=\"lazy\" decoding=\"async\" width=\"250\" height=\"158\"  alt=\"136_g\" src=\"http:\/\/www.leblogmoto.com\/images\/136_g.jpg\" style=\"margin: 0px 5px 5px 0px;float: left\" \/><\/a> <a href=\"http:\/\/www.albertcabestany.com\/\">Albert Cabestany<\/a> :<\/strong> <br \/> &quot;Je veux f\u00e9liciter <a href=\"http:\/\/www.tonibou.com\/\">Toni Bou<\/a> pour son titre. Je suis aussi enchant\u00e9 de ma victoire de ce soir, une victoire tr\u00e8s importante pour mes objectifs dans le championnat. Maintenant je dois travailler dur la derni\u00e8re course pour tenter de d\u00e9fendre ma deuxi\u00e8me place&quot;.<\/p>\n<p><strong><br \/><\/strong><\/p>\n<p><strong><a href=\"http:\/\/www.adamraga.com\/\"> Adam Raga<\/a> : <\/strong><br \/> &quot;Cette ann\u00e9e je n&rsquo;ai pas m\u00e9rit\u00e9 de gagner le titre. <a href=\"http:\/\/www.tonibou.com\/\">Toni Bou<\/a> a fait un bon travail et il est le champion, c\u2019est juste. Je veux oublier ce championnat et me concentrer sur r\u00e9cup\u00e9rer mon meilleur pilotage afin de remporter encore des courses et des titres &quot;<\/p>\n<p><a href=\"http:\/\/www.indoortrial.com\/\"> Source : Indoortrial.com<\/a><\/p>\n","protected":false},"excerpt":{"rendered":"<p>A l\u2019issue de la septi\u00e8me et avant derni\u00e8re manche du Championnat du Monde de Trial Indoor aux Bal\u00e9ares et de la cons\u00e9cration du jeune prodige Toni Bou, les trois leaders de ce championnat nous livrent leurs commentaires. Toni Bou : &quot;J&rsquo;avais attendu toute ma vie pour appr\u00e9cier une journ\u00e9e comme celle ci : \u00eatre champion [&hellip;]<\/p>\n","protected":false},"author":333,"featured_media":0,"comment_status":"open","ping_status":"open","sticky":false,"template":"","format":"standard","meta":{"footnotes":""},"categories":[32],"tags":[],"class_list":["post-1524","post","type-post","status-publish","format-standard","hentry","category-sport-moto"],"yoast_head":"<!-- This site is optimized with the Yoast SEO plugin v26.0 - https:\/\/yoast.com\/wordpress\/plugins\/seo\/ -->\n<title>Trial en salle : Ils ont dit - leblogmoto.com<\/title>\n<meta name=\"robots\" content=\"index, follow, max-snippet:-1, max-image-preview:large, max-video-preview:-1\" \/>\n<link rel=\"canonical\" href=\"https:\/\/blogs.thesocialmedia.com\/leblogmoto\/2007\/02\/25\/trial-en-salle-5\/\" \/>\n<meta name=\"twitter:card\" content=\"summary_large_image\" \/>\n<meta name=\"twitter:title\" content=\"Trial en salle : Ils ont dit - leblogmoto.com\" \/>\n<meta name=\"twitter:description\" content=\"A l\u2019issue de la septi\u00e8me et avant derni\u00e8re manche du Championnat du Monde de Trial Indoor aux Bal\u00e9ares et de la cons\u00e9cration du jeune prodige Toni Bou, les trois leaders de ce championnat nous livrent leurs commentaires. Toni Bou : &quot;J&rsquo;avais attendu toute ma vie pour appr\u00e9cier une journ\u00e9e comme celle ci : \u00eatre champion [&hellip;]\" \/>\n<meta name=\"twitter:image\" content=\"http:\/\/www.leblogmoto.com\/images\/mahonbou1.jpg\" \/>\n<meta name=\"twitter:label1\" content=\"\u00c9crit par\" \/>\n\t<meta name=\"twitter:data1\" content=\"christian tirat\" \/>\n\t<meta name=\"twitter:label2\" content=\"Dur\u00e9e de lecture estim\u00e9e\" \/>\n\t<meta name=\"twitter:data2\" content=\"1 minute\" \/>\n<script type=\"application\/ld+json\" class=\"yoast-schema-graph\">{\"@context\":\"https:\/\/schema.org\",\"@graph\":[{\"@type\":\"WebPage\",\"@id\":\"https:\/\/blogs.thesocialmedia.com\/leblogmoto\/2007\/02\/25\/trial-en-salle-5\/\",\"url\":\"https:\/\/blogs.thesocialmedia.com\/leblogmoto\/2007\/02\/25\/trial-en-salle-5\/\",\"name\":\"Trial en salle : Ils ont dit - leblogmoto.com\",\"isPartOf\":{\"@id\":\"https:\/\/blogs.thesocialmedia.com\/leblogmoto\/#website\"},\"primaryImageOfPage\":{\"@id\":\"https:\/\/blogs.thesocialmedia.com\/leblogmoto\/2007\/02\/25\/trial-en-salle-5\/#primaryimage\"},\"image\":{\"@id\":\"https:\/\/blogs.thesocialmedia.com\/leblogmoto\/2007\/02\/25\/trial-en-salle-5\/#primaryimage\"},\"thumbnailUrl\":\"http:\/\/www.leblogmoto.com\/images\/mahonbou1.jpg\",\"datePublished\":\"2007-02-25T15:50:30+00:00\",\"dateModified\":\"2012-07-11T14:33:11+00:00\",\"author\":{\"@id\":\"https:\/\/blogs.thesocialmedia.com\/leblogmoto\/#\/schema\/person\/90b2f8fd0d5a2cede2580e95fc79c6c0\"},\"breadcrumb\":{\"@id\":\"https:\/\/blogs.thesocialmedia.com\/leblogmoto\/2007\/02\/25\/trial-en-salle-5\/#breadcrumb\"},\"inLanguage\":\"fr-FR\",\"potentialAction\":[{\"@type\":\"ReadAction\",\"target\":[\"https:\/\/blogs.thesocialmedia.com\/leblogmoto\/2007\/02\/25\/trial-en-salle-5\/\"]}]},{\"@type\":\"ImageObject\",\"inLanguage\":\"fr-FR\",\"@id\":\"https:\/\/blogs.thesocialmedia.com\/leblogmoto\/2007\/02\/25\/trial-en-salle-5\/#primaryimage\",\"url\":\"http:\/\/www.leblogmoto.com\/images\/mahonbou1.jpg\",\"contentUrl\":\"http:\/\/www.leblogmoto.com\/images\/mahonbou1.jpg\"},{\"@type\":\"BreadcrumbList\",\"@id\":\"https:\/\/blogs.thesocialmedia.com\/leblogmoto\/2007\/02\/25\/trial-en-salle-5\/#breadcrumb\",\"itemListElement\":[{\"@type\":\"ListItem\",\"position\":1,\"name\":\"Accueil\",\"item\":\"https:\/\/blogs.thesocialmedia.com\/leblogmoto\/\"},{\"@type\":\"ListItem\",\"position\":2,\"name\":\"Trial en salle : Ils ont dit\"}]},{\"@type\":\"WebSite\",\"@id\":\"https:\/\/blogs.thesocialmedia.com\/leblogmoto\/#website\",\"url\":\"https:\/\/blogs.thesocialmedia.com\/leblogmoto\/\",\"name\":\"leblogmoto\",\"description\":\"Toute l&#039;actualit\u00e9 des 2 roues\",\"potentialAction\":[{\"@type\":\"SearchAction\",\"target\":{\"@type\":\"EntryPoint\",\"urlTemplate\":\"https:\/\/blogs.thesocialmedia.com\/leblogmoto\/?s={search_term_string}\"},\"query-input\":{\"@type\":\"PropertyValueSpecification\",\"valueRequired\":true,\"valueName\":\"search_term_string\"}}],\"inLanguage\":\"fr-FR\"},{\"@type\":\"Person\",\"@id\":\"https:\/\/blogs.thesocialmedia.com\/leblogmoto\/#\/schema\/person\/90b2f8fd0d5a2cede2580e95fc79c6c0\",\"name\":\"christian tirat\",\"image\":{\"@type\":\"ImageObject\",\"inLanguage\":\"fr-FR\",\"@id\":\"https:\/\/blogs.thesocialmedia.com\/leblogmoto\/#\/schema\/person\/image\/\",\"url\":\"https:\/\/secure.gravatar.com\/avatar\/?s=96&d=mm&r=g\",\"contentUrl\":\"https:\/\/secure.gravatar.com\/avatar\/?s=96&d=mm&r=g\",\"caption\":\"christian tirat\"},\"url\":\"https:\/\/blogs.thesocialmedia.com\/leblogmoto\/author\/christian-tirat\/\"}]}<\/script>\n<!-- \/ Yoast SEO plugin. -->","yoast_head_json":{"title":"Trial en salle : Ils ont dit - leblogmoto.com","robots":{"index":"index","follow":"follow","max-snippet":"max-snippet:-1","max-image-preview":"max-image-preview:large","max-video-preview":"max-video-preview:-1"},"canonical":"https:\/\/blogs.thesocialmedia.com\/leblogmoto\/2007\/02\/25\/trial-en-salle-5\/","twitter_card":"summary_large_image","twitter_title":"Trial en salle : Ils ont dit - leblogmoto.com","twitter_description":"A l\u2019issue de la septi\u00e8me et avant derni\u00e8re manche du Championnat du Monde de Trial Indoor aux Bal\u00e9ares et de la cons\u00e9cration du jeune prodige Toni Bou, les trois leaders de ce championnat nous livrent leurs commentaires. Toni Bou : &quot;J&rsquo;avais attendu toute ma vie pour appr\u00e9cier une journ\u00e9e comme celle ci : \u00eatre champion [&hellip;]","twitter_image":"http:\/\/www.leblogmoto.com\/images\/mahonbou1.jpg","twitter_misc":{"\u00c9crit par":"christian tirat","Dur\u00e9e de lecture estim\u00e9e":"1 minute"},"schema":{"@context":"https:\/\/schema.org","@graph":[{"@type":"WebPage","@id":"https:\/\/blogs.thesocialmedia.com\/leblogmoto\/2007\/02\/25\/trial-en-salle-5\/","url":"https:\/\/blogs.thesocialmedia.com\/leblogmoto\/2007\/02\/25\/trial-en-salle-5\/","name":"Trial en salle : Ils ont dit - leblogmoto.com","isPartOf":{"@id":"https:\/\/blogs.thesocialmedia.com\/leblogmoto\/#website"},"primaryImageOfPage":{"@id":"https:\/\/blogs.thesocialmedia.com\/leblogmoto\/2007\/02\/25\/trial-en-salle-5\/#primaryimage"},"image":{"@id":"https:\/\/blogs.thesocialmedia.com\/leblogmoto\/2007\/02\/25\/trial-en-salle-5\/#primaryimage"},"thumbnailUrl":"http:\/\/www.leblogmoto.com\/images\/mahonbou1.jpg","datePublished":"2007-02-25T15:50:30+00:00","dateModified":"2012-07-11T14:33:11+00:00","author":{"@id":"https:\/\/blogs.thesocialmedia.com\/leblogmoto\/#\/schema\/person\/90b2f8fd0d5a2cede2580e95fc79c6c0"},"breadcrumb":{"@id":"https:\/\/blogs.thesocialmedia.com\/leblogmoto\/2007\/02\/25\/trial-en-salle-5\/#breadcrumb"},"inLanguage":"fr-FR","potentialAction":[{"@type":"ReadAction","target":["https:\/\/blogs.thesocialmedia.com\/leblogmoto\/2007\/02\/25\/trial-en-salle-5\/"]}]},{"@type":"ImageObject","inLanguage":"fr-FR","@id":"https:\/\/blogs.thesocialmedia.com\/leblogmoto\/2007\/02\/25\/trial-en-salle-5\/#primaryimage","url":"http:\/\/www.leblogmoto.com\/images\/mahonbou1.jpg","contentUrl":"http:\/\/www.leblogmoto.com\/images\/mahonbou1.jpg"},{"@type":"BreadcrumbList","@id":"https:\/\/blogs.thesocialmedia.com\/leblogmoto\/2007\/02\/25\/trial-en-salle-5\/#breadcrumb","itemListElement":[{"@type":"ListItem","position":1,"name":"Accueil","item":"https:\/\/blogs.thesocialmedia.com\/leblogmoto\/"},{"@type":"ListItem","position":2,"name":"Trial en salle : Ils ont dit"}]},{"@type":"WebSite","@id":"https:\/\/blogs.thesocialmedia.com\/leblogmoto\/#website","url":"https:\/\/blogs.thesocialmedia.com\/leblogmoto\/","name":"leblogmoto","description":"Toute l&#039;actualit\u00e9 des 2 roues","potentialAction":[{"@type":"SearchAction","target":{"@type":"EntryPoint","urlTemplate":"https:\/\/blogs.thesocialmedia.com\/leblogmoto\/?s={search_term_string}"},"query-input":{"@type":"PropertyValueSpecification","valueRequired":true,"valueName":"search_term_string"}}],"inLanguage":"fr-FR"},{"@type":"Person","@id":"https:\/\/blogs.thesocialmedia.com\/leblogmoto\/#\/schema\/person\/90b2f8fd0d5a2cede2580e95fc79c6c0","name":"christian tirat","image":{"@type":"ImageObject","inLanguage":"fr-FR","@id":"https:\/\/blogs.thesocialmedia.com\/leblogmoto\/#\/schema\/person\/image\/","url":"https:\/\/secure.gravatar.com\/avatar\/?s=96&d=mm&r=g","contentUrl":"https:\/\/secure.gravatar.com\/avatar\/?s=96&d=mm&r=g","caption":"christian tirat"},"url":"https:\/\/blogs.thesocialmedia.com\/leblogmoto\/author\/christian-tirat\/"}]}},"_links":{"self":[{"href":"https:\/\/blogs.thesocialmedia.com\/leblogmoto\/wp-json\/wp\/v2\/posts\/1524","targetHints":{"allow":["GET"]}}],"collection":[{"href":"https:\/\/blogs.thesocialmedia.com\/leblogmoto\/wp-json\/wp\/v2\/posts"}],"about":[{"href":"https:\/\/blogs.thesocialmedia.com\/leblogmoto\/wp-json\/wp\/v2\/types\/post"}],"author":[{"embeddable":true,"href":"https:\/\/blogs.thesocialmedia.com\/leblogmoto\/wp-json\/wp\/v2\/users\/333"}],"replies":[{"embeddable":true,"href":"https:\/\/blogs.thesocialmedia.com\/leblogmoto\/wp-json\/wp\/v2\/comments?post=1524"}],"version-history":[{"count":2,"href":"https:\/\/blogs.thesocialmedia.com\/leblogmoto\/wp-json\/wp\/v2\/posts\/1524\/revisions"}],"predecessor-version":[{"id":8085,"href":"https:\/\/blogs.thesocialmedia.com\/leblogmoto\/wp-json\/wp\/v2\/posts\/1524\/revisions\/8085"}],"wp:attachment":[{"href":"https:\/\/blogs.thesocialmedia.com\/leblogmoto\/wp-json\/wp\/v2\/media?parent=1524"}],"wp:term":[{"taxonomy":"category","embeddable":true,"href":"https:\/\/blogs.thesocialmedia.com\/leblogmoto\/wp-json\/wp\/v2\/categories?post=1524"},{"taxonomy":"post_tag","embeddable":true,"href":"https:\/\/blogs.thesocialmedia.com\/leblogmoto\/wp-json\/wp\/v2\/tags?post=1524"}],"curies":[{"name":"wp","href":"https:\/\/api.w.org\/{rel}","templated":true}]}}