{"id":1525,"date":"2007-02-25T15:07:30","date_gmt":"2007-02-25T15:07:30","guid":{"rendered":"http:\/\/blogs.thesocialmedia.com\/leblogmoto\/2007\/02\/25\/trial-en-salle-4\/"},"modified":"2012-07-11T14:33:08","modified_gmt":"2012-07-11T14:33:08","slug":"trial-en-salle-4","status":"publish","type":"post","link":"https:\/\/blogs.thesocialmedia.com\/leblogmoto\/2007\/02\/25\/trial-en-salle-4\/","title":{"rendered":"Trial en Salle : Bou touche les \u00e9toiles !"},"content":{"rendered":"<p style=\"margin: 0pt\"><a href=\"http:\/\/blogs.thesocialmedia.com\/leblogmoto\/files\/2012\/07\/137_g.jpg\"><img loading=\"lazy\" decoding=\"async\" width=\"250\" height=\"158\"  src=\"http:\/\/www.leblogmoto.com\/images\/137_g.jpg\" alt=\"137_g\" style=\"margin: 0px 5px 5px 0px;float: left\" \/><\/a> En terminant second derri\u00e8re <a href=\"http:\/\/www.albertcabestany.com\/\">Albert Cabestany<\/a> lors de l&rsquo;avant derni\u00e8re \u00e9preuve du <a href=\"http:\/\/www.leblogmoto.com\/2007\/02\/trial_en_salle__3.html\">Championnat du Monde<\/a> de Trial Indoor, hier soir \u00e0 Menorca dans les \u00celes Bal\u00e9ares, <a href=\"http:\/\/www.tonibou.com\/\">Toni Bou<\/a> le plus jeune de tous les pilotes du plateau vient de s \u2018assurer le titre mondial. Une victoire sans bavures, qui offre \u00e0&nbsp; <a href=\"http:\/\/www.montesa.fr\/\">Montesa<\/a> , <strong>apr\u00e8s les titres de Lampkin de 2000 \u00e0 2003<\/strong><span style=\"font-weight: bold\">&nbsp;<\/span>et de Fujinami en 2004, un &quot;plus&quot; de choix: le premier titre de l&rsquo;histoire du Trial Indoor avec un moteur 4 temps<span style=\"font-weight: bold\"> !<\/span><strong>&nbsp;<\/strong> <\/p>\n<p><a href=\"http:\/\/clabedan.typepad.com\/.shared\/image.html?\/photos\/uncategorized\/boumanorque.jpg\"><img loading=\"lazy\" decoding=\"async\" width=\"250\" height=\"158\"  alt=\"Boumanorque\" src=\"http:\/\/www.leblogmoto.com\/images\/boumanorque.jpg\" style=\"margin: 0px 5px 5px 0px;float: left\" \/><\/a> En battant une fois encore son principal rival, le champion d\u00e9chu <a href=\"http:\/\/www.adamraga.com\/\">Adam Raga<\/a>, <a href=\"http:\/\/www.tonibou.com\/\">Toni Bou<\/a> prend le large avec 12 points d\u2019avance, un handicap d\u00e9sormais insurmontable pour le pilote <a href=\"http:\/\/www.gasgasmotos.es\/esp\/frame.htm\">Gas Gas<\/a> apr\u00e8s cette septi\u00e8me et avant-derni\u00e8re manche.<\/p>\n<p><a href=\"http:\/\/clabedan.typepad.com\/.shared\/image.html?\/photos\/uncategorized\/cabestanymanorque.jpg\"><img loading=\"lazy\" decoding=\"async\" width=\"250\" height=\"338\"  src=\"http:\/\/www.leblogmoto.com\/images\/cabestanymanorque.jpg\" alt=\"Cabestanymanorque\" style=\"margin: 0px 5px 5px 0px;float: left\" \/><\/a> <a href=\"http:\/\/www.albertcabestany.com\/\"> Albert Cabestany<\/a> le pilote <a href=\"http:\/\/www.sherco-moto.com\/\">Sherco<\/a>, remporte quant \u00e0 lui sa <a href=\"http:\/\/www.leblogmoto.com\/2007\/02\/trial_en_salle__3.html\">deuxi\u00e8me victoire<\/a> du Championnat, une victoire qui le place en deuxi\u00e8me position avec deux points&nbsp; d\u2019avance sur <a href=\"http:\/\/www.adamraga.com\/\">Raga<\/a>. Le duel pour la place de dauphin sera donc l\u2019enjeu majeur de la derni\u00e8re \u00e9preuve \u00e0 Madrid. <\/p>\n<p><strong> Le film de l\u2019\u00e9preuve<\/strong><\/p>\n<p> Les espagnols <a href=\"http:\/\/www.tonibou.com\/\">Bou<\/a>, <a href=\"http:\/\/www.albertcabestany.com\/\">Cabestany<\/a> et <a href=\"http:\/\/www.adamraga.com\/\">Raga<\/a> ont jou\u00e9 un jeu diff\u00e9rent lors du tour de qualification mais ils ont tous trois r\u00e9ussi un parcours brillant, qui leur a ouvert la porte du tour final. <\/p>\n<p><a href=\"http:\/\/clabedan.typepad.com\/.shared\/image.html?\/photos\/uncategorized\/mahonbou2.jpg\"><img loading=\"lazy\" decoding=\"async\" width=\"250\" height=\"333\"  src=\"http:\/\/www.leblogmoto.com\/images\/mahonbou2.jpg\" alt=\"Mahonbou2\" style=\"margin: 0px 5px 5px 0px;float: left\" \/><\/a> Derri\u00e8re, <a href=\"http:\/\/www.gasgasmotos.com\/web\/eng\/competi\/trial\/equipo\/jeroni.htm\">Jeroni Fajardo<\/a> a jou\u00e9 de malchance. Apr\u00e8s un beau d\u00e9but de parcours, il brise un levier sur la zone 6, puis ce fut au tour de son r\u00e9servoir de liquide de frein avant de le l\u00e2cher sur la double zone de vitesse. Abandon.<\/p>\n<p> De son c\u00f4t\u00e9, les chances pour <a href=\"http:\/\/fujigas.net\/\">Takahisa Fujinami<\/a> de participer \u00e0 la finale ont \u00e9t\u00e9 ruin\u00e9es apr\u00e8s qu\u2019il ait cal\u00e9 sur la zone 5 et pris 5 points de p\u00e9nalit\u00e9. Le pilote japonais a cependant pu sauver sa quatri\u00e8me place en profitant des probl\u00e8mes de <a href=\"http:\/\/www.gasgasmotos.com\/web\/eng\/competi\/trial\/equipo\/jeroni.htm\">Fajardo<\/a>. Il doit maintenant renoncer a monter sur le podium du <a href=\"http:\/\/www.leblogmoto.com\/2007\/02\/trial_en_salle__3.html\">Championnat du Monde<\/a>, 10 points le s\u00e9parant de <a href=\"http:\/\/www.adamraga.com\/\">Raga<\/a>.<\/p>\n<p><a href=\"http:\/\/www.dougielampkin.co.uk\/\"> Dougie Lampkin<\/a> et <a href=\"http:\/\/www.tblazusiak.pl\/\">Tadeusz Blazusiak<\/a> n\u2019ont quant \u00e0 eux pas produit de prestations notables en commettant trop d\u2019erreurs.<\/p>\n<p> C\u2019est triomphalement que <a href=\"http:\/\/www.tonibou.com\/\">Toni Bou<\/a>, tout aur\u00e9ol\u00e9 de sa couronne mondiale, ach\u00e8vera ce championnat le 17 mars au Palais des Sport de Madrid.<\/p>\n<p><strong><br \/><\/strong><\/p>\n<p><strong> Classement du tour de qualification<\/strong><br \/> 1.&nbsp; Toni Bou 1<br \/> 2.&nbsp; Albert Cabestany 1<br \/> 3.&nbsp; Adam Raga 2<br \/> 4.&nbsp; Takahisa Fujinami 15<br \/> 5.&nbsp; Jeroni Fajardo 15<br \/> 6.&nbsp; Dougie Lampkin 21<br \/> 7.&nbsp; Tadeusz Blazusiak 29<\/p>\n<p><strong> Classement de la finale<\/strong><br \/> 1.&nbsp; Albert Cabestany 23<br \/> 2.&nbsp; Toni Bou 25<br \/> 3.&nbsp; Adam Raga 26<\/p>\n<p><strong> Classement de l\u2019\u00e9preuve de Menorca<\/strong><br \/> 01. Albert Cabestany 23<br \/> 02. Toni Bou 25<br \/> 03. Adam Raga 26<br \/> 04. Takahisa Fujinami 15<br \/> 05. Jeroni Fajardo 15<br \/> 06. Dougie Lampkin 21<br \/> 07. Tadeusz Blazusiak 29 <\/p>\n<p><strong> Classement du Championnat 2007<\/strong><br \/> 1. Toni Bou 59<br \/> 2. Albert Cabestany 49<br \/> 3. Adam Raga 47<br \/> 4. Takahisa Fujinami 37<br \/> 5. Dougie Lampkin 30<br \/> 6. Jeroni Fajardo 30<br \/> 7. Tadeusz Blazusiak 8<\/p>\n","protected":false},"excerpt":{"rendered":"<p>En terminant second derri\u00e8re Albert Cabestany lors de l&rsquo;avant derni\u00e8re \u00e9preuve du Championnat du Monde de Trial Indoor, hier soir \u00e0 Menorca dans les \u00celes Bal\u00e9ares, Toni Bou le plus jeune de tous les pilotes du plateau vient de s \u2018assurer le titre mondial. Une victoire sans bavures, qui offre \u00e0&nbsp; Montesa , apr\u00e8s les [&hellip;]<\/p>\n","protected":false},"author":333,"featured_media":0,"comment_status":"open","ping_status":"open","sticky":false,"template":"","format":"standard","meta":{"footnotes":""},"categories":[32],"tags":[],"class_list":["post-1525","post","type-post","status-publish","format-standard","hentry","category-sport-moto"],"yoast_head":"<!-- This site is optimized with the Yoast SEO plugin v26.0 - https:\/\/yoast.com\/wordpress\/plugins\/seo\/ -->\n<title>Trial en Salle : Bou touche les \u00e9toiles ! - leblogmoto.com<\/title>\n<meta name=\"robots\" content=\"index, follow, max-snippet:-1, max-image-preview:large, max-video-preview:-1\" \/>\n<link rel=\"canonical\" href=\"https:\/\/blogs.thesocialmedia.com\/leblogmoto\/2007\/02\/25\/trial-en-salle-4\/\" \/>\n<meta name=\"twitter:card\" content=\"summary_large_image\" \/>\n<meta name=\"twitter:title\" content=\"Trial en Salle : Bou touche les \u00e9toiles ! - leblogmoto.com\" \/>\n<meta name=\"twitter:description\" content=\"En terminant second derri\u00e8re Albert Cabestany lors de l&rsquo;avant derni\u00e8re \u00e9preuve du Championnat du Monde de Trial Indoor, hier soir \u00e0 Menorca dans les \u00celes Bal\u00e9ares, Toni Bou le plus jeune de tous les pilotes du plateau vient de s \u2018assurer le titre mondial. Une victoire sans bavures, qui offre \u00e0&nbsp; Montesa , apr\u00e8s les [&hellip;]\" \/>\n<meta name=\"twitter:image\" content=\"http:\/\/www.leblogmoto.com\/images\/137_g.jpg\" \/>\n<meta name=\"twitter:label1\" content=\"\u00c9crit par\" \/>\n\t<meta name=\"twitter:data1\" content=\"christian tirat\" \/>\n\t<meta name=\"twitter:label2\" content=\"Dur\u00e9e de lecture estim\u00e9e\" \/>\n\t<meta name=\"twitter:data2\" content=\"2 minutes\" \/>\n<script type=\"application\/ld+json\" class=\"yoast-schema-graph\">{\"@context\":\"https:\/\/schema.org\",\"@graph\":[{\"@type\":\"WebPage\",\"@id\":\"https:\/\/blogs.thesocialmedia.com\/leblogmoto\/2007\/02\/25\/trial-en-salle-4\/\",\"url\":\"https:\/\/blogs.thesocialmedia.com\/leblogmoto\/2007\/02\/25\/trial-en-salle-4\/\",\"name\":\"Trial en Salle : Bou touche les \u00e9toiles ! - leblogmoto.com\",\"isPartOf\":{\"@id\":\"https:\/\/blogs.thesocialmedia.com\/leblogmoto\/#website\"},\"primaryImageOfPage\":{\"@id\":\"https:\/\/blogs.thesocialmedia.com\/leblogmoto\/2007\/02\/25\/trial-en-salle-4\/#primaryimage\"},\"image\":{\"@id\":\"https:\/\/blogs.thesocialmedia.com\/leblogmoto\/2007\/02\/25\/trial-en-salle-4\/#primaryimage\"},\"thumbnailUrl\":\"http:\/\/www.leblogmoto.com\/images\/137_g.jpg\",\"datePublished\":\"2007-02-25T15:07:30+00:00\",\"dateModified\":\"2012-07-11T14:33:08+00:00\",\"author\":{\"@id\":\"https:\/\/blogs.thesocialmedia.com\/leblogmoto\/#\/schema\/person\/90b2f8fd0d5a2cede2580e95fc79c6c0\"},\"breadcrumb\":{\"@id\":\"https:\/\/blogs.thesocialmedia.com\/leblogmoto\/2007\/02\/25\/trial-en-salle-4\/#breadcrumb\"},\"inLanguage\":\"fr-FR\",\"potentialAction\":[{\"@type\":\"ReadAction\",\"target\":[\"https:\/\/blogs.thesocialmedia.com\/leblogmoto\/2007\/02\/25\/trial-en-salle-4\/\"]}]},{\"@type\":\"ImageObject\",\"inLanguage\":\"fr-FR\",\"@id\":\"https:\/\/blogs.thesocialmedia.com\/leblogmoto\/2007\/02\/25\/trial-en-salle-4\/#primaryimage\",\"url\":\"http:\/\/www.leblogmoto.com\/images\/137_g.jpg\",\"contentUrl\":\"http:\/\/www.leblogmoto.com\/images\/137_g.jpg\"},{\"@type\":\"BreadcrumbList\",\"@id\":\"https:\/\/blogs.thesocialmedia.com\/leblogmoto\/2007\/02\/25\/trial-en-salle-4\/#breadcrumb\",\"itemListElement\":[{\"@type\":\"ListItem\",\"position\":1,\"name\":\"Accueil\",\"item\":\"https:\/\/blogs.thesocialmedia.com\/leblogmoto\/\"},{\"@type\":\"ListItem\",\"position\":2,\"name\":\"Trial en Salle : Bou touche les \u00e9toiles !\"}]},{\"@type\":\"WebSite\",\"@id\":\"https:\/\/blogs.thesocialmedia.com\/leblogmoto\/#website\",\"url\":\"https:\/\/blogs.thesocialmedia.com\/leblogmoto\/\",\"name\":\"leblogmoto\",\"description\":\"Toute l&#039;actualit\u00e9 des 2 roues\",\"potentialAction\":[{\"@type\":\"SearchAction\",\"target\":{\"@type\":\"EntryPoint\",\"urlTemplate\":\"https:\/\/blogs.thesocialmedia.com\/leblogmoto\/?s={search_term_string}\"},\"query-input\":{\"@type\":\"PropertyValueSpecification\",\"valueRequired\":true,\"valueName\":\"search_term_string\"}}],\"inLanguage\":\"fr-FR\"},{\"@type\":\"Person\",\"@id\":\"https:\/\/blogs.thesocialmedia.com\/leblogmoto\/#\/schema\/person\/90b2f8fd0d5a2cede2580e95fc79c6c0\",\"name\":\"christian tirat\",\"image\":{\"@type\":\"ImageObject\",\"inLanguage\":\"fr-FR\",\"@id\":\"https:\/\/blogs.thesocialmedia.com\/leblogmoto\/#\/schema\/person\/image\/\",\"url\":\"https:\/\/secure.gravatar.com\/avatar\/?s=96&d=mm&r=g\",\"contentUrl\":\"https:\/\/secure.gravatar.com\/avatar\/?s=96&d=mm&r=g\",\"caption\":\"christian tirat\"},\"url\":\"https:\/\/blogs.thesocialmedia.com\/leblogmoto\/author\/christian-tirat\/\"}]}<\/script>\n<!-- \/ Yoast SEO plugin. -->","yoast_head_json":{"title":"Trial en Salle : Bou touche les \u00e9toiles ! - leblogmoto.com","robots":{"index":"index","follow":"follow","max-snippet":"max-snippet:-1","max-image-preview":"max-image-preview:large","max-video-preview":"max-video-preview:-1"},"canonical":"https:\/\/blogs.thesocialmedia.com\/leblogmoto\/2007\/02\/25\/trial-en-salle-4\/","twitter_card":"summary_large_image","twitter_title":"Trial en Salle : Bou touche les \u00e9toiles ! - leblogmoto.com","twitter_description":"En terminant second derri\u00e8re Albert Cabestany lors de l&rsquo;avant derni\u00e8re \u00e9preuve du Championnat du Monde de Trial Indoor, hier soir \u00e0 Menorca dans les \u00celes Bal\u00e9ares, Toni Bou le plus jeune de tous les pilotes du plateau vient de s \u2018assurer le titre mondial. Une victoire sans bavures, qui offre \u00e0&nbsp; Montesa , apr\u00e8s les [&hellip;]","twitter_image":"http:\/\/www.leblogmoto.com\/images\/137_g.jpg","twitter_misc":{"\u00c9crit par":"christian tirat","Dur\u00e9e de lecture estim\u00e9e":"2 minutes"},"schema":{"@context":"https:\/\/schema.org","@graph":[{"@type":"WebPage","@id":"https:\/\/blogs.thesocialmedia.com\/leblogmoto\/2007\/02\/25\/trial-en-salle-4\/","url":"https:\/\/blogs.thesocialmedia.com\/leblogmoto\/2007\/02\/25\/trial-en-salle-4\/","name":"Trial en Salle : Bou touche les \u00e9toiles ! - leblogmoto.com","isPartOf":{"@id":"https:\/\/blogs.thesocialmedia.com\/leblogmoto\/#website"},"primaryImageOfPage":{"@id":"https:\/\/blogs.thesocialmedia.com\/leblogmoto\/2007\/02\/25\/trial-en-salle-4\/#primaryimage"},"image":{"@id":"https:\/\/blogs.thesocialmedia.com\/leblogmoto\/2007\/02\/25\/trial-en-salle-4\/#primaryimage"},"thumbnailUrl":"http:\/\/www.leblogmoto.com\/images\/137_g.jpg","datePublished":"2007-02-25T15:07:30+00:00","dateModified":"2012-07-11T14:33:08+00:00","author":{"@id":"https:\/\/blogs.thesocialmedia.com\/leblogmoto\/#\/schema\/person\/90b2f8fd0d5a2cede2580e95fc79c6c0"},"breadcrumb":{"@id":"https:\/\/blogs.thesocialmedia.com\/leblogmoto\/2007\/02\/25\/trial-en-salle-4\/#breadcrumb"},"inLanguage":"fr-FR","potentialAction":[{"@type":"ReadAction","target":["https:\/\/blogs.thesocialmedia.com\/leblogmoto\/2007\/02\/25\/trial-en-salle-4\/"]}]},{"@type":"ImageObject","inLanguage":"fr-FR","@id":"https:\/\/blogs.thesocialmedia.com\/leblogmoto\/2007\/02\/25\/trial-en-salle-4\/#primaryimage","url":"http:\/\/www.leblogmoto.com\/images\/137_g.jpg","contentUrl":"http:\/\/www.leblogmoto.com\/images\/137_g.jpg"},{"@type":"BreadcrumbList","@id":"https:\/\/blogs.thesocialmedia.com\/leblogmoto\/2007\/02\/25\/trial-en-salle-4\/#breadcrumb","itemListElement":[{"@type":"ListItem","position":1,"name":"Accueil","item":"https:\/\/blogs.thesocialmedia.com\/leblogmoto\/"},{"@type":"ListItem","position":2,"name":"Trial en Salle : Bou touche les \u00e9toiles !"}]},{"@type":"WebSite","@id":"https:\/\/blogs.thesocialmedia.com\/leblogmoto\/#website","url":"https:\/\/blogs.thesocialmedia.com\/leblogmoto\/","name":"leblogmoto","description":"Toute l&#039;actualit\u00e9 des 2 roues","potentialAction":[{"@type":"SearchAction","target":{"@type":"EntryPoint","urlTemplate":"https:\/\/blogs.thesocialmedia.com\/leblogmoto\/?s={search_term_string}"},"query-input":{"@type":"PropertyValueSpecification","valueRequired":true,"valueName":"search_term_string"}}],"inLanguage":"fr-FR"},{"@type":"Person","@id":"https:\/\/blogs.thesocialmedia.com\/leblogmoto\/#\/schema\/person\/90b2f8fd0d5a2cede2580e95fc79c6c0","name":"christian tirat","image":{"@type":"ImageObject","inLanguage":"fr-FR","@id":"https:\/\/blogs.thesocialmedia.com\/leblogmoto\/#\/schema\/person\/image\/","url":"https:\/\/secure.gravatar.com\/avatar\/?s=96&d=mm&r=g","contentUrl":"https:\/\/secure.gravatar.com\/avatar\/?s=96&d=mm&r=g","caption":"christian tirat"},"url":"https:\/\/blogs.thesocialmedia.com\/leblogmoto\/author\/christian-tirat\/"}]}},"_links":{"self":[{"href":"https:\/\/blogs.thesocialmedia.com\/leblogmoto\/wp-json\/wp\/v2\/posts\/1525","targetHints":{"allow":["GET"]}}],"collection":[{"href":"https:\/\/blogs.thesocialmedia.com\/leblogmoto\/wp-json\/wp\/v2\/posts"}],"about":[{"href":"https:\/\/blogs.thesocialmedia.com\/leblogmoto\/wp-json\/wp\/v2\/types\/post"}],"author":[{"embeddable":true,"href":"https:\/\/blogs.thesocialmedia.com\/leblogmoto\/wp-json\/wp\/v2\/users\/333"}],"replies":[{"embeddable":true,"href":"https:\/\/blogs.thesocialmedia.com\/leblogmoto\/wp-json\/wp\/v2\/comments?post=1525"}],"version-history":[{"count":2,"href":"https:\/\/blogs.thesocialmedia.com\/leblogmoto\/wp-json\/wp\/v2\/posts\/1525\/revisions"}],"predecessor-version":[{"id":8083,"href":"https:\/\/blogs.thesocialmedia.com\/leblogmoto\/wp-json\/wp\/v2\/posts\/1525\/revisions\/8083"}],"wp:attachment":[{"href":"https:\/\/blogs.thesocialmedia.com\/leblogmoto\/wp-json\/wp\/v2\/media?parent=1525"}],"wp:term":[{"taxonomy":"category","embeddable":true,"href":"https:\/\/blogs.thesocialmedia.com\/leblogmoto\/wp-json\/wp\/v2\/categories?post=1525"},{"taxonomy":"post_tag","embeddable":true,"href":"https:\/\/blogs.thesocialmedia.com\/leblogmoto\/wp-json\/wp\/v2\/tags?post=1525"}],"curies":[{"name":"wp","href":"https:\/\/api.w.org\/{rel}","templated":true}]}}