{"id":1526,"date":"2007-02-25T13:14:48","date_gmt":"2007-02-25T13:14:48","guid":{"rendered":"http:\/\/blogs.thesocialmedia.com\/leblogmoto\/2007\/02\/25\/supersport-qata\/"},"modified":"2012-07-11T14:33:06","modified_gmt":"2012-07-11T14:33:06","slug":"supersport-qata","status":"publish","type":"post","link":"https:\/\/blogs.thesocialmedia.com\/leblogmoto\/2007\/02\/25\/supersport-qata\/","title":{"rendered":"SuperSport : Qatar Sofuoglu fort comme un Turc"},"content":{"rendered":"<p><a href=\"http:\/\/blogs.thesocialmedia.com\/leblogmoto\/files\/2012\/07\/supersport2_2.jpg\"><img loading=\"lazy\" decoding=\"async\" width=\"250\" height=\"149\"  alt=\"Supersport2_2\" src=\"http:\/\/www.leblogmoto.com\/images\/supersport2_2.jpg\" style=\"margin: 0px 5px 5px 0px;float: left\" \/><\/a> Comme en <a href=\"http:\/\/www.leblogmoto.com\/2007\/02\/superbike_biagg.html#more\">SuperBike<\/a> la premi\u00e8re manche du Championnat SuperSport qui de d\u00e9roulait samedi sur le circuit Qatari de Losail n\u2019aura pas \u00e9t\u00e9 favorable aux champions en titre. C\u2019est ainsi que le double champion du Monde tricolore, S\u00e9bastien Charpentier (Honda Ten Kate), apr\u00e8s une \u00e2pre lutte avec Kevin Curtain (Yamaha) qui avait pris la t\u00eate d\u00e8s le d\u00e9part, parvenait \u00e0 le passer en compagnie de son co\u00e9quipier Sofuoglu \u00e0 deux tours de la fin. <\/p>\n<p><a href=\"http:\/\/clabedan.typepad.com\/.shared\/image.html?\/photos\/uncategorized\/charpentierhondasp_losail.jpg\"><img loading=\"lazy\" decoding=\"async\" width=\"250\" height=\"169\"  src=\"http:\/\/www.leblogmoto.com\/images\/charpentierhondasp_losail.jpg\" alt=\"Charpentierhondasp_losail\" style=\"margin: 0px 5px 5px 0px;float: left\" \/><\/a> Mais dans ce duel fratricide, Charpentier partit \u00e0 la faute dans l\u2019\u00e9pingle au seizi\u00e8me tour. Une chute qui le contraint a abandonner pour c\u00e9der sa place de leader \u00e0 l\u2019ambitieux <a href=\"http:\/\/www.kenansofuoglu.com\/\">Kenan Sofuoglu<\/a> d\u00e9cid\u00e9ment tr\u00e8s fort. Dommage car l\u2019\u00e9curie rate un doubl\u00e9 qui eut \u00e9t\u00e9 de bon augure en ce d\u00e9but de saison. <br \/><a href=\"http:\/\/clabedan.typepad.com\/.shared\/image.html?\/photos\/uncategorized\/supersport1_1.jpg\"><img loading=\"lazy\" decoding=\"async\" width=\"250\" height=\"149\"  src=\"http:\/\/www.leblogmoto.com\/images\/supersport1_1.jpg\" alt=\"Supersport1_1\" style=\"margin: 0px 5px 5px 0px;float: left\" \/><\/a> Curtain et <a href=\"http:\/\/m347.com\/Katsu\/\">Fujirawa<\/a> s\u2019attribuent la seconde et la troisi\u00e8me marche du podium. Le Fran\u00e7ais champion du Monde en 2003 <a href=\"http:\/\/www.esprit-racing.com\/pilo\/fafor.htm\">Fabien Foret<\/a> (Kawasaki) se classe quatri\u00e8me devant son \u00e9quipier espagnol Pere Riba. <br \/><a href=\"http:\/\/clabedan.typepad.com\/.shared\/image.html?\/photos\/uncategorized\/supersport3.jpg\"><img loading=\"lazy\" decoding=\"async\" width=\"250\" height=\"149\"  src=\"http:\/\/www.leblogmoto.com\/images\/supersport3.jpg\" alt=\"Supersport3\" style=\"margin: 0px 5px 5px 0px;float: left\" \/><\/a> Pour le reste des pilotes fran\u00e7ais la r\u00e9ussite n\u2019a pas voulu leur sourire, ainsi <a href=\"http:\/\/www.sebgimbert.com\/\">S\u00e9bastien Gimbert<\/a> (Yamaha) subissait une chute collective et spectaculaire \u00e0 mi course. <a href=\"http:\/\/www.yoann-tiberio.com\/\">Yohan Tiberio<\/a> (Honda), Gr\u00e9gory Leblanc (Honda) ont aussi abandonn\u00e9.<\/p>\n<p> Le prochain rendez vous de la saison du Championnat du Monde SuperSport aura lieu la semaine prochaine, du 2 au 4 mars en Australie sur le circuit de Phillip Island. <\/p>\n<p><strong><br \/><\/strong><\/p>\n<p><strong><br \/><\/strong><\/p>\n<p><strong> Classement SuperSport de Losail:<\/strong><\/p>\n<p> 1 Sofuoglu K. Hannspree Ten Kate Honda CBR600RR 37\u201922.452 18<br \/> 2 Curtain K. Yamaha World SSP RT Yamaha YZF-R6 37\u201925.865 18<br \/> 3 Fujiwara K. Althea Honda Team CBR600RR 37\u201928.680 18<br \/> 4 Foret F. Team Gil Motor Sport. Kawasaki ZX-6R 37\u201936.211 18<br \/> 5 Riba P. Team Gil Motor Sport. Kawasaki ZX-6R 37\u201936.309 18<br \/> 6 Harms R. Stiggy Motorsport Honda CBR600RR 37\u201936.986 18<br \/> 7 Roccoli M. Yamaha Team Italia YZF-R6 37\u201941.102 18<br \/> 8 Nannelli G. Team Caracchi Ducati SC 749R 37\u201941.227 18<br \/> 9 Veneman B. Team Hoegee Suzuki GSX-R600 37\u201941.743 18<br \/> 10 Kallio V. Team Hoegee Suzuki GSX-R600 37\u201943.047 18<\/p>\n","protected":false},"excerpt":{"rendered":"<p>Comme en SuperBike la premi\u00e8re manche du Championnat SuperSport qui de d\u00e9roulait samedi sur le circuit Qatari de Losail n\u2019aura pas \u00e9t\u00e9 favorable aux champions en titre. C\u2019est ainsi que le double champion du Monde tricolore, S\u00e9bastien Charpentier (Honda Ten Kate), apr\u00e8s une \u00e2pre lutte avec Kevin Curtain (Yamaha) qui avait pris la t\u00eate d\u00e8s [&hellip;]<\/p>\n","protected":false},"author":333,"featured_media":0,"comment_status":"open","ping_status":"open","sticky":false,"template":"","format":"standard","meta":{"footnotes":""},"categories":[46],"tags":[],"class_list":["post-1526","post","type-post","status-publish","format-standard","hentry","category-superbike"],"yoast_head":"<!-- This site is optimized with the Yoast SEO plugin v26.0 - https:\/\/yoast.com\/wordpress\/plugins\/seo\/ -->\n<title>SuperSport : Qatar Sofuoglu fort comme un Turc - leblogmoto.com<\/title>\n<meta name=\"robots\" content=\"index, follow, max-snippet:-1, max-image-preview:large, max-video-preview:-1\" \/>\n<link rel=\"canonical\" href=\"https:\/\/blogs.thesocialmedia.com\/leblogmoto\/2007\/02\/25\/supersport-qata\/\" \/>\n<meta name=\"twitter:card\" content=\"summary_large_image\" \/>\n<meta name=\"twitter:title\" content=\"SuperSport : Qatar Sofuoglu fort comme un Turc - leblogmoto.com\" \/>\n<meta name=\"twitter:description\" content=\"Comme en SuperBike la premi\u00e8re manche du Championnat SuperSport qui de d\u00e9roulait samedi sur le circuit Qatari de Losail n\u2019aura pas \u00e9t\u00e9 favorable aux champions en titre. C\u2019est ainsi que le double champion du Monde tricolore, S\u00e9bastien Charpentier (Honda Ten Kate), apr\u00e8s une \u00e2pre lutte avec Kevin Curtain (Yamaha) qui avait pris la t\u00eate d\u00e8s [&hellip;]\" \/>\n<meta name=\"twitter:image\" content=\"http:\/\/www.leblogmoto.com\/images\/supersport2_2.jpg\" \/>\n<meta name=\"twitter:label1\" content=\"\u00c9crit par\" \/>\n\t<meta name=\"twitter:data1\" content=\"christian tirat\" \/>\n\t<meta name=\"twitter:label2\" content=\"Dur\u00e9e de lecture estim\u00e9e\" \/>\n\t<meta name=\"twitter:data2\" content=\"2 minutes\" \/>\n<script type=\"application\/ld+json\" class=\"yoast-schema-graph\">{\"@context\":\"https:\/\/schema.org\",\"@graph\":[{\"@type\":\"WebPage\",\"@id\":\"https:\/\/blogs.thesocialmedia.com\/leblogmoto\/2007\/02\/25\/supersport-qata\/\",\"url\":\"https:\/\/blogs.thesocialmedia.com\/leblogmoto\/2007\/02\/25\/supersport-qata\/\",\"name\":\"SuperSport : Qatar Sofuoglu fort comme un Turc - leblogmoto.com\",\"isPartOf\":{\"@id\":\"https:\/\/blogs.thesocialmedia.com\/leblogmoto\/#website\"},\"primaryImageOfPage\":{\"@id\":\"https:\/\/blogs.thesocialmedia.com\/leblogmoto\/2007\/02\/25\/supersport-qata\/#primaryimage\"},\"image\":{\"@id\":\"https:\/\/blogs.thesocialmedia.com\/leblogmoto\/2007\/02\/25\/supersport-qata\/#primaryimage\"},\"thumbnailUrl\":\"http:\/\/www.leblogmoto.com\/images\/supersport2_2.jpg\",\"datePublished\":\"2007-02-25T13:14:48+00:00\",\"dateModified\":\"2012-07-11T14:33:06+00:00\",\"author\":{\"@id\":\"https:\/\/blogs.thesocialmedia.com\/leblogmoto\/#\/schema\/person\/90b2f8fd0d5a2cede2580e95fc79c6c0\"},\"breadcrumb\":{\"@id\":\"https:\/\/blogs.thesocialmedia.com\/leblogmoto\/2007\/02\/25\/supersport-qata\/#breadcrumb\"},\"inLanguage\":\"fr-FR\",\"potentialAction\":[{\"@type\":\"ReadAction\",\"target\":[\"https:\/\/blogs.thesocialmedia.com\/leblogmoto\/2007\/02\/25\/supersport-qata\/\"]}]},{\"@type\":\"ImageObject\",\"inLanguage\":\"fr-FR\",\"@id\":\"https:\/\/blogs.thesocialmedia.com\/leblogmoto\/2007\/02\/25\/supersport-qata\/#primaryimage\",\"url\":\"http:\/\/www.leblogmoto.com\/images\/supersport2_2.jpg\",\"contentUrl\":\"http:\/\/www.leblogmoto.com\/images\/supersport2_2.jpg\"},{\"@type\":\"BreadcrumbList\",\"@id\":\"https:\/\/blogs.thesocialmedia.com\/leblogmoto\/2007\/02\/25\/supersport-qata\/#breadcrumb\",\"itemListElement\":[{\"@type\":\"ListItem\",\"position\":1,\"name\":\"Accueil\",\"item\":\"https:\/\/blogs.thesocialmedia.com\/leblogmoto\/\"},{\"@type\":\"ListItem\",\"position\":2,\"name\":\"SuperSport : Qatar Sofuoglu fort comme un Turc\"}]},{\"@type\":\"WebSite\",\"@id\":\"https:\/\/blogs.thesocialmedia.com\/leblogmoto\/#website\",\"url\":\"https:\/\/blogs.thesocialmedia.com\/leblogmoto\/\",\"name\":\"leblogmoto\",\"description\":\"Toute l&#039;actualit\u00e9 des 2 roues\",\"potentialAction\":[{\"@type\":\"SearchAction\",\"target\":{\"@type\":\"EntryPoint\",\"urlTemplate\":\"https:\/\/blogs.thesocialmedia.com\/leblogmoto\/?s={search_term_string}\"},\"query-input\":{\"@type\":\"PropertyValueSpecification\",\"valueRequired\":true,\"valueName\":\"search_term_string\"}}],\"inLanguage\":\"fr-FR\"},{\"@type\":\"Person\",\"@id\":\"https:\/\/blogs.thesocialmedia.com\/leblogmoto\/#\/schema\/person\/90b2f8fd0d5a2cede2580e95fc79c6c0\",\"name\":\"christian tirat\",\"image\":{\"@type\":\"ImageObject\",\"inLanguage\":\"fr-FR\",\"@id\":\"https:\/\/blogs.thesocialmedia.com\/leblogmoto\/#\/schema\/person\/image\/\",\"url\":\"https:\/\/secure.gravatar.com\/avatar\/?s=96&d=mm&r=g\",\"contentUrl\":\"https:\/\/secure.gravatar.com\/avatar\/?s=96&d=mm&r=g\",\"caption\":\"christian tirat\"},\"url\":\"https:\/\/blogs.thesocialmedia.com\/leblogmoto\/author\/christian-tirat\/\"}]}<\/script>\n<!-- \/ Yoast SEO plugin. -->","yoast_head_json":{"title":"SuperSport : Qatar Sofuoglu fort comme un Turc - leblogmoto.com","robots":{"index":"index","follow":"follow","max-snippet":"max-snippet:-1","max-image-preview":"max-image-preview:large","max-video-preview":"max-video-preview:-1"},"canonical":"https:\/\/blogs.thesocialmedia.com\/leblogmoto\/2007\/02\/25\/supersport-qata\/","twitter_card":"summary_large_image","twitter_title":"SuperSport : Qatar Sofuoglu fort comme un Turc - leblogmoto.com","twitter_description":"Comme en SuperBike la premi\u00e8re manche du Championnat SuperSport qui de d\u00e9roulait samedi sur le circuit Qatari de Losail n\u2019aura pas \u00e9t\u00e9 favorable aux champions en titre. C\u2019est ainsi que le double champion du Monde tricolore, S\u00e9bastien Charpentier (Honda Ten Kate), apr\u00e8s une \u00e2pre lutte avec Kevin Curtain (Yamaha) qui avait pris la t\u00eate d\u00e8s [&hellip;]","twitter_image":"http:\/\/www.leblogmoto.com\/images\/supersport2_2.jpg","twitter_misc":{"\u00c9crit par":"christian tirat","Dur\u00e9e de lecture estim\u00e9e":"2 minutes"},"schema":{"@context":"https:\/\/schema.org","@graph":[{"@type":"WebPage","@id":"https:\/\/blogs.thesocialmedia.com\/leblogmoto\/2007\/02\/25\/supersport-qata\/","url":"https:\/\/blogs.thesocialmedia.com\/leblogmoto\/2007\/02\/25\/supersport-qata\/","name":"SuperSport : Qatar Sofuoglu fort comme un Turc - leblogmoto.com","isPartOf":{"@id":"https:\/\/blogs.thesocialmedia.com\/leblogmoto\/#website"},"primaryImageOfPage":{"@id":"https:\/\/blogs.thesocialmedia.com\/leblogmoto\/2007\/02\/25\/supersport-qata\/#primaryimage"},"image":{"@id":"https:\/\/blogs.thesocialmedia.com\/leblogmoto\/2007\/02\/25\/supersport-qata\/#primaryimage"},"thumbnailUrl":"http:\/\/www.leblogmoto.com\/images\/supersport2_2.jpg","datePublished":"2007-02-25T13:14:48+00:00","dateModified":"2012-07-11T14:33:06+00:00","author":{"@id":"https:\/\/blogs.thesocialmedia.com\/leblogmoto\/#\/schema\/person\/90b2f8fd0d5a2cede2580e95fc79c6c0"},"breadcrumb":{"@id":"https:\/\/blogs.thesocialmedia.com\/leblogmoto\/2007\/02\/25\/supersport-qata\/#breadcrumb"},"inLanguage":"fr-FR","potentialAction":[{"@type":"ReadAction","target":["https:\/\/blogs.thesocialmedia.com\/leblogmoto\/2007\/02\/25\/supersport-qata\/"]}]},{"@type":"ImageObject","inLanguage":"fr-FR","@id":"https:\/\/blogs.thesocialmedia.com\/leblogmoto\/2007\/02\/25\/supersport-qata\/#primaryimage","url":"http:\/\/www.leblogmoto.com\/images\/supersport2_2.jpg","contentUrl":"http:\/\/www.leblogmoto.com\/images\/supersport2_2.jpg"},{"@type":"BreadcrumbList","@id":"https:\/\/blogs.thesocialmedia.com\/leblogmoto\/2007\/02\/25\/supersport-qata\/#breadcrumb","itemListElement":[{"@type":"ListItem","position":1,"name":"Accueil","item":"https:\/\/blogs.thesocialmedia.com\/leblogmoto\/"},{"@type":"ListItem","position":2,"name":"SuperSport : Qatar Sofuoglu fort comme un Turc"}]},{"@type":"WebSite","@id":"https:\/\/blogs.thesocialmedia.com\/leblogmoto\/#website","url":"https:\/\/blogs.thesocialmedia.com\/leblogmoto\/","name":"leblogmoto","description":"Toute l&#039;actualit\u00e9 des 2 roues","potentialAction":[{"@type":"SearchAction","target":{"@type":"EntryPoint","urlTemplate":"https:\/\/blogs.thesocialmedia.com\/leblogmoto\/?s={search_term_string}"},"query-input":{"@type":"PropertyValueSpecification","valueRequired":true,"valueName":"search_term_string"}}],"inLanguage":"fr-FR"},{"@type":"Person","@id":"https:\/\/blogs.thesocialmedia.com\/leblogmoto\/#\/schema\/person\/90b2f8fd0d5a2cede2580e95fc79c6c0","name":"christian tirat","image":{"@type":"ImageObject","inLanguage":"fr-FR","@id":"https:\/\/blogs.thesocialmedia.com\/leblogmoto\/#\/schema\/person\/image\/","url":"https:\/\/secure.gravatar.com\/avatar\/?s=96&d=mm&r=g","contentUrl":"https:\/\/secure.gravatar.com\/avatar\/?s=96&d=mm&r=g","caption":"christian tirat"},"url":"https:\/\/blogs.thesocialmedia.com\/leblogmoto\/author\/christian-tirat\/"}]}},"_links":{"self":[{"href":"https:\/\/blogs.thesocialmedia.com\/leblogmoto\/wp-json\/wp\/v2\/posts\/1526","targetHints":{"allow":["GET"]}}],"collection":[{"href":"https:\/\/blogs.thesocialmedia.com\/leblogmoto\/wp-json\/wp\/v2\/posts"}],"about":[{"href":"https:\/\/blogs.thesocialmedia.com\/leblogmoto\/wp-json\/wp\/v2\/types\/post"}],"author":[{"embeddable":true,"href":"https:\/\/blogs.thesocialmedia.com\/leblogmoto\/wp-json\/wp\/v2\/users\/333"}],"replies":[{"embeddable":true,"href":"https:\/\/blogs.thesocialmedia.com\/leblogmoto\/wp-json\/wp\/v2\/comments?post=1526"}],"version-history":[{"count":2,"href":"https:\/\/blogs.thesocialmedia.com\/leblogmoto\/wp-json\/wp\/v2\/posts\/1526\/revisions"}],"predecessor-version":[{"id":8081,"href":"https:\/\/blogs.thesocialmedia.com\/leblogmoto\/wp-json\/wp\/v2\/posts\/1526\/revisions\/8081"}],"wp:attachment":[{"href":"https:\/\/blogs.thesocialmedia.com\/leblogmoto\/wp-json\/wp\/v2\/media?parent=1526"}],"wp:term":[{"taxonomy":"category","embeddable":true,"href":"https:\/\/blogs.thesocialmedia.com\/leblogmoto\/wp-json\/wp\/v2\/categories?post=1526"},{"taxonomy":"post_tag","embeddable":true,"href":"https:\/\/blogs.thesocialmedia.com\/leblogmoto\/wp-json\/wp\/v2\/tags?post=1526"}],"curies":[{"name":"wp","href":"https:\/\/api.w.org\/{rel}","templated":true}]}}