{"id":1527,"date":"2007-02-25T11:31:58","date_gmt":"2007-02-25T11:31:58","guid":{"rendered":"http:\/\/blogs.thesocialmedia.com\/leblogmoto\/2007\/02\/25\/superbike-biagg\/"},"modified":"2012-07-11T14:33:04","modified_gmt":"2012-07-11T14:33:04","slug":"superbike-biagg","status":"publish","type":"post","link":"https:\/\/blogs.thesocialmedia.com\/leblogmoto\/2007\/02\/25\/superbike-biagg\/","title":{"rendered":"Superbike : Biaggi le \u00ab rookie \u00bb l\u2019emporte"},"content":{"rendered":"<p><a href=\"http:\/\/blogs.thesocialmedia.com\/leblogmoto\/files\/2012\/07\/podium_biaggi_1.jpg\"><img loading=\"lazy\" decoding=\"async\" width=\"250\" height=\"149\"  src=\"http:\/\/www.leblogmoto.com\/images\/podium_biaggi_1.jpg\" alt=\"Podium_biaggi_1\" style=\"margin: 0px 5px 5px 0px;float: left\" \/><\/a> Venu du monde des <a href=\"http:\/\/www.leblogmoto.com\/2007\/02\/motogp_melandri.html#more\">Moto GP<\/a>, l\u2019Italien <a href=\"http:\/\/www.max-biaggi.com\/\">Max Biaggi<\/a> (Suzuki) a r\u00e9ussi une entr\u00e9e en fanfare sur les circuits du WSBK 2007. <br \/>\u00e9j\u00e0 dans le top trois des s\u00e9ances de qualification, le \u00ab rookie \u00bb romain a remport\u00e9 la premi\u00e8re manche du circuit de Losail au Qatar avant de se classer deuxi\u00e8me de la seconde manche. Le nouveau venu en Superbike se place ainsi \u00e0 l\u2019issue de sa toute premi\u00e8re course&nbsp; leader ex aequo du classement provisoire, place qu\u2019il partage avec&nbsp; <a href=\"http:\/\/www.jamestoseland.net\/\">James Toseland<\/a> (Honda). <\/p>\n<p><a href=\"http:\/\/clabedan.typepad.com\/.shared\/image.html?\/photos\/uncategorized\/01_1.jpg\"><img loading=\"lazy\" decoding=\"async\" width=\"250\" height=\"149\"  src=\"http:\/\/www.leblogmoto.com\/images\/01_1.jpg\" alt=\"01_1\" style=\"margin: 0px 5px 5px 0px;float: left\" \/><\/a> Ce sont deux fois 18 tours d\u2019anthologie que les deux hommes ont r\u00e9alis\u00e9 samedi en s\u2019\u00e9changeant les r\u00e9sultats entre la premi\u00e8re et seconde manche. Si dans la premi\u00e8re manche le Britanique <a href=\"http:\/\/www.jamestoseland.net\/\">James Toseland<\/a> n\u2019a rien pu faire pour contrer <a href=\"http:\/\/www.max-biaggi.com\/\">Biaggi<\/a> qui l\u2019a d\u00e9croch\u00e9 \u00e0 six tours de la fin, il a su en revanche lui r\u00e9sister jusqu\u2019au bout de la seconde pour terminer en t\u00eate.<br \/><a href=\"http:\/\/clabedan.typepad.com\/.shared\/image.html?\/photos\/uncategorized\/haga_1.jpg\"><img loading=\"lazy\" decoding=\"async\" width=\"250\" height=\"149\"  src=\"http:\/\/www.leblogmoto.com\/images\/haga_1.jpg\" alt=\"Haga_1\" style=\"margin: 0px 5px 5px 0px;float: left\" \/><\/a> Ce d\u00e9but de championnat ne pouvait pas \u00eatre plus r\u00e9ussi pour l\u2019Italien qui reste cependant prudent quant \u00e0 la suite de la saison. \u00ab Cette victoire \u00e9tait importante car beaucoup m\u2019attendaient au tournant. Aujourd\u2019hui j\u2019ai <a href=\"http:\/\/blogs.thesocialmedia.com\/leblogmoto\/files\/2012\/07\/bayliss_1.jpg\"><img loading=\"lazy\" decoding=\"async\" width=\"250\" height=\"149\"  src=\"http:\/\/www.leblogmoto.com\/images\/bayliss_1.jpg\" alt=\"Bayliss_1\" style=\"margin: 0px 5px 5px 0px;float: left\" \/><\/a> prouv\u00e9 que j\u2019\u00e9tais comp\u00e9titif mais cela ne veut pas dire que toute la saison sera sur le m\u00eame moule. Il faut rester concentr\u00e9 en vue de la prochaine \u00e9preuve \u00bb Cerise sur le g\u00e2teau, le pilote romain s\u2019est aussi offert le luxe de signer les deux meilleurs temps en course et le record du tour en course en 1&rsquo;59.194.<\/p>\n<p> Derri\u00e8re les deux leaders, saluons la performance en seconde manche des pilotes Yamaha R1 <a href=\"http:\/\/www.troycorser.com\/\">Troy Corser<\/a> et <a href=\"http:\/\/www.kimura-inc.com\/yamaha\/noriyuki\/\">Noriyuki Haga<\/a> qui confirment les progr\u00e8s r\u00e9alis\u00e9s sur la R1 en se classant 3\u00e8me et 4\u00e8me. Sans des probl\u00e8mes de pneumatiques dans la premi\u00e8re manche, ils auraient sans doute pu esp\u00e8rer un meilleur r\u00e9sultat. Ils sont en tout cas de s\u00e9rieux clients pour la suite du championnat.<\/p>\n<p><a href=\"http:\/\/clabedan.typepad.com\/.shared\/image.html?\/photos\/uncategorized\/lanzi_2.jpg\"><img loading=\"lazy\" decoding=\"async\" width=\"250\" height=\"149\"  src=\"http:\/\/www.leblogmoto.com\/images\/lanzi_2.jpg\" alt=\"Lanzi_2\" style=\"margin: 0px 5px 5px 0px;float: left\" \/><\/a> Plus inqui\u00e9tant est le cas du champion du Monde en titre <a href=\"http:\/\/www.troybayliss.com\/\">Troy Bayliss<\/a> (Ducati). L\u2019homme \u00e0 battre est rest\u00e9 m\u00e9diocre pendant les essais et il n\u2019a pas pu redresser la situation durant les courses. Cinqui\u00e8me et huiti\u00e8me, l\u2019Australien a termin\u00e9 \u00e0 chaque fois derri\u00e8re son co\u00e9quipier, <a href=\"http:\/\/www.lorenzolanzi.it\/\">Lanzi<\/a>, 3\u00e8me de la premi\u00e8re manche. Il est vrai que le circuit Qarari ne semble pas lui porter chance, ainsi l\u2019an dernier l\u2019Australien avait d\u00e9j\u00e0 ram\u00e9 \u00e0 Losail derri\u00e8re ses adversaires. En tout cas Bayliss devra vite se reprendre s\u2019il veut conserver sa couronne. <\/p>\n<p> Nous serons fix\u00e9 d\u00e8s le week-end prochain en Australie o\u00f9, <a href=\"http:\/\/www.troybayliss.com\/\">Bayliss<\/a> \u00e0 domicile entend bien marquer des points.<\/p>\n<p> R\u00e9gis Laconi&nbsp; le seul pilote tricolore engag\u00e9 dans la cat\u00e9gorie, se classe 18\u00e8me de la premi\u00e8re manche puis 11\u00e8me de la seconde au guidon de sa Kawasaki. <\/p>\n","protected":false},"excerpt":{"rendered":"<p>Venu du monde des Moto GP, l\u2019Italien Max Biaggi (Suzuki) a r\u00e9ussi une entr\u00e9e en fanfare sur les circuits du WSBK 2007. \u00e9j\u00e0 dans le top trois des s\u00e9ances de qualification, le \u00ab rookie \u00bb romain a remport\u00e9 la premi\u00e8re manche du circuit de Losail au Qatar avant de se classer deuxi\u00e8me de la seconde [&hellip;]<\/p>\n","protected":false},"author":333,"featured_media":0,"comment_status":"open","ping_status":"open","sticky":false,"template":"","format":"standard","meta":{"footnotes":""},"categories":[46],"tags":[],"class_list":["post-1527","post","type-post","status-publish","format-standard","hentry","category-superbike"],"yoast_head":"<!-- This site is optimized with the Yoast SEO plugin v26.0 - https:\/\/yoast.com\/wordpress\/plugins\/seo\/ -->\n<title>Superbike : Biaggi le \u00ab rookie \u00bb l\u2019emporte - leblogmoto.com<\/title>\n<meta name=\"robots\" content=\"index, follow, max-snippet:-1, max-image-preview:large, max-video-preview:-1\" \/>\n<link rel=\"canonical\" href=\"https:\/\/blogs.thesocialmedia.com\/leblogmoto\/2007\/02\/25\/superbike-biagg\/\" \/>\n<meta name=\"twitter:card\" content=\"summary_large_image\" \/>\n<meta name=\"twitter:title\" content=\"Superbike : Biaggi le \u00ab rookie \u00bb l\u2019emporte - leblogmoto.com\" \/>\n<meta name=\"twitter:description\" content=\"Venu du monde des Moto GP, l\u2019Italien Max Biaggi (Suzuki) a r\u00e9ussi une entr\u00e9e en fanfare sur les circuits du WSBK 2007. \u00e9j\u00e0 dans le top trois des s\u00e9ances de qualification, le \u00ab rookie \u00bb romain a remport\u00e9 la premi\u00e8re manche du circuit de Losail au Qatar avant de se classer deuxi\u00e8me de la seconde [&hellip;]\" \/>\n<meta name=\"twitter:image\" content=\"http:\/\/www.leblogmoto.com\/images\/podium_biaggi_1.jpg\" \/>\n<meta name=\"twitter:label1\" content=\"\u00c9crit par\" \/>\n\t<meta name=\"twitter:data1\" content=\"christian tirat\" \/>\n\t<meta name=\"twitter:label2\" content=\"Dur\u00e9e de lecture estim\u00e9e\" \/>\n\t<meta name=\"twitter:data2\" content=\"2 minutes\" \/>\n<script type=\"application\/ld+json\" class=\"yoast-schema-graph\">{\"@context\":\"https:\/\/schema.org\",\"@graph\":[{\"@type\":\"WebPage\",\"@id\":\"https:\/\/blogs.thesocialmedia.com\/leblogmoto\/2007\/02\/25\/superbike-biagg\/\",\"url\":\"https:\/\/blogs.thesocialmedia.com\/leblogmoto\/2007\/02\/25\/superbike-biagg\/\",\"name\":\"Superbike : Biaggi le \u00ab rookie \u00bb l\u2019emporte - leblogmoto.com\",\"isPartOf\":{\"@id\":\"https:\/\/blogs.thesocialmedia.com\/leblogmoto\/#website\"},\"primaryImageOfPage\":{\"@id\":\"https:\/\/blogs.thesocialmedia.com\/leblogmoto\/2007\/02\/25\/superbike-biagg\/#primaryimage\"},\"image\":{\"@id\":\"https:\/\/blogs.thesocialmedia.com\/leblogmoto\/2007\/02\/25\/superbike-biagg\/#primaryimage\"},\"thumbnailUrl\":\"http:\/\/www.leblogmoto.com\/images\/podium_biaggi_1.jpg\",\"datePublished\":\"2007-02-25T11:31:58+00:00\",\"dateModified\":\"2012-07-11T14:33:04+00:00\",\"author\":{\"@id\":\"https:\/\/blogs.thesocialmedia.com\/leblogmoto\/#\/schema\/person\/90b2f8fd0d5a2cede2580e95fc79c6c0\"},\"breadcrumb\":{\"@id\":\"https:\/\/blogs.thesocialmedia.com\/leblogmoto\/2007\/02\/25\/superbike-biagg\/#breadcrumb\"},\"inLanguage\":\"fr-FR\",\"potentialAction\":[{\"@type\":\"ReadAction\",\"target\":[\"https:\/\/blogs.thesocialmedia.com\/leblogmoto\/2007\/02\/25\/superbike-biagg\/\"]}]},{\"@type\":\"ImageObject\",\"inLanguage\":\"fr-FR\",\"@id\":\"https:\/\/blogs.thesocialmedia.com\/leblogmoto\/2007\/02\/25\/superbike-biagg\/#primaryimage\",\"url\":\"http:\/\/www.leblogmoto.com\/images\/podium_biaggi_1.jpg\",\"contentUrl\":\"http:\/\/www.leblogmoto.com\/images\/podium_biaggi_1.jpg\"},{\"@type\":\"BreadcrumbList\",\"@id\":\"https:\/\/blogs.thesocialmedia.com\/leblogmoto\/2007\/02\/25\/superbike-biagg\/#breadcrumb\",\"itemListElement\":[{\"@type\":\"ListItem\",\"position\":1,\"name\":\"Accueil\",\"item\":\"https:\/\/blogs.thesocialmedia.com\/leblogmoto\/\"},{\"@type\":\"ListItem\",\"position\":2,\"name\":\"Superbike : Biaggi le \u00ab rookie \u00bb l\u2019emporte\"}]},{\"@type\":\"WebSite\",\"@id\":\"https:\/\/blogs.thesocialmedia.com\/leblogmoto\/#website\",\"url\":\"https:\/\/blogs.thesocialmedia.com\/leblogmoto\/\",\"name\":\"leblogmoto\",\"description\":\"Toute l&#039;actualit\u00e9 des 2 roues\",\"potentialAction\":[{\"@type\":\"SearchAction\",\"target\":{\"@type\":\"EntryPoint\",\"urlTemplate\":\"https:\/\/blogs.thesocialmedia.com\/leblogmoto\/?s={search_term_string}\"},\"query-input\":{\"@type\":\"PropertyValueSpecification\",\"valueRequired\":true,\"valueName\":\"search_term_string\"}}],\"inLanguage\":\"fr-FR\"},{\"@type\":\"Person\",\"@id\":\"https:\/\/blogs.thesocialmedia.com\/leblogmoto\/#\/schema\/person\/90b2f8fd0d5a2cede2580e95fc79c6c0\",\"name\":\"christian tirat\",\"image\":{\"@type\":\"ImageObject\",\"inLanguage\":\"fr-FR\",\"@id\":\"https:\/\/blogs.thesocialmedia.com\/leblogmoto\/#\/schema\/person\/image\/\",\"url\":\"https:\/\/secure.gravatar.com\/avatar\/?s=96&d=mm&r=g\",\"contentUrl\":\"https:\/\/secure.gravatar.com\/avatar\/?s=96&d=mm&r=g\",\"caption\":\"christian tirat\"},\"url\":\"https:\/\/blogs.thesocialmedia.com\/leblogmoto\/author\/christian-tirat\/\"}]}<\/script>\n<!-- \/ Yoast SEO plugin. -->","yoast_head_json":{"title":"Superbike : Biaggi le \u00ab rookie \u00bb l\u2019emporte - leblogmoto.com","robots":{"index":"index","follow":"follow","max-snippet":"max-snippet:-1","max-image-preview":"max-image-preview:large","max-video-preview":"max-video-preview:-1"},"canonical":"https:\/\/blogs.thesocialmedia.com\/leblogmoto\/2007\/02\/25\/superbike-biagg\/","twitter_card":"summary_large_image","twitter_title":"Superbike : Biaggi le \u00ab rookie \u00bb l\u2019emporte - leblogmoto.com","twitter_description":"Venu du monde des Moto GP, l\u2019Italien Max Biaggi (Suzuki) a r\u00e9ussi une entr\u00e9e en fanfare sur les circuits du WSBK 2007. \u00e9j\u00e0 dans le top trois des s\u00e9ances de qualification, le \u00ab rookie \u00bb romain a remport\u00e9 la premi\u00e8re manche du circuit de Losail au Qatar avant de se classer deuxi\u00e8me de la seconde [&hellip;]","twitter_image":"http:\/\/www.leblogmoto.com\/images\/podium_biaggi_1.jpg","twitter_misc":{"\u00c9crit par":"christian tirat","Dur\u00e9e de lecture estim\u00e9e":"2 minutes"},"schema":{"@context":"https:\/\/schema.org","@graph":[{"@type":"WebPage","@id":"https:\/\/blogs.thesocialmedia.com\/leblogmoto\/2007\/02\/25\/superbike-biagg\/","url":"https:\/\/blogs.thesocialmedia.com\/leblogmoto\/2007\/02\/25\/superbike-biagg\/","name":"Superbike : Biaggi le \u00ab rookie \u00bb l\u2019emporte - leblogmoto.com","isPartOf":{"@id":"https:\/\/blogs.thesocialmedia.com\/leblogmoto\/#website"},"primaryImageOfPage":{"@id":"https:\/\/blogs.thesocialmedia.com\/leblogmoto\/2007\/02\/25\/superbike-biagg\/#primaryimage"},"image":{"@id":"https:\/\/blogs.thesocialmedia.com\/leblogmoto\/2007\/02\/25\/superbike-biagg\/#primaryimage"},"thumbnailUrl":"http:\/\/www.leblogmoto.com\/images\/podium_biaggi_1.jpg","datePublished":"2007-02-25T11:31:58+00:00","dateModified":"2012-07-11T14:33:04+00:00","author":{"@id":"https:\/\/blogs.thesocialmedia.com\/leblogmoto\/#\/schema\/person\/90b2f8fd0d5a2cede2580e95fc79c6c0"},"breadcrumb":{"@id":"https:\/\/blogs.thesocialmedia.com\/leblogmoto\/2007\/02\/25\/superbike-biagg\/#breadcrumb"},"inLanguage":"fr-FR","potentialAction":[{"@type":"ReadAction","target":["https:\/\/blogs.thesocialmedia.com\/leblogmoto\/2007\/02\/25\/superbike-biagg\/"]}]},{"@type":"ImageObject","inLanguage":"fr-FR","@id":"https:\/\/blogs.thesocialmedia.com\/leblogmoto\/2007\/02\/25\/superbike-biagg\/#primaryimage","url":"http:\/\/www.leblogmoto.com\/images\/podium_biaggi_1.jpg","contentUrl":"http:\/\/www.leblogmoto.com\/images\/podium_biaggi_1.jpg"},{"@type":"BreadcrumbList","@id":"https:\/\/blogs.thesocialmedia.com\/leblogmoto\/2007\/02\/25\/superbike-biagg\/#breadcrumb","itemListElement":[{"@type":"ListItem","position":1,"name":"Accueil","item":"https:\/\/blogs.thesocialmedia.com\/leblogmoto\/"},{"@type":"ListItem","position":2,"name":"Superbike : Biaggi le \u00ab rookie \u00bb l\u2019emporte"}]},{"@type":"WebSite","@id":"https:\/\/blogs.thesocialmedia.com\/leblogmoto\/#website","url":"https:\/\/blogs.thesocialmedia.com\/leblogmoto\/","name":"leblogmoto","description":"Toute l&#039;actualit\u00e9 des 2 roues","potentialAction":[{"@type":"SearchAction","target":{"@type":"EntryPoint","urlTemplate":"https:\/\/blogs.thesocialmedia.com\/leblogmoto\/?s={search_term_string}"},"query-input":{"@type":"PropertyValueSpecification","valueRequired":true,"valueName":"search_term_string"}}],"inLanguage":"fr-FR"},{"@type":"Person","@id":"https:\/\/blogs.thesocialmedia.com\/leblogmoto\/#\/schema\/person\/90b2f8fd0d5a2cede2580e95fc79c6c0","name":"christian tirat","image":{"@type":"ImageObject","inLanguage":"fr-FR","@id":"https:\/\/blogs.thesocialmedia.com\/leblogmoto\/#\/schema\/person\/image\/","url":"https:\/\/secure.gravatar.com\/avatar\/?s=96&d=mm&r=g","contentUrl":"https:\/\/secure.gravatar.com\/avatar\/?s=96&d=mm&r=g","caption":"christian tirat"},"url":"https:\/\/blogs.thesocialmedia.com\/leblogmoto\/author\/christian-tirat\/"}]}},"_links":{"self":[{"href":"https:\/\/blogs.thesocialmedia.com\/leblogmoto\/wp-json\/wp\/v2\/posts\/1527","targetHints":{"allow":["GET"]}}],"collection":[{"href":"https:\/\/blogs.thesocialmedia.com\/leblogmoto\/wp-json\/wp\/v2\/posts"}],"about":[{"href":"https:\/\/blogs.thesocialmedia.com\/leblogmoto\/wp-json\/wp\/v2\/types\/post"}],"author":[{"embeddable":true,"href":"https:\/\/blogs.thesocialmedia.com\/leblogmoto\/wp-json\/wp\/v2\/users\/333"}],"replies":[{"embeddable":true,"href":"https:\/\/blogs.thesocialmedia.com\/leblogmoto\/wp-json\/wp\/v2\/comments?post=1527"}],"version-history":[{"count":2,"href":"https:\/\/blogs.thesocialmedia.com\/leblogmoto\/wp-json\/wp\/v2\/posts\/1527\/revisions"}],"predecessor-version":[{"id":8079,"href":"https:\/\/blogs.thesocialmedia.com\/leblogmoto\/wp-json\/wp\/v2\/posts\/1527\/revisions\/8079"}],"wp:attachment":[{"href":"https:\/\/blogs.thesocialmedia.com\/leblogmoto\/wp-json\/wp\/v2\/media?parent=1527"}],"wp:term":[{"taxonomy":"category","embeddable":true,"href":"https:\/\/blogs.thesocialmedia.com\/leblogmoto\/wp-json\/wp\/v2\/categories?post=1527"},{"taxonomy":"post_tag","embeddable":true,"href":"https:\/\/blogs.thesocialmedia.com\/leblogmoto\/wp-json\/wp\/v2\/tags?post=1527"}],"curies":[{"name":"wp","href":"https:\/\/api.w.org\/{rel}","templated":true}]}}