{"id":1529,"date":"2007-02-24T22:18:32","date_gmt":"2007-02-24T22:18:32","guid":{"rendered":"http:\/\/blogs.thesocialmedia.com\/leblogmoto\/2007\/02\/24\/motogp-soupe-la\/"},"modified":"2012-07-11T14:32:58","modified_gmt":"2012-07-11T14:32:58","slug":"motogp-soupe-la","status":"publish","type":"post","link":"https:\/\/blogs.thesocialmedia.com\/leblogmoto\/2007\/02\/24\/motogp-soupe-la\/","title":{"rendered":"MotoGP: soupe \u00e0 la grimace aux essais de Jerez"},"content":{"rendered":"<p><a href=\"http:\/\/blogs.thesocialmedia.com\/leblogmoto\/files\/2012\/07\/melandrihondagresini.jpg\"><img loading=\"lazy\" decoding=\"async\" width=\"250\" height=\"269\"  alt=\"Melandrihondagresini\" src=\"http:\/\/www.leblogmoto.com\/images\/melandrihondagresini.jpg\" style=\"margin: 0px 5px 5px 0px;float: left\" \/><\/a> Ce sont deux journ\u00e9es humides et brumeuses qui ont accueilli cette fin de semaine la top class des motos GP \u00e0 <a href=\"http:\/\/www.circuitodejerez.com\/en\/home.htm\">Jerez de la Frontera<\/a>. <br \/>La pluie qui avait d\u00e9j\u00e0 perturb\u00e9 les essais des 250 et des 125 n\u2019a pas fait de jaloux. Hier d\u00e9j\u00e0 les 800 avaient affront\u00e9 les gouttes. Seuls les essayeurs et les pilotes les plus courageux y avaient trouv\u00e9 leur compte. A ce petit jeu c\u2019est <a href=\"http:\/\/www.marcomelandri.it\/\">Marco Melandri<\/a> (Honda RC212V) qui l\u2019emporta avec ses pneus Bridgestone devant <a href=\"http:\/\/www.caseystoner.com.au\/\">Casey Stoner<\/a> (Ducati Desmosedici GP7) et <a href=\"http:\/\/www.danipedrosa.com\/\">Dani Pedrosa<\/a> (Honda RC212V) Derri\u00e8re, le sixi\u00e8me temps de <a href=\"http:\/\/www.randydepuniet.net\/news\/\">Randy de Puniet<\/a> (Kawasaki ZX-RR) souligne sa r\u00e9gularit\u00e9.  <\/p>\n<p><a href=\"http:\/\/www.rossifiles.com\/\">Valentino Rossi<\/a> (Yamaha YZR M1) bien loin, se pla\u00e7ait sur la treizi\u00e8me ligne de la feuille de temps tendis que le champion en titre <a href=\"http:\/\/www.nickyhayden.com\/site\/home.php\">Nicky Hayden<\/a> (Honda RC212V) pointait \u00e0 une tr\u00e8s modeste dix neuvi\u00e8me place, \u00e0 plus de trois secondes derri\u00e8re Marco Melandri et \u00e0 plus de 2 secondes derri\u00e8re le meilleur temps de la 250 Aprilia d\u2019Hector Barbera <a href=\"http:\/\/www.leblogmoto.com\/2007\/02\/motogp_essais_2.html#more\">lundi<\/a>.<\/p>\n<p><strong>Essais IRTA MotoGP \u2013 J1 \u2013 Les temps :<\/strong><\/p>\n<p> 1. Marco Melandri (Honda Gresini) &#8211; 1&rsquo;42.563<br \/> 2. Casey Stoner (Ducati Marlboro Team) &#8211; 1&rsquo;42.634<br \/> 3. Dani Pedrosa (Repsol Honda) &#8211; 1&rsquo;42.796<br \/> 4. Carlos Checa (Honda LCR) &#8211; 1&rsquo;43.206<br \/> 5. Alex Barros (Pramac d&rsquo;Antin) &#8211; 1&rsquo;43.214<br \/> 6. Randy de Puniet (Kawasaki Racing Team) &#8211; 1&rsquo;43.315<br \/> 7. Loris Capirossi (Ducati Marlboro Team) &#8211; 1&rsquo;43.475<br \/> 8. Alex Hofmann (Pramac d&rsquo;Antin) &#8211; 1&rsquo;43.673<br \/> 9. Toni Elias (Honda Gresini) &#8211; 1&rsquo;43.687<br \/> 10. Shinya Nakano (Konica Minolta Honda) &#8211; 1&rsquo;43.817<br \/> 11. Colin Edwards (Yamaha Factory Racing) &#8211; 1&rsquo;43.845<br \/> 12. Chris Vermeulen (Rizla Suzuki MotoGP) &#8211; 1&rsquo;44.052<br \/> 13. Valentino Rossi (Yamaha Factory Racing Team) &#8211; 1&rsquo;44.494<br \/> 14. Olivier Jacque (Kawasaki Racing Team) &#8211; 1&rsquo;44.659 <br \/> 15. Makoto Tamada (Dunlop Yamaha Tech 3) &#8211; 1&rsquo;45.081<br \/> 16. Sylvain Guintoli (Dunlop Yamaha Tech 3) &#8211; 1&rsquo;45.208<br \/> 17. Vittoriano Guareschi (Ducati Marlboro) &#8211; 1&rsquo;45.603<br \/> 18. Shinichi Ito (Ducati Marlboro) &#8211; 1&rsquo;45.826<br \/> 19. Nicky Hayden (Repsol Honda) &#8211; 1&rsquo;45.901<br \/> 20. Kousuke Akiyoshi (Rizla Suzuki MotoGP) &#8211; 1&rsquo;47.191<br \/> 21. Kenny Roberts Jr. (Team Roberts) &#8211; 1&rsquo;45.937<br \/> 22. Jeremy McWilliams (Ilmor GP) &#8211; 1&rsquo;47.191<br \/> 23. Andrew Pitt (Ilmor GP) &#8211; 1&rsquo;49.365<\/p>\n","protected":false},"excerpt":{"rendered":"<p>Ce sont deux journ\u00e9es humides et brumeuses qui ont accueilli cette fin de semaine la top class des motos GP \u00e0 Jerez de la Frontera. La pluie qui avait d\u00e9j\u00e0 perturb\u00e9 les essais des 250 et des 125 n\u2019a pas fait de jaloux. Hier d\u00e9j\u00e0 les 800 avaient affront\u00e9 les gouttes. Seuls les essayeurs et [&hellip;]<\/p>\n","protected":false},"author":333,"featured_media":0,"comment_status":"open","ping_status":"open","sticky":false,"template":"","format":"standard","meta":{"footnotes":""},"categories":[22],"tags":[],"class_list":["post-1529","post","type-post","status-publish","format-standard","hentry","category-motogp"],"yoast_head":"<!-- This site is optimized with the Yoast SEO plugin v26.0 - https:\/\/yoast.com\/wordpress\/plugins\/seo\/ -->\n<title>MotoGP: soupe \u00e0 la grimace aux essais de Jerez - leblogmoto.com<\/title>\n<meta name=\"robots\" content=\"index, follow, max-snippet:-1, max-image-preview:large, max-video-preview:-1\" \/>\n<link rel=\"canonical\" href=\"https:\/\/blogs.thesocialmedia.com\/leblogmoto\/2007\/02\/24\/motogp-soupe-la\/\" \/>\n<meta name=\"twitter:card\" content=\"summary_large_image\" \/>\n<meta name=\"twitter:title\" content=\"MotoGP: soupe \u00e0 la grimace aux essais de Jerez - leblogmoto.com\" \/>\n<meta name=\"twitter:description\" content=\"Ce sont deux journ\u00e9es humides et brumeuses qui ont accueilli cette fin de semaine la top class des motos GP \u00e0 Jerez de la Frontera. La pluie qui avait d\u00e9j\u00e0 perturb\u00e9 les essais des 250 et des 125 n\u2019a pas fait de jaloux. Hier d\u00e9j\u00e0 les 800 avaient affront\u00e9 les gouttes. Seuls les essayeurs et [&hellip;]\" \/>\n<meta name=\"twitter:image\" content=\"http:\/\/www.leblogmoto.com\/images\/melandrihondagresini.jpg\" \/>\n<meta name=\"twitter:label1\" content=\"\u00c9crit par\" \/>\n\t<meta name=\"twitter:data1\" content=\"christian tirat\" \/>\n\t<meta name=\"twitter:label2\" content=\"Dur\u00e9e de lecture estim\u00e9e\" \/>\n\t<meta name=\"twitter:data2\" content=\"2 minutes\" \/>\n<script type=\"application\/ld+json\" class=\"yoast-schema-graph\">{\"@context\":\"https:\/\/schema.org\",\"@graph\":[{\"@type\":\"WebPage\",\"@id\":\"https:\/\/blogs.thesocialmedia.com\/leblogmoto\/2007\/02\/24\/motogp-soupe-la\/\",\"url\":\"https:\/\/blogs.thesocialmedia.com\/leblogmoto\/2007\/02\/24\/motogp-soupe-la\/\",\"name\":\"MotoGP: soupe \u00e0 la grimace aux essais de Jerez - leblogmoto.com\",\"isPartOf\":{\"@id\":\"https:\/\/blogs.thesocialmedia.com\/leblogmoto\/#website\"},\"primaryImageOfPage\":{\"@id\":\"https:\/\/blogs.thesocialmedia.com\/leblogmoto\/2007\/02\/24\/motogp-soupe-la\/#primaryimage\"},\"image\":{\"@id\":\"https:\/\/blogs.thesocialmedia.com\/leblogmoto\/2007\/02\/24\/motogp-soupe-la\/#primaryimage\"},\"thumbnailUrl\":\"http:\/\/www.leblogmoto.com\/images\/melandrihondagresini.jpg\",\"datePublished\":\"2007-02-24T22:18:32+00:00\",\"dateModified\":\"2012-07-11T14:32:58+00:00\",\"author\":{\"@id\":\"https:\/\/blogs.thesocialmedia.com\/leblogmoto\/#\/schema\/person\/90b2f8fd0d5a2cede2580e95fc79c6c0\"},\"breadcrumb\":{\"@id\":\"https:\/\/blogs.thesocialmedia.com\/leblogmoto\/2007\/02\/24\/motogp-soupe-la\/#breadcrumb\"},\"inLanguage\":\"fr-FR\",\"potentialAction\":[{\"@type\":\"ReadAction\",\"target\":[\"https:\/\/blogs.thesocialmedia.com\/leblogmoto\/2007\/02\/24\/motogp-soupe-la\/\"]}]},{\"@type\":\"ImageObject\",\"inLanguage\":\"fr-FR\",\"@id\":\"https:\/\/blogs.thesocialmedia.com\/leblogmoto\/2007\/02\/24\/motogp-soupe-la\/#primaryimage\",\"url\":\"http:\/\/www.leblogmoto.com\/images\/melandrihondagresini.jpg\",\"contentUrl\":\"http:\/\/www.leblogmoto.com\/images\/melandrihondagresini.jpg\"},{\"@type\":\"BreadcrumbList\",\"@id\":\"https:\/\/blogs.thesocialmedia.com\/leblogmoto\/2007\/02\/24\/motogp-soupe-la\/#breadcrumb\",\"itemListElement\":[{\"@type\":\"ListItem\",\"position\":1,\"name\":\"Accueil\",\"item\":\"https:\/\/blogs.thesocialmedia.com\/leblogmoto\/\"},{\"@type\":\"ListItem\",\"position\":2,\"name\":\"MotoGP: soupe \u00e0 la grimace aux essais de Jerez\"}]},{\"@type\":\"WebSite\",\"@id\":\"https:\/\/blogs.thesocialmedia.com\/leblogmoto\/#website\",\"url\":\"https:\/\/blogs.thesocialmedia.com\/leblogmoto\/\",\"name\":\"leblogmoto\",\"description\":\"Toute l&#039;actualit\u00e9 des 2 roues\",\"potentialAction\":[{\"@type\":\"SearchAction\",\"target\":{\"@type\":\"EntryPoint\",\"urlTemplate\":\"https:\/\/blogs.thesocialmedia.com\/leblogmoto\/?s={search_term_string}\"},\"query-input\":{\"@type\":\"PropertyValueSpecification\",\"valueRequired\":true,\"valueName\":\"search_term_string\"}}],\"inLanguage\":\"fr-FR\"},{\"@type\":\"Person\",\"@id\":\"https:\/\/blogs.thesocialmedia.com\/leblogmoto\/#\/schema\/person\/90b2f8fd0d5a2cede2580e95fc79c6c0\",\"name\":\"christian tirat\",\"image\":{\"@type\":\"ImageObject\",\"inLanguage\":\"fr-FR\",\"@id\":\"https:\/\/blogs.thesocialmedia.com\/leblogmoto\/#\/schema\/person\/image\/\",\"url\":\"https:\/\/secure.gravatar.com\/avatar\/?s=96&d=mm&r=g\",\"contentUrl\":\"https:\/\/secure.gravatar.com\/avatar\/?s=96&d=mm&r=g\",\"caption\":\"christian tirat\"},\"url\":\"https:\/\/blogs.thesocialmedia.com\/leblogmoto\/author\/christian-tirat\/\"}]}<\/script>\n<!-- \/ Yoast SEO plugin. -->","yoast_head_json":{"title":"MotoGP: soupe \u00e0 la grimace aux essais de Jerez - leblogmoto.com","robots":{"index":"index","follow":"follow","max-snippet":"max-snippet:-1","max-image-preview":"max-image-preview:large","max-video-preview":"max-video-preview:-1"},"canonical":"https:\/\/blogs.thesocialmedia.com\/leblogmoto\/2007\/02\/24\/motogp-soupe-la\/","twitter_card":"summary_large_image","twitter_title":"MotoGP: soupe \u00e0 la grimace aux essais de Jerez - leblogmoto.com","twitter_description":"Ce sont deux journ\u00e9es humides et brumeuses qui ont accueilli cette fin de semaine la top class des motos GP \u00e0 Jerez de la Frontera. La pluie qui avait d\u00e9j\u00e0 perturb\u00e9 les essais des 250 et des 125 n\u2019a pas fait de jaloux. Hier d\u00e9j\u00e0 les 800 avaient affront\u00e9 les gouttes. Seuls les essayeurs et [&hellip;]","twitter_image":"http:\/\/www.leblogmoto.com\/images\/melandrihondagresini.jpg","twitter_misc":{"\u00c9crit par":"christian tirat","Dur\u00e9e de lecture estim\u00e9e":"2 minutes"},"schema":{"@context":"https:\/\/schema.org","@graph":[{"@type":"WebPage","@id":"https:\/\/blogs.thesocialmedia.com\/leblogmoto\/2007\/02\/24\/motogp-soupe-la\/","url":"https:\/\/blogs.thesocialmedia.com\/leblogmoto\/2007\/02\/24\/motogp-soupe-la\/","name":"MotoGP: soupe \u00e0 la grimace aux essais de Jerez - leblogmoto.com","isPartOf":{"@id":"https:\/\/blogs.thesocialmedia.com\/leblogmoto\/#website"},"primaryImageOfPage":{"@id":"https:\/\/blogs.thesocialmedia.com\/leblogmoto\/2007\/02\/24\/motogp-soupe-la\/#primaryimage"},"image":{"@id":"https:\/\/blogs.thesocialmedia.com\/leblogmoto\/2007\/02\/24\/motogp-soupe-la\/#primaryimage"},"thumbnailUrl":"http:\/\/www.leblogmoto.com\/images\/melandrihondagresini.jpg","datePublished":"2007-02-24T22:18:32+00:00","dateModified":"2012-07-11T14:32:58+00:00","author":{"@id":"https:\/\/blogs.thesocialmedia.com\/leblogmoto\/#\/schema\/person\/90b2f8fd0d5a2cede2580e95fc79c6c0"},"breadcrumb":{"@id":"https:\/\/blogs.thesocialmedia.com\/leblogmoto\/2007\/02\/24\/motogp-soupe-la\/#breadcrumb"},"inLanguage":"fr-FR","potentialAction":[{"@type":"ReadAction","target":["https:\/\/blogs.thesocialmedia.com\/leblogmoto\/2007\/02\/24\/motogp-soupe-la\/"]}]},{"@type":"ImageObject","inLanguage":"fr-FR","@id":"https:\/\/blogs.thesocialmedia.com\/leblogmoto\/2007\/02\/24\/motogp-soupe-la\/#primaryimage","url":"http:\/\/www.leblogmoto.com\/images\/melandrihondagresini.jpg","contentUrl":"http:\/\/www.leblogmoto.com\/images\/melandrihondagresini.jpg"},{"@type":"BreadcrumbList","@id":"https:\/\/blogs.thesocialmedia.com\/leblogmoto\/2007\/02\/24\/motogp-soupe-la\/#breadcrumb","itemListElement":[{"@type":"ListItem","position":1,"name":"Accueil","item":"https:\/\/blogs.thesocialmedia.com\/leblogmoto\/"},{"@type":"ListItem","position":2,"name":"MotoGP: soupe \u00e0 la grimace aux essais de Jerez"}]},{"@type":"WebSite","@id":"https:\/\/blogs.thesocialmedia.com\/leblogmoto\/#website","url":"https:\/\/blogs.thesocialmedia.com\/leblogmoto\/","name":"leblogmoto","description":"Toute l&#039;actualit\u00e9 des 2 roues","potentialAction":[{"@type":"SearchAction","target":{"@type":"EntryPoint","urlTemplate":"https:\/\/blogs.thesocialmedia.com\/leblogmoto\/?s={search_term_string}"},"query-input":{"@type":"PropertyValueSpecification","valueRequired":true,"valueName":"search_term_string"}}],"inLanguage":"fr-FR"},{"@type":"Person","@id":"https:\/\/blogs.thesocialmedia.com\/leblogmoto\/#\/schema\/person\/90b2f8fd0d5a2cede2580e95fc79c6c0","name":"christian tirat","image":{"@type":"ImageObject","inLanguage":"fr-FR","@id":"https:\/\/blogs.thesocialmedia.com\/leblogmoto\/#\/schema\/person\/image\/","url":"https:\/\/secure.gravatar.com\/avatar\/?s=96&d=mm&r=g","contentUrl":"https:\/\/secure.gravatar.com\/avatar\/?s=96&d=mm&r=g","caption":"christian tirat"},"url":"https:\/\/blogs.thesocialmedia.com\/leblogmoto\/author\/christian-tirat\/"}]}},"_links":{"self":[{"href":"https:\/\/blogs.thesocialmedia.com\/leblogmoto\/wp-json\/wp\/v2\/posts\/1529","targetHints":{"allow":["GET"]}}],"collection":[{"href":"https:\/\/blogs.thesocialmedia.com\/leblogmoto\/wp-json\/wp\/v2\/posts"}],"about":[{"href":"https:\/\/blogs.thesocialmedia.com\/leblogmoto\/wp-json\/wp\/v2\/types\/post"}],"author":[{"embeddable":true,"href":"https:\/\/blogs.thesocialmedia.com\/leblogmoto\/wp-json\/wp\/v2\/users\/333"}],"replies":[{"embeddable":true,"href":"https:\/\/blogs.thesocialmedia.com\/leblogmoto\/wp-json\/wp\/v2\/comments?post=1529"}],"version-history":[{"count":2,"href":"https:\/\/blogs.thesocialmedia.com\/leblogmoto\/wp-json\/wp\/v2\/posts\/1529\/revisions"}],"predecessor-version":[{"id":8074,"href":"https:\/\/blogs.thesocialmedia.com\/leblogmoto\/wp-json\/wp\/v2\/posts\/1529\/revisions\/8074"}],"wp:attachment":[{"href":"https:\/\/blogs.thesocialmedia.com\/leblogmoto\/wp-json\/wp\/v2\/media?parent=1529"}],"wp:term":[{"taxonomy":"category","embeddable":true,"href":"https:\/\/blogs.thesocialmedia.com\/leblogmoto\/wp-json\/wp\/v2\/categories?post=1529"},{"taxonomy":"post_tag","embeddable":true,"href":"https:\/\/blogs.thesocialmedia.com\/leblogmoto\/wp-json\/wp\/v2\/tags?post=1529"}],"curies":[{"name":"wp","href":"https:\/\/api.w.org\/{rel}","templated":true}]}}