{"id":1530,"date":"2007-02-24T15:37:07","date_gmt":"2007-02-24T15:37:07","guid":{"rendered":"http:\/\/blogs.thesocialmedia.com\/leblogmoto\/2007\/02\/24\/canam-spyder-le\/"},"modified":"2012-07-11T14:32:56","modified_gmt":"2012-07-11T14:32:56","slug":"canam-spyder-le","status":"publish","type":"post","link":"https:\/\/blogs.thesocialmedia.com\/leblogmoto\/2007\/02\/24\/canam-spyder-le\/","title":{"rendered":"Can-Am Spyder: le trike canadien se d\u00e9voile"},"content":{"rendered":"<p><a href=\"http:\/\/blogs.thesocialmedia.com\/leblogmoto\/files\/2012\/07\/canam_spider.jpg\"><img loading=\"lazy\" decoding=\"async\" width=\"250\" height=\"167\"  src=\"http:\/\/www.leblogmoto.com\/images\/canam_spider.jpg\" alt=\"Canam_spider\" style=\"margin: 0px 5px 5px 0px;float: left\" \/><\/a> D\u00e9but f\u00e9vrier le Blog Moto fut le premier medium \u00e0 r\u00e9v\u00e9ler en France la naissance d\u2019un engin \u00e0 trois roue&nbsp; &#8211; deux devant une derri\u00e8re &#8211; le <a href=\"http:\/\/www.leblogmoto.com\/2007\/02\/bombardier_lanc.html#more\">Spyder<\/a> produit par les Canadiens de Bombardier (<a href=\"www.can-am.brp.com\">BPR<\/a>), sous la marque renaissante de <a href=\"http:\/\/www.leblogmoto.com\/2007\/02\/bombardier_lanc.html#more\">Can-Am<\/a>. <br \/>Nous f\u00fbmes aussi les premiers \u00e0 publier les tr\u00e8s rares <a href=\"http:\/\/www.leblogmoto.com\/2007\/02\/spyder_la_photo.html#more\">photos<\/a> disponibles, gr\u00e2ce \u00e0 nos correspondants d\u2019outre Atlantique, notamment &quot;Chacoura&quot;. <br \/>Depuis, l\u2019information a \u00e9t\u00e9 reprise par plusieurs confr\u00e8res du Web, de la presse \u00e9crite\u2026et non des moindres ! <\/p>\n<p><a href=\"http:\/\/clabedan.typepad.com\/.shared\/image.html?\/photos\/uncategorized\/quad_1.jpg\"><img loading=\"lazy\" decoding=\"async\" width=\"250\" height=\"105\"  src=\"http:\/\/www.leblogmoto.com\/images\/quad_1.jpg\" alt=\"Quad_1\" style=\"margin: 0px 5px 5px 0px;float: left\" \/><\/a> C\u2019est ainsi que jeudi, notre confr\u00e8re Christophe de Chenay consacrait un important article \u00e0 cette machine dans les colonnes du Monde o\u00f9 il insistait en particulier sur l\u2019\u00e9tranget\u00e9 du concept, voire sur sa viabilit\u00e9 en Europe -r\u00e9serves qui pourraient aussi concerner le quad <a href=\"http:\/\/www.lazareth.fr\/\">Quadrazuma<\/a> de Lazarth &#8211;<\/p>\n<p><a href=\"http:\/\/clabedan.typepad.com\/.shared\/image.html?\/photos\/uncategorized\/canamspyder.jpg\"><img loading=\"lazy\" decoding=\"async\" width=\"250\" height=\"116\"  src=\"http:\/\/www.leblogmoto.com\/images\/canamspyder.jpg\" alt=\"Canamspyder\" style=\"margin: 0px 5px 5px 0px;float: left\" \/><\/a> En effet Ch. de Chenay s\u2019interroge quant \u00e0 l\u2019int\u00e9r\u00eat d\u2019un engin hybride dont les dimensions sont proches d\u2019une petite auto. Presque aussi large et \u00e0 peine plus court que la Smart Fortwo (2,66m contre 2,69m pour la Smart), il p\u00e8se la bagatelle de 340 Kg, frein\u00e9s par une seule p\u00e9dale au pied, comme sur une automobile, en laissant une place vide \u00e0 droite du guidon. Ses roues \u00e0 section carr\u00e9es et son train avant le rapprochent encore plus la voiture.<\/p>\n<p> Bien qu\u2019il admette la stabilit\u00e9 \u00e9vidente de ce <em>\u00ab triangle \u00e0 trois roues \u00bb<\/em>, notre confr\u00e8re d\u00e9plore aussi que malgr\u00e9 l\u2019assistance \u00e9lectronique, le Spyder se comporte comme un quad sur la route ce qui pourrait le rendre dangereux \u00e0 vive allure. <br \/><em> \u00ab Au contraire des deux roues, le <a href=\"www.can-am.brp.com\">Can-Am Spyder<\/a> vire \u00e0 plat et provoque ainsi un mouvement du pilote vers l&rsquo;ext\u00e9rieur, alors que celui-ci doit en m\u00eame temps pousser sur la partie du guidon la plus \u00e9loign\u00e9e de lui. Il faut ainsi quelque temps pour se familiariser avec la conduite d&rsquo;une machine plus proche d&rsquo;un quad que d&rsquo;une moto. \u00bb<\/em> \u00e9crit-il.<br \/> En revanche le journaliste du Monde reconna\u00eet que&nbsp; <em>\u00ab Ses cotes devraient lui permettre d&rsquo;\u00e9chapper en France &#8211; et dans tous les pays europ\u00e9ens, sauf la Gr\u00e8ce &#8211; \u00e0 l&rsquo;obligation de d\u00e9tenir le permis moto pour le conduire, le permis auto \u00e9tant suffisant. Un atout de taille, sauf si les responsables de la s\u00e9curit\u00e9 routi\u00e8re tiquent sur la puissance de 106 chevaux du moteur Rotax, un bicylindre de pr\u00e8s de 1 000 cm3. \u00bb<\/em> D\u2019autant plus que ses \u00e9quipements \u00e9lectroniques de s\u00e9curit\u00e9 tels que le r\u00e9partiteur et l\u2019antiblocage de freinage sur les trois roues, l\u2019antipatinage, le contr\u00f4le de la stabilit\u00e9 et l&rsquo;option d&rsquo;une bo\u00eete de vitesses s\u00e9quentielle avec commande au guidon pourraient <em>\u00ab attendrir \u00bb<\/em> le service des Mines.<\/p>\n<p> Enfin, le Monde admet, comme nous l\u2019\u00e9crivions r\u00e9cemment, qu\u2019il existe bel et bien un march\u00e9 pour des engins combinant les avantages (et les inconv\u00e9nients -ndlr) de l&rsquo;auto et de la moto comme le sugg\u00e8re le prometteur d\u00e9marrage commercial du scooter <a href=\"http:\/\/www.leblogmoto.com\/2006\/12\/piaggio_125_250.html#more\">Piaggio MP3<\/a>. <\/p>\n<p> Commercialis\u00e9 en France en 2008 pour environ 16 500 \u20ac&nbsp; ce pur objet de loisirs sera plus cher que la version la plus luxueuse de la Smart ou d&rsquo;une tr\u00e8s belle moto, pr\u00e9cise aussi le quotidien du soir. <br \/> Un engin inutile qui fera le bonheur des frimeurs et autres \u00ab goldies \u00bb de la C\u00f4te d\u2019Azur\u2026<\/p>\n<p><strong> Fiche technique<\/strong><\/p>\n<p> Dimensions : 2,66 \u00d7 1,50 \u00d7 0,73 m\u00e8tres.<br \/> Poids : 316 kg \u00e0 vide (charge autoris\u00e9e de 200 kg).<br \/> Moteur : Rotax V-Twin \u00e0 4 soupapes par cylindres de 998 cm3 <br \/> Puissance : 106 ch \u00e0 8 500 tr\/min (107 ch, 79 kW). <br \/> Couple (lb-pi) : 77 \u00e0 6 500 tr\/min<br \/> Transmission primaire: manuelle ou s\u00e9quentielle \u00e0 5 rapports + 1 AR <br \/> Transmission secondaire: par courroie crant\u00e9e.<br \/> Freins : 2 disques AV, 1 disque AR avec ABS<br \/> R\u00e9servoir : 27 litres<br \/> Rangement avant : 44 litres<br \/> Couleurs : gris m\u00e9tallique (full moon) ou jaune (millenium yellow)<br \/> Prix : environ 16 500 euros.<br \/> Commercialisation : courant 2008.<\/p>\n","protected":false},"excerpt":{"rendered":"<p>D\u00e9but f\u00e9vrier le Blog Moto fut le premier medium \u00e0 r\u00e9v\u00e9ler en France la naissance d\u2019un engin \u00e0 trois roue&nbsp; &#8211; deux devant une derri\u00e8re &#8211; le Spyder produit par les Canadiens de Bombardier (BPR), sous la marque renaissante de Can-Am. Nous f\u00fbmes aussi les premiers \u00e0 publier les tr\u00e8s rares photos disponibles, gr\u00e2ce \u00e0 [&hellip;]<\/p>\n","protected":false},"author":333,"featured_media":0,"comment_status":"open","ping_status":"open","sticky":false,"template":"","format":"standard","meta":{"footnotes":""},"categories":[52],"tags":[],"class_list":["post-1530","post","type-post","status-publish","format-standard","hentry","category-trike"],"yoast_head":"<!-- This site is optimized with the Yoast SEO plugin v26.0 - https:\/\/yoast.com\/wordpress\/plugins\/seo\/ -->\n<title>Can-Am Spyder: le trike canadien se d\u00e9voile - leblogmoto.com<\/title>\n<meta name=\"robots\" content=\"index, follow, max-snippet:-1, max-image-preview:large, max-video-preview:-1\" \/>\n<link rel=\"canonical\" href=\"https:\/\/blogs.thesocialmedia.com\/leblogmoto\/2007\/02\/24\/canam-spyder-le\/\" \/>\n<meta name=\"twitter:card\" content=\"summary_large_image\" \/>\n<meta name=\"twitter:title\" content=\"Can-Am Spyder: le trike canadien se d\u00e9voile - leblogmoto.com\" \/>\n<meta name=\"twitter:description\" content=\"D\u00e9but f\u00e9vrier le Blog Moto fut le premier medium \u00e0 r\u00e9v\u00e9ler en France la naissance d\u2019un engin \u00e0 trois roue&nbsp; &#8211; deux devant une derri\u00e8re &#8211; le Spyder produit par les Canadiens de Bombardier (BPR), sous la marque renaissante de Can-Am. Nous f\u00fbmes aussi les premiers \u00e0 publier les tr\u00e8s rares photos disponibles, gr\u00e2ce \u00e0 [&hellip;]\" \/>\n<meta name=\"twitter:image\" content=\"http:\/\/www.leblogmoto.com\/images\/canam_spider.jpg\" \/>\n<meta name=\"twitter:label1\" content=\"\u00c9crit par\" \/>\n\t<meta name=\"twitter:data1\" content=\"christian tirat\" \/>\n\t<meta name=\"twitter:label2\" content=\"Dur\u00e9e de lecture estim\u00e9e\" \/>\n\t<meta name=\"twitter:data2\" content=\"3 minutes\" \/>\n<script type=\"application\/ld+json\" class=\"yoast-schema-graph\">{\"@context\":\"https:\/\/schema.org\",\"@graph\":[{\"@type\":\"WebPage\",\"@id\":\"https:\/\/blogs.thesocialmedia.com\/leblogmoto\/2007\/02\/24\/canam-spyder-le\/\",\"url\":\"https:\/\/blogs.thesocialmedia.com\/leblogmoto\/2007\/02\/24\/canam-spyder-le\/\",\"name\":\"Can-Am Spyder: le trike canadien se d\u00e9voile - leblogmoto.com\",\"isPartOf\":{\"@id\":\"https:\/\/blogs.thesocialmedia.com\/leblogmoto\/#website\"},\"primaryImageOfPage\":{\"@id\":\"https:\/\/blogs.thesocialmedia.com\/leblogmoto\/2007\/02\/24\/canam-spyder-le\/#primaryimage\"},\"image\":{\"@id\":\"https:\/\/blogs.thesocialmedia.com\/leblogmoto\/2007\/02\/24\/canam-spyder-le\/#primaryimage\"},\"thumbnailUrl\":\"http:\/\/www.leblogmoto.com\/images\/canam_spider.jpg\",\"datePublished\":\"2007-02-24T15:37:07+00:00\",\"dateModified\":\"2012-07-11T14:32:56+00:00\",\"author\":{\"@id\":\"https:\/\/blogs.thesocialmedia.com\/leblogmoto\/#\/schema\/person\/90b2f8fd0d5a2cede2580e95fc79c6c0\"},\"breadcrumb\":{\"@id\":\"https:\/\/blogs.thesocialmedia.com\/leblogmoto\/2007\/02\/24\/canam-spyder-le\/#breadcrumb\"},\"inLanguage\":\"fr-FR\",\"potentialAction\":[{\"@type\":\"ReadAction\",\"target\":[\"https:\/\/blogs.thesocialmedia.com\/leblogmoto\/2007\/02\/24\/canam-spyder-le\/\"]}]},{\"@type\":\"ImageObject\",\"inLanguage\":\"fr-FR\",\"@id\":\"https:\/\/blogs.thesocialmedia.com\/leblogmoto\/2007\/02\/24\/canam-spyder-le\/#primaryimage\",\"url\":\"http:\/\/www.leblogmoto.com\/images\/canam_spider.jpg\",\"contentUrl\":\"http:\/\/www.leblogmoto.com\/images\/canam_spider.jpg\"},{\"@type\":\"BreadcrumbList\",\"@id\":\"https:\/\/blogs.thesocialmedia.com\/leblogmoto\/2007\/02\/24\/canam-spyder-le\/#breadcrumb\",\"itemListElement\":[{\"@type\":\"ListItem\",\"position\":1,\"name\":\"Accueil\",\"item\":\"https:\/\/blogs.thesocialmedia.com\/leblogmoto\/\"},{\"@type\":\"ListItem\",\"position\":2,\"name\":\"Can-Am Spyder: le trike canadien se d\u00e9voile\"}]},{\"@type\":\"WebSite\",\"@id\":\"https:\/\/blogs.thesocialmedia.com\/leblogmoto\/#website\",\"url\":\"https:\/\/blogs.thesocialmedia.com\/leblogmoto\/\",\"name\":\"leblogmoto\",\"description\":\"Toute l&#039;actualit\u00e9 des 2 roues\",\"potentialAction\":[{\"@type\":\"SearchAction\",\"target\":{\"@type\":\"EntryPoint\",\"urlTemplate\":\"https:\/\/blogs.thesocialmedia.com\/leblogmoto\/?s={search_term_string}\"},\"query-input\":{\"@type\":\"PropertyValueSpecification\",\"valueRequired\":true,\"valueName\":\"search_term_string\"}}],\"inLanguage\":\"fr-FR\"},{\"@type\":\"Person\",\"@id\":\"https:\/\/blogs.thesocialmedia.com\/leblogmoto\/#\/schema\/person\/90b2f8fd0d5a2cede2580e95fc79c6c0\",\"name\":\"christian tirat\",\"image\":{\"@type\":\"ImageObject\",\"inLanguage\":\"fr-FR\",\"@id\":\"https:\/\/blogs.thesocialmedia.com\/leblogmoto\/#\/schema\/person\/image\/\",\"url\":\"https:\/\/secure.gravatar.com\/avatar\/?s=96&d=mm&r=g\",\"contentUrl\":\"https:\/\/secure.gravatar.com\/avatar\/?s=96&d=mm&r=g\",\"caption\":\"christian tirat\"},\"url\":\"https:\/\/blogs.thesocialmedia.com\/leblogmoto\/author\/christian-tirat\/\"}]}<\/script>\n<!-- \/ Yoast SEO plugin. -->","yoast_head_json":{"title":"Can-Am Spyder: le trike canadien se d\u00e9voile - leblogmoto.com","robots":{"index":"index","follow":"follow","max-snippet":"max-snippet:-1","max-image-preview":"max-image-preview:large","max-video-preview":"max-video-preview:-1"},"canonical":"https:\/\/blogs.thesocialmedia.com\/leblogmoto\/2007\/02\/24\/canam-spyder-le\/","twitter_card":"summary_large_image","twitter_title":"Can-Am Spyder: le trike canadien se d\u00e9voile - leblogmoto.com","twitter_description":"D\u00e9but f\u00e9vrier le Blog Moto fut le premier medium \u00e0 r\u00e9v\u00e9ler en France la naissance d\u2019un engin \u00e0 trois roue&nbsp; &#8211; deux devant une derri\u00e8re &#8211; le Spyder produit par les Canadiens de Bombardier (BPR), sous la marque renaissante de Can-Am. Nous f\u00fbmes aussi les premiers \u00e0 publier les tr\u00e8s rares photos disponibles, gr\u00e2ce \u00e0 [&hellip;]","twitter_image":"http:\/\/www.leblogmoto.com\/images\/canam_spider.jpg","twitter_misc":{"\u00c9crit par":"christian tirat","Dur\u00e9e de lecture estim\u00e9e":"3 minutes"},"schema":{"@context":"https:\/\/schema.org","@graph":[{"@type":"WebPage","@id":"https:\/\/blogs.thesocialmedia.com\/leblogmoto\/2007\/02\/24\/canam-spyder-le\/","url":"https:\/\/blogs.thesocialmedia.com\/leblogmoto\/2007\/02\/24\/canam-spyder-le\/","name":"Can-Am Spyder: le trike canadien se d\u00e9voile - leblogmoto.com","isPartOf":{"@id":"https:\/\/blogs.thesocialmedia.com\/leblogmoto\/#website"},"primaryImageOfPage":{"@id":"https:\/\/blogs.thesocialmedia.com\/leblogmoto\/2007\/02\/24\/canam-spyder-le\/#primaryimage"},"image":{"@id":"https:\/\/blogs.thesocialmedia.com\/leblogmoto\/2007\/02\/24\/canam-spyder-le\/#primaryimage"},"thumbnailUrl":"http:\/\/www.leblogmoto.com\/images\/canam_spider.jpg","datePublished":"2007-02-24T15:37:07+00:00","dateModified":"2012-07-11T14:32:56+00:00","author":{"@id":"https:\/\/blogs.thesocialmedia.com\/leblogmoto\/#\/schema\/person\/90b2f8fd0d5a2cede2580e95fc79c6c0"},"breadcrumb":{"@id":"https:\/\/blogs.thesocialmedia.com\/leblogmoto\/2007\/02\/24\/canam-spyder-le\/#breadcrumb"},"inLanguage":"fr-FR","potentialAction":[{"@type":"ReadAction","target":["https:\/\/blogs.thesocialmedia.com\/leblogmoto\/2007\/02\/24\/canam-spyder-le\/"]}]},{"@type":"ImageObject","inLanguage":"fr-FR","@id":"https:\/\/blogs.thesocialmedia.com\/leblogmoto\/2007\/02\/24\/canam-spyder-le\/#primaryimage","url":"http:\/\/www.leblogmoto.com\/images\/canam_spider.jpg","contentUrl":"http:\/\/www.leblogmoto.com\/images\/canam_spider.jpg"},{"@type":"BreadcrumbList","@id":"https:\/\/blogs.thesocialmedia.com\/leblogmoto\/2007\/02\/24\/canam-spyder-le\/#breadcrumb","itemListElement":[{"@type":"ListItem","position":1,"name":"Accueil","item":"https:\/\/blogs.thesocialmedia.com\/leblogmoto\/"},{"@type":"ListItem","position":2,"name":"Can-Am Spyder: le trike canadien se d\u00e9voile"}]},{"@type":"WebSite","@id":"https:\/\/blogs.thesocialmedia.com\/leblogmoto\/#website","url":"https:\/\/blogs.thesocialmedia.com\/leblogmoto\/","name":"leblogmoto","description":"Toute l&#039;actualit\u00e9 des 2 roues","potentialAction":[{"@type":"SearchAction","target":{"@type":"EntryPoint","urlTemplate":"https:\/\/blogs.thesocialmedia.com\/leblogmoto\/?s={search_term_string}"},"query-input":{"@type":"PropertyValueSpecification","valueRequired":true,"valueName":"search_term_string"}}],"inLanguage":"fr-FR"},{"@type":"Person","@id":"https:\/\/blogs.thesocialmedia.com\/leblogmoto\/#\/schema\/person\/90b2f8fd0d5a2cede2580e95fc79c6c0","name":"christian tirat","image":{"@type":"ImageObject","inLanguage":"fr-FR","@id":"https:\/\/blogs.thesocialmedia.com\/leblogmoto\/#\/schema\/person\/image\/","url":"https:\/\/secure.gravatar.com\/avatar\/?s=96&d=mm&r=g","contentUrl":"https:\/\/secure.gravatar.com\/avatar\/?s=96&d=mm&r=g","caption":"christian tirat"},"url":"https:\/\/blogs.thesocialmedia.com\/leblogmoto\/author\/christian-tirat\/"}]}},"_links":{"self":[{"href":"https:\/\/blogs.thesocialmedia.com\/leblogmoto\/wp-json\/wp\/v2\/posts\/1530","targetHints":{"allow":["GET"]}}],"collection":[{"href":"https:\/\/blogs.thesocialmedia.com\/leblogmoto\/wp-json\/wp\/v2\/posts"}],"about":[{"href":"https:\/\/blogs.thesocialmedia.com\/leblogmoto\/wp-json\/wp\/v2\/types\/post"}],"author":[{"embeddable":true,"href":"https:\/\/blogs.thesocialmedia.com\/leblogmoto\/wp-json\/wp\/v2\/users\/333"}],"replies":[{"embeddable":true,"href":"https:\/\/blogs.thesocialmedia.com\/leblogmoto\/wp-json\/wp\/v2\/comments?post=1530"}],"version-history":[{"count":2,"href":"https:\/\/blogs.thesocialmedia.com\/leblogmoto\/wp-json\/wp\/v2\/posts\/1530\/revisions"}],"predecessor-version":[{"id":8072,"href":"https:\/\/blogs.thesocialmedia.com\/leblogmoto\/wp-json\/wp\/v2\/posts\/1530\/revisions\/8072"}],"wp:attachment":[{"href":"https:\/\/blogs.thesocialmedia.com\/leblogmoto\/wp-json\/wp\/v2\/media?parent=1530"}],"wp:term":[{"taxonomy":"category","embeddable":true,"href":"https:\/\/blogs.thesocialmedia.com\/leblogmoto\/wp-json\/wp\/v2\/categories?post=1530"},{"taxonomy":"post_tag","embeddable":true,"href":"https:\/\/blogs.thesocialmedia.com\/leblogmoto\/wp-json\/wp\/v2\/tags?post=1530"}],"curies":[{"name":"wp","href":"https:\/\/api.w.org\/{rel}","templated":true}]}}