{"id":1531,"date":"2007-02-23T11:41:09","date_gmt":"2007-02-23T11:41:09","guid":{"rendered":"http:\/\/blogs.thesocialmedia.com\/leblogmoto\/2007\/02\/23\/ffmc-prsidentie-1\/"},"modified":"2012-07-11T14:32:55","modified_gmt":"2012-07-11T14:32:55","slug":"ffmc-prsidentie-1","status":"publish","type":"post","link":"https:\/\/blogs.thesocialmedia.com\/leblogmoto\/2007\/02\/23\/ffmc-prsidentie-1\/","title":{"rendered":"FFMC: \u00e9lections pr\u00e9sidentielles 3"},"content":{"rendered":"<p><span style=\"font-size: 1.2em\"><strong><a href=\"http:\/\/blogs.thesocialmedia.com\/leblogmoto\/files\/2012\/07\/ffmc_1_5.jpg\"><img loading=\"lazy\" decoding=\"async\" width=\"250\" height=\"85\"  src=\"http:\/\/www.leblogmoto.com\/images\/ffmc_1_5.jpg\" alt=\"Ffmc_1_5\" style=\"margin: 0px 5px 5px 0px;float: left\" \/><\/a> Le questionnaire de la <a href=\"http:\/\/www.motardsencolere.com\/-Presidentielles-2007-.html\">FFMC<\/a> aux candidats<\/strong><\/span><\/p>\n<p><strong> Prise en compte des deux roues \u00e0 moteur : motards et scooters<\/strong><\/p>\n<p><a href=\"http:\/\/clabedan.typepad.com\/.shared\/image.html?\/photos\/uncategorized\/arton1076_2.jpg\"><img loading=\"lazy\" decoding=\"async\" width=\"250\" height=\"375\"  src=\"http:\/\/www.leblogmoto.com\/images\/arton1076_2.jpg\" alt=\"Arton1076_2\" style=\"margin: 0px 5px 5px 0px;float: left\" \/><\/a> CIRCULATION PLUS FLUIDE<br \/> Le nombre de 2RM est en forte croissance en ville et contribuent \u00e0 am\u00e9liorer les conditions de circulation. Etes vous d\u2019accord avec cette affirmation ?<br \/> x Oui absolument, x Oui sans doute, x Plut\u00f4t Non x Absolument Pas<\/p>\n<p> STATIONNEMENT<br \/> Le nombre d\u2019emplacements de stationnement en ville est notoirement insuffisant. Etes-vous favorable au stationnement des 2 roues motoris\u00e9s sur les trottoirs larges et sous certaines conditions (ne pas g\u00eaner les pi\u00e9tons, \u2026)<br \/> x Oui absolument, x Oui sans doute, x Plut\u00f4t Non x Absolument Pas<br \/> Que proposez vous ?<\/p>\n<p> CIRCULATION EN VILLE<br \/> Des exp\u00e9riences men\u00e9es \u00e0 l\u2019\u00e9tranger sur la circulation des 2RM dans les couloirs de bus concluent \u00e0 une am\u00e9lioration de la circulation, et <a href=\"http:\/\/clabedan.typepad.com\/.shared\/image.html?\/photos\/uncategorized\/rubon134ca0c_1.gif\"><img loading=\"lazy\" decoding=\"async\" width=\"250\" height=\"48\"  src=\"http:\/\/www.leblogmoto.com\/images\/rubon134ca0c_1.gif\" alt=\"Rubon134ca0c_1\" style=\"margin: 0px 5px 5px 0px;float: left\" \/><\/a> de leur s\u00e9curit\u00e9. Etes-vous favorable \u00e0 une telle mesure dans les villes fran\u00e7aises ?<br \/> x Oui absolument, x Oui sans doute, x Plut\u00f4t Non x Absolument Pas<\/p>\n<p> CIRCULATION ENTRE LES FILES<br \/> De m\u00eame, \u00eates vous favorable \u00e0 l\u00e9galiser, comme le propose la <a href=\"http:\/\/www.motardsencolere.com\/-Presidentielles-2007-.html\">FFMC<\/a> sous certaines conditions, la pratique de la circulation entre les files de voitures par les 2RM, sur les voies rapides embouteill\u00e9es ?<br \/> x Oui absolument, x Oui sans doute, x Plut\u00f4t Non x Absolument Pas<br \/> Que proposeriez vous ?<\/p>\n<p>DISPOSITIONS FISCALES ANTIPOLLUTION<br \/> Les constructeurs ont r\u00e9alis\u00e9 de grands progr\u00e8s, qui permettent aux deux-roues \u00e0 moteur r\u00e9cents de respecter l\u2019environnement. Etes-vous favorable \u00e0 la cr\u00e9ation des mesures fiscale pour encourager le renouvellement rapide du parc circulant vers des v\u00e9hicules aux normes Euro 3 ?<br \/> x Oui absolument, x Oui sans doute, x Plut\u00f4t Non x Absolument Pas<br \/> Que proposeriez vous ?<\/p>\n<p> AMENAGEMENTS ROUTIERS<br \/> Les 2 roues \u00e0 moteur (2RM) \u00e9voluent dans un environnement essentiellement con\u00e7u pour l\u2019automobile. Rendrez-vous obligatoires la prise en compte des 2RM dans la conception des routes (mobilier urbain, peintures au sol, obstacles lat\u00e9raux) ?<br \/> x Oui absolument, x Oui sans doute, x Plut\u00f4t Non x Absolument Pas<br \/> Que proposeriez vous ?<\/p>\n<p> IMAGE DES MOTARDS<br \/> Une r\u00e9putation d\u00e9testable est souvent attribu\u00e9e aux motards. Pensez vous que cette id\u00e9e soit fond\u00e9e ?<br \/> x Oui absolument, x Oui sans doute, x Plut\u00f4t Non x Absolument Pas<\/p>\n<p><strong> Votre politique de s\u00e9curit\u00e9 routi\u00e8re<\/strong><\/p>\n<p> PERMIS DE CONDUIRE<br \/> Nombre d\u2019accidents ont lieu par m\u00e9connaissance des sp\u00e9cificit\u00e9s des v\u00e9hicules avec lesquels nous partageons la route (poids lourd, deux-roues \u00e0 moteur, v\u00e9lo) Seriez-vous pr\u00eat \u00e0 int\u00e9grer au permis de conduire un module sp\u00e9cifique sensibilisant tous les conducteurs aux particularit\u00e9s du deux- roues et \u00e0 sa fragilit\u00e9 en particulier ?<br \/> x Oui absolument, x Oui sans doute, x Plut\u00f4t Non x Absolument Pas<\/p>\n<p> TVA SUR LES EQUIPEMENTS DE SECURITE<br \/> Le port du casque est obligatoire et constitue un \u00e9l\u00e9ment de s\u00e9curit\u00e9 incontournable. En Grande Bretagne, la TVA sur les casques est par cons\u00e9quent de 0%. Seriez-vous enclin \u00e0 baisser la TVA sur les casques et les protections homologu\u00e9es ?<br \/> x Oui absolument, x Oui sans doute, x Plut\u00f4t Non x Absolument Pas<\/p>\n<p> FEUX DE JOUR<br \/> L\u2019invitation faite aux automobilistes de rouler en feux de croisement le jour noyait les phares des deux 2-roues dans le trafic alors qu\u2019ils sont cens\u00e9s les distinguer. Cette mesure n\u2019a \u00e9t\u00e9 suivie d\u2019aucun effet positif. La commission europ\u00e9enne pr\u00e9voit n\u00e9anmoins de rendre des feux de jour obligatoires par construction sur les voitures en d\u00e9pit des dangers que cela fait peser sur les usagers vuln\u00e9rables qui seront moins visibles (pi\u00e9tons et deux roues) D\u00e9fendrez-vous ce point de vue ?<br \/> x Oui absolument, x Oui sans doute, x Plut\u00f4t Non x Absolument Pas<\/p>\n<p> PROGRAMME SCOLAIRE<br \/> La sensibilisation \u00e0 la conduite et aux risques routiers \u00e0 l\u2019\u00e9cole se limite aujourd\u2019hui \u00e0 un questionnaire pour l\u2019obtention l\u2019ASSR (Attestation Scolaire de S\u00e9curit\u00e9 Routi\u00e8re) et 5 h de formation pour le BSR (Brevet de S\u00e9curit\u00e9 Routi\u00e8re). C\u2019est insuffisant. Etes vous favorable \u00e0 une formation plus \u00e9labor\u00e9e \u00e0 l\u2019\u00e9cole.<br \/> x Oui absolument, x Oui sans doute, x Plut\u00f4t Non x Absolument Pas<br \/> Que proposez vous ?<\/p>\n<p> RADARS ET AUTOMATICITE DES SANCTIONS<br \/> Les sanctions automatis\u00e9es, suite au cumul d\u2019infractions mineures, ont conduit des milliers de conducteurs \u00e0 rouler sans permis. Comment pensez vous r\u00e9gler ce probl\u00e8me ?<br \/> Pensez-vous que les probl\u00e8mes de s\u00e9curit\u00e9 routi\u00e8re peuvent \u00eatre r\u00e9solus par la multiplication des radars automatiques ?<br \/> x Oui absolument, x Oui sans doute, x Plut\u00f4t Non x Absolument Pas<br \/> Que proposez vous ?<\/p>\n<p> CIRCUITS<br \/> Des circuits de vitesse permettent de pratiquer la moto dabs des conditions de s\u00e9curit\u00e9 optimales et peuvent \u00eatre utilis\u00e9s pour la formation. Encouragerez vous leur d\u00e9veloppement en facilitant l\u2019acc\u00e8s du plus grand nombre \u00e0 ces infrastructures ?<br \/> x Oui absolument, x Oui sans doute, x Plut\u00f4t Non x Absolument Pas<br \/> Que proposez vous ?<\/p>\n<p> CONTROLE MEDICAL<br \/> La conduite d\u2019un v\u00e9hicule \u00e0 moteur exige une vigilance, une vision et des r\u00e9flexes d\u2019un bon niveau. Pensez-vous qu\u2019il faille v\u00e9rifier r\u00e9guli\u00e8rement l\u2019aptitude \u00e0 la conduite ?<br \/> x Oui absolument, x Oui sans doute, x Plut\u00f4t Non x Absolument Pas<br \/> Que proposez vous ?<\/p>\n<p> PREVENTION<br \/> La politique de s\u00e9curit\u00e9 routi\u00e8re actuelle, ax\u00e9e quasi-uniquement sur la r\u00e9pression infantilise et aigrit les usagers de la route et atteint ses limites. Un volet pr\u00e9vention visible du grand public est-il pr\u00e9vu au sein de votre programme s\u00e9curit\u00e9 ?<br \/> x Oui absolument, x Oui sans doute, x Plut\u00f4t Non x Absolument Pas<br \/> Que proposez vous ?<\/p>\n<p><strong> Libert\u00e9 de circuler : vos priorit\u00e9s<\/strong><\/p>\n<p> PEAGES URBAINS (ET SUR ROUTES NATIONALES).<br \/> Du fait des lois de d\u00e9centralisation, et de la privatisation du domaine public, de nombreux projets routiers, comme des nationales et des autoroutes urbaines seront financ\u00e9s par le p\u00e9age. Y \u00eates-vous oppos\u00e9 ?<br \/> x Oui absolument, x Oui sans doute, x Plut\u00f4t Non x Absolument Pas<\/p>\n<p> ROUTES INTERDITES AUX MOTOS.<br \/> Le futur tunnel A86 entre Rueil et Versailles sera interdit aux motos. Etes-vous favorable \u00e0 cette discrimination qui cr\u00e9e un pr\u00e9c\u00e9dent dangereux sans justification valable ?<br \/> x Oui absolument, x Oui sans doute, x Plut\u00f4t Non x Absolument Pas<\/p>\n<p> LOI SUR LES 100 CHEVAUX.<br \/> Actuellement la France est le seul pays au monde o\u00f9 les motos sont brid\u00e9es \u00e0 100 ch sans fondement. C\u2019est contraire aux principes \u00e9nonc\u00e9s dans les trait\u00e9s europ\u00e9ens. Abrogerez-vous cette mesure ?<br \/> x Oui absolument, x Oui sans doute, x Plut\u00f4t Non x Absolument Pas<\/p>\n<p> LIMITATION DE VITESSE PAR CONSTRUCTION.<br \/> Etes vous favorable \u00e0 emp\u00eacher la conception de v\u00e9hicules permettant le d\u00e9passement des vitesses autoris\u00e9s ?<br \/> x Oui absolument, x Oui sans doute, x Plut\u00f4t Non x Absolument Pas<\/p>\n<p> DISPROPORTION FAUTES\/SANCTIONS.<br \/> La lutte contre l\u2019ins\u00e9curit\u00e9 routi\u00e8re a multipli\u00e9 le nombre de lois et durci les sanctions. Par exemple, revendre une moto ayant subi des modifications, m\u00eame mineures, expose \u00e0 une amende de 30 000\u20ac et de 2 ans de prison. Allez-vous poursuivre dans ce sens ?<br \/> x Oui absolument, x Oui sans doute, x Plut\u00f4t Non x Absolument Pas<\/p>\n<p> CONTROLES TECHNIQUES.<br \/> Les \u00e9tudes montrent que les accidents de 2RM ne sont pas dus \u00e0 une d\u00e9faillance technique du v\u00e9hicule, mais surtout \u00e0 des facteurs humains. Envisagez-vous malgr\u00e9 tout la mise en place d\u2019un contr\u00f4le technique moto ?<br \/> x Oui absolument, x Oui sans doute, x Plut\u00f4t Non x Absolument Pas<\/p>\n<p> RELEVES D\u2019ADN POUR CAUSE D\u2019ACTION MILITANTE.<br \/> Le relev\u00e9 d\u2019empreintes ADN \u00e9tait jusqu\u2019ici r\u00e9serv\u00e9 aux criminels. Mais on constate une mont\u00e9e en puissance du fichage ADN pour des infractions mineures ou pour sanctionner des actions militantes. \u00cates-vous favorable au d\u00e9veloppement du fichage ADN ?<br \/> x Oui absolument, x Oui sans doute, x Plut\u00f4t Non x Absolument Pas<\/p>\n<p> VIDEOSURVEILLANCE<br \/> On constate une multiplication des outils de surveillance \u00e9lectronique pour constater des infractions routi\u00e8res. Vous engageriez-vous \u00e0 limiter leur usage ?<br \/> x Oui absolument, x Oui sans doute, x Plut\u00f4t Non x Absolument Pas<\/p>\n","protected":false},"excerpt":{"rendered":"<p>Le questionnaire de la FFMC aux candidats Prise en compte des deux roues \u00e0 moteur : motards et scooters CIRCULATION PLUS FLUIDE Le nombre de 2RM est en forte croissance en ville et contribuent \u00e0 am\u00e9liorer les conditions de circulation. Etes vous d\u2019accord avec cette affirmation ? x Oui absolument, x Oui sans doute, x [&hellip;]<\/p>\n","protected":false},"author":333,"featured_media":0,"comment_status":"open","ping_status":"open","sticky":false,"template":"","format":"standard","meta":{"footnotes":""},"categories":[3],"tags":[],"class_list":["post-1531","post","type-post","status-publish","format-standard","hentry","category-actualite"],"yoast_head":"<!-- This site is optimized with the Yoast SEO plugin v26.0 - https:\/\/yoast.com\/wordpress\/plugins\/seo\/ -->\n<title>FFMC: \u00e9lections pr\u00e9sidentielles 3 - leblogmoto.com<\/title>\n<meta name=\"robots\" content=\"index, follow, max-snippet:-1, max-image-preview:large, max-video-preview:-1\" \/>\n<link rel=\"canonical\" href=\"https:\/\/blogs.thesocialmedia.com\/leblogmoto\/2007\/02\/23\/ffmc-prsidentie-1\/\" \/>\n<meta name=\"twitter:card\" content=\"summary_large_image\" \/>\n<meta name=\"twitter:title\" content=\"FFMC: \u00e9lections pr\u00e9sidentielles 3 - leblogmoto.com\" \/>\n<meta name=\"twitter:description\" content=\"Le questionnaire de la FFMC aux candidats Prise en compte des deux roues \u00e0 moteur : motards et scooters CIRCULATION PLUS FLUIDE Le nombre de 2RM est en forte croissance en ville et contribuent \u00e0 am\u00e9liorer les conditions de circulation. Etes vous d\u2019accord avec cette affirmation ? x Oui absolument, x Oui sans doute, x [&hellip;]\" \/>\n<meta name=\"twitter:image\" content=\"http:\/\/www.leblogmoto.com\/images\/ffmc_1_5.jpg\" \/>\n<meta name=\"twitter:label1\" content=\"\u00c9crit par\" \/>\n\t<meta name=\"twitter:data1\" content=\"christian tirat\" \/>\n\t<meta name=\"twitter:label2\" content=\"Dur\u00e9e de lecture estim\u00e9e\" \/>\n\t<meta name=\"twitter:data2\" content=\"7 minutes\" \/>\n<script type=\"application\/ld+json\" class=\"yoast-schema-graph\">{\"@context\":\"https:\/\/schema.org\",\"@graph\":[{\"@type\":\"WebPage\",\"@id\":\"https:\/\/blogs.thesocialmedia.com\/leblogmoto\/2007\/02\/23\/ffmc-prsidentie-1\/\",\"url\":\"https:\/\/blogs.thesocialmedia.com\/leblogmoto\/2007\/02\/23\/ffmc-prsidentie-1\/\",\"name\":\"FFMC: \u00e9lections pr\u00e9sidentielles 3 - leblogmoto.com\",\"isPartOf\":{\"@id\":\"https:\/\/blogs.thesocialmedia.com\/leblogmoto\/#website\"},\"primaryImageOfPage\":{\"@id\":\"https:\/\/blogs.thesocialmedia.com\/leblogmoto\/2007\/02\/23\/ffmc-prsidentie-1\/#primaryimage\"},\"image\":{\"@id\":\"https:\/\/blogs.thesocialmedia.com\/leblogmoto\/2007\/02\/23\/ffmc-prsidentie-1\/#primaryimage\"},\"thumbnailUrl\":\"http:\/\/www.leblogmoto.com\/images\/ffmc_1_5.jpg\",\"datePublished\":\"2007-02-23T11:41:09+00:00\",\"dateModified\":\"2012-07-11T14:32:55+00:00\",\"author\":{\"@id\":\"https:\/\/blogs.thesocialmedia.com\/leblogmoto\/#\/schema\/person\/90b2f8fd0d5a2cede2580e95fc79c6c0\"},\"breadcrumb\":{\"@id\":\"https:\/\/blogs.thesocialmedia.com\/leblogmoto\/2007\/02\/23\/ffmc-prsidentie-1\/#breadcrumb\"},\"inLanguage\":\"fr-FR\",\"potentialAction\":[{\"@type\":\"ReadAction\",\"target\":[\"https:\/\/blogs.thesocialmedia.com\/leblogmoto\/2007\/02\/23\/ffmc-prsidentie-1\/\"]}]},{\"@type\":\"ImageObject\",\"inLanguage\":\"fr-FR\",\"@id\":\"https:\/\/blogs.thesocialmedia.com\/leblogmoto\/2007\/02\/23\/ffmc-prsidentie-1\/#primaryimage\",\"url\":\"http:\/\/www.leblogmoto.com\/images\/ffmc_1_5.jpg\",\"contentUrl\":\"http:\/\/www.leblogmoto.com\/images\/ffmc_1_5.jpg\"},{\"@type\":\"BreadcrumbList\",\"@id\":\"https:\/\/blogs.thesocialmedia.com\/leblogmoto\/2007\/02\/23\/ffmc-prsidentie-1\/#breadcrumb\",\"itemListElement\":[{\"@type\":\"ListItem\",\"position\":1,\"name\":\"Accueil\",\"item\":\"https:\/\/blogs.thesocialmedia.com\/leblogmoto\/\"},{\"@type\":\"ListItem\",\"position\":2,\"name\":\"FFMC: \u00e9lections pr\u00e9sidentielles 3\"}]},{\"@type\":\"WebSite\",\"@id\":\"https:\/\/blogs.thesocialmedia.com\/leblogmoto\/#website\",\"url\":\"https:\/\/blogs.thesocialmedia.com\/leblogmoto\/\",\"name\":\"leblogmoto\",\"description\":\"Toute l&#039;actualit\u00e9 des 2 roues\",\"potentialAction\":[{\"@type\":\"SearchAction\",\"target\":{\"@type\":\"EntryPoint\",\"urlTemplate\":\"https:\/\/blogs.thesocialmedia.com\/leblogmoto\/?s={search_term_string}\"},\"query-input\":{\"@type\":\"PropertyValueSpecification\",\"valueRequired\":true,\"valueName\":\"search_term_string\"}}],\"inLanguage\":\"fr-FR\"},{\"@type\":\"Person\",\"@id\":\"https:\/\/blogs.thesocialmedia.com\/leblogmoto\/#\/schema\/person\/90b2f8fd0d5a2cede2580e95fc79c6c0\",\"name\":\"christian tirat\",\"image\":{\"@type\":\"ImageObject\",\"inLanguage\":\"fr-FR\",\"@id\":\"https:\/\/blogs.thesocialmedia.com\/leblogmoto\/#\/schema\/person\/image\/\",\"url\":\"https:\/\/secure.gravatar.com\/avatar\/?s=96&d=mm&r=g\",\"contentUrl\":\"https:\/\/secure.gravatar.com\/avatar\/?s=96&d=mm&r=g\",\"caption\":\"christian tirat\"},\"url\":\"https:\/\/blogs.thesocialmedia.com\/leblogmoto\/author\/christian-tirat\/\"}]}<\/script>\n<!-- \/ Yoast SEO plugin. -->","yoast_head_json":{"title":"FFMC: \u00e9lections pr\u00e9sidentielles 3 - leblogmoto.com","robots":{"index":"index","follow":"follow","max-snippet":"max-snippet:-1","max-image-preview":"max-image-preview:large","max-video-preview":"max-video-preview:-1"},"canonical":"https:\/\/blogs.thesocialmedia.com\/leblogmoto\/2007\/02\/23\/ffmc-prsidentie-1\/","twitter_card":"summary_large_image","twitter_title":"FFMC: \u00e9lections pr\u00e9sidentielles 3 - leblogmoto.com","twitter_description":"Le questionnaire de la FFMC aux candidats Prise en compte des deux roues \u00e0 moteur : motards et scooters CIRCULATION PLUS FLUIDE Le nombre de 2RM est en forte croissance en ville et contribuent \u00e0 am\u00e9liorer les conditions de circulation. Etes vous d\u2019accord avec cette affirmation ? x Oui absolument, x Oui sans doute, x [&hellip;]","twitter_image":"http:\/\/www.leblogmoto.com\/images\/ffmc_1_5.jpg","twitter_misc":{"\u00c9crit par":"christian tirat","Dur\u00e9e de lecture estim\u00e9e":"7 minutes"},"schema":{"@context":"https:\/\/schema.org","@graph":[{"@type":"WebPage","@id":"https:\/\/blogs.thesocialmedia.com\/leblogmoto\/2007\/02\/23\/ffmc-prsidentie-1\/","url":"https:\/\/blogs.thesocialmedia.com\/leblogmoto\/2007\/02\/23\/ffmc-prsidentie-1\/","name":"FFMC: \u00e9lections pr\u00e9sidentielles 3 - leblogmoto.com","isPartOf":{"@id":"https:\/\/blogs.thesocialmedia.com\/leblogmoto\/#website"},"primaryImageOfPage":{"@id":"https:\/\/blogs.thesocialmedia.com\/leblogmoto\/2007\/02\/23\/ffmc-prsidentie-1\/#primaryimage"},"image":{"@id":"https:\/\/blogs.thesocialmedia.com\/leblogmoto\/2007\/02\/23\/ffmc-prsidentie-1\/#primaryimage"},"thumbnailUrl":"http:\/\/www.leblogmoto.com\/images\/ffmc_1_5.jpg","datePublished":"2007-02-23T11:41:09+00:00","dateModified":"2012-07-11T14:32:55+00:00","author":{"@id":"https:\/\/blogs.thesocialmedia.com\/leblogmoto\/#\/schema\/person\/90b2f8fd0d5a2cede2580e95fc79c6c0"},"breadcrumb":{"@id":"https:\/\/blogs.thesocialmedia.com\/leblogmoto\/2007\/02\/23\/ffmc-prsidentie-1\/#breadcrumb"},"inLanguage":"fr-FR","potentialAction":[{"@type":"ReadAction","target":["https:\/\/blogs.thesocialmedia.com\/leblogmoto\/2007\/02\/23\/ffmc-prsidentie-1\/"]}]},{"@type":"ImageObject","inLanguage":"fr-FR","@id":"https:\/\/blogs.thesocialmedia.com\/leblogmoto\/2007\/02\/23\/ffmc-prsidentie-1\/#primaryimage","url":"http:\/\/www.leblogmoto.com\/images\/ffmc_1_5.jpg","contentUrl":"http:\/\/www.leblogmoto.com\/images\/ffmc_1_5.jpg"},{"@type":"BreadcrumbList","@id":"https:\/\/blogs.thesocialmedia.com\/leblogmoto\/2007\/02\/23\/ffmc-prsidentie-1\/#breadcrumb","itemListElement":[{"@type":"ListItem","position":1,"name":"Accueil","item":"https:\/\/blogs.thesocialmedia.com\/leblogmoto\/"},{"@type":"ListItem","position":2,"name":"FFMC: \u00e9lections pr\u00e9sidentielles 3"}]},{"@type":"WebSite","@id":"https:\/\/blogs.thesocialmedia.com\/leblogmoto\/#website","url":"https:\/\/blogs.thesocialmedia.com\/leblogmoto\/","name":"leblogmoto","description":"Toute l&#039;actualit\u00e9 des 2 roues","potentialAction":[{"@type":"SearchAction","target":{"@type":"EntryPoint","urlTemplate":"https:\/\/blogs.thesocialmedia.com\/leblogmoto\/?s={search_term_string}"},"query-input":{"@type":"PropertyValueSpecification","valueRequired":true,"valueName":"search_term_string"}}],"inLanguage":"fr-FR"},{"@type":"Person","@id":"https:\/\/blogs.thesocialmedia.com\/leblogmoto\/#\/schema\/person\/90b2f8fd0d5a2cede2580e95fc79c6c0","name":"christian tirat","image":{"@type":"ImageObject","inLanguage":"fr-FR","@id":"https:\/\/blogs.thesocialmedia.com\/leblogmoto\/#\/schema\/person\/image\/","url":"https:\/\/secure.gravatar.com\/avatar\/?s=96&d=mm&r=g","contentUrl":"https:\/\/secure.gravatar.com\/avatar\/?s=96&d=mm&r=g","caption":"christian tirat"},"url":"https:\/\/blogs.thesocialmedia.com\/leblogmoto\/author\/christian-tirat\/"}]}},"_links":{"self":[{"href":"https:\/\/blogs.thesocialmedia.com\/leblogmoto\/wp-json\/wp\/v2\/posts\/1531","targetHints":{"allow":["GET"]}}],"collection":[{"href":"https:\/\/blogs.thesocialmedia.com\/leblogmoto\/wp-json\/wp\/v2\/posts"}],"about":[{"href":"https:\/\/blogs.thesocialmedia.com\/leblogmoto\/wp-json\/wp\/v2\/types\/post"}],"author":[{"embeddable":true,"href":"https:\/\/blogs.thesocialmedia.com\/leblogmoto\/wp-json\/wp\/v2\/users\/333"}],"replies":[{"embeddable":true,"href":"https:\/\/blogs.thesocialmedia.com\/leblogmoto\/wp-json\/wp\/v2\/comments?post=1531"}],"version-history":[{"count":2,"href":"https:\/\/blogs.thesocialmedia.com\/leblogmoto\/wp-json\/wp\/v2\/posts\/1531\/revisions"}],"predecessor-version":[{"id":8070,"href":"https:\/\/blogs.thesocialmedia.com\/leblogmoto\/wp-json\/wp\/v2\/posts\/1531\/revisions\/8070"}],"wp:attachment":[{"href":"https:\/\/blogs.thesocialmedia.com\/leblogmoto\/wp-json\/wp\/v2\/media?parent=1531"}],"wp:term":[{"taxonomy":"category","embeddable":true,"href":"https:\/\/blogs.thesocialmedia.com\/leblogmoto\/wp-json\/wp\/v2\/categories?post=1531"},{"taxonomy":"post_tag","embeddable":true,"href":"https:\/\/blogs.thesocialmedia.com\/leblogmoto\/wp-json\/wp\/v2\/tags?post=1531"}],"curies":[{"name":"wp","href":"https:\/\/api.w.org\/{rel}","templated":true}]}}