{"id":1532,"date":"2007-02-23T11:33:44","date_gmt":"2007-02-23T11:33:44","guid":{"rendered":"http:\/\/blogs.thesocialmedia.com\/leblogmoto\/2007\/02\/23\/ffmc-prsidentie\/"},"modified":"2012-07-11T14:32:53","modified_gmt":"2012-07-11T14:32:53","slug":"ffmc-prsidentie","status":"publish","type":"post","link":"https:\/\/blogs.thesocialmedia.com\/leblogmoto\/2007\/02\/23\/ffmc-prsidentie\/","title":{"rendered":"FFMC: \u00e9lections pr\u00e9sidentielles 2"},"content":{"rendered":"<p><strong><a href=\"http:\/\/blogs.thesocialmedia.com\/leblogmoto\/files\/2012\/07\/ffmc_1_4.jpg\"><img loading=\"lazy\" decoding=\"async\" width=\"250\" height=\"85\"  alt=\"Ffmc_1_4\" src=\"http:\/\/www.leblogmoto.com\/images\/ffmc_1_4.jpg\" style=\"margin: 0px 5px 5px 0px;float: left\" \/><\/a> La <a href=\"http:\/\/www.motardsencolere.com\/-Presidentielles-2007-.html\">FFMC<\/a> communique<\/strong> <\/p>\n<p> \u00ab En cette ann\u00e9e \u00e9lectorale, et comme \u00e0 chacune de ces \u00e9ch\u00e9ances, la <a href=\"http:\/\/www.motardsencolere.com\/-Presidentielles-2007-.html\">FFMC<\/a>, en collaboration avec Moto Magazine a interpell\u00e9 les candidats \u00e0 l\u2019\u00e9lection pr\u00e9sidentielle sur tout un ensemble de questions li\u00e9es \u00e0 la pratique de la moto.<\/p>\n<p><a href=\"http:\/\/clabedan.typepad.com\/.shared\/image.html?\/photos\/uncategorized\/arton1076_1.jpg\"><img loading=\"lazy\" decoding=\"async\" width=\"250\" height=\"375\"  alt=\"Arton1076_1\" src=\"http:\/\/www.leblogmoto.com\/images\/arton1076_1.jpg\" style=\"margin: 0px 5px 5px 0px;float: left\" \/><\/a> Elle leur a envoy\u00e9 \u00e0 chacun un questionnaire afin qu\u2019ils se positionnent sur des questions et revendications relatives \u00e0 la pratique de la moto, \u00e0 la s\u00e9curit\u00e9 routi\u00e8re mais aussi plus largement, en terme de libert\u00e9s publiques.<\/p>\n<p> Nous invitons aussi tous les motards \u00e0 solliciter les futurs candidats afin d\u2019appuyer notre d\u00e9marche et de souligner leur attachement \u00e0 ce mode de transport qui est aussi une passion en participant \u00e0 l\u2019op\u00e9ration Cartes postales <a href=\"http:\/\/www.motardsencolere.com\/-Presidentielles-2007-.html\">&quot;votez FFMC&quot;<\/a>.<\/p>\n<p><a href=\"http:\/\/clabedan.typepad.com\/.shared\/image.html?\/photos\/uncategorized\/rubon134ca0c.gif\"><img loading=\"lazy\" decoding=\"async\" width=\"250\" height=\"48\"  alt=\"Rubon134ca0c\" src=\"http:\/\/www.leblogmoto.com\/images\/rubon134ca0c.gif\" style=\"margin: 0px 5px 5px 0px;float: left\" \/><\/a> Ainsi, aucun candidat ne pourra ignorer les questions &amp; revendications de la <a href=\"http:\/\/www.motardsencolere.com\/-Presidentielles-2007-.html\">FFMC<\/a>, et les propositions que nous avan\u00e7ons. A l\u2019heure o\u00f9 ils ont les oreilles grandes ouvertes et les promesses parfois faciles, ne soyons pas absents de leurs programmes !<\/p>\n<p> Sachons aussi rayer de nos intentions de vote ceux qui ont fait de la moto un bouc \u00e9missaire, une persona non grata des politiques de s\u00e9curit\u00e9 routi\u00e8re et tous ceux qui s\u2019attaquent \u00e0 notre libert\u00e9 d\u2019aller et venir, ou refusent de prendre en compte l\u2019apport positif de ce mode de transport.<\/p>\n<p> Pour voir le courrier envoy\u00e9 \u00e0 chaque candidat, les questions pos\u00e9es, et pour participer \u00e0 l\u2019op\u00e9ration <a href=\"http:\/\/presidentielles2007.motardsencolere.com\/\">\u2018votez FFMC\u2019<\/a>, rendez vous sur : <a href=\"http:\/\/presidentielles2007.motardsencolere.com\/\">presidentielles2007.motardsencolere.com<\/a>&quot;<\/p>\n","protected":false},"excerpt":{"rendered":"<p>La FFMC communique \u00ab En cette ann\u00e9e \u00e9lectorale, et comme \u00e0 chacune de ces \u00e9ch\u00e9ances, la FFMC, en collaboration avec Moto Magazine a interpell\u00e9 les candidats \u00e0 l\u2019\u00e9lection pr\u00e9sidentielle sur tout un ensemble de questions li\u00e9es \u00e0 la pratique de la moto. Elle leur a envoy\u00e9 \u00e0 chacun un questionnaire afin qu\u2019ils se positionnent sur [&hellip;]<\/p>\n","protected":false},"author":333,"featured_media":0,"comment_status":"open","ping_status":"open","sticky":false,"template":"","format":"standard","meta":{"footnotes":""},"categories":[3],"tags":[],"class_list":["post-1532","post","type-post","status-publish","format-standard","hentry","category-actualite"],"yoast_head":"<!-- This site is optimized with the Yoast SEO plugin v26.0 - https:\/\/yoast.com\/wordpress\/plugins\/seo\/ -->\n<title>FFMC: \u00e9lections pr\u00e9sidentielles 2 - leblogmoto.com<\/title>\n<meta name=\"robots\" content=\"index, follow, max-snippet:-1, max-image-preview:large, max-video-preview:-1\" \/>\n<link rel=\"canonical\" href=\"https:\/\/blogs.thesocialmedia.com\/leblogmoto\/2007\/02\/23\/ffmc-prsidentie\/\" \/>\n<meta name=\"twitter:card\" content=\"summary_large_image\" \/>\n<meta name=\"twitter:title\" content=\"FFMC: \u00e9lections pr\u00e9sidentielles 2 - leblogmoto.com\" \/>\n<meta name=\"twitter:description\" content=\"La FFMC communique \u00ab En cette ann\u00e9e \u00e9lectorale, et comme \u00e0 chacune de ces \u00e9ch\u00e9ances, la FFMC, en collaboration avec Moto Magazine a interpell\u00e9 les candidats \u00e0 l\u2019\u00e9lection pr\u00e9sidentielle sur tout un ensemble de questions li\u00e9es \u00e0 la pratique de la moto. Elle leur a envoy\u00e9 \u00e0 chacun un questionnaire afin qu\u2019ils se positionnent sur [&hellip;]\" \/>\n<meta name=\"twitter:image\" content=\"http:\/\/www.leblogmoto.com\/images\/ffmc_1_4.jpg\" \/>\n<meta name=\"twitter:label1\" content=\"\u00c9crit par\" \/>\n\t<meta name=\"twitter:data1\" content=\"christian tirat\" \/>\n\t<meta name=\"twitter:label2\" content=\"Dur\u00e9e de lecture estim\u00e9e\" \/>\n\t<meta name=\"twitter:data2\" content=\"1 minute\" \/>\n<script type=\"application\/ld+json\" class=\"yoast-schema-graph\">{\"@context\":\"https:\/\/schema.org\",\"@graph\":[{\"@type\":\"WebPage\",\"@id\":\"https:\/\/blogs.thesocialmedia.com\/leblogmoto\/2007\/02\/23\/ffmc-prsidentie\/\",\"url\":\"https:\/\/blogs.thesocialmedia.com\/leblogmoto\/2007\/02\/23\/ffmc-prsidentie\/\",\"name\":\"FFMC: \u00e9lections pr\u00e9sidentielles 2 - leblogmoto.com\",\"isPartOf\":{\"@id\":\"https:\/\/blogs.thesocialmedia.com\/leblogmoto\/#website\"},\"primaryImageOfPage\":{\"@id\":\"https:\/\/blogs.thesocialmedia.com\/leblogmoto\/2007\/02\/23\/ffmc-prsidentie\/#primaryimage\"},\"image\":{\"@id\":\"https:\/\/blogs.thesocialmedia.com\/leblogmoto\/2007\/02\/23\/ffmc-prsidentie\/#primaryimage\"},\"thumbnailUrl\":\"http:\/\/www.leblogmoto.com\/images\/ffmc_1_4.jpg\",\"datePublished\":\"2007-02-23T11:33:44+00:00\",\"dateModified\":\"2012-07-11T14:32:53+00:00\",\"author\":{\"@id\":\"https:\/\/blogs.thesocialmedia.com\/leblogmoto\/#\/schema\/person\/90b2f8fd0d5a2cede2580e95fc79c6c0\"},\"breadcrumb\":{\"@id\":\"https:\/\/blogs.thesocialmedia.com\/leblogmoto\/2007\/02\/23\/ffmc-prsidentie\/#breadcrumb\"},\"inLanguage\":\"fr-FR\",\"potentialAction\":[{\"@type\":\"ReadAction\",\"target\":[\"https:\/\/blogs.thesocialmedia.com\/leblogmoto\/2007\/02\/23\/ffmc-prsidentie\/\"]}]},{\"@type\":\"ImageObject\",\"inLanguage\":\"fr-FR\",\"@id\":\"https:\/\/blogs.thesocialmedia.com\/leblogmoto\/2007\/02\/23\/ffmc-prsidentie\/#primaryimage\",\"url\":\"http:\/\/www.leblogmoto.com\/images\/ffmc_1_4.jpg\",\"contentUrl\":\"http:\/\/www.leblogmoto.com\/images\/ffmc_1_4.jpg\"},{\"@type\":\"BreadcrumbList\",\"@id\":\"https:\/\/blogs.thesocialmedia.com\/leblogmoto\/2007\/02\/23\/ffmc-prsidentie\/#breadcrumb\",\"itemListElement\":[{\"@type\":\"ListItem\",\"position\":1,\"name\":\"Accueil\",\"item\":\"https:\/\/blogs.thesocialmedia.com\/leblogmoto\/\"},{\"@type\":\"ListItem\",\"position\":2,\"name\":\"FFMC: \u00e9lections pr\u00e9sidentielles 2\"}]},{\"@type\":\"WebSite\",\"@id\":\"https:\/\/blogs.thesocialmedia.com\/leblogmoto\/#website\",\"url\":\"https:\/\/blogs.thesocialmedia.com\/leblogmoto\/\",\"name\":\"leblogmoto\",\"description\":\"Toute l&#039;actualit\u00e9 des 2 roues\",\"potentialAction\":[{\"@type\":\"SearchAction\",\"target\":{\"@type\":\"EntryPoint\",\"urlTemplate\":\"https:\/\/blogs.thesocialmedia.com\/leblogmoto\/?s={search_term_string}\"},\"query-input\":{\"@type\":\"PropertyValueSpecification\",\"valueRequired\":true,\"valueName\":\"search_term_string\"}}],\"inLanguage\":\"fr-FR\"},{\"@type\":\"Person\",\"@id\":\"https:\/\/blogs.thesocialmedia.com\/leblogmoto\/#\/schema\/person\/90b2f8fd0d5a2cede2580e95fc79c6c0\",\"name\":\"christian tirat\",\"image\":{\"@type\":\"ImageObject\",\"inLanguage\":\"fr-FR\",\"@id\":\"https:\/\/blogs.thesocialmedia.com\/leblogmoto\/#\/schema\/person\/image\/\",\"url\":\"https:\/\/secure.gravatar.com\/avatar\/?s=96&d=mm&r=g\",\"contentUrl\":\"https:\/\/secure.gravatar.com\/avatar\/?s=96&d=mm&r=g\",\"caption\":\"christian tirat\"},\"url\":\"https:\/\/blogs.thesocialmedia.com\/leblogmoto\/author\/christian-tirat\/\"}]}<\/script>\n<!-- \/ Yoast SEO plugin. -->","yoast_head_json":{"title":"FFMC: \u00e9lections pr\u00e9sidentielles 2 - leblogmoto.com","robots":{"index":"index","follow":"follow","max-snippet":"max-snippet:-1","max-image-preview":"max-image-preview:large","max-video-preview":"max-video-preview:-1"},"canonical":"https:\/\/blogs.thesocialmedia.com\/leblogmoto\/2007\/02\/23\/ffmc-prsidentie\/","twitter_card":"summary_large_image","twitter_title":"FFMC: \u00e9lections pr\u00e9sidentielles 2 - leblogmoto.com","twitter_description":"La FFMC communique \u00ab En cette ann\u00e9e \u00e9lectorale, et comme \u00e0 chacune de ces \u00e9ch\u00e9ances, la FFMC, en collaboration avec Moto Magazine a interpell\u00e9 les candidats \u00e0 l\u2019\u00e9lection pr\u00e9sidentielle sur tout un ensemble de questions li\u00e9es \u00e0 la pratique de la moto. Elle leur a envoy\u00e9 \u00e0 chacun un questionnaire afin qu\u2019ils se positionnent sur [&hellip;]","twitter_image":"http:\/\/www.leblogmoto.com\/images\/ffmc_1_4.jpg","twitter_misc":{"\u00c9crit par":"christian tirat","Dur\u00e9e de lecture estim\u00e9e":"1 minute"},"schema":{"@context":"https:\/\/schema.org","@graph":[{"@type":"WebPage","@id":"https:\/\/blogs.thesocialmedia.com\/leblogmoto\/2007\/02\/23\/ffmc-prsidentie\/","url":"https:\/\/blogs.thesocialmedia.com\/leblogmoto\/2007\/02\/23\/ffmc-prsidentie\/","name":"FFMC: \u00e9lections pr\u00e9sidentielles 2 - leblogmoto.com","isPartOf":{"@id":"https:\/\/blogs.thesocialmedia.com\/leblogmoto\/#website"},"primaryImageOfPage":{"@id":"https:\/\/blogs.thesocialmedia.com\/leblogmoto\/2007\/02\/23\/ffmc-prsidentie\/#primaryimage"},"image":{"@id":"https:\/\/blogs.thesocialmedia.com\/leblogmoto\/2007\/02\/23\/ffmc-prsidentie\/#primaryimage"},"thumbnailUrl":"http:\/\/www.leblogmoto.com\/images\/ffmc_1_4.jpg","datePublished":"2007-02-23T11:33:44+00:00","dateModified":"2012-07-11T14:32:53+00:00","author":{"@id":"https:\/\/blogs.thesocialmedia.com\/leblogmoto\/#\/schema\/person\/90b2f8fd0d5a2cede2580e95fc79c6c0"},"breadcrumb":{"@id":"https:\/\/blogs.thesocialmedia.com\/leblogmoto\/2007\/02\/23\/ffmc-prsidentie\/#breadcrumb"},"inLanguage":"fr-FR","potentialAction":[{"@type":"ReadAction","target":["https:\/\/blogs.thesocialmedia.com\/leblogmoto\/2007\/02\/23\/ffmc-prsidentie\/"]}]},{"@type":"ImageObject","inLanguage":"fr-FR","@id":"https:\/\/blogs.thesocialmedia.com\/leblogmoto\/2007\/02\/23\/ffmc-prsidentie\/#primaryimage","url":"http:\/\/www.leblogmoto.com\/images\/ffmc_1_4.jpg","contentUrl":"http:\/\/www.leblogmoto.com\/images\/ffmc_1_4.jpg"},{"@type":"BreadcrumbList","@id":"https:\/\/blogs.thesocialmedia.com\/leblogmoto\/2007\/02\/23\/ffmc-prsidentie\/#breadcrumb","itemListElement":[{"@type":"ListItem","position":1,"name":"Accueil","item":"https:\/\/blogs.thesocialmedia.com\/leblogmoto\/"},{"@type":"ListItem","position":2,"name":"FFMC: \u00e9lections pr\u00e9sidentielles 2"}]},{"@type":"WebSite","@id":"https:\/\/blogs.thesocialmedia.com\/leblogmoto\/#website","url":"https:\/\/blogs.thesocialmedia.com\/leblogmoto\/","name":"leblogmoto","description":"Toute l&#039;actualit\u00e9 des 2 roues","potentialAction":[{"@type":"SearchAction","target":{"@type":"EntryPoint","urlTemplate":"https:\/\/blogs.thesocialmedia.com\/leblogmoto\/?s={search_term_string}"},"query-input":{"@type":"PropertyValueSpecification","valueRequired":true,"valueName":"search_term_string"}}],"inLanguage":"fr-FR"},{"@type":"Person","@id":"https:\/\/blogs.thesocialmedia.com\/leblogmoto\/#\/schema\/person\/90b2f8fd0d5a2cede2580e95fc79c6c0","name":"christian tirat","image":{"@type":"ImageObject","inLanguage":"fr-FR","@id":"https:\/\/blogs.thesocialmedia.com\/leblogmoto\/#\/schema\/person\/image\/","url":"https:\/\/secure.gravatar.com\/avatar\/?s=96&d=mm&r=g","contentUrl":"https:\/\/secure.gravatar.com\/avatar\/?s=96&d=mm&r=g","caption":"christian tirat"},"url":"https:\/\/blogs.thesocialmedia.com\/leblogmoto\/author\/christian-tirat\/"}]}},"_links":{"self":[{"href":"https:\/\/blogs.thesocialmedia.com\/leblogmoto\/wp-json\/wp\/v2\/posts\/1532","targetHints":{"allow":["GET"]}}],"collection":[{"href":"https:\/\/blogs.thesocialmedia.com\/leblogmoto\/wp-json\/wp\/v2\/posts"}],"about":[{"href":"https:\/\/blogs.thesocialmedia.com\/leblogmoto\/wp-json\/wp\/v2\/types\/post"}],"author":[{"embeddable":true,"href":"https:\/\/blogs.thesocialmedia.com\/leblogmoto\/wp-json\/wp\/v2\/users\/333"}],"replies":[{"embeddable":true,"href":"https:\/\/blogs.thesocialmedia.com\/leblogmoto\/wp-json\/wp\/v2\/comments?post=1532"}],"version-history":[{"count":2,"href":"https:\/\/blogs.thesocialmedia.com\/leblogmoto\/wp-json\/wp\/v2\/posts\/1532\/revisions"}],"predecessor-version":[{"id":8068,"href":"https:\/\/blogs.thesocialmedia.com\/leblogmoto\/wp-json\/wp\/v2\/posts\/1532\/revisions\/8068"}],"wp:attachment":[{"href":"https:\/\/blogs.thesocialmedia.com\/leblogmoto\/wp-json\/wp\/v2\/media?parent=1532"}],"wp:term":[{"taxonomy":"category","embeddable":true,"href":"https:\/\/blogs.thesocialmedia.com\/leblogmoto\/wp-json\/wp\/v2\/categories?post=1532"},{"taxonomy":"post_tag","embeddable":true,"href":"https:\/\/blogs.thesocialmedia.com\/leblogmoto\/wp-json\/wp\/v2\/tags?post=1532"}],"curies":[{"name":"wp","href":"https:\/\/api.w.org\/{rel}","templated":true}]}}