{"id":1533,"date":"2007-02-23T11:03:46","date_gmt":"2007-02-23T11:03:46","guid":{"rendered":"http:\/\/blogs.thesocialmedia.com\/leblogmoto\/2007\/02\/23\/ffmc-lections-p\/"},"modified":"2012-07-11T14:32:52","modified_gmt":"2012-07-11T14:32:52","slug":"ffmc-lections-p","status":"publish","type":"post","link":"https:\/\/blogs.thesocialmedia.com\/leblogmoto\/2007\/02\/23\/ffmc-lections-p\/","title":{"rendered":"FFMC : \u00e9lections pr\u00e9sidentielles 1"},"content":{"rendered":"<p><a href=\"http:\/\/blogs.thesocialmedia.com\/leblogmoto\/files\/2012\/07\/ffmc_1_3.jpg\"><img loading=\"lazy\" decoding=\"async\" width=\"250\" height=\"85\"  alt=\"Ffmc_1_3\" src=\"http:\/\/www.leblogmoto.com\/images\/ffmc_1_3.jpg\" style=\"margin: 0px 5px 5px 0px;float: left\" \/><\/a> Les campagnes \u00e9lectorales sont un bon moyen de se faire entendre, au moins provisoirement, par la classe politique. Raison de plus quand cette campagne est pr\u00e9sidentielle, on l\u2019a vu avec le \u00ab coup \u00bb de sensibilisation \u00e0 l\u2019\u00e9cologie remarquablement r\u00e9ussi par Nicolas Hulot et plus r\u00e9cemment quand le pr\u00e9sident des chasseurs a \u00ab convoqu\u00e9 \u00bb tous les candidats.<\/p>\n<p><a href=\"http:\/\/blogs.thesocialmedia.com\/leblogmoto\/files\/2012\/07\/arton1076.jpg\"><img loading=\"lazy\" decoding=\"async\" width=\"250\" height=\"375\"  alt=\"Arton1076\" src=\"http:\/\/www.leblogmoto.com\/images\/arton1076.jpg\" style=\"margin: 0px 5px 5px 0px;float: left\" \/><\/a> La <a href=\"http:\/\/presidentielles2007.motardsencolere.com\/\">F\u00e9d\u00e9ration Fran\u00e7aise des Motards en Col\u00e8re (FFMC)<\/a> compte elle aussi peser sur cette \u00e9ch\u00e9ance en s\u2019adressant directement \u00e0 tous les candidats (ou presque car un candidat semble avoir \u00e9t\u00e9 \u00aboubli\u00e9\u00bb. <br \/> Concr\u00e8tement cette bonne initiative se traduit par un questionnaire que la f\u00e9d\u00e9 a adress\u00e9 au si\u00e8ge de campagne des candidats, d\u00e9marche que vous pouvez soutenir en leur adressant une carte postale <a href=\"http:\/\/presidentielles2007.motardsencolere.com\/\">\u00ab votez FFMC \u00bb<\/a> <br \/> Les adresses des si\u00e8ges de campagne sont en ligne sur <a href=\"http:\/\/presidentielles2007.motardsencolere.com\/\">le site FFMC<\/a>.<\/p>\n<p> Souhaitons \u00e0 cette initiative tout le succ\u00e8s qu\u2019elle m\u00e9rite car il y \u00e0 urgence. Jamais la pratique du 2RM, tant en ville qu\u2019\u00e0 la campagne n\u2019avait \u00e9t\u00e9 autant menac\u00e9e. <br \/> On regrettera cependant qu\u2019une ou deux questions concernant l\u2019avenir de la moto verte n\u2019aient pas \u00e9t\u00e9 pos\u00e9es.<\/p>\n<p><strong>&nbsp;<\/strong><\/p>\n","protected":false},"excerpt":{"rendered":"<p>Les campagnes \u00e9lectorales sont un bon moyen de se faire entendre, au moins provisoirement, par la classe politique. Raison de plus quand cette campagne est pr\u00e9sidentielle, on l\u2019a vu avec le \u00ab coup \u00bb de sensibilisation \u00e0 l\u2019\u00e9cologie remarquablement r\u00e9ussi par Nicolas Hulot et plus r\u00e9cemment quand le pr\u00e9sident des chasseurs a \u00ab convoqu\u00e9 \u00bb [&hellip;]<\/p>\n","protected":false},"author":333,"featured_media":0,"comment_status":"open","ping_status":"open","sticky":false,"template":"","format":"standard","meta":{"footnotes":""},"categories":[3],"tags":[],"class_list":["post-1533","post","type-post","status-publish","format-standard","hentry","category-actualite"],"yoast_head":"<!-- This site is optimized with the Yoast SEO plugin v26.0 - https:\/\/yoast.com\/wordpress\/plugins\/seo\/ -->\n<title>FFMC : \u00e9lections pr\u00e9sidentielles 1 - leblogmoto.com<\/title>\n<meta name=\"robots\" content=\"index, follow, max-snippet:-1, max-image-preview:large, max-video-preview:-1\" \/>\n<link rel=\"canonical\" href=\"https:\/\/blogs.thesocialmedia.com\/leblogmoto\/2007\/02\/23\/ffmc-lections-p\/\" \/>\n<meta name=\"twitter:card\" content=\"summary_large_image\" \/>\n<meta name=\"twitter:title\" content=\"FFMC : \u00e9lections pr\u00e9sidentielles 1 - leblogmoto.com\" \/>\n<meta name=\"twitter:description\" content=\"Les campagnes \u00e9lectorales sont un bon moyen de se faire entendre, au moins provisoirement, par la classe politique. Raison de plus quand cette campagne est pr\u00e9sidentielle, on l\u2019a vu avec le \u00ab coup \u00bb de sensibilisation \u00e0 l\u2019\u00e9cologie remarquablement r\u00e9ussi par Nicolas Hulot et plus r\u00e9cemment quand le pr\u00e9sident des chasseurs a \u00ab convoqu\u00e9 \u00bb [&hellip;]\" \/>\n<meta name=\"twitter:image\" content=\"http:\/\/www.leblogmoto.com\/images\/ffmc_1_3.jpg\" \/>\n<meta name=\"twitter:label1\" content=\"\u00c9crit par\" \/>\n\t<meta name=\"twitter:data1\" content=\"christian tirat\" \/>\n\t<meta name=\"twitter:label2\" content=\"Dur\u00e9e de lecture estim\u00e9e\" \/>\n\t<meta name=\"twitter:data2\" content=\"1 minute\" \/>\n<script type=\"application\/ld+json\" class=\"yoast-schema-graph\">{\"@context\":\"https:\/\/schema.org\",\"@graph\":[{\"@type\":\"WebPage\",\"@id\":\"https:\/\/blogs.thesocialmedia.com\/leblogmoto\/2007\/02\/23\/ffmc-lections-p\/\",\"url\":\"https:\/\/blogs.thesocialmedia.com\/leblogmoto\/2007\/02\/23\/ffmc-lections-p\/\",\"name\":\"FFMC : \u00e9lections pr\u00e9sidentielles 1 - leblogmoto.com\",\"isPartOf\":{\"@id\":\"https:\/\/blogs.thesocialmedia.com\/leblogmoto\/#website\"},\"primaryImageOfPage\":{\"@id\":\"https:\/\/blogs.thesocialmedia.com\/leblogmoto\/2007\/02\/23\/ffmc-lections-p\/#primaryimage\"},\"image\":{\"@id\":\"https:\/\/blogs.thesocialmedia.com\/leblogmoto\/2007\/02\/23\/ffmc-lections-p\/#primaryimage\"},\"thumbnailUrl\":\"http:\/\/www.leblogmoto.com\/images\/ffmc_1_3.jpg\",\"datePublished\":\"2007-02-23T11:03:46+00:00\",\"dateModified\":\"2012-07-11T14:32:52+00:00\",\"author\":{\"@id\":\"https:\/\/blogs.thesocialmedia.com\/leblogmoto\/#\/schema\/person\/90b2f8fd0d5a2cede2580e95fc79c6c0\"},\"breadcrumb\":{\"@id\":\"https:\/\/blogs.thesocialmedia.com\/leblogmoto\/2007\/02\/23\/ffmc-lections-p\/#breadcrumb\"},\"inLanguage\":\"fr-FR\",\"potentialAction\":[{\"@type\":\"ReadAction\",\"target\":[\"https:\/\/blogs.thesocialmedia.com\/leblogmoto\/2007\/02\/23\/ffmc-lections-p\/\"]}]},{\"@type\":\"ImageObject\",\"inLanguage\":\"fr-FR\",\"@id\":\"https:\/\/blogs.thesocialmedia.com\/leblogmoto\/2007\/02\/23\/ffmc-lections-p\/#primaryimage\",\"url\":\"http:\/\/www.leblogmoto.com\/images\/ffmc_1_3.jpg\",\"contentUrl\":\"http:\/\/www.leblogmoto.com\/images\/ffmc_1_3.jpg\"},{\"@type\":\"BreadcrumbList\",\"@id\":\"https:\/\/blogs.thesocialmedia.com\/leblogmoto\/2007\/02\/23\/ffmc-lections-p\/#breadcrumb\",\"itemListElement\":[{\"@type\":\"ListItem\",\"position\":1,\"name\":\"Accueil\",\"item\":\"https:\/\/blogs.thesocialmedia.com\/leblogmoto\/\"},{\"@type\":\"ListItem\",\"position\":2,\"name\":\"FFMC : \u00e9lections pr\u00e9sidentielles 1\"}]},{\"@type\":\"WebSite\",\"@id\":\"https:\/\/blogs.thesocialmedia.com\/leblogmoto\/#website\",\"url\":\"https:\/\/blogs.thesocialmedia.com\/leblogmoto\/\",\"name\":\"leblogmoto\",\"description\":\"Toute l&#039;actualit\u00e9 des 2 roues\",\"potentialAction\":[{\"@type\":\"SearchAction\",\"target\":{\"@type\":\"EntryPoint\",\"urlTemplate\":\"https:\/\/blogs.thesocialmedia.com\/leblogmoto\/?s={search_term_string}\"},\"query-input\":{\"@type\":\"PropertyValueSpecification\",\"valueRequired\":true,\"valueName\":\"search_term_string\"}}],\"inLanguage\":\"fr-FR\"},{\"@type\":\"Person\",\"@id\":\"https:\/\/blogs.thesocialmedia.com\/leblogmoto\/#\/schema\/person\/90b2f8fd0d5a2cede2580e95fc79c6c0\",\"name\":\"christian tirat\",\"image\":{\"@type\":\"ImageObject\",\"inLanguage\":\"fr-FR\",\"@id\":\"https:\/\/blogs.thesocialmedia.com\/leblogmoto\/#\/schema\/person\/image\/\",\"url\":\"https:\/\/secure.gravatar.com\/avatar\/?s=96&d=mm&r=g\",\"contentUrl\":\"https:\/\/secure.gravatar.com\/avatar\/?s=96&d=mm&r=g\",\"caption\":\"christian tirat\"},\"url\":\"https:\/\/blogs.thesocialmedia.com\/leblogmoto\/author\/christian-tirat\/\"}]}<\/script>\n<!-- \/ Yoast SEO plugin. -->","yoast_head_json":{"title":"FFMC : \u00e9lections pr\u00e9sidentielles 1 - leblogmoto.com","robots":{"index":"index","follow":"follow","max-snippet":"max-snippet:-1","max-image-preview":"max-image-preview:large","max-video-preview":"max-video-preview:-1"},"canonical":"https:\/\/blogs.thesocialmedia.com\/leblogmoto\/2007\/02\/23\/ffmc-lections-p\/","twitter_card":"summary_large_image","twitter_title":"FFMC : \u00e9lections pr\u00e9sidentielles 1 - leblogmoto.com","twitter_description":"Les campagnes \u00e9lectorales sont un bon moyen de se faire entendre, au moins provisoirement, par la classe politique. Raison de plus quand cette campagne est pr\u00e9sidentielle, on l\u2019a vu avec le \u00ab coup \u00bb de sensibilisation \u00e0 l\u2019\u00e9cologie remarquablement r\u00e9ussi par Nicolas Hulot et plus r\u00e9cemment quand le pr\u00e9sident des chasseurs a \u00ab convoqu\u00e9 \u00bb [&hellip;]","twitter_image":"http:\/\/www.leblogmoto.com\/images\/ffmc_1_3.jpg","twitter_misc":{"\u00c9crit par":"christian tirat","Dur\u00e9e de lecture estim\u00e9e":"1 minute"},"schema":{"@context":"https:\/\/schema.org","@graph":[{"@type":"WebPage","@id":"https:\/\/blogs.thesocialmedia.com\/leblogmoto\/2007\/02\/23\/ffmc-lections-p\/","url":"https:\/\/blogs.thesocialmedia.com\/leblogmoto\/2007\/02\/23\/ffmc-lections-p\/","name":"FFMC : \u00e9lections pr\u00e9sidentielles 1 - leblogmoto.com","isPartOf":{"@id":"https:\/\/blogs.thesocialmedia.com\/leblogmoto\/#website"},"primaryImageOfPage":{"@id":"https:\/\/blogs.thesocialmedia.com\/leblogmoto\/2007\/02\/23\/ffmc-lections-p\/#primaryimage"},"image":{"@id":"https:\/\/blogs.thesocialmedia.com\/leblogmoto\/2007\/02\/23\/ffmc-lections-p\/#primaryimage"},"thumbnailUrl":"http:\/\/www.leblogmoto.com\/images\/ffmc_1_3.jpg","datePublished":"2007-02-23T11:03:46+00:00","dateModified":"2012-07-11T14:32:52+00:00","author":{"@id":"https:\/\/blogs.thesocialmedia.com\/leblogmoto\/#\/schema\/person\/90b2f8fd0d5a2cede2580e95fc79c6c0"},"breadcrumb":{"@id":"https:\/\/blogs.thesocialmedia.com\/leblogmoto\/2007\/02\/23\/ffmc-lections-p\/#breadcrumb"},"inLanguage":"fr-FR","potentialAction":[{"@type":"ReadAction","target":["https:\/\/blogs.thesocialmedia.com\/leblogmoto\/2007\/02\/23\/ffmc-lections-p\/"]}]},{"@type":"ImageObject","inLanguage":"fr-FR","@id":"https:\/\/blogs.thesocialmedia.com\/leblogmoto\/2007\/02\/23\/ffmc-lections-p\/#primaryimage","url":"http:\/\/www.leblogmoto.com\/images\/ffmc_1_3.jpg","contentUrl":"http:\/\/www.leblogmoto.com\/images\/ffmc_1_3.jpg"},{"@type":"BreadcrumbList","@id":"https:\/\/blogs.thesocialmedia.com\/leblogmoto\/2007\/02\/23\/ffmc-lections-p\/#breadcrumb","itemListElement":[{"@type":"ListItem","position":1,"name":"Accueil","item":"https:\/\/blogs.thesocialmedia.com\/leblogmoto\/"},{"@type":"ListItem","position":2,"name":"FFMC : \u00e9lections pr\u00e9sidentielles 1"}]},{"@type":"WebSite","@id":"https:\/\/blogs.thesocialmedia.com\/leblogmoto\/#website","url":"https:\/\/blogs.thesocialmedia.com\/leblogmoto\/","name":"leblogmoto","description":"Toute l&#039;actualit\u00e9 des 2 roues","potentialAction":[{"@type":"SearchAction","target":{"@type":"EntryPoint","urlTemplate":"https:\/\/blogs.thesocialmedia.com\/leblogmoto\/?s={search_term_string}"},"query-input":{"@type":"PropertyValueSpecification","valueRequired":true,"valueName":"search_term_string"}}],"inLanguage":"fr-FR"},{"@type":"Person","@id":"https:\/\/blogs.thesocialmedia.com\/leblogmoto\/#\/schema\/person\/90b2f8fd0d5a2cede2580e95fc79c6c0","name":"christian tirat","image":{"@type":"ImageObject","inLanguage":"fr-FR","@id":"https:\/\/blogs.thesocialmedia.com\/leblogmoto\/#\/schema\/person\/image\/","url":"https:\/\/secure.gravatar.com\/avatar\/?s=96&d=mm&r=g","contentUrl":"https:\/\/secure.gravatar.com\/avatar\/?s=96&d=mm&r=g","caption":"christian tirat"},"url":"https:\/\/blogs.thesocialmedia.com\/leblogmoto\/author\/christian-tirat\/"}]}},"_links":{"self":[{"href":"https:\/\/blogs.thesocialmedia.com\/leblogmoto\/wp-json\/wp\/v2\/posts\/1533","targetHints":{"allow":["GET"]}}],"collection":[{"href":"https:\/\/blogs.thesocialmedia.com\/leblogmoto\/wp-json\/wp\/v2\/posts"}],"about":[{"href":"https:\/\/blogs.thesocialmedia.com\/leblogmoto\/wp-json\/wp\/v2\/types\/post"}],"author":[{"embeddable":true,"href":"https:\/\/blogs.thesocialmedia.com\/leblogmoto\/wp-json\/wp\/v2\/users\/333"}],"replies":[{"embeddable":true,"href":"https:\/\/blogs.thesocialmedia.com\/leblogmoto\/wp-json\/wp\/v2\/comments?post=1533"}],"version-history":[{"count":2,"href":"https:\/\/blogs.thesocialmedia.com\/leblogmoto\/wp-json\/wp\/v2\/posts\/1533\/revisions"}],"predecessor-version":[{"id":8066,"href":"https:\/\/blogs.thesocialmedia.com\/leblogmoto\/wp-json\/wp\/v2\/posts\/1533\/revisions\/8066"}],"wp:attachment":[{"href":"https:\/\/blogs.thesocialmedia.com\/leblogmoto\/wp-json\/wp\/v2\/media?parent=1533"}],"wp:term":[{"taxonomy":"category","embeddable":true,"href":"https:\/\/blogs.thesocialmedia.com\/leblogmoto\/wp-json\/wp\/v2\/categories?post=1533"},{"taxonomy":"post_tag","embeddable":true,"href":"https:\/\/blogs.thesocialmedia.com\/leblogmoto\/wp-json\/wp\/v2\/tags?post=1533"}],"curies":[{"name":"wp","href":"https:\/\/api.w.org\/{rel}","templated":true}]}}