{"id":1534,"date":"2007-02-23T00:27:20","date_gmt":"2007-02-23T00:27:20","guid":{"rendered":"http:\/\/blogs.thesocialmedia.com\/leblogmoto\/2007\/02\/23\/motogp-essais-1\/"},"modified":"2012-07-11T14:32:49","modified_gmt":"2012-07-11T14:32:49","slug":"motogp-essais-1","status":"publish","type":"post","link":"https:\/\/blogs.thesocialmedia.com\/leblogmoto\/2007\/02\/23\/motogp-essais-1\/","title":{"rendered":"MotoGP: essais 125cc de Jerez, le beau temps \u2026puis la pluie"},"content":{"rendered":"<p><a href=\"http:\/\/blogs.thesocialmedia.com\/leblogmoto\/files\/2012\/07\/alexis_barcelone_18.jpg\"><img loading=\"lazy\" decoding=\"async\" width=\"250\" height=\"156\"  src=\"http:\/\/www.leblogmoto.com\/images\/alexis_barcelone_18.jpg\" alt=\"Alexis_barcelone_18\" style=\"margin: 0px 5px 5px 0px;float: left\" \/><\/a> Mercredi le soleil avait remplac\u00e9 la pluie qui avait fait les affaires des <a href=\"http:\/\/www.leblogmoto.com\/2007\/02\/motogp_essais_2.html#more\">250 KTM<\/a> \u00e0 Jerez. Mercredi c\u2019\u00e9tait au tour des 125 de go\u00fbter \u00e0 l\u2019asphalte espagnol dans le cadre des essais IRTA.<\/p>\n<p>C\u2019est un soleil radieux qui a illumin\u00e9 les 31 pilotes en piste sur la premi\u00e8re s\u00e9ance d&rsquo;essais, un soleil qui a surtout braqu\u00e9 ses rayons sur les <a href=\"http:\/\/www.racingaprilia.com\/\">Aprilia<\/a> qui ont monopolis\u00e9 les 4 premi\u00e8res places. L\u2019unique contestataire de cette supr\u00e9matie Italienne est un japonais au guidon d\u2019une autre Europ\u00e9enne, Tomoshi Koyama sur <a href=\"http:\/\/www.ktmcycles.com\/\">KTM<\/a> qui termine \u00e0 la cinqui\u00e8me place.<\/p>\n<p>Pasini fut donc le plus v\u00e9loce (1&rsquo;47.727) \u00ab enrhumant \u00bb Talmacsi de quelques centi\u00e8mes (1&rsquo;47.803) Le tch\u00e8que Lukas Pesek sur <a href=\"http:\/\/www.derbi-france.fr\/home1.php\">Derbi<\/a>, donc une Aprilia, suit en pointant \u00e0 1&rsquo;47.948 tendis que Simone Corsi ferme la marche triomphale des <a href=\"http:\/\/www.racingaprilia.com\/\">Aprilia<\/a> en 1&rsquo;47.999. Au dessus de la barre des 1\u201947 on trouve la premi\u00e8re <a href=\"http:\/\/www.ktmcycles.com\/\">KTM<\/a> du japonais Tomoyoshi Koyama, cinqui\u00e8me temps et le meilleur de sa session en 1&rsquo;48.175. En 6 et septi\u00e8me place voil\u00e0 encore les Aprilia de Joan Olive et d\u2019Hector Faubel.<br \/> <a href=\"http:\/\/www.bradley-smith.co.uk\/\">Bradley Smith<\/a>, le premier pilote <a href=\"http:\/\/world.honda.com\/WGP\/\">Repsol-Honda<\/a> n\u2019a pu accrocher que le huiti\u00e8me temps (1&rsquo;48.298)<\/p>\n<p><a href=\"http:\/\/clabedan.typepad.com\/.shared\/image.html?\/photos\/uncategorized\/060521_gpf_pb_472.jpg\"><img loading=\"lazy\" decoding=\"async\" width=\"250\" height=\"376\"  src=\"http:\/\/www.leblogmoto.com\/images\/060521_gpf_pb_472.jpg\" alt=\"060521_gpf_pb_472\" style=\"margin: 0px 5px 5px 0px;float: left\" \/><\/a> Quant au premier fran\u00e7ais, Alexis Masbou, il n\u2019a pu faire mieux que le 13\u00e8me chrono tendis que l\u2019autre tricolore, Mike Di Meglio s\u2019est content\u00e9 a regret d\u2019un fond de classement \u00e0 la 16\u00e8me place (1&rsquo;49.157) finalement pas si loin de mon jeune copain roumain Robert Muresan, tout juste \u00e2g\u00e9 de 17 ans. 23\u00e8me sur sa <a href=\"http:\/\/www.derbi-france.fr\/home1.php\">Derbi<\/a> en 1&rsquo;49.731, le gar\u00e7on des Carpates compte tenu de ses moyens signe d\u00e9j\u00e0 un remarquable exploit \u00e0 cette place quand on sait qu&rsquo;il ne peut s&rsquo;entrainer que sur des pistes d&rsquo;aviation exceptionellement ferm\u00e9es pour l&rsquo;occasion.<\/p>\n<p> Aujourd\u2019hui jeudi, la donne a chang\u00e9 avec la pluie ce qui a contribu\u00e9 a secouer la supr\u00e9matie insolente de la veille. Mais c\u2019est quand m\u00eame l\u2019<a href=\"http:\/\/www.racingaprilia.com\/\">Aprilia<\/a> de <a href=\"http:\/\/www.sergiogadea.com\/\">Sergio Gadea<\/a> qui signe le meilleur temps (1&rsquo;59.565) avec presque une seconde et 10\u2019\u2019 d\u2019avance sur les <a href=\"http:\/\/world.honda.com\/WGP\/\">Honda<\/a> du Britanique <a href=\"http:\/\/www.bradley-smith.co.uk\/\">Bradley Smith<\/a> (2&rsquo;00.574) et du Fran\u00e7ais Mike Di Meglio (2&rsquo;00.862) qui revient de loin.<br \/> Dix pilotes et non des moindres, prudents, ont pr\u00e9f\u00e9r\u00e9 s\u2019abstenir d\u2019affronter la pluie ce qui relativise ces r\u00e9sultats.<\/p>\n","protected":false},"excerpt":{"rendered":"<p>Mercredi le soleil avait remplac\u00e9 la pluie qui avait fait les affaires des 250 KTM \u00e0 Jerez. Mercredi c\u2019\u00e9tait au tour des 125 de go\u00fbter \u00e0 l\u2019asphalte espagnol dans le cadre des essais IRTA. C\u2019est un soleil radieux qui a illumin\u00e9 les 31 pilotes en piste sur la premi\u00e8re s\u00e9ance d&rsquo;essais, un soleil qui a [&hellip;]<\/p>\n","protected":false},"author":333,"featured_media":0,"comment_status":"open","ping_status":"open","sticky":false,"template":"","format":"standard","meta":{"footnotes":""},"categories":[22],"tags":[],"class_list":["post-1534","post","type-post","status-publish","format-standard","hentry","category-motogp"],"yoast_head":"<!-- This site is optimized with the Yoast SEO plugin v26.0 - https:\/\/yoast.com\/wordpress\/plugins\/seo\/ -->\n<title>MotoGP: essais 125cc de Jerez, le beau temps \u2026puis la pluie - leblogmoto.com<\/title>\n<meta name=\"robots\" content=\"index, follow, max-snippet:-1, max-image-preview:large, max-video-preview:-1\" \/>\n<link rel=\"canonical\" href=\"https:\/\/blogs.thesocialmedia.com\/leblogmoto\/2007\/02\/23\/motogp-essais-1\/\" \/>\n<meta name=\"twitter:card\" content=\"summary_large_image\" \/>\n<meta name=\"twitter:title\" content=\"MotoGP: essais 125cc de Jerez, le beau temps \u2026puis la pluie - leblogmoto.com\" \/>\n<meta name=\"twitter:description\" content=\"Mercredi le soleil avait remplac\u00e9 la pluie qui avait fait les affaires des 250 KTM \u00e0 Jerez. Mercredi c\u2019\u00e9tait au tour des 125 de go\u00fbter \u00e0 l\u2019asphalte espagnol dans le cadre des essais IRTA. C\u2019est un soleil radieux qui a illumin\u00e9 les 31 pilotes en piste sur la premi\u00e8re s\u00e9ance d&rsquo;essais, un soleil qui a [&hellip;]\" \/>\n<meta name=\"twitter:image\" content=\"http:\/\/www.leblogmoto.com\/images\/alexis_barcelone_18.jpg\" \/>\n<meta name=\"twitter:label1\" content=\"\u00c9crit par\" \/>\n\t<meta name=\"twitter:data1\" content=\"christian tirat\" \/>\n\t<meta name=\"twitter:label2\" content=\"Dur\u00e9e de lecture estim\u00e9e\" \/>\n\t<meta name=\"twitter:data2\" content=\"2 minutes\" \/>\n<script type=\"application\/ld+json\" class=\"yoast-schema-graph\">{\"@context\":\"https:\/\/schema.org\",\"@graph\":[{\"@type\":\"WebPage\",\"@id\":\"https:\/\/blogs.thesocialmedia.com\/leblogmoto\/2007\/02\/23\/motogp-essais-1\/\",\"url\":\"https:\/\/blogs.thesocialmedia.com\/leblogmoto\/2007\/02\/23\/motogp-essais-1\/\",\"name\":\"MotoGP: essais 125cc de Jerez, le beau temps \u2026puis la pluie - leblogmoto.com\",\"isPartOf\":{\"@id\":\"https:\/\/blogs.thesocialmedia.com\/leblogmoto\/#website\"},\"primaryImageOfPage\":{\"@id\":\"https:\/\/blogs.thesocialmedia.com\/leblogmoto\/2007\/02\/23\/motogp-essais-1\/#primaryimage\"},\"image\":{\"@id\":\"https:\/\/blogs.thesocialmedia.com\/leblogmoto\/2007\/02\/23\/motogp-essais-1\/#primaryimage\"},\"thumbnailUrl\":\"http:\/\/www.leblogmoto.com\/images\/alexis_barcelone_18.jpg\",\"datePublished\":\"2007-02-23T00:27:20+00:00\",\"dateModified\":\"2012-07-11T14:32:49+00:00\",\"author\":{\"@id\":\"https:\/\/blogs.thesocialmedia.com\/leblogmoto\/#\/schema\/person\/90b2f8fd0d5a2cede2580e95fc79c6c0\"},\"breadcrumb\":{\"@id\":\"https:\/\/blogs.thesocialmedia.com\/leblogmoto\/2007\/02\/23\/motogp-essais-1\/#breadcrumb\"},\"inLanguage\":\"fr-FR\",\"potentialAction\":[{\"@type\":\"ReadAction\",\"target\":[\"https:\/\/blogs.thesocialmedia.com\/leblogmoto\/2007\/02\/23\/motogp-essais-1\/\"]}]},{\"@type\":\"ImageObject\",\"inLanguage\":\"fr-FR\",\"@id\":\"https:\/\/blogs.thesocialmedia.com\/leblogmoto\/2007\/02\/23\/motogp-essais-1\/#primaryimage\",\"url\":\"http:\/\/www.leblogmoto.com\/images\/alexis_barcelone_18.jpg\",\"contentUrl\":\"http:\/\/www.leblogmoto.com\/images\/alexis_barcelone_18.jpg\"},{\"@type\":\"BreadcrumbList\",\"@id\":\"https:\/\/blogs.thesocialmedia.com\/leblogmoto\/2007\/02\/23\/motogp-essais-1\/#breadcrumb\",\"itemListElement\":[{\"@type\":\"ListItem\",\"position\":1,\"name\":\"Accueil\",\"item\":\"https:\/\/blogs.thesocialmedia.com\/leblogmoto\/\"},{\"@type\":\"ListItem\",\"position\":2,\"name\":\"MotoGP: essais 125cc de Jerez, le beau temps \u2026puis la pluie\"}]},{\"@type\":\"WebSite\",\"@id\":\"https:\/\/blogs.thesocialmedia.com\/leblogmoto\/#website\",\"url\":\"https:\/\/blogs.thesocialmedia.com\/leblogmoto\/\",\"name\":\"leblogmoto\",\"description\":\"Toute l&#039;actualit\u00e9 des 2 roues\",\"potentialAction\":[{\"@type\":\"SearchAction\",\"target\":{\"@type\":\"EntryPoint\",\"urlTemplate\":\"https:\/\/blogs.thesocialmedia.com\/leblogmoto\/?s={search_term_string}\"},\"query-input\":{\"@type\":\"PropertyValueSpecification\",\"valueRequired\":true,\"valueName\":\"search_term_string\"}}],\"inLanguage\":\"fr-FR\"},{\"@type\":\"Person\",\"@id\":\"https:\/\/blogs.thesocialmedia.com\/leblogmoto\/#\/schema\/person\/90b2f8fd0d5a2cede2580e95fc79c6c0\",\"name\":\"christian tirat\",\"image\":{\"@type\":\"ImageObject\",\"inLanguage\":\"fr-FR\",\"@id\":\"https:\/\/blogs.thesocialmedia.com\/leblogmoto\/#\/schema\/person\/image\/\",\"url\":\"https:\/\/secure.gravatar.com\/avatar\/?s=96&d=mm&r=g\",\"contentUrl\":\"https:\/\/secure.gravatar.com\/avatar\/?s=96&d=mm&r=g\",\"caption\":\"christian tirat\"},\"url\":\"https:\/\/blogs.thesocialmedia.com\/leblogmoto\/author\/christian-tirat\/\"}]}<\/script>\n<!-- \/ Yoast SEO plugin. -->","yoast_head_json":{"title":"MotoGP: essais 125cc de Jerez, le beau temps \u2026puis la pluie - leblogmoto.com","robots":{"index":"index","follow":"follow","max-snippet":"max-snippet:-1","max-image-preview":"max-image-preview:large","max-video-preview":"max-video-preview:-1"},"canonical":"https:\/\/blogs.thesocialmedia.com\/leblogmoto\/2007\/02\/23\/motogp-essais-1\/","twitter_card":"summary_large_image","twitter_title":"MotoGP: essais 125cc de Jerez, le beau temps \u2026puis la pluie - leblogmoto.com","twitter_description":"Mercredi le soleil avait remplac\u00e9 la pluie qui avait fait les affaires des 250 KTM \u00e0 Jerez. Mercredi c\u2019\u00e9tait au tour des 125 de go\u00fbter \u00e0 l\u2019asphalte espagnol dans le cadre des essais IRTA. C\u2019est un soleil radieux qui a illumin\u00e9 les 31 pilotes en piste sur la premi\u00e8re s\u00e9ance d&rsquo;essais, un soleil qui a [&hellip;]","twitter_image":"http:\/\/www.leblogmoto.com\/images\/alexis_barcelone_18.jpg","twitter_misc":{"\u00c9crit par":"christian tirat","Dur\u00e9e de lecture estim\u00e9e":"2 minutes"},"schema":{"@context":"https:\/\/schema.org","@graph":[{"@type":"WebPage","@id":"https:\/\/blogs.thesocialmedia.com\/leblogmoto\/2007\/02\/23\/motogp-essais-1\/","url":"https:\/\/blogs.thesocialmedia.com\/leblogmoto\/2007\/02\/23\/motogp-essais-1\/","name":"MotoGP: essais 125cc de Jerez, le beau temps \u2026puis la pluie - leblogmoto.com","isPartOf":{"@id":"https:\/\/blogs.thesocialmedia.com\/leblogmoto\/#website"},"primaryImageOfPage":{"@id":"https:\/\/blogs.thesocialmedia.com\/leblogmoto\/2007\/02\/23\/motogp-essais-1\/#primaryimage"},"image":{"@id":"https:\/\/blogs.thesocialmedia.com\/leblogmoto\/2007\/02\/23\/motogp-essais-1\/#primaryimage"},"thumbnailUrl":"http:\/\/www.leblogmoto.com\/images\/alexis_barcelone_18.jpg","datePublished":"2007-02-23T00:27:20+00:00","dateModified":"2012-07-11T14:32:49+00:00","author":{"@id":"https:\/\/blogs.thesocialmedia.com\/leblogmoto\/#\/schema\/person\/90b2f8fd0d5a2cede2580e95fc79c6c0"},"breadcrumb":{"@id":"https:\/\/blogs.thesocialmedia.com\/leblogmoto\/2007\/02\/23\/motogp-essais-1\/#breadcrumb"},"inLanguage":"fr-FR","potentialAction":[{"@type":"ReadAction","target":["https:\/\/blogs.thesocialmedia.com\/leblogmoto\/2007\/02\/23\/motogp-essais-1\/"]}]},{"@type":"ImageObject","inLanguage":"fr-FR","@id":"https:\/\/blogs.thesocialmedia.com\/leblogmoto\/2007\/02\/23\/motogp-essais-1\/#primaryimage","url":"http:\/\/www.leblogmoto.com\/images\/alexis_barcelone_18.jpg","contentUrl":"http:\/\/www.leblogmoto.com\/images\/alexis_barcelone_18.jpg"},{"@type":"BreadcrumbList","@id":"https:\/\/blogs.thesocialmedia.com\/leblogmoto\/2007\/02\/23\/motogp-essais-1\/#breadcrumb","itemListElement":[{"@type":"ListItem","position":1,"name":"Accueil","item":"https:\/\/blogs.thesocialmedia.com\/leblogmoto\/"},{"@type":"ListItem","position":2,"name":"MotoGP: essais 125cc de Jerez, le beau temps \u2026puis la pluie"}]},{"@type":"WebSite","@id":"https:\/\/blogs.thesocialmedia.com\/leblogmoto\/#website","url":"https:\/\/blogs.thesocialmedia.com\/leblogmoto\/","name":"leblogmoto","description":"Toute l&#039;actualit\u00e9 des 2 roues","potentialAction":[{"@type":"SearchAction","target":{"@type":"EntryPoint","urlTemplate":"https:\/\/blogs.thesocialmedia.com\/leblogmoto\/?s={search_term_string}"},"query-input":{"@type":"PropertyValueSpecification","valueRequired":true,"valueName":"search_term_string"}}],"inLanguage":"fr-FR"},{"@type":"Person","@id":"https:\/\/blogs.thesocialmedia.com\/leblogmoto\/#\/schema\/person\/90b2f8fd0d5a2cede2580e95fc79c6c0","name":"christian tirat","image":{"@type":"ImageObject","inLanguage":"fr-FR","@id":"https:\/\/blogs.thesocialmedia.com\/leblogmoto\/#\/schema\/person\/image\/","url":"https:\/\/secure.gravatar.com\/avatar\/?s=96&d=mm&r=g","contentUrl":"https:\/\/secure.gravatar.com\/avatar\/?s=96&d=mm&r=g","caption":"christian tirat"},"url":"https:\/\/blogs.thesocialmedia.com\/leblogmoto\/author\/christian-tirat\/"}]}},"_links":{"self":[{"href":"https:\/\/blogs.thesocialmedia.com\/leblogmoto\/wp-json\/wp\/v2\/posts\/1534","targetHints":{"allow":["GET"]}}],"collection":[{"href":"https:\/\/blogs.thesocialmedia.com\/leblogmoto\/wp-json\/wp\/v2\/posts"}],"about":[{"href":"https:\/\/blogs.thesocialmedia.com\/leblogmoto\/wp-json\/wp\/v2\/types\/post"}],"author":[{"embeddable":true,"href":"https:\/\/blogs.thesocialmedia.com\/leblogmoto\/wp-json\/wp\/v2\/users\/333"}],"replies":[{"embeddable":true,"href":"https:\/\/blogs.thesocialmedia.com\/leblogmoto\/wp-json\/wp\/v2\/comments?post=1534"}],"version-history":[{"count":2,"href":"https:\/\/blogs.thesocialmedia.com\/leblogmoto\/wp-json\/wp\/v2\/posts\/1534\/revisions"}],"predecessor-version":[{"id":8063,"href":"https:\/\/blogs.thesocialmedia.com\/leblogmoto\/wp-json\/wp\/v2\/posts\/1534\/revisions\/8063"}],"wp:attachment":[{"href":"https:\/\/blogs.thesocialmedia.com\/leblogmoto\/wp-json\/wp\/v2\/media?parent=1534"}],"wp:term":[{"taxonomy":"category","embeddable":true,"href":"https:\/\/blogs.thesocialmedia.com\/leblogmoto\/wp-json\/wp\/v2\/categories?post=1534"},{"taxonomy":"post_tag","embeddable":true,"href":"https:\/\/blogs.thesocialmedia.com\/leblogmoto\/wp-json\/wp\/v2\/tags?post=1534"}],"curies":[{"name":"wp","href":"https:\/\/api.w.org\/{rel}","templated":true}]}}