{"id":1535,"date":"2007-02-22T19:11:12","date_gmt":"2007-02-22T19:11:12","guid":{"rendered":"http:\/\/blogs.thesocialmedia.com\/leblogmoto\/2007\/02\/22\/motogp-essais-2\/"},"modified":"2012-07-11T14:32:47","modified_gmt":"2012-07-11T14:32:47","slug":"motogp-essais-2","status":"publish","type":"post","link":"https:\/\/blogs.thesocialmedia.com\/leblogmoto\/2007\/02\/22\/motogp-essais-2\/","title":{"rendered":"MotoGP: essais 250cc \u00e0 Jerez"},"content":{"rendered":"<p><a href=\"http:\/\/blogs.thesocialmedia.com\/leblogmoto\/files\/2012\/07\/c46aba5b79.jpg\"><img loading=\"lazy\" decoding=\"async\" width=\"250\" height=\"167\"  src=\"http:\/\/www.leblogmoto.com\/images\/c46aba5b79.jpg\" alt=\"C46aba5b79\" style=\"margin: 0px 5px 5px 0px;float: left\" \/><\/a> C\u2019est dans des conditions m\u00e9t\u00e9o d\u00e9favorables que se sont achev\u00e9s les essais du MotoGP 250cc de Jerez.<\/p>\n<p>Lundi le pilote espagnol <a href=\"http:\/\/www.hectorbarbera.com\/\">Hector Barbera<\/a> avait ouvert les hostilit\u00e9s au guidon de son <a href=\"http:\/\/www.racingaprilia.com\/\">Aprilia<\/a> avec un tour en 1&rsquo;43.451. Deux autres pilotes \u00e9taient parvenus a passer sous la barre des 1\u201944, son concitoyen et champion du Monde en titre <a href=\"mailto:http:\/\/www.lorenzo48.com\/\">Jorge Lorenzo<\/a> lui aussi sur <a href=\"http:\/\/www.racingaprilia.com\/\">Aprilia<\/a> (1&rsquo;43.525) et l\u2019italien vice champion du Monde Andrea Doviziosio sur <a href=\"http:\/\/\">Honda<\/a> (1&rsquo;43.848). L\u2019Aprilia de de Angelis manque de les rejoindre avec 1&rsquo;44.001. <\/p>\n<p><a href=\"http:\/\/clabedan.typepad.com\/.shared\/image.html?\/photos\/uncategorized\/1ae42061d3_1.jpg\"><img loading=\"lazy\" decoding=\"async\" width=\"250\" height=\"167\"  alt=\"1ae42061d3_1\" src=\"http:\/\/www.leblogmoto.com\/images\/1ae42061d3_1.jpg\" style=\"margin: 0px 5px 5px 0px;float: left\" \/><\/a> Le quatri\u00e8me temps (1&rsquo;44.038) est encore sign\u00e9 Aprilia avec <a href=\"http:\/\/www.thomasluethi.ch\/\">Thomas L\u00fcthi<\/a>, une belle performance ce nouveau venu. Du c\u00f4t\u00e9 des <a href=\"http:\/\/www.ktmcycles.com\/\">KTM<\/a>, on trouve <a href=\"http:\/\/www.hiro-aoyama.com\/index_j.html\">Hiroshi Aoyama<\/a> modeste dixi\u00e8me (1&rsquo;44.692), et <a href=\"http:\/\/www.mikakallio.com\/index2.html\">Mika Kallio<\/a> son co\u00e9quipier est 13eme (1&rsquo;45.144).<\/p>\n<p> Dure journ\u00e9e en revanche pour Julian Simon qui apr\u00e8s avoir sign\u00e9 le sixi\u00e8me temps (1&rsquo;44.282 34) a \u00e9t\u00e9 \u00e9ject\u00e9 de sa <a href=\"http:\/\/world.honda.com\/WGP\/\">Honda<\/a> qui lui est tomb\u00e9e&nbsp; dessus. Bless\u00e9 \u00e0 l\u2019\u00e9paule gauche, il ne pourra pas participer aux essais de Losail la semaine prochaine mais il devrait pouvoir prendre le d\u00e9part du premier GP 250cc le 10 mars au Qatar.<\/p>\n<p> Mardi, lors de la seconde et derni\u00e8re journ\u00e9e des essais de Jerez, la domination des Aprilia fut mise \u00e0 mal, sur une piste d\u00e9tremp\u00e9e, par la <a href=\"http:\/\/www.ktmcycles.com\/\">KTM<\/a> du japonais <a href=\"http:\/\/www.hiro-aoyama.com\/index_j.html\">Hiroshi Aoyama<\/a> (1&rsquo;45.250). <a href=\"http:\/\/www.alexdeangelis.com\/\">Alex De Angelis<\/a> (1&rsquo;46.045) s&rsquo;intercale suivi par l\u2019autre pilote orange, le Finlandais <a href=\"http:\/\/www.mikakallio.com\/index2.html\">Mika Kallio<\/a> en 1&rsquo;46.069, meilleur rookie du jour.<br \/> Le quatri\u00e8me temps revient \u00e0 <a href=\"http:\/\/www.alvarobautista.com\/\">Alavaro Bautista<\/a> sur Aprilia \u00e0 quelque dixi\u00e8mes du finlandais (1&rsquo;46.254)<br \/> Les trois meilleurs de la veille ont en revanche souffert; Lorenzo se place 17\u00e8me, Barbera 8\u00e8me et Dovizioso fait mieux avec le cinqui\u00e8me temps.<br \/> Le fran\u00e7ais Jules Cluzel am\u00e8ne quand \u00e0 lui son Aprilia \u00e0 une bien modeste 18\u00e8me place.<\/p>\n<p> Le circuit de Jerez c\u00e8de maintenant la place aux essais 125 et ce week-end aux essais IRTA MotoGP 800.<\/p>\n","protected":false},"excerpt":{"rendered":"<p>C\u2019est dans des conditions m\u00e9t\u00e9o d\u00e9favorables que se sont achev\u00e9s les essais du MotoGP 250cc de Jerez. Lundi le pilote espagnol Hector Barbera avait ouvert les hostilit\u00e9s au guidon de son Aprilia avec un tour en 1&rsquo;43.451. Deux autres pilotes \u00e9taient parvenus a passer sous la barre des 1\u201944, son concitoyen et champion du Monde [&hellip;]<\/p>\n","protected":false},"author":333,"featured_media":0,"comment_status":"open","ping_status":"open","sticky":false,"template":"","format":"standard","meta":{"footnotes":""},"categories":[22],"tags":[],"class_list":["post-1535","post","type-post","status-publish","format-standard","hentry","category-motogp"],"yoast_head":"<!-- This site is optimized with the Yoast SEO plugin v26.0 - https:\/\/yoast.com\/wordpress\/plugins\/seo\/ -->\n<title>MotoGP: essais 250cc \u00e0 Jerez - leblogmoto.com<\/title>\n<meta name=\"robots\" content=\"index, follow, max-snippet:-1, max-image-preview:large, max-video-preview:-1\" \/>\n<link rel=\"canonical\" href=\"https:\/\/blogs.thesocialmedia.com\/leblogmoto\/2007\/02\/22\/motogp-essais-2\/\" \/>\n<meta name=\"twitter:card\" content=\"summary_large_image\" \/>\n<meta name=\"twitter:title\" content=\"MotoGP: essais 250cc \u00e0 Jerez - leblogmoto.com\" \/>\n<meta name=\"twitter:description\" content=\"C\u2019est dans des conditions m\u00e9t\u00e9o d\u00e9favorables que se sont achev\u00e9s les essais du MotoGP 250cc de Jerez. Lundi le pilote espagnol Hector Barbera avait ouvert les hostilit\u00e9s au guidon de son Aprilia avec un tour en 1&rsquo;43.451. Deux autres pilotes \u00e9taient parvenus a passer sous la barre des 1\u201944, son concitoyen et champion du Monde [&hellip;]\" \/>\n<meta name=\"twitter:image\" content=\"http:\/\/www.leblogmoto.com\/images\/c46aba5b79.jpg\" \/>\n<meta name=\"twitter:label1\" content=\"\u00c9crit par\" \/>\n\t<meta name=\"twitter:data1\" content=\"christian tirat\" \/>\n\t<meta name=\"twitter:label2\" content=\"Dur\u00e9e de lecture estim\u00e9e\" \/>\n\t<meta name=\"twitter:data2\" content=\"2 minutes\" \/>\n<script type=\"application\/ld+json\" class=\"yoast-schema-graph\">{\"@context\":\"https:\/\/schema.org\",\"@graph\":[{\"@type\":\"WebPage\",\"@id\":\"https:\/\/blogs.thesocialmedia.com\/leblogmoto\/2007\/02\/22\/motogp-essais-2\/\",\"url\":\"https:\/\/blogs.thesocialmedia.com\/leblogmoto\/2007\/02\/22\/motogp-essais-2\/\",\"name\":\"MotoGP: essais 250cc \u00e0 Jerez - leblogmoto.com\",\"isPartOf\":{\"@id\":\"https:\/\/blogs.thesocialmedia.com\/leblogmoto\/#website\"},\"primaryImageOfPage\":{\"@id\":\"https:\/\/blogs.thesocialmedia.com\/leblogmoto\/2007\/02\/22\/motogp-essais-2\/#primaryimage\"},\"image\":{\"@id\":\"https:\/\/blogs.thesocialmedia.com\/leblogmoto\/2007\/02\/22\/motogp-essais-2\/#primaryimage\"},\"thumbnailUrl\":\"http:\/\/www.leblogmoto.com\/images\/c46aba5b79.jpg\",\"datePublished\":\"2007-02-22T19:11:12+00:00\",\"dateModified\":\"2012-07-11T14:32:47+00:00\",\"author\":{\"@id\":\"https:\/\/blogs.thesocialmedia.com\/leblogmoto\/#\/schema\/person\/90b2f8fd0d5a2cede2580e95fc79c6c0\"},\"breadcrumb\":{\"@id\":\"https:\/\/blogs.thesocialmedia.com\/leblogmoto\/2007\/02\/22\/motogp-essais-2\/#breadcrumb\"},\"inLanguage\":\"fr-FR\",\"potentialAction\":[{\"@type\":\"ReadAction\",\"target\":[\"https:\/\/blogs.thesocialmedia.com\/leblogmoto\/2007\/02\/22\/motogp-essais-2\/\"]}]},{\"@type\":\"ImageObject\",\"inLanguage\":\"fr-FR\",\"@id\":\"https:\/\/blogs.thesocialmedia.com\/leblogmoto\/2007\/02\/22\/motogp-essais-2\/#primaryimage\",\"url\":\"http:\/\/www.leblogmoto.com\/images\/c46aba5b79.jpg\",\"contentUrl\":\"http:\/\/www.leblogmoto.com\/images\/c46aba5b79.jpg\"},{\"@type\":\"BreadcrumbList\",\"@id\":\"https:\/\/blogs.thesocialmedia.com\/leblogmoto\/2007\/02\/22\/motogp-essais-2\/#breadcrumb\",\"itemListElement\":[{\"@type\":\"ListItem\",\"position\":1,\"name\":\"Accueil\",\"item\":\"https:\/\/blogs.thesocialmedia.com\/leblogmoto\/\"},{\"@type\":\"ListItem\",\"position\":2,\"name\":\"MotoGP: essais 250cc \u00e0 Jerez\"}]},{\"@type\":\"WebSite\",\"@id\":\"https:\/\/blogs.thesocialmedia.com\/leblogmoto\/#website\",\"url\":\"https:\/\/blogs.thesocialmedia.com\/leblogmoto\/\",\"name\":\"leblogmoto\",\"description\":\"Toute l&#039;actualit\u00e9 des 2 roues\",\"potentialAction\":[{\"@type\":\"SearchAction\",\"target\":{\"@type\":\"EntryPoint\",\"urlTemplate\":\"https:\/\/blogs.thesocialmedia.com\/leblogmoto\/?s={search_term_string}\"},\"query-input\":{\"@type\":\"PropertyValueSpecification\",\"valueRequired\":true,\"valueName\":\"search_term_string\"}}],\"inLanguage\":\"fr-FR\"},{\"@type\":\"Person\",\"@id\":\"https:\/\/blogs.thesocialmedia.com\/leblogmoto\/#\/schema\/person\/90b2f8fd0d5a2cede2580e95fc79c6c0\",\"name\":\"christian tirat\",\"image\":{\"@type\":\"ImageObject\",\"inLanguage\":\"fr-FR\",\"@id\":\"https:\/\/blogs.thesocialmedia.com\/leblogmoto\/#\/schema\/person\/image\/\",\"url\":\"https:\/\/secure.gravatar.com\/avatar\/?s=96&d=mm&r=g\",\"contentUrl\":\"https:\/\/secure.gravatar.com\/avatar\/?s=96&d=mm&r=g\",\"caption\":\"christian tirat\"},\"url\":\"https:\/\/blogs.thesocialmedia.com\/leblogmoto\/author\/christian-tirat\/\"}]}<\/script>\n<!-- \/ Yoast SEO plugin. -->","yoast_head_json":{"title":"MotoGP: essais 250cc \u00e0 Jerez - leblogmoto.com","robots":{"index":"index","follow":"follow","max-snippet":"max-snippet:-1","max-image-preview":"max-image-preview:large","max-video-preview":"max-video-preview:-1"},"canonical":"https:\/\/blogs.thesocialmedia.com\/leblogmoto\/2007\/02\/22\/motogp-essais-2\/","twitter_card":"summary_large_image","twitter_title":"MotoGP: essais 250cc \u00e0 Jerez - leblogmoto.com","twitter_description":"C\u2019est dans des conditions m\u00e9t\u00e9o d\u00e9favorables que se sont achev\u00e9s les essais du MotoGP 250cc de Jerez. Lundi le pilote espagnol Hector Barbera avait ouvert les hostilit\u00e9s au guidon de son Aprilia avec un tour en 1&rsquo;43.451. Deux autres pilotes \u00e9taient parvenus a passer sous la barre des 1\u201944, son concitoyen et champion du Monde [&hellip;]","twitter_image":"http:\/\/www.leblogmoto.com\/images\/c46aba5b79.jpg","twitter_misc":{"\u00c9crit par":"christian tirat","Dur\u00e9e de lecture estim\u00e9e":"2 minutes"},"schema":{"@context":"https:\/\/schema.org","@graph":[{"@type":"WebPage","@id":"https:\/\/blogs.thesocialmedia.com\/leblogmoto\/2007\/02\/22\/motogp-essais-2\/","url":"https:\/\/blogs.thesocialmedia.com\/leblogmoto\/2007\/02\/22\/motogp-essais-2\/","name":"MotoGP: essais 250cc \u00e0 Jerez - leblogmoto.com","isPartOf":{"@id":"https:\/\/blogs.thesocialmedia.com\/leblogmoto\/#website"},"primaryImageOfPage":{"@id":"https:\/\/blogs.thesocialmedia.com\/leblogmoto\/2007\/02\/22\/motogp-essais-2\/#primaryimage"},"image":{"@id":"https:\/\/blogs.thesocialmedia.com\/leblogmoto\/2007\/02\/22\/motogp-essais-2\/#primaryimage"},"thumbnailUrl":"http:\/\/www.leblogmoto.com\/images\/c46aba5b79.jpg","datePublished":"2007-02-22T19:11:12+00:00","dateModified":"2012-07-11T14:32:47+00:00","author":{"@id":"https:\/\/blogs.thesocialmedia.com\/leblogmoto\/#\/schema\/person\/90b2f8fd0d5a2cede2580e95fc79c6c0"},"breadcrumb":{"@id":"https:\/\/blogs.thesocialmedia.com\/leblogmoto\/2007\/02\/22\/motogp-essais-2\/#breadcrumb"},"inLanguage":"fr-FR","potentialAction":[{"@type":"ReadAction","target":["https:\/\/blogs.thesocialmedia.com\/leblogmoto\/2007\/02\/22\/motogp-essais-2\/"]}]},{"@type":"ImageObject","inLanguage":"fr-FR","@id":"https:\/\/blogs.thesocialmedia.com\/leblogmoto\/2007\/02\/22\/motogp-essais-2\/#primaryimage","url":"http:\/\/www.leblogmoto.com\/images\/c46aba5b79.jpg","contentUrl":"http:\/\/www.leblogmoto.com\/images\/c46aba5b79.jpg"},{"@type":"BreadcrumbList","@id":"https:\/\/blogs.thesocialmedia.com\/leblogmoto\/2007\/02\/22\/motogp-essais-2\/#breadcrumb","itemListElement":[{"@type":"ListItem","position":1,"name":"Accueil","item":"https:\/\/blogs.thesocialmedia.com\/leblogmoto\/"},{"@type":"ListItem","position":2,"name":"MotoGP: essais 250cc \u00e0 Jerez"}]},{"@type":"WebSite","@id":"https:\/\/blogs.thesocialmedia.com\/leblogmoto\/#website","url":"https:\/\/blogs.thesocialmedia.com\/leblogmoto\/","name":"leblogmoto","description":"Toute l&#039;actualit\u00e9 des 2 roues","potentialAction":[{"@type":"SearchAction","target":{"@type":"EntryPoint","urlTemplate":"https:\/\/blogs.thesocialmedia.com\/leblogmoto\/?s={search_term_string}"},"query-input":{"@type":"PropertyValueSpecification","valueRequired":true,"valueName":"search_term_string"}}],"inLanguage":"fr-FR"},{"@type":"Person","@id":"https:\/\/blogs.thesocialmedia.com\/leblogmoto\/#\/schema\/person\/90b2f8fd0d5a2cede2580e95fc79c6c0","name":"christian tirat","image":{"@type":"ImageObject","inLanguage":"fr-FR","@id":"https:\/\/blogs.thesocialmedia.com\/leblogmoto\/#\/schema\/person\/image\/","url":"https:\/\/secure.gravatar.com\/avatar\/?s=96&d=mm&r=g","contentUrl":"https:\/\/secure.gravatar.com\/avatar\/?s=96&d=mm&r=g","caption":"christian tirat"},"url":"https:\/\/blogs.thesocialmedia.com\/leblogmoto\/author\/christian-tirat\/"}]}},"_links":{"self":[{"href":"https:\/\/blogs.thesocialmedia.com\/leblogmoto\/wp-json\/wp\/v2\/posts\/1535","targetHints":{"allow":["GET"]}}],"collection":[{"href":"https:\/\/blogs.thesocialmedia.com\/leblogmoto\/wp-json\/wp\/v2\/posts"}],"about":[{"href":"https:\/\/blogs.thesocialmedia.com\/leblogmoto\/wp-json\/wp\/v2\/types\/post"}],"author":[{"embeddable":true,"href":"https:\/\/blogs.thesocialmedia.com\/leblogmoto\/wp-json\/wp\/v2\/users\/333"}],"replies":[{"embeddable":true,"href":"https:\/\/blogs.thesocialmedia.com\/leblogmoto\/wp-json\/wp\/v2\/comments?post=1535"}],"version-history":[{"count":2,"href":"https:\/\/blogs.thesocialmedia.com\/leblogmoto\/wp-json\/wp\/v2\/posts\/1535\/revisions"}],"predecessor-version":[{"id":8061,"href":"https:\/\/blogs.thesocialmedia.com\/leblogmoto\/wp-json\/wp\/v2\/posts\/1535\/revisions\/8061"}],"wp:attachment":[{"href":"https:\/\/blogs.thesocialmedia.com\/leblogmoto\/wp-json\/wp\/v2\/media?parent=1535"}],"wp:term":[{"taxonomy":"category","embeddable":true,"href":"https:\/\/blogs.thesocialmedia.com\/leblogmoto\/wp-json\/wp\/v2\/categories?post=1535"},{"taxonomy":"post_tag","embeddable":true,"href":"https:\/\/blogs.thesocialmedia.com\/leblogmoto\/wp-json\/wp\/v2\/tags?post=1535"}],"curies":[{"name":"wp","href":"https:\/\/api.w.org\/{rel}","templated":true}]}}