{"id":1536,"date":"2007-02-22T16:42:39","date_gmt":"2007-02-22T16:42:39","guid":{"rendered":"http:\/\/blogs.thesocialmedia.com\/leblogmoto\/2007\/02\/22\/motogp-akiyoshi\/"},"modified":"2012-07-11T14:32:46","modified_gmt":"2012-07-11T14:32:46","slug":"motogp-akiyoshi","status":"publish","type":"post","link":"https:\/\/blogs.thesocialmedia.com\/leblogmoto\/2007\/02\/22\/motogp-akiyoshi\/","title":{"rendered":"MotoGP: Akiyoshi remplace Hopkins \u00e0 Jerez"},"content":{"rendered":"<p><a href=\"http:\/\/blogs.thesocialmedia.com\/leblogmoto\/files\/2012\/07\/qatar07.jpg\"><img loading=\"lazy\" decoding=\"async\" width=\"250\" height=\"167\"  alt=\"Qatar07\" src=\"http:\/\/www.leblogmoto.com\/images\/qatar07.jpg\" style=\"margin: 0px 5px 5px 0px;float: left\" \/><\/a> Victime d\u2019une <a href=\"http:\/\/www.leblogmoto.com\/2007\/02\/moto_gp_pedrosa.html\">lourde chute<\/a> jeudi au Qatar, <a href=\"http:\/\/hopperracing.com\/\">John Hopkins<\/a> ne pourra probablement pas participer aux essais IRTA de Jerez en fin de semaine. L\u2019Anglo-Am\u00e9ricain, souffre de la fracture d\u2019un orteil et de multiples contusions. Il sera cependant pr\u00e9sent en Espagne pour la pr\u00e9sentation de <a href=\"http:\/\/www.suzuki-motogp.com\/\">l\u2019\u00e9curie<\/a> mais il ne devrait d\u00e9cider qu\u2019au dernier moment s\u2019il pourra prendre le guidon de sa <a href=\"http:\/\/www.suzuki-racing.com\/\">Suzuki GSV-R<\/a>.<\/p>\n<p><a href=\"http:\/\/clabedan.typepad.com\/.shared\/image.html?\/photos\/uncategorized\/akiyoshisuzukiportrait.jpg\"><img loading=\"lazy\" decoding=\"async\" width=\"250\" height=\"139\"  src=\"http:\/\/www.leblogmoto.com\/images\/akiyoshisuzukiportrait.jpg\" alt=\"Akiyoshisuzukiportrait\" style=\"margin: 0px 5px 5px 0px;float: left\" \/><\/a> C\u2019est le japonais Kousuke Akiyoshi, pilote d\u2019essai de la marque, en charge du d\u00e9veloppement de la GSV-R 800, qui devrait le remplacer afin d\u2019appuyer <a href=\"http:\/\/www.chrisvermeulen.com\/\">Chris Vermeulen<\/a>. On raconte m\u00eame dans les paddocks qu\u2019il pourrait rev\u00eatir la combinaison du bless\u00e9 le temps d\u2019une s\u00e9ance d\u2019essais.<\/p>\n<p><a href=\"http:\/\/clabedan.typepad.com\/.shared\/image.html?\/photos\/uncategorized\/akiyoshisuzuki.jpg\"><img loading=\"lazy\" decoding=\"async\" width=\"250\" height=\"356\"  alt=\"Akiyoshisuzuki\" src=\"http:\/\/www.leblogmoto.com\/images\/akiyoshisuzuki.jpg\" style=\"margin: 0px 5px 5px 0px;float: left\" \/><\/a> Akiyoshi n\u2019est pas le premier venu, il s\u2019\u00e9tait d\u00e9j\u00e0 signal\u00e9 l\u2019an dernier comme le meilleur pilote <a href=\"http:\/\/www.suzuki-racing.com\/\">Suzuki<\/a> sur la grille du Grand Prix du Japon \u00e0 Motegi, devant ses pairs les pilotes titulaires. C\u2019\u00e9tait pourtant sa premi\u00e8re saison en MotoGP.<br \/> Heureux homme cet Akiyoshi qui en plus de pouvoir participer aux essais de Jerez est aussi pr\u00e9vu comme pilote \u00ab wild-card \u00bb sur la manche programm\u00e9e sur ce m\u00eame circuit le 25 mars prochain. <br \/> \u00ab Je suis impatient de commencer les essais de Jerez et apprendre la piste pour la course du mois prochain. C&rsquo;est aussi tr\u00e8s important que je sois l\u00e0 pour remplacer John. Je vais faire du mieux possible et donner le meilleur de moi m\u00eame \u00e0 l&rsquo;\u00e9quipe \u00bb Le malheur des uns \u2026<\/p>\n<p> Ces derniers essais officiels IRTA se d\u00e9rouleront du vendredi 23 au dimanche 25 f\u00e9vrier, avec une s\u00e9ance chronom\u00e9tr\u00e9e de 40 minutes qui permettra au pilote le plus rapide de remporter une BMW Z4 M coup\u00e9 et de prendre la t\u00eate du troph\u00e9e BMW qui r\u00e9compense le pilote le plus rapide en qualifications durant ce championnat. Les pr\u00e9c\u00e9dentes \u00e9ditions du Troph\u00e9e BMW M ont \u00e9t\u00e9 remport\u00e9es par Loris capirossi, Valentino Rossi, Sete Gibernau et Colin Edwards.<\/p>\n<p> Souce &amp; photos: <a href=\"http:\/\/www.suzuki-motogp.com\/\">Rizla Suzuki MotoGP Team<\/a><\/p>\n","protected":false},"excerpt":{"rendered":"<p>Victime d\u2019une lourde chute jeudi au Qatar, John Hopkins ne pourra probablement pas participer aux essais IRTA de Jerez en fin de semaine. L\u2019Anglo-Am\u00e9ricain, souffre de la fracture d\u2019un orteil et de multiples contusions. Il sera cependant pr\u00e9sent en Espagne pour la pr\u00e9sentation de l\u2019\u00e9curie mais il ne devrait d\u00e9cider qu\u2019au dernier moment s\u2019il pourra [&hellip;]<\/p>\n","protected":false},"author":333,"featured_media":0,"comment_status":"open","ping_status":"open","sticky":false,"template":"","format":"standard","meta":{"footnotes":""},"categories":[22],"tags":[],"class_list":["post-1536","post","type-post","status-publish","format-standard","hentry","category-motogp"],"yoast_head":"<!-- This site is optimized with the Yoast SEO plugin v26.0 - https:\/\/yoast.com\/wordpress\/plugins\/seo\/ -->\n<title>MotoGP: Akiyoshi remplace Hopkins \u00e0 Jerez - leblogmoto.com<\/title>\n<meta name=\"robots\" content=\"index, follow, max-snippet:-1, max-image-preview:large, max-video-preview:-1\" \/>\n<link rel=\"canonical\" href=\"https:\/\/blogs.thesocialmedia.com\/leblogmoto\/2007\/02\/22\/motogp-akiyoshi\/\" \/>\n<meta name=\"twitter:card\" content=\"summary_large_image\" \/>\n<meta name=\"twitter:title\" content=\"MotoGP: Akiyoshi remplace Hopkins \u00e0 Jerez - leblogmoto.com\" \/>\n<meta name=\"twitter:description\" content=\"Victime d\u2019une lourde chute jeudi au Qatar, John Hopkins ne pourra probablement pas participer aux essais IRTA de Jerez en fin de semaine. L\u2019Anglo-Am\u00e9ricain, souffre de la fracture d\u2019un orteil et de multiples contusions. Il sera cependant pr\u00e9sent en Espagne pour la pr\u00e9sentation de l\u2019\u00e9curie mais il ne devrait d\u00e9cider qu\u2019au dernier moment s\u2019il pourra [&hellip;]\" \/>\n<meta name=\"twitter:image\" content=\"http:\/\/www.leblogmoto.com\/images\/qatar07.jpg\" \/>\n<meta name=\"twitter:label1\" content=\"\u00c9crit par\" \/>\n\t<meta name=\"twitter:data1\" content=\"christian tirat\" \/>\n\t<meta name=\"twitter:label2\" content=\"Dur\u00e9e de lecture estim\u00e9e\" \/>\n\t<meta name=\"twitter:data2\" content=\"2 minutes\" \/>\n<script type=\"application\/ld+json\" class=\"yoast-schema-graph\">{\"@context\":\"https:\/\/schema.org\",\"@graph\":[{\"@type\":\"WebPage\",\"@id\":\"https:\/\/blogs.thesocialmedia.com\/leblogmoto\/2007\/02\/22\/motogp-akiyoshi\/\",\"url\":\"https:\/\/blogs.thesocialmedia.com\/leblogmoto\/2007\/02\/22\/motogp-akiyoshi\/\",\"name\":\"MotoGP: Akiyoshi remplace Hopkins \u00e0 Jerez - leblogmoto.com\",\"isPartOf\":{\"@id\":\"https:\/\/blogs.thesocialmedia.com\/leblogmoto\/#website\"},\"primaryImageOfPage\":{\"@id\":\"https:\/\/blogs.thesocialmedia.com\/leblogmoto\/2007\/02\/22\/motogp-akiyoshi\/#primaryimage\"},\"image\":{\"@id\":\"https:\/\/blogs.thesocialmedia.com\/leblogmoto\/2007\/02\/22\/motogp-akiyoshi\/#primaryimage\"},\"thumbnailUrl\":\"http:\/\/www.leblogmoto.com\/images\/qatar07.jpg\",\"datePublished\":\"2007-02-22T16:42:39+00:00\",\"dateModified\":\"2012-07-11T14:32:46+00:00\",\"author\":{\"@id\":\"https:\/\/blogs.thesocialmedia.com\/leblogmoto\/#\/schema\/person\/90b2f8fd0d5a2cede2580e95fc79c6c0\"},\"breadcrumb\":{\"@id\":\"https:\/\/blogs.thesocialmedia.com\/leblogmoto\/2007\/02\/22\/motogp-akiyoshi\/#breadcrumb\"},\"inLanguage\":\"fr-FR\",\"potentialAction\":[{\"@type\":\"ReadAction\",\"target\":[\"https:\/\/blogs.thesocialmedia.com\/leblogmoto\/2007\/02\/22\/motogp-akiyoshi\/\"]}]},{\"@type\":\"ImageObject\",\"inLanguage\":\"fr-FR\",\"@id\":\"https:\/\/blogs.thesocialmedia.com\/leblogmoto\/2007\/02\/22\/motogp-akiyoshi\/#primaryimage\",\"url\":\"http:\/\/www.leblogmoto.com\/images\/qatar07.jpg\",\"contentUrl\":\"http:\/\/www.leblogmoto.com\/images\/qatar07.jpg\"},{\"@type\":\"BreadcrumbList\",\"@id\":\"https:\/\/blogs.thesocialmedia.com\/leblogmoto\/2007\/02\/22\/motogp-akiyoshi\/#breadcrumb\",\"itemListElement\":[{\"@type\":\"ListItem\",\"position\":1,\"name\":\"Accueil\",\"item\":\"https:\/\/blogs.thesocialmedia.com\/leblogmoto\/\"},{\"@type\":\"ListItem\",\"position\":2,\"name\":\"MotoGP: Akiyoshi remplace Hopkins \u00e0 Jerez\"}]},{\"@type\":\"WebSite\",\"@id\":\"https:\/\/blogs.thesocialmedia.com\/leblogmoto\/#website\",\"url\":\"https:\/\/blogs.thesocialmedia.com\/leblogmoto\/\",\"name\":\"leblogmoto\",\"description\":\"Toute l&#039;actualit\u00e9 des 2 roues\",\"potentialAction\":[{\"@type\":\"SearchAction\",\"target\":{\"@type\":\"EntryPoint\",\"urlTemplate\":\"https:\/\/blogs.thesocialmedia.com\/leblogmoto\/?s={search_term_string}\"},\"query-input\":{\"@type\":\"PropertyValueSpecification\",\"valueRequired\":true,\"valueName\":\"search_term_string\"}}],\"inLanguage\":\"fr-FR\"},{\"@type\":\"Person\",\"@id\":\"https:\/\/blogs.thesocialmedia.com\/leblogmoto\/#\/schema\/person\/90b2f8fd0d5a2cede2580e95fc79c6c0\",\"name\":\"christian tirat\",\"image\":{\"@type\":\"ImageObject\",\"inLanguage\":\"fr-FR\",\"@id\":\"https:\/\/blogs.thesocialmedia.com\/leblogmoto\/#\/schema\/person\/image\/\",\"url\":\"https:\/\/secure.gravatar.com\/avatar\/?s=96&d=mm&r=g\",\"contentUrl\":\"https:\/\/secure.gravatar.com\/avatar\/?s=96&d=mm&r=g\",\"caption\":\"christian tirat\"},\"url\":\"https:\/\/blogs.thesocialmedia.com\/leblogmoto\/author\/christian-tirat\/\"}]}<\/script>\n<!-- \/ Yoast SEO plugin. -->","yoast_head_json":{"title":"MotoGP: Akiyoshi remplace Hopkins \u00e0 Jerez - leblogmoto.com","robots":{"index":"index","follow":"follow","max-snippet":"max-snippet:-1","max-image-preview":"max-image-preview:large","max-video-preview":"max-video-preview:-1"},"canonical":"https:\/\/blogs.thesocialmedia.com\/leblogmoto\/2007\/02\/22\/motogp-akiyoshi\/","twitter_card":"summary_large_image","twitter_title":"MotoGP: Akiyoshi remplace Hopkins \u00e0 Jerez - leblogmoto.com","twitter_description":"Victime d\u2019une lourde chute jeudi au Qatar, John Hopkins ne pourra probablement pas participer aux essais IRTA de Jerez en fin de semaine. L\u2019Anglo-Am\u00e9ricain, souffre de la fracture d\u2019un orteil et de multiples contusions. Il sera cependant pr\u00e9sent en Espagne pour la pr\u00e9sentation de l\u2019\u00e9curie mais il ne devrait d\u00e9cider qu\u2019au dernier moment s\u2019il pourra [&hellip;]","twitter_image":"http:\/\/www.leblogmoto.com\/images\/qatar07.jpg","twitter_misc":{"\u00c9crit par":"christian tirat","Dur\u00e9e de lecture estim\u00e9e":"2 minutes"},"schema":{"@context":"https:\/\/schema.org","@graph":[{"@type":"WebPage","@id":"https:\/\/blogs.thesocialmedia.com\/leblogmoto\/2007\/02\/22\/motogp-akiyoshi\/","url":"https:\/\/blogs.thesocialmedia.com\/leblogmoto\/2007\/02\/22\/motogp-akiyoshi\/","name":"MotoGP: Akiyoshi remplace Hopkins \u00e0 Jerez - leblogmoto.com","isPartOf":{"@id":"https:\/\/blogs.thesocialmedia.com\/leblogmoto\/#website"},"primaryImageOfPage":{"@id":"https:\/\/blogs.thesocialmedia.com\/leblogmoto\/2007\/02\/22\/motogp-akiyoshi\/#primaryimage"},"image":{"@id":"https:\/\/blogs.thesocialmedia.com\/leblogmoto\/2007\/02\/22\/motogp-akiyoshi\/#primaryimage"},"thumbnailUrl":"http:\/\/www.leblogmoto.com\/images\/qatar07.jpg","datePublished":"2007-02-22T16:42:39+00:00","dateModified":"2012-07-11T14:32:46+00:00","author":{"@id":"https:\/\/blogs.thesocialmedia.com\/leblogmoto\/#\/schema\/person\/90b2f8fd0d5a2cede2580e95fc79c6c0"},"breadcrumb":{"@id":"https:\/\/blogs.thesocialmedia.com\/leblogmoto\/2007\/02\/22\/motogp-akiyoshi\/#breadcrumb"},"inLanguage":"fr-FR","potentialAction":[{"@type":"ReadAction","target":["https:\/\/blogs.thesocialmedia.com\/leblogmoto\/2007\/02\/22\/motogp-akiyoshi\/"]}]},{"@type":"ImageObject","inLanguage":"fr-FR","@id":"https:\/\/blogs.thesocialmedia.com\/leblogmoto\/2007\/02\/22\/motogp-akiyoshi\/#primaryimage","url":"http:\/\/www.leblogmoto.com\/images\/qatar07.jpg","contentUrl":"http:\/\/www.leblogmoto.com\/images\/qatar07.jpg"},{"@type":"BreadcrumbList","@id":"https:\/\/blogs.thesocialmedia.com\/leblogmoto\/2007\/02\/22\/motogp-akiyoshi\/#breadcrumb","itemListElement":[{"@type":"ListItem","position":1,"name":"Accueil","item":"https:\/\/blogs.thesocialmedia.com\/leblogmoto\/"},{"@type":"ListItem","position":2,"name":"MotoGP: Akiyoshi remplace Hopkins \u00e0 Jerez"}]},{"@type":"WebSite","@id":"https:\/\/blogs.thesocialmedia.com\/leblogmoto\/#website","url":"https:\/\/blogs.thesocialmedia.com\/leblogmoto\/","name":"leblogmoto","description":"Toute l&#039;actualit\u00e9 des 2 roues","potentialAction":[{"@type":"SearchAction","target":{"@type":"EntryPoint","urlTemplate":"https:\/\/blogs.thesocialmedia.com\/leblogmoto\/?s={search_term_string}"},"query-input":{"@type":"PropertyValueSpecification","valueRequired":true,"valueName":"search_term_string"}}],"inLanguage":"fr-FR"},{"@type":"Person","@id":"https:\/\/blogs.thesocialmedia.com\/leblogmoto\/#\/schema\/person\/90b2f8fd0d5a2cede2580e95fc79c6c0","name":"christian tirat","image":{"@type":"ImageObject","inLanguage":"fr-FR","@id":"https:\/\/blogs.thesocialmedia.com\/leblogmoto\/#\/schema\/person\/image\/","url":"https:\/\/secure.gravatar.com\/avatar\/?s=96&d=mm&r=g","contentUrl":"https:\/\/secure.gravatar.com\/avatar\/?s=96&d=mm&r=g","caption":"christian tirat"},"url":"https:\/\/blogs.thesocialmedia.com\/leblogmoto\/author\/christian-tirat\/"}]}},"_links":{"self":[{"href":"https:\/\/blogs.thesocialmedia.com\/leblogmoto\/wp-json\/wp\/v2\/posts\/1536","targetHints":{"allow":["GET"]}}],"collection":[{"href":"https:\/\/blogs.thesocialmedia.com\/leblogmoto\/wp-json\/wp\/v2\/posts"}],"about":[{"href":"https:\/\/blogs.thesocialmedia.com\/leblogmoto\/wp-json\/wp\/v2\/types\/post"}],"author":[{"embeddable":true,"href":"https:\/\/blogs.thesocialmedia.com\/leblogmoto\/wp-json\/wp\/v2\/users\/333"}],"replies":[{"embeddable":true,"href":"https:\/\/blogs.thesocialmedia.com\/leblogmoto\/wp-json\/wp\/v2\/comments?post=1536"}],"version-history":[{"count":2,"href":"https:\/\/blogs.thesocialmedia.com\/leblogmoto\/wp-json\/wp\/v2\/posts\/1536\/revisions"}],"predecessor-version":[{"id":8059,"href":"https:\/\/blogs.thesocialmedia.com\/leblogmoto\/wp-json\/wp\/v2\/posts\/1536\/revisions\/8059"}],"wp:attachment":[{"href":"https:\/\/blogs.thesocialmedia.com\/leblogmoto\/wp-json\/wp\/v2\/media?parent=1536"}],"wp:term":[{"taxonomy":"category","embeddable":true,"href":"https:\/\/blogs.thesocialmedia.com\/leblogmoto\/wp-json\/wp\/v2\/categories?post=1536"},{"taxonomy":"post_tag","embeddable":true,"href":"https:\/\/blogs.thesocialmedia.com\/leblogmoto\/wp-json\/wp\/v2\/tags?post=1536"}],"curies":[{"name":"wp","href":"https:\/\/api.w.org\/{rel}","templated":true}]}}