{"id":1537,"date":"2007-02-22T14:21:29","date_gmt":"2007-02-22T14:21:29","guid":{"rendered":"http:\/\/blogs.thesocialmedia.com\/leblogmoto\/2007\/02\/22\/circuits-oprati\/"},"modified":"2012-07-11T13:21:59","modified_gmt":"2012-07-11T13:21:59","slug":"circuits-oprati","status":"publish","type":"post","link":"https:\/\/blogs.thesocialmedia.com\/leblogmoto\/2007\/02\/22\/circuits-oprati\/","title":{"rendered":"Circuits : op\u00e9ration portes ouvertes"},"content":{"rendered":"<p><a href=\"http:\/\/clabedan.typepad.com\/.shared\/image.html?\/photos\/uncategorized\/getdbimage.jpeg\"><img loading=\"lazy\" decoding=\"async\" width=\"250\" height=\"167\"  src=\"http:\/\/www.leblogmoto.com\/images\/getdbimage.jpeg\" alt=\"Getdbimage\" style=\"margin: 0px 5px 5px 0px;float: left\" \/><\/a> La F\u00e9d\u00e9ration Fran\u00e7aise de Motocyclisme (<a href=\"http:\/\/www.ffmoto.org\/\">FFM<\/a>) communique :<\/p>\n<p><strong>OPERATION PORTES OUVERTES DES CIRCUITS 2007<\/strong><\/p>\n<p>Confort\u00e9e par le succ\u00e8s rencontr\u00e9 en 2006, la F\u00e9d\u00e9ration Fran\u00e7aise de Motocyclisme, en partenariat avec le Minist\u00e8re de la Jeunesse, des Sports et de la Vie associative et le Minist\u00e8re de l\u2019Equipement, des Transports, de l\u2019Am\u00e9nagement du Territoire, du Tourisme et de la Mer, lance l\u2019\u00e9dition 2007 de l\u2019op\u00e9ration \u00ab Portes Ouvertes des Circuits \u00bb forte d\u2019un calendrier de 22 journ\u00e9es (contre 11 en 2006).<\/p>\n<p><strong>LA FORMATION, UN CREDO POUR LA FFM !<\/strong><br \/> En ouvrant plus largement l\u2019acc\u00e8s des circuits, la FFM a pour objectif d\u2019amener les utilisateurs de 2 roues motoris\u00e9s \u00e0 mieux appr\u00e9hender les limites de leur conduite, \u00e0 mieux mesurer leurs r\u00e9actions au guidon de leur machine, dans les meilleures conditions de s\u00e9curit\u00e9. Sur chaque journ\u00e9e, les participants seront regroup\u00e9s selon leur niveau et seront encadr\u00e9s par des Educateurs Brevet\u00e9s d\u2019Etat.<\/p>\n<p><strong>LA CONTRIBUTION DE PARTENAIRES IMPLIQUES DANS LA SECURITE<\/strong><br \/> Cette \u00e9dition 2007 voit \u00e9galement la participation de partenaires : Bridgestone, Honda, AMV, France Equipement, Nolan, Richa qui s\u2019associent \u00e0 la d\u00e9marche de la FFM et s\u2019investissent pleinement dans la r\u00e9ussite de chaque rendez-vous.<br \/> Ainsi, des ateliers techniques, des projections vid\u00e9os attendent chaque participant pour une journ\u00e9e riche d\u2019enseignements.<\/p>\n<p><strong>MODALITES DE PARTICIPATION<\/strong><br \/> &#8211; Droit d\u2019acc\u00e8s piste : 25\u20ac*<br \/> &#8211; Ouvert \u00e0 tous : motos toutes cylindr\u00e9es**, assurance obligatoire<br \/> &#8211; Selon votre niveau : des sessions pour d\u00e9butants ou motards exp\u00e9riment\u00e9s<br \/> &#8211; Equipement obligatoire \u00e0 pr\u00e9voir : casque int\u00e9gral, gants, bottes et tenue cuir (blouson et pantalon ou combinaison)<br \/> &#8211; Conseils d\u2019Educateurs dipl\u00f4m\u00e9s d\u2019Etat<\/p>\n<p> * tarif maximum pour chaque journ\u00e9e \/ **motos et pots d\u2019\u00e9chappement homologu\u00e9s routes<\/p>\n<p><strong>UN CALENDRIER DE 22 DATES REPARTIES SUR 11 CIRCUITS<br \/> DATE LIEU TELEPHONE<\/strong><br \/> &#8211; Vendredi 23 mars : Pau-Arnos (64) 06 09 70 06 17<br \/> &#8211; Lundi 16 avril : Carole (93) 06 83 21 94 85<br \/> &#8211; Samedi 21 avril : Issoire (63) 04 70 90 09 49<br \/> &#8211; Lundi 07 mai : Albi (81) 05 63 43 23 00<br \/> &#8211; Samedi 26 mai : Croix-en-Ternois (62) 03 21 03 99 51<br \/> &#8211; Lundi 28 mai : Le Luc (83) 06 14 55 03 82<br \/> &#8211; Dimanche 3 juin : Albi (81) 05 63 43 23 00<br \/> &#8211; Vendredi 8 juin : Nogaro (32) 05 62 09 02 49<br \/> &#8211; Lundi 18 juin : Carole (93) 06 83 21 94 85<br \/> &#8211; Vendredi 29 juin : Croix-en-Ternois (62) 03 21 03 99 51<br \/> &#8211; Lundi 2 juillet : Al\u00e8s (30) 04 66 24 44 06<br \/> &#8211; Samedi 7 juillet : Croix-en-Ternois(62) 03 21 03 99 51<br \/> &#8211; Samedi 4 ao\u00fbt : Lurcy L\u00e9vis (03) 04 70 90 09 49<br \/> &#8211; Dimanche 5 ao\u00fbt : Folembray (02) 03 23 76 21 47<br \/> &#8211; Vendredi 31 ao\u00fbt : Al\u00e8s (30) 06 14 55 03 82<br \/> &#8211; Lundi 3 septembre : Nogaro (32) 05 62 09 02 49<br \/> &#8211; Lundi 10 septembre : Carole (93) 06 83 21 94 85<br \/> &#8211; Dimanche 23 septembre : Albi (81) 05 63 43 23 00<br \/> &#8211; Samedi 29 septembre : Issoire (63) 04 70 90 09 49<br \/> &#8211; Lundi 1er octobre : Al\u00e8s (30) 04 66 24 44 06<br \/> &#8211; Vendredi 12 octobre : Le Vigeant (86) 06 14 14 36 05<br \/> &#8211; Lundi 22 octobre : Al\u00e8s (30) 04 66 24 44 06<\/p>\n<p><strong>MODALITES D\u2019INSCRIPTION<\/strong><br \/> Pour s\u2019inscrire, t\u00e9l\u00e9chargez le bulletin d\u2019inscription sur www.ffmoto.org ou appellez le num\u00e9ro de t\u00e9l\u00e9phone correspondant.<\/p>\n","protected":false},"excerpt":{"rendered":"<p>La F\u00e9d\u00e9ration Fran\u00e7aise de Motocyclisme (FFM) communique : OPERATION PORTES OUVERTES DES CIRCUITS 2007 Confort\u00e9e par le succ\u00e8s rencontr\u00e9 en 2006, la F\u00e9d\u00e9ration Fran\u00e7aise de Motocyclisme, en partenariat avec le Minist\u00e8re de la Jeunesse, des Sports et de la Vie associative et le Minist\u00e8re de l\u2019Equipement, des Transports, de l\u2019Am\u00e9nagement du Territoire, du Tourisme et [&hellip;]<\/p>\n","protected":false},"author":333,"featured_media":0,"comment_status":"open","ping_status":"open","sticky":false,"template":"","format":"standard","meta":{"footnotes":""},"categories":[1],"tags":[],"class_list":["post-1537","post","type-post","status-publish","format-standard","hentry","category-uncategorized"],"yoast_head":"<!-- This site is optimized with the Yoast SEO plugin v26.0 - https:\/\/yoast.com\/wordpress\/plugins\/seo\/ -->\n<title>Circuits : op\u00e9ration portes ouvertes - leblogmoto.com<\/title>\n<meta name=\"robots\" content=\"index, follow, max-snippet:-1, max-image-preview:large, max-video-preview:-1\" \/>\n<link rel=\"canonical\" href=\"https:\/\/blogs.thesocialmedia.com\/leblogmoto\/2007\/02\/22\/circuits-oprati\/\" \/>\n<meta name=\"twitter:card\" content=\"summary_large_image\" \/>\n<meta name=\"twitter:title\" content=\"Circuits : op\u00e9ration portes ouvertes - leblogmoto.com\" \/>\n<meta name=\"twitter:description\" content=\"La F\u00e9d\u00e9ration Fran\u00e7aise de Motocyclisme (FFM) communique : OPERATION PORTES OUVERTES DES CIRCUITS 2007 Confort\u00e9e par le succ\u00e8s rencontr\u00e9 en 2006, la F\u00e9d\u00e9ration Fran\u00e7aise de Motocyclisme, en partenariat avec le Minist\u00e8re de la Jeunesse, des Sports et de la Vie associative et le Minist\u00e8re de l\u2019Equipement, des Transports, de l\u2019Am\u00e9nagement du Territoire, du Tourisme et [&hellip;]\" \/>\n<meta name=\"twitter:image\" content=\"http:\/\/www.leblogmoto.com\/images\/getdbimage.jpeg\" \/>\n<meta name=\"twitter:label1\" content=\"\u00c9crit par\" \/>\n\t<meta name=\"twitter:data1\" content=\"christian tirat\" \/>\n\t<meta name=\"twitter:label2\" content=\"Dur\u00e9e de lecture estim\u00e9e\" \/>\n\t<meta name=\"twitter:data2\" content=\"2 minutes\" \/>\n<script type=\"application\/ld+json\" class=\"yoast-schema-graph\">{\"@context\":\"https:\/\/schema.org\",\"@graph\":[{\"@type\":\"WebPage\",\"@id\":\"https:\/\/blogs.thesocialmedia.com\/leblogmoto\/2007\/02\/22\/circuits-oprati\/\",\"url\":\"https:\/\/blogs.thesocialmedia.com\/leblogmoto\/2007\/02\/22\/circuits-oprati\/\",\"name\":\"Circuits : op\u00e9ration portes ouvertes - leblogmoto.com\",\"isPartOf\":{\"@id\":\"https:\/\/blogs.thesocialmedia.com\/leblogmoto\/#website\"},\"primaryImageOfPage\":{\"@id\":\"https:\/\/blogs.thesocialmedia.com\/leblogmoto\/2007\/02\/22\/circuits-oprati\/#primaryimage\"},\"image\":{\"@id\":\"https:\/\/blogs.thesocialmedia.com\/leblogmoto\/2007\/02\/22\/circuits-oprati\/#primaryimage\"},\"thumbnailUrl\":\"http:\/\/www.leblogmoto.com\/images\/getdbimage.jpeg\",\"datePublished\":\"2007-02-22T14:21:29+00:00\",\"dateModified\":\"2012-07-11T13:21:59+00:00\",\"author\":{\"@id\":\"https:\/\/blogs.thesocialmedia.com\/leblogmoto\/#\/schema\/person\/90b2f8fd0d5a2cede2580e95fc79c6c0\"},\"breadcrumb\":{\"@id\":\"https:\/\/blogs.thesocialmedia.com\/leblogmoto\/2007\/02\/22\/circuits-oprati\/#breadcrumb\"},\"inLanguage\":\"fr-FR\",\"potentialAction\":[{\"@type\":\"ReadAction\",\"target\":[\"https:\/\/blogs.thesocialmedia.com\/leblogmoto\/2007\/02\/22\/circuits-oprati\/\"]}]},{\"@type\":\"ImageObject\",\"inLanguage\":\"fr-FR\",\"@id\":\"https:\/\/blogs.thesocialmedia.com\/leblogmoto\/2007\/02\/22\/circuits-oprati\/#primaryimage\",\"url\":\"http:\/\/www.leblogmoto.com\/images\/getdbimage.jpeg\",\"contentUrl\":\"http:\/\/www.leblogmoto.com\/images\/getdbimage.jpeg\"},{\"@type\":\"BreadcrumbList\",\"@id\":\"https:\/\/blogs.thesocialmedia.com\/leblogmoto\/2007\/02\/22\/circuits-oprati\/#breadcrumb\",\"itemListElement\":[{\"@type\":\"ListItem\",\"position\":1,\"name\":\"Accueil\",\"item\":\"https:\/\/blogs.thesocialmedia.com\/leblogmoto\/\"},{\"@type\":\"ListItem\",\"position\":2,\"name\":\"Circuits : op\u00e9ration portes ouvertes\"}]},{\"@type\":\"WebSite\",\"@id\":\"https:\/\/blogs.thesocialmedia.com\/leblogmoto\/#website\",\"url\":\"https:\/\/blogs.thesocialmedia.com\/leblogmoto\/\",\"name\":\"leblogmoto\",\"description\":\"Toute l&#039;actualit\u00e9 des 2 roues\",\"potentialAction\":[{\"@type\":\"SearchAction\",\"target\":{\"@type\":\"EntryPoint\",\"urlTemplate\":\"https:\/\/blogs.thesocialmedia.com\/leblogmoto\/?s={search_term_string}\"},\"query-input\":{\"@type\":\"PropertyValueSpecification\",\"valueRequired\":true,\"valueName\":\"search_term_string\"}}],\"inLanguage\":\"fr-FR\"},{\"@type\":\"Person\",\"@id\":\"https:\/\/blogs.thesocialmedia.com\/leblogmoto\/#\/schema\/person\/90b2f8fd0d5a2cede2580e95fc79c6c0\",\"name\":\"christian tirat\",\"image\":{\"@type\":\"ImageObject\",\"inLanguage\":\"fr-FR\",\"@id\":\"https:\/\/blogs.thesocialmedia.com\/leblogmoto\/#\/schema\/person\/image\/\",\"url\":\"https:\/\/secure.gravatar.com\/avatar\/?s=96&d=mm&r=g\",\"contentUrl\":\"https:\/\/secure.gravatar.com\/avatar\/?s=96&d=mm&r=g\",\"caption\":\"christian tirat\"},\"url\":\"https:\/\/blogs.thesocialmedia.com\/leblogmoto\/author\/christian-tirat\/\"}]}<\/script>\n<!-- \/ Yoast SEO plugin. -->","yoast_head_json":{"title":"Circuits : op\u00e9ration portes ouvertes - leblogmoto.com","robots":{"index":"index","follow":"follow","max-snippet":"max-snippet:-1","max-image-preview":"max-image-preview:large","max-video-preview":"max-video-preview:-1"},"canonical":"https:\/\/blogs.thesocialmedia.com\/leblogmoto\/2007\/02\/22\/circuits-oprati\/","twitter_card":"summary_large_image","twitter_title":"Circuits : op\u00e9ration portes ouvertes - leblogmoto.com","twitter_description":"La F\u00e9d\u00e9ration Fran\u00e7aise de Motocyclisme (FFM) communique : OPERATION PORTES OUVERTES DES CIRCUITS 2007 Confort\u00e9e par le succ\u00e8s rencontr\u00e9 en 2006, la F\u00e9d\u00e9ration Fran\u00e7aise de Motocyclisme, en partenariat avec le Minist\u00e8re de la Jeunesse, des Sports et de la Vie associative et le Minist\u00e8re de l\u2019Equipement, des Transports, de l\u2019Am\u00e9nagement du Territoire, du Tourisme et [&hellip;]","twitter_image":"http:\/\/www.leblogmoto.com\/images\/getdbimage.jpeg","twitter_misc":{"\u00c9crit par":"christian tirat","Dur\u00e9e de lecture estim\u00e9e":"2 minutes"},"schema":{"@context":"https:\/\/schema.org","@graph":[{"@type":"WebPage","@id":"https:\/\/blogs.thesocialmedia.com\/leblogmoto\/2007\/02\/22\/circuits-oprati\/","url":"https:\/\/blogs.thesocialmedia.com\/leblogmoto\/2007\/02\/22\/circuits-oprati\/","name":"Circuits : op\u00e9ration portes ouvertes - leblogmoto.com","isPartOf":{"@id":"https:\/\/blogs.thesocialmedia.com\/leblogmoto\/#website"},"primaryImageOfPage":{"@id":"https:\/\/blogs.thesocialmedia.com\/leblogmoto\/2007\/02\/22\/circuits-oprati\/#primaryimage"},"image":{"@id":"https:\/\/blogs.thesocialmedia.com\/leblogmoto\/2007\/02\/22\/circuits-oprati\/#primaryimage"},"thumbnailUrl":"http:\/\/www.leblogmoto.com\/images\/getdbimage.jpeg","datePublished":"2007-02-22T14:21:29+00:00","dateModified":"2012-07-11T13:21:59+00:00","author":{"@id":"https:\/\/blogs.thesocialmedia.com\/leblogmoto\/#\/schema\/person\/90b2f8fd0d5a2cede2580e95fc79c6c0"},"breadcrumb":{"@id":"https:\/\/blogs.thesocialmedia.com\/leblogmoto\/2007\/02\/22\/circuits-oprati\/#breadcrumb"},"inLanguage":"fr-FR","potentialAction":[{"@type":"ReadAction","target":["https:\/\/blogs.thesocialmedia.com\/leblogmoto\/2007\/02\/22\/circuits-oprati\/"]}]},{"@type":"ImageObject","inLanguage":"fr-FR","@id":"https:\/\/blogs.thesocialmedia.com\/leblogmoto\/2007\/02\/22\/circuits-oprati\/#primaryimage","url":"http:\/\/www.leblogmoto.com\/images\/getdbimage.jpeg","contentUrl":"http:\/\/www.leblogmoto.com\/images\/getdbimage.jpeg"},{"@type":"BreadcrumbList","@id":"https:\/\/blogs.thesocialmedia.com\/leblogmoto\/2007\/02\/22\/circuits-oprati\/#breadcrumb","itemListElement":[{"@type":"ListItem","position":1,"name":"Accueil","item":"https:\/\/blogs.thesocialmedia.com\/leblogmoto\/"},{"@type":"ListItem","position":2,"name":"Circuits : op\u00e9ration portes ouvertes"}]},{"@type":"WebSite","@id":"https:\/\/blogs.thesocialmedia.com\/leblogmoto\/#website","url":"https:\/\/blogs.thesocialmedia.com\/leblogmoto\/","name":"leblogmoto","description":"Toute l&#039;actualit\u00e9 des 2 roues","potentialAction":[{"@type":"SearchAction","target":{"@type":"EntryPoint","urlTemplate":"https:\/\/blogs.thesocialmedia.com\/leblogmoto\/?s={search_term_string}"},"query-input":{"@type":"PropertyValueSpecification","valueRequired":true,"valueName":"search_term_string"}}],"inLanguage":"fr-FR"},{"@type":"Person","@id":"https:\/\/blogs.thesocialmedia.com\/leblogmoto\/#\/schema\/person\/90b2f8fd0d5a2cede2580e95fc79c6c0","name":"christian tirat","image":{"@type":"ImageObject","inLanguage":"fr-FR","@id":"https:\/\/blogs.thesocialmedia.com\/leblogmoto\/#\/schema\/person\/image\/","url":"https:\/\/secure.gravatar.com\/avatar\/?s=96&d=mm&r=g","contentUrl":"https:\/\/secure.gravatar.com\/avatar\/?s=96&d=mm&r=g","caption":"christian tirat"},"url":"https:\/\/blogs.thesocialmedia.com\/leblogmoto\/author\/christian-tirat\/"}]}},"_links":{"self":[{"href":"https:\/\/blogs.thesocialmedia.com\/leblogmoto\/wp-json\/wp\/v2\/posts\/1537","targetHints":{"allow":["GET"]}}],"collection":[{"href":"https:\/\/blogs.thesocialmedia.com\/leblogmoto\/wp-json\/wp\/v2\/posts"}],"about":[{"href":"https:\/\/blogs.thesocialmedia.com\/leblogmoto\/wp-json\/wp\/v2\/types\/post"}],"author":[{"embeddable":true,"href":"https:\/\/blogs.thesocialmedia.com\/leblogmoto\/wp-json\/wp\/v2\/users\/333"}],"replies":[{"embeddable":true,"href":"https:\/\/blogs.thesocialmedia.com\/leblogmoto\/wp-json\/wp\/v2\/comments?post=1537"}],"version-history":[{"count":1,"href":"https:\/\/blogs.thesocialmedia.com\/leblogmoto\/wp-json\/wp\/v2\/posts\/1537\/revisions"}],"predecessor-version":[{"id":3637,"href":"https:\/\/blogs.thesocialmedia.com\/leblogmoto\/wp-json\/wp\/v2\/posts\/1537\/revisions\/3637"}],"wp:attachment":[{"href":"https:\/\/blogs.thesocialmedia.com\/leblogmoto\/wp-json\/wp\/v2\/media?parent=1537"}],"wp:term":[{"taxonomy":"category","embeddable":true,"href":"https:\/\/blogs.thesocialmedia.com\/leblogmoto\/wp-json\/wp\/v2\/categories?post=1537"},{"taxonomy":"post_tag","embeddable":true,"href":"https:\/\/blogs.thesocialmedia.com\/leblogmoto\/wp-json\/wp\/v2\/tags?post=1537"}],"curies":[{"name":"wp","href":"https:\/\/api.w.org\/{rel}","templated":true}]}}