{"id":1538,"date":"2007-02-22T13:23:32","date_gmt":"2007-02-22T13:23:32","guid":{"rendered":"http:\/\/blogs.thesocialmedia.com\/leblogmoto\/2007\/02\/22\/salon-le-paris\/"},"modified":"2012-07-11T14:32:44","modified_gmt":"2012-07-11T14:32:44","slug":"salon-le-paris","status":"publish","type":"post","link":"https:\/\/blogs.thesocialmedia.com\/leblogmoto\/2007\/02\/22\/salon-le-paris\/","title":{"rendered":"Salon : Le Paris Tuning Show ouvre ses portes"},"content":{"rendered":"<p><a href=\"http:\/\/blogs.thesocialmedia.com\/leblogmoto\/files\/2012\/07\/clich_20070222_124618.gif\"><img loading=\"lazy\" decoding=\"async\" width=\"250\" height=\"124\"  src=\"http:\/\/www.leblogmoto.com\/images\/clich_20070222_124618.gif\" alt=\"Clich_20070222_124618\" style=\"margin: 0px 5px 5px 0px;float: left\" \/><\/a> A la suite de l\u2019\u00e9chec relatif du premier Paris Moto Show en 2006, le groupe Option avait renonc\u00e9 a consacrer un salon \u00e0 part enti\u00e8re \u00e0 la moto en la faisant sortir du <a href=\"http:\/\/www.paristuningshow.com\/\">Paris Tuning Show<\/a>. <br \/><em>\u00ab On s&rsquo;est retrouv\u00e9 avec un Paris Moto Show 2006 qui \u00e9tait un bon salon r\u00e9gional du nord de la France, mais sur lequel nous avions mis les moyens d&rsquo;un salon national ! \u00bb<\/em> a expliqu\u00e9 Eric de Seynes le patron du groupe Option organisateur de l\u2019\u00e9v\u00e9nement, et il pr\u00e9cise <em>\u00abnous avons subit 450 000 \u20ac de perte en 2006 \u00bb<\/em> Il est vrai que seuls les \u00ab petits \u00bb constructeurs comme <a href=\"http:\/\/www.ducati.com\/od\/ducatifrance\/\">Ducati<\/a>, <a href=\"http:\/\/www.ktmusa.com\/KTM-Ready-to-Race.1.7.html\">KTM<\/a>, <a href=\"http:\/\/www.harley-davidson.com\/wcm\/Content\/Pages\/home.jsp?locale=fr_FR\">Harley-Davidson<\/a> et <a href=\"http:\/\/www.buell.com\/fr_fr\/home.asp\">Buell<\/a> \u00e9taient venus en force&#8230; <\/p>\n<p><a href=\"http:\/\/clabedan.typepad.com\/.shared\/image.html?\/photos\/uncategorized\/clich_20070222_124645.tiff\"><img loading=\"lazy\" decoding=\"async\" width=\"250\" height=\"163\"  src=\"http:\/\/www.leblogmoto.com\/images\/clich_20070222_124645.tiff\" alt=\"Clich_20070222_124645\" style=\"margin: 0px 5px 5px 0px;float: left\" \/><\/a> Pourtant l\u2019an dernier <a href=\"http:\/\/www.ducati.com\/od\/ducatifrance\/\">Ducati<\/a> avait pr\u00e9sent\u00e9 en exclusivit\u00e9 dans des all\u00e9es semi d\u00e9sertes son Concept Bike Hypermotard, un mod\u00e8le unique \u00e0 l&rsquo;\u00e9poque, ainsi que sa nouvelle Mostro 695ie. Pour la premi\u00e8re fois en France <a href=\"http:\/\/www.derbi-france.fr\/home1.php\">Derbi<\/a> exposait son Scrambler Mulhacen et <a href=\"http:\/\/www.ktmusa.com\/KTM-Ready-to-Race.1.7.html\">KTM<\/a> ses exclusives 950 R Super Enduro et la 990 Adventure\u2026mais le public n\u2019avait pas suivi. La moto r\u00e9int\u00e8gre donc sagement les all\u00e9es du PTS en 2007.<\/p>\n<p> Le salon devrait cependant r\u00e9server quelques rares mais bonnes surprises, a commencer par un acc\u00e8s facilit\u00e9 au <a href=\"www.paris-lebourget.com\">Parc des Expositions du Bourget<\/a> afin d\u2019\u00e9viter l\u2019engorgement dont s\u2019\u00e9taient plaint une partie des 162.0000 visiteurs du PTS&nbsp; 2006.<\/p>\n<p> Parmi les exposants notons la pr\u00e9sence de pr\u00e9parateurs tels que <a href=\"http:\/\/www.lazareth.fr\/\">Lazareth<\/a> qui vient avec ses concepts toujours aussi novateurs tels que son quad Quadrazuma, d\u00e9j\u00e0 homologu\u00e9. <a href=\"http:\/\/www.trophymotos.com\/\">Trophy Motos<\/a> propose des motos d&rsquo;origine aussi bien que des pr\u00e9parations \u00e9tonnantes dans les marques les plus atypiques telles que Royal Enfield. Seront aussi pr\u00e9sents <a href=\"http:\/\/www.kmp.fr\/\">Kris Moto Pi\u00e8ces<\/a> avec une belle pr\u00e9paration de GSX-R 1100 1992 mont\u00e9e dans un cadre Martin (stand B41) et <a href=\"http:\/\/www.parisnordmoto.com\/\">Paris Nord <\/a><a href=\"http:\/\/clabedan.typepad.com\/.shared\/image.html?\/photos\/uncategorized\/index_3.jpg\"><img loading=\"lazy\" decoding=\"async\" width=\"250\" height=\"188\"  alt=\"Index_3\" src=\"http:\/\/www.leblogmoto.com\/images\/index_3.jpg\" style=\"margin: 0px 5px 5px 0px;float: left\" \/><\/a> Moto, un grand fid\u00e8le du PTS qui exposera quelques machines&nbsp; pr\u00e9par\u00e9es dans son atelier Tuning. Essonne Moto devrait exposer une R6 Rossi r\u00e9pliqua en s\u00e9rie tr\u00e8s limit\u00e9e. <a href=\"http:\/\/www.helitmoto.com\/index.htm\">Helit Moto<\/a>, dont les comp\u00e9tences ne sont plus \u00e0 d\u00e9montrer, vient avec le catalogue complet de ses prestations, passage au banc pour une simple optimisation moteur, suspensions top niveau et pr\u00e9paration 100% racing.<\/p>\n<p> La moto au <a href=\"http:\/\/www.paristuningshow.com\/\">Paris Tuning Show<\/a>, ce devrait \u00eatre aussi un village marchand proposant des produits originaux, du casque r\u00e9pliqua aux \u00e9quipements dernier cri en passant par l\u2019accessoire beau ou hideux, selon les go\u00fbts, et parfois aussi inutile qu\u2019indispensable.<br \/><a href=\"http:\/\/clabedan.typepad.com\/.shared\/image.html?\/photos\/uncategorized\/rea_03.jpg\"><img loading=\"lazy\" decoding=\"async\" width=\"250\" height=\"178\"  alt=\"Rea_03\" src=\"http:\/\/www.leblogmoto.com\/images\/rea_03.jpg\" style=\"margin: 0px 5px 5px 0px;float: left\" \/><\/a> Peinture personnalis\u00e9e, pr\u00e9paration supermotard, passage en street-bike, accessoires les plus d\u00e9lirents, quelques fantasmes peuvent se r\u00e9aliser au <a href=\"http:\/\/www.paristuningshow.com\/\">Paris Tuning Show<\/a>. <br \/> Mais attention, le contexte est morose et des rumeurs donnent \u00e0 penser que la moto sera le parent pauvre de ce salon. Gageons aussi que <a href=\"http:\/\/www.leblogmoto.com\/2007\/02\/vente_de_motos_.html\">la loi s\u00e9curitaire que vient de voter le Parlement<\/a> p\u00e9nalisant les modifications sur les 2RM sera de toutes les conversations.<\/p>\n<p> Autres petit \u00ab couac \u00bb ce salon n\u2019est pas tout public puisque les organisateurs le d\u00e9conseillent aux enfants de moins de 6 ans\u2026<\/p>\n<p> Infos pratiques<br \/> Le salon est ouvert au public du jeudi 22 f\u00e9vrier 2007 \u00e0 partir de 14h jusqu&rsquo;au lundi 26 f\u00e9vrier 2007. <br \/> Salon ouvert de 10h \u00e0 19h et nocturne le samedi 24 jusqu\u00b4\u00e0 21h. <\/p>\n<p><a href=\"www.paris-lebourget.com\"> Parc des Expositions Paris-Le Bourget<\/a> 93350 Le Bourget \u2013 halls 3, 4, 5<\/p>\n<p> Navettes gratuites toutes les 1?2 heures au d\u00e9part de la gare RER du Bourget jusqu\u2019au Parc des Expositions. 1\u00e8re navette 9h00 \u2013 derni\u00e8re navette 20h00 (22h00 le samedi)<\/p>\n<p> Plus d&rsquo;informations : www.paris-lebourget.com<br \/> Rubrique : s&rsquo;orienter sur le parc.<\/p>\n<p> Tarifs<br \/> &#8211; Plein tarif: 12 \u20ac<br \/> &#8211; Tarif groupe (\u00e0 partir de 10 personnes, uniquement sur r\u00e9servation): 10 \u20ac<br \/> &#8211; Tarif collectivit\u00e9 (\u00e0 partir de 20 personnes, uniquement sur r\u00e9servation): 9 \u20ac<br \/> &#8211; Tarif enfant (de 6 \u00e0 11 ans): 8 \u20ac<\/p>\n<p> <\/p>\n","protected":false},"excerpt":{"rendered":"<p>A la suite de l\u2019\u00e9chec relatif du premier Paris Moto Show en 2006, le groupe Option avait renonc\u00e9 a consacrer un salon \u00e0 part enti\u00e8re \u00e0 la moto en la faisant sortir du Paris Tuning Show. \u00ab On s&rsquo;est retrouv\u00e9 avec un Paris Moto Show 2006 qui \u00e9tait un bon salon r\u00e9gional du nord de [&hellip;]<\/p>\n","protected":false},"author":333,"featured_media":0,"comment_status":"open","ping_status":"open","sticky":false,"template":"","format":"standard","meta":{"footnotes":""},"categories":[36],"tags":[],"class_list":["post-1538","post","type-post","status-publish","format-standard","hentry","category-salons"],"yoast_head":"<!-- This site is optimized with the Yoast SEO plugin v26.0 - https:\/\/yoast.com\/wordpress\/plugins\/seo\/ -->\n<title>Salon : Le Paris Tuning Show ouvre ses portes - leblogmoto.com<\/title>\n<meta name=\"robots\" content=\"index, follow, max-snippet:-1, max-image-preview:large, max-video-preview:-1\" \/>\n<link rel=\"canonical\" href=\"https:\/\/blogs.thesocialmedia.com\/leblogmoto\/2007\/02\/22\/salon-le-paris\/\" \/>\n<meta name=\"twitter:card\" content=\"summary_large_image\" \/>\n<meta name=\"twitter:title\" content=\"Salon : Le Paris Tuning Show ouvre ses portes - leblogmoto.com\" \/>\n<meta name=\"twitter:description\" content=\"A la suite de l\u2019\u00e9chec relatif du premier Paris Moto Show en 2006, le groupe Option avait renonc\u00e9 a consacrer un salon \u00e0 part enti\u00e8re \u00e0 la moto en la faisant sortir du Paris Tuning Show. \u00ab On s&rsquo;est retrouv\u00e9 avec un Paris Moto Show 2006 qui \u00e9tait un bon salon r\u00e9gional du nord de [&hellip;]\" \/>\n<meta name=\"twitter:image\" content=\"http:\/\/www.leblogmoto.com\/images\/clich_20070222_124618.gif\" \/>\n<meta name=\"twitter:label1\" content=\"\u00c9crit par\" \/>\n\t<meta name=\"twitter:data1\" content=\"christian tirat\" \/>\n\t<meta name=\"twitter:label2\" content=\"Dur\u00e9e de lecture estim\u00e9e\" \/>\n\t<meta name=\"twitter:data2\" content=\"3 minutes\" \/>\n<script type=\"application\/ld+json\" class=\"yoast-schema-graph\">{\"@context\":\"https:\/\/schema.org\",\"@graph\":[{\"@type\":\"WebPage\",\"@id\":\"https:\/\/blogs.thesocialmedia.com\/leblogmoto\/2007\/02\/22\/salon-le-paris\/\",\"url\":\"https:\/\/blogs.thesocialmedia.com\/leblogmoto\/2007\/02\/22\/salon-le-paris\/\",\"name\":\"Salon : Le Paris Tuning Show ouvre ses portes - leblogmoto.com\",\"isPartOf\":{\"@id\":\"https:\/\/blogs.thesocialmedia.com\/leblogmoto\/#website\"},\"primaryImageOfPage\":{\"@id\":\"https:\/\/blogs.thesocialmedia.com\/leblogmoto\/2007\/02\/22\/salon-le-paris\/#primaryimage\"},\"image\":{\"@id\":\"https:\/\/blogs.thesocialmedia.com\/leblogmoto\/2007\/02\/22\/salon-le-paris\/#primaryimage\"},\"thumbnailUrl\":\"http:\/\/www.leblogmoto.com\/images\/clich_20070222_124618.gif\",\"datePublished\":\"2007-02-22T13:23:32+00:00\",\"dateModified\":\"2012-07-11T14:32:44+00:00\",\"author\":{\"@id\":\"https:\/\/blogs.thesocialmedia.com\/leblogmoto\/#\/schema\/person\/90b2f8fd0d5a2cede2580e95fc79c6c0\"},\"breadcrumb\":{\"@id\":\"https:\/\/blogs.thesocialmedia.com\/leblogmoto\/2007\/02\/22\/salon-le-paris\/#breadcrumb\"},\"inLanguage\":\"fr-FR\",\"potentialAction\":[{\"@type\":\"ReadAction\",\"target\":[\"https:\/\/blogs.thesocialmedia.com\/leblogmoto\/2007\/02\/22\/salon-le-paris\/\"]}]},{\"@type\":\"ImageObject\",\"inLanguage\":\"fr-FR\",\"@id\":\"https:\/\/blogs.thesocialmedia.com\/leblogmoto\/2007\/02\/22\/salon-le-paris\/#primaryimage\",\"url\":\"http:\/\/www.leblogmoto.com\/images\/clich_20070222_124618.gif\",\"contentUrl\":\"http:\/\/www.leblogmoto.com\/images\/clich_20070222_124618.gif\"},{\"@type\":\"BreadcrumbList\",\"@id\":\"https:\/\/blogs.thesocialmedia.com\/leblogmoto\/2007\/02\/22\/salon-le-paris\/#breadcrumb\",\"itemListElement\":[{\"@type\":\"ListItem\",\"position\":1,\"name\":\"Accueil\",\"item\":\"https:\/\/blogs.thesocialmedia.com\/leblogmoto\/\"},{\"@type\":\"ListItem\",\"position\":2,\"name\":\"Salon : Le Paris Tuning Show ouvre ses portes\"}]},{\"@type\":\"WebSite\",\"@id\":\"https:\/\/blogs.thesocialmedia.com\/leblogmoto\/#website\",\"url\":\"https:\/\/blogs.thesocialmedia.com\/leblogmoto\/\",\"name\":\"leblogmoto\",\"description\":\"Toute l&#039;actualit\u00e9 des 2 roues\",\"potentialAction\":[{\"@type\":\"SearchAction\",\"target\":{\"@type\":\"EntryPoint\",\"urlTemplate\":\"https:\/\/blogs.thesocialmedia.com\/leblogmoto\/?s={search_term_string}\"},\"query-input\":{\"@type\":\"PropertyValueSpecification\",\"valueRequired\":true,\"valueName\":\"search_term_string\"}}],\"inLanguage\":\"fr-FR\"},{\"@type\":\"Person\",\"@id\":\"https:\/\/blogs.thesocialmedia.com\/leblogmoto\/#\/schema\/person\/90b2f8fd0d5a2cede2580e95fc79c6c0\",\"name\":\"christian tirat\",\"image\":{\"@type\":\"ImageObject\",\"inLanguage\":\"fr-FR\",\"@id\":\"https:\/\/blogs.thesocialmedia.com\/leblogmoto\/#\/schema\/person\/image\/\",\"url\":\"https:\/\/secure.gravatar.com\/avatar\/?s=96&d=mm&r=g\",\"contentUrl\":\"https:\/\/secure.gravatar.com\/avatar\/?s=96&d=mm&r=g\",\"caption\":\"christian tirat\"},\"url\":\"https:\/\/blogs.thesocialmedia.com\/leblogmoto\/author\/christian-tirat\/\"}]}<\/script>\n<!-- \/ Yoast SEO plugin. -->","yoast_head_json":{"title":"Salon : Le Paris Tuning Show ouvre ses portes - leblogmoto.com","robots":{"index":"index","follow":"follow","max-snippet":"max-snippet:-1","max-image-preview":"max-image-preview:large","max-video-preview":"max-video-preview:-1"},"canonical":"https:\/\/blogs.thesocialmedia.com\/leblogmoto\/2007\/02\/22\/salon-le-paris\/","twitter_card":"summary_large_image","twitter_title":"Salon : Le Paris Tuning Show ouvre ses portes - leblogmoto.com","twitter_description":"A la suite de l\u2019\u00e9chec relatif du premier Paris Moto Show en 2006, le groupe Option avait renonc\u00e9 a consacrer un salon \u00e0 part enti\u00e8re \u00e0 la moto en la faisant sortir du Paris Tuning Show. \u00ab On s&rsquo;est retrouv\u00e9 avec un Paris Moto Show 2006 qui \u00e9tait un bon salon r\u00e9gional du nord de [&hellip;]","twitter_image":"http:\/\/www.leblogmoto.com\/images\/clich_20070222_124618.gif","twitter_misc":{"\u00c9crit par":"christian tirat","Dur\u00e9e de lecture estim\u00e9e":"3 minutes"},"schema":{"@context":"https:\/\/schema.org","@graph":[{"@type":"WebPage","@id":"https:\/\/blogs.thesocialmedia.com\/leblogmoto\/2007\/02\/22\/salon-le-paris\/","url":"https:\/\/blogs.thesocialmedia.com\/leblogmoto\/2007\/02\/22\/salon-le-paris\/","name":"Salon : Le Paris Tuning Show ouvre ses portes - leblogmoto.com","isPartOf":{"@id":"https:\/\/blogs.thesocialmedia.com\/leblogmoto\/#website"},"primaryImageOfPage":{"@id":"https:\/\/blogs.thesocialmedia.com\/leblogmoto\/2007\/02\/22\/salon-le-paris\/#primaryimage"},"image":{"@id":"https:\/\/blogs.thesocialmedia.com\/leblogmoto\/2007\/02\/22\/salon-le-paris\/#primaryimage"},"thumbnailUrl":"http:\/\/www.leblogmoto.com\/images\/clich_20070222_124618.gif","datePublished":"2007-02-22T13:23:32+00:00","dateModified":"2012-07-11T14:32:44+00:00","author":{"@id":"https:\/\/blogs.thesocialmedia.com\/leblogmoto\/#\/schema\/person\/90b2f8fd0d5a2cede2580e95fc79c6c0"},"breadcrumb":{"@id":"https:\/\/blogs.thesocialmedia.com\/leblogmoto\/2007\/02\/22\/salon-le-paris\/#breadcrumb"},"inLanguage":"fr-FR","potentialAction":[{"@type":"ReadAction","target":["https:\/\/blogs.thesocialmedia.com\/leblogmoto\/2007\/02\/22\/salon-le-paris\/"]}]},{"@type":"ImageObject","inLanguage":"fr-FR","@id":"https:\/\/blogs.thesocialmedia.com\/leblogmoto\/2007\/02\/22\/salon-le-paris\/#primaryimage","url":"http:\/\/www.leblogmoto.com\/images\/clich_20070222_124618.gif","contentUrl":"http:\/\/www.leblogmoto.com\/images\/clich_20070222_124618.gif"},{"@type":"BreadcrumbList","@id":"https:\/\/blogs.thesocialmedia.com\/leblogmoto\/2007\/02\/22\/salon-le-paris\/#breadcrumb","itemListElement":[{"@type":"ListItem","position":1,"name":"Accueil","item":"https:\/\/blogs.thesocialmedia.com\/leblogmoto\/"},{"@type":"ListItem","position":2,"name":"Salon : Le Paris Tuning Show ouvre ses portes"}]},{"@type":"WebSite","@id":"https:\/\/blogs.thesocialmedia.com\/leblogmoto\/#website","url":"https:\/\/blogs.thesocialmedia.com\/leblogmoto\/","name":"leblogmoto","description":"Toute l&#039;actualit\u00e9 des 2 roues","potentialAction":[{"@type":"SearchAction","target":{"@type":"EntryPoint","urlTemplate":"https:\/\/blogs.thesocialmedia.com\/leblogmoto\/?s={search_term_string}"},"query-input":{"@type":"PropertyValueSpecification","valueRequired":true,"valueName":"search_term_string"}}],"inLanguage":"fr-FR"},{"@type":"Person","@id":"https:\/\/blogs.thesocialmedia.com\/leblogmoto\/#\/schema\/person\/90b2f8fd0d5a2cede2580e95fc79c6c0","name":"christian tirat","image":{"@type":"ImageObject","inLanguage":"fr-FR","@id":"https:\/\/blogs.thesocialmedia.com\/leblogmoto\/#\/schema\/person\/image\/","url":"https:\/\/secure.gravatar.com\/avatar\/?s=96&d=mm&r=g","contentUrl":"https:\/\/secure.gravatar.com\/avatar\/?s=96&d=mm&r=g","caption":"christian tirat"},"url":"https:\/\/blogs.thesocialmedia.com\/leblogmoto\/author\/christian-tirat\/"}]}},"_links":{"self":[{"href":"https:\/\/blogs.thesocialmedia.com\/leblogmoto\/wp-json\/wp\/v2\/posts\/1538","targetHints":{"allow":["GET"]}}],"collection":[{"href":"https:\/\/blogs.thesocialmedia.com\/leblogmoto\/wp-json\/wp\/v2\/posts"}],"about":[{"href":"https:\/\/blogs.thesocialmedia.com\/leblogmoto\/wp-json\/wp\/v2\/types\/post"}],"author":[{"embeddable":true,"href":"https:\/\/blogs.thesocialmedia.com\/leblogmoto\/wp-json\/wp\/v2\/users\/333"}],"replies":[{"embeddable":true,"href":"https:\/\/blogs.thesocialmedia.com\/leblogmoto\/wp-json\/wp\/v2\/comments?post=1538"}],"version-history":[{"count":2,"href":"https:\/\/blogs.thesocialmedia.com\/leblogmoto\/wp-json\/wp\/v2\/posts\/1538\/revisions"}],"predecessor-version":[{"id":8057,"href":"https:\/\/blogs.thesocialmedia.com\/leblogmoto\/wp-json\/wp\/v2\/posts\/1538\/revisions\/8057"}],"wp:attachment":[{"href":"https:\/\/blogs.thesocialmedia.com\/leblogmoto\/wp-json\/wp\/v2\/media?parent=1538"}],"wp:term":[{"taxonomy":"category","embeddable":true,"href":"https:\/\/blogs.thesocialmedia.com\/leblogmoto\/wp-json\/wp\/v2\/categories?post=1538"},{"taxonomy":"post_tag","embeddable":true,"href":"https:\/\/blogs.thesocialmedia.com\/leblogmoto\/wp-json\/wp\/v2\/tags?post=1538"}],"curies":[{"name":"wp","href":"https:\/\/api.w.org\/{rel}","templated":true}]}}