{"id":1539,"date":"2007-02-22T00:55:38","date_gmt":"2007-02-22T00:55:38","guid":{"rendered":"http:\/\/blogs.thesocialmedia.com\/leblogmoto\/2007\/02\/22\/moto-gp-les-num\/"},"modified":"2012-07-11T14:32:42","modified_gmt":"2012-07-11T14:32:42","slug":"moto-gp-les-num","status":"publish","type":"post","link":"https:\/\/blogs.thesocialmedia.com\/leblogmoto\/2007\/02\/22\/moto-gp-les-num\/","title":{"rendered":"Moto GP : les num\u00e9ros pour 2007"},"content":{"rendered":"<p><a href=\"http:\/\/blogs.thesocialmedia.com\/leblogmoto\/files\/2012\/07\/p20070205145941593_2.jpg\"><img loading=\"lazy\" decoding=\"async\" width=\"250\" height=\"136\"  src=\"http:\/\/www.leblogmoto.com\/images\/p20070205145941593_2.jpg\" alt=\"P20070205145941593_2\" style=\"margin: 0px 5px 5px 0px;float: left\" \/><\/a> La F\u00e9d\u00e9ration Internationale de Motocyclisme (<a href=\"http:\/\/www.fim.ch\/fr\/\">FIM<\/a>) vient d\u2019attribuer les num\u00e9ros que porteront les concurrents pendant la saison 2007.<br \/>A tout seigneur tout honneur, le champion du monde en titre, <a href=\"http:\/\/www.nickyhayden.com\/site\/home.php\">Nicky Hayden<\/a> portera le num\u00e9ro 1. <br \/>Il est bien connu que les sportifs de haut niveaux sont souvent superstitieux, c&rsquo;est pourquoi les nombres f\u00e9tiches sont en g\u00e9n\u00e9ral conserv\u00e9s. Il en sera donc notamment ainsi pour <a href=\"http:\/\/www.valentinorossinet.com\/\">Valentino Rossi<\/a> (46) et pour les trois Fran\u00e7ais <a href=\"http:\/\/www.olivierjacque.com\/\">Olivier Jacque<\/a> (19)&nbsp; <a href=\"http:\/\/www.randydepuniet.net\/news\/\">Randy de Puniet<\/a> (14) et <a href=\"http:\/\/www.sylvainguintoli.com\/\">Sylvain Guintoli<\/a> qui courra toujours avec le num\u00e9ro 50.<\/p>\n<p><strong>Les num\u00e9ros pour 2007<\/strong><\/p>\n<p><a href=\"http:\/\/clabedan.typepad.com\/.shared\/image.html?\/photos\/uncategorized\/test_sepang.jpg\"><img loading=\"lazy\" decoding=\"async\" width=\"250\" height=\"158\"  src=\"http:\/\/www.leblogmoto.com\/images\/test_sepang.jpg\" alt=\"Test_sepang\" style=\"margin: 0px 5px 5px 0px;float: left\" \/><\/a> 1 Nicky Hayden (E-U) &#8211; Repsol Honda Team &#8211; Honda<br \/> 4 Alex Barros (Br\u00e9) &#8211; Pramac d&rsquo;Antin &#8211; Ducati<br \/> 5 Colin Edwards (E-U) &#8211; Yamaha Factory Racing Team &#8211; Yamaha<br \/> 6 Makoto Tamada (Jap) &#8211; Dunlop Yamaha Tech 3 &#8211; Yamaha<br \/> 7 Carlos Checa (Esp) &#8211; Honda LCR &#8211; Honda<br \/> 10 Kenny Roberts (E-U) &#8211; Team Roberts KR212V<br \/> 14 Randy de Puniet (Fra) &#8211; Kawasaki Racing Team &#8211; Kawasaki<br \/> 19 Olivier Jacque (Fra) &#8211; Kawasaki Racing Team &#8211; Kawasaki<br \/> 21 John Hopkins (E-U) &#8211; Rizla Suzuki MotoGP &#8211; Suzuki<br \/> 24 Toni Elias (Esp) &#8211; Honda Gresini &#8211; Honda<br \/> 26 Dani Pedrosa (Esp) &#8211; Repsol Honda Team &#8211; Honda<br \/> 27 Casey Stoner (Aus) &#8211; Ducati Marlboro Team &#8211; Ducati<br \/> 33 Marco Melandri (Ita) &#8211; Honda Gresini &#8211; Honda<br \/> 46 Valentino Rossi (Ita) &#8211; Yamaha Factory Racing Team &#8211; Yamaha<br \/> 50 Sylvain Guintoli (Fra) &#8211; Dunlop Yamaha Tech 3 &#8211; Yamaha<br \/><a href=\"http:\/\/clabedan.typepad.com\/.shared\/image.html?\/photos\/uncategorized\/getdbimage1.jpeg\"><img loading=\"lazy\" decoding=\"async\" width=\"250\" height=\"167\"  src=\"http:\/\/www.leblogmoto.com\/images\/getdbimage1.jpeg\" alt=\"Getdbimage1\" style=\"margin: 0px 5px 5px 0px;float: left\" \/><\/a> 56 Shinya Nakano (Jap) &#8211; Konica Minolta Honda &#8211; Honda<br \/> 65 Loris Capirossi (Ita) &#8211; Ducati Marlboro Team &#8211; Ducati<br \/> 66 Alex Hofmann (All) &#8211; Pramac d&rsquo;Antin &#8211; Ducati<br \/> 71 Chris Vermeulen (Aus) &#8211; Rizla Suzuki MotoGP &#8211; Suzuki<br \/> 88 Andrew Pitt (Aus) &#8211; Ilmor GP &#8211; Ilmor X3<br \/> 99 Jeremy Mcwilliams (GB) &#8211; Ilmor GP &#8211; Ilmor X3<\/p>\n","protected":false},"excerpt":{"rendered":"<p>La F\u00e9d\u00e9ration Internationale de Motocyclisme (FIM) vient d\u2019attribuer les num\u00e9ros que porteront les concurrents pendant la saison 2007.A tout seigneur tout honneur, le champion du monde en titre, Nicky Hayden portera le num\u00e9ro 1. Il est bien connu que les sportifs de haut niveaux sont souvent superstitieux, c&rsquo;est pourquoi les nombres f\u00e9tiches sont en g\u00e9n\u00e9ral [&hellip;]<\/p>\n","protected":false},"author":333,"featured_media":0,"comment_status":"open","ping_status":"open","sticky":false,"template":"","format":"standard","meta":{"footnotes":""},"categories":[22],"tags":[],"class_list":["post-1539","post","type-post","status-publish","format-standard","hentry","category-motogp"],"yoast_head":"<!-- This site is optimized with the Yoast SEO plugin v26.0 - https:\/\/yoast.com\/wordpress\/plugins\/seo\/ -->\n<title>Moto GP : les num\u00e9ros pour 2007 - leblogmoto.com<\/title>\n<meta name=\"robots\" content=\"index, follow, max-snippet:-1, max-image-preview:large, max-video-preview:-1\" \/>\n<link rel=\"canonical\" href=\"https:\/\/blogs.thesocialmedia.com\/leblogmoto\/2007\/02\/22\/moto-gp-les-num\/\" \/>\n<meta name=\"twitter:card\" content=\"summary_large_image\" \/>\n<meta name=\"twitter:title\" content=\"Moto GP : les num\u00e9ros pour 2007 - leblogmoto.com\" \/>\n<meta name=\"twitter:description\" content=\"La F\u00e9d\u00e9ration Internationale de Motocyclisme (FIM) vient d\u2019attribuer les num\u00e9ros que porteront les concurrents pendant la saison 2007.A tout seigneur tout honneur, le champion du monde en titre, Nicky Hayden portera le num\u00e9ro 1. Il est bien connu que les sportifs de haut niveaux sont souvent superstitieux, c&rsquo;est pourquoi les nombres f\u00e9tiches sont en g\u00e9n\u00e9ral [&hellip;]\" \/>\n<meta name=\"twitter:image\" content=\"http:\/\/www.leblogmoto.com\/images\/p20070205145941593_2.jpg\" \/>\n<meta name=\"twitter:label1\" content=\"\u00c9crit par\" \/>\n\t<meta name=\"twitter:data1\" content=\"christian tirat\" \/>\n\t<meta name=\"twitter:label2\" content=\"Dur\u00e9e de lecture estim\u00e9e\" \/>\n\t<meta name=\"twitter:data2\" content=\"1 minute\" \/>\n<script type=\"application\/ld+json\" class=\"yoast-schema-graph\">{\"@context\":\"https:\/\/schema.org\",\"@graph\":[{\"@type\":\"WebPage\",\"@id\":\"https:\/\/blogs.thesocialmedia.com\/leblogmoto\/2007\/02\/22\/moto-gp-les-num\/\",\"url\":\"https:\/\/blogs.thesocialmedia.com\/leblogmoto\/2007\/02\/22\/moto-gp-les-num\/\",\"name\":\"Moto GP : les num\u00e9ros pour 2007 - leblogmoto.com\",\"isPartOf\":{\"@id\":\"https:\/\/blogs.thesocialmedia.com\/leblogmoto\/#website\"},\"primaryImageOfPage\":{\"@id\":\"https:\/\/blogs.thesocialmedia.com\/leblogmoto\/2007\/02\/22\/moto-gp-les-num\/#primaryimage\"},\"image\":{\"@id\":\"https:\/\/blogs.thesocialmedia.com\/leblogmoto\/2007\/02\/22\/moto-gp-les-num\/#primaryimage\"},\"thumbnailUrl\":\"http:\/\/www.leblogmoto.com\/images\/p20070205145941593_2.jpg\",\"datePublished\":\"2007-02-22T00:55:38+00:00\",\"dateModified\":\"2012-07-11T14:32:42+00:00\",\"author\":{\"@id\":\"https:\/\/blogs.thesocialmedia.com\/leblogmoto\/#\/schema\/person\/90b2f8fd0d5a2cede2580e95fc79c6c0\"},\"breadcrumb\":{\"@id\":\"https:\/\/blogs.thesocialmedia.com\/leblogmoto\/2007\/02\/22\/moto-gp-les-num\/#breadcrumb\"},\"inLanguage\":\"fr-FR\",\"potentialAction\":[{\"@type\":\"ReadAction\",\"target\":[\"https:\/\/blogs.thesocialmedia.com\/leblogmoto\/2007\/02\/22\/moto-gp-les-num\/\"]}]},{\"@type\":\"ImageObject\",\"inLanguage\":\"fr-FR\",\"@id\":\"https:\/\/blogs.thesocialmedia.com\/leblogmoto\/2007\/02\/22\/moto-gp-les-num\/#primaryimage\",\"url\":\"http:\/\/www.leblogmoto.com\/images\/p20070205145941593_2.jpg\",\"contentUrl\":\"http:\/\/www.leblogmoto.com\/images\/p20070205145941593_2.jpg\"},{\"@type\":\"BreadcrumbList\",\"@id\":\"https:\/\/blogs.thesocialmedia.com\/leblogmoto\/2007\/02\/22\/moto-gp-les-num\/#breadcrumb\",\"itemListElement\":[{\"@type\":\"ListItem\",\"position\":1,\"name\":\"Accueil\",\"item\":\"https:\/\/blogs.thesocialmedia.com\/leblogmoto\/\"},{\"@type\":\"ListItem\",\"position\":2,\"name\":\"Moto GP : les num\u00e9ros pour 2007\"}]},{\"@type\":\"WebSite\",\"@id\":\"https:\/\/blogs.thesocialmedia.com\/leblogmoto\/#website\",\"url\":\"https:\/\/blogs.thesocialmedia.com\/leblogmoto\/\",\"name\":\"leblogmoto\",\"description\":\"Toute l&#039;actualit\u00e9 des 2 roues\",\"potentialAction\":[{\"@type\":\"SearchAction\",\"target\":{\"@type\":\"EntryPoint\",\"urlTemplate\":\"https:\/\/blogs.thesocialmedia.com\/leblogmoto\/?s={search_term_string}\"},\"query-input\":{\"@type\":\"PropertyValueSpecification\",\"valueRequired\":true,\"valueName\":\"search_term_string\"}}],\"inLanguage\":\"fr-FR\"},{\"@type\":\"Person\",\"@id\":\"https:\/\/blogs.thesocialmedia.com\/leblogmoto\/#\/schema\/person\/90b2f8fd0d5a2cede2580e95fc79c6c0\",\"name\":\"christian tirat\",\"image\":{\"@type\":\"ImageObject\",\"inLanguage\":\"fr-FR\",\"@id\":\"https:\/\/blogs.thesocialmedia.com\/leblogmoto\/#\/schema\/person\/image\/\",\"url\":\"https:\/\/secure.gravatar.com\/avatar\/?s=96&d=mm&r=g\",\"contentUrl\":\"https:\/\/secure.gravatar.com\/avatar\/?s=96&d=mm&r=g\",\"caption\":\"christian tirat\"},\"url\":\"https:\/\/blogs.thesocialmedia.com\/leblogmoto\/author\/christian-tirat\/\"}]}<\/script>\n<!-- \/ Yoast SEO plugin. -->","yoast_head_json":{"title":"Moto GP : les num\u00e9ros pour 2007 - leblogmoto.com","robots":{"index":"index","follow":"follow","max-snippet":"max-snippet:-1","max-image-preview":"max-image-preview:large","max-video-preview":"max-video-preview:-1"},"canonical":"https:\/\/blogs.thesocialmedia.com\/leblogmoto\/2007\/02\/22\/moto-gp-les-num\/","twitter_card":"summary_large_image","twitter_title":"Moto GP : les num\u00e9ros pour 2007 - leblogmoto.com","twitter_description":"La F\u00e9d\u00e9ration Internationale de Motocyclisme (FIM) vient d\u2019attribuer les num\u00e9ros que porteront les concurrents pendant la saison 2007.A tout seigneur tout honneur, le champion du monde en titre, Nicky Hayden portera le num\u00e9ro 1. Il est bien connu que les sportifs de haut niveaux sont souvent superstitieux, c&rsquo;est pourquoi les nombres f\u00e9tiches sont en g\u00e9n\u00e9ral [&hellip;]","twitter_image":"http:\/\/www.leblogmoto.com\/images\/p20070205145941593_2.jpg","twitter_misc":{"\u00c9crit par":"christian tirat","Dur\u00e9e de lecture estim\u00e9e":"1 minute"},"schema":{"@context":"https:\/\/schema.org","@graph":[{"@type":"WebPage","@id":"https:\/\/blogs.thesocialmedia.com\/leblogmoto\/2007\/02\/22\/moto-gp-les-num\/","url":"https:\/\/blogs.thesocialmedia.com\/leblogmoto\/2007\/02\/22\/moto-gp-les-num\/","name":"Moto GP : les num\u00e9ros pour 2007 - leblogmoto.com","isPartOf":{"@id":"https:\/\/blogs.thesocialmedia.com\/leblogmoto\/#website"},"primaryImageOfPage":{"@id":"https:\/\/blogs.thesocialmedia.com\/leblogmoto\/2007\/02\/22\/moto-gp-les-num\/#primaryimage"},"image":{"@id":"https:\/\/blogs.thesocialmedia.com\/leblogmoto\/2007\/02\/22\/moto-gp-les-num\/#primaryimage"},"thumbnailUrl":"http:\/\/www.leblogmoto.com\/images\/p20070205145941593_2.jpg","datePublished":"2007-02-22T00:55:38+00:00","dateModified":"2012-07-11T14:32:42+00:00","author":{"@id":"https:\/\/blogs.thesocialmedia.com\/leblogmoto\/#\/schema\/person\/90b2f8fd0d5a2cede2580e95fc79c6c0"},"breadcrumb":{"@id":"https:\/\/blogs.thesocialmedia.com\/leblogmoto\/2007\/02\/22\/moto-gp-les-num\/#breadcrumb"},"inLanguage":"fr-FR","potentialAction":[{"@type":"ReadAction","target":["https:\/\/blogs.thesocialmedia.com\/leblogmoto\/2007\/02\/22\/moto-gp-les-num\/"]}]},{"@type":"ImageObject","inLanguage":"fr-FR","@id":"https:\/\/blogs.thesocialmedia.com\/leblogmoto\/2007\/02\/22\/moto-gp-les-num\/#primaryimage","url":"http:\/\/www.leblogmoto.com\/images\/p20070205145941593_2.jpg","contentUrl":"http:\/\/www.leblogmoto.com\/images\/p20070205145941593_2.jpg"},{"@type":"BreadcrumbList","@id":"https:\/\/blogs.thesocialmedia.com\/leblogmoto\/2007\/02\/22\/moto-gp-les-num\/#breadcrumb","itemListElement":[{"@type":"ListItem","position":1,"name":"Accueil","item":"https:\/\/blogs.thesocialmedia.com\/leblogmoto\/"},{"@type":"ListItem","position":2,"name":"Moto GP : les num\u00e9ros pour 2007"}]},{"@type":"WebSite","@id":"https:\/\/blogs.thesocialmedia.com\/leblogmoto\/#website","url":"https:\/\/blogs.thesocialmedia.com\/leblogmoto\/","name":"leblogmoto","description":"Toute l&#039;actualit\u00e9 des 2 roues","potentialAction":[{"@type":"SearchAction","target":{"@type":"EntryPoint","urlTemplate":"https:\/\/blogs.thesocialmedia.com\/leblogmoto\/?s={search_term_string}"},"query-input":{"@type":"PropertyValueSpecification","valueRequired":true,"valueName":"search_term_string"}}],"inLanguage":"fr-FR"},{"@type":"Person","@id":"https:\/\/blogs.thesocialmedia.com\/leblogmoto\/#\/schema\/person\/90b2f8fd0d5a2cede2580e95fc79c6c0","name":"christian tirat","image":{"@type":"ImageObject","inLanguage":"fr-FR","@id":"https:\/\/blogs.thesocialmedia.com\/leblogmoto\/#\/schema\/person\/image\/","url":"https:\/\/secure.gravatar.com\/avatar\/?s=96&d=mm&r=g","contentUrl":"https:\/\/secure.gravatar.com\/avatar\/?s=96&d=mm&r=g","caption":"christian tirat"},"url":"https:\/\/blogs.thesocialmedia.com\/leblogmoto\/author\/christian-tirat\/"}]}},"_links":{"self":[{"href":"https:\/\/blogs.thesocialmedia.com\/leblogmoto\/wp-json\/wp\/v2\/posts\/1539","targetHints":{"allow":["GET"]}}],"collection":[{"href":"https:\/\/blogs.thesocialmedia.com\/leblogmoto\/wp-json\/wp\/v2\/posts"}],"about":[{"href":"https:\/\/blogs.thesocialmedia.com\/leblogmoto\/wp-json\/wp\/v2\/types\/post"}],"author":[{"embeddable":true,"href":"https:\/\/blogs.thesocialmedia.com\/leblogmoto\/wp-json\/wp\/v2\/users\/333"}],"replies":[{"embeddable":true,"href":"https:\/\/blogs.thesocialmedia.com\/leblogmoto\/wp-json\/wp\/v2\/comments?post=1539"}],"version-history":[{"count":2,"href":"https:\/\/blogs.thesocialmedia.com\/leblogmoto\/wp-json\/wp\/v2\/posts\/1539\/revisions"}],"predecessor-version":[{"id":8055,"href":"https:\/\/blogs.thesocialmedia.com\/leblogmoto\/wp-json\/wp\/v2\/posts\/1539\/revisions\/8055"}],"wp:attachment":[{"href":"https:\/\/blogs.thesocialmedia.com\/leblogmoto\/wp-json\/wp\/v2\/media?parent=1539"}],"wp:term":[{"taxonomy":"category","embeddable":true,"href":"https:\/\/blogs.thesocialmedia.com\/leblogmoto\/wp-json\/wp\/v2\/categories?post=1539"},{"taxonomy":"post_tag","embeddable":true,"href":"https:\/\/blogs.thesocialmedia.com\/leblogmoto\/wp-json\/wp\/v2\/tags?post=1539"}],"curies":[{"name":"wp","href":"https:\/\/api.w.org\/{rel}","templated":true}]}}