{"id":1540,"date":"2007-02-21T23:53:08","date_gmt":"2007-02-21T23:53:08","guid":{"rendered":"http:\/\/blogs.thesocialmedia.com\/leblogmoto\/2007\/02\/21\/mx-joshua-coppi\/"},"modified":"2012-07-11T14:32:40","modified_gmt":"2012-07-11T14:32:40","slug":"mx-joshua-coppi","status":"publish","type":"post","link":"https:\/\/blogs.thesocialmedia.com\/leblogmoto\/2007\/02\/21\/mx-joshua-coppi\/","title":{"rendered":"MX : Joshua Coppins successeur d\u2019Everts \u00e0 Valence ?"},"content":{"rendered":"<p><a href=\"http:\/\/blogs.thesocialmedia.com\/leblogmoto\/files\/2012\/07\/p20070205145941593_1.jpg\"><img loading=\"lazy\" decoding=\"async\" width=\"250\" height=\"136\"  src=\"http:\/\/www.leblogmoto.com\/images\/p20070205145941593_1.jpg\" alt=\"P20070205145941593_1\" style=\"margin: 0px 5px 5px 0px;float: left\" \/><\/a> Qui succ\u00e8dera \u00e0 <a href=\"http:\/\/www.leblogmoto.com\/2007\/02\/mx_valence_le_r.html#more\">Stefan Everts<\/a>, vainqueur en 2006 du <a href=\"http:\/\/www.leblogmoto.com\/2007\/02\/mx_valence_le_r.html#more\">MX de Valence<\/a> ? Telle est la question en vogue dans les milieux du moto cross.<br \/><a href=\"http:\/\/www.leblogmoto.com\/2007\/02\/mx_valence_le_r.html#more\">Everts<\/a> recycl\u00e9 dans le \u00ab coaching \u00bb du team <a href=\"http:\/\/www.ktmcycles.com\/\">KTM<\/a>, alignera ce week-end ses trois poulains, pilotes de la marque Autrichienne \u00e0 l\u2019ouverture de la saison fran\u00e7aise:<\/p>\n<p><a href=\"http:\/\/clabedan.typepad.com\/.shared\/image.html?\/photos\/uncategorized\/valence03100207.jpg\"><img loading=\"lazy\" decoding=\"async\" width=\"250\" height=\"184\"  src=\"http:\/\/www.leblogmoto.com\/images\/valence03100207.jpg\" alt=\"Valence03100207\" style=\"margin: 0px 5px 5px 0px;float: left\" \/><\/a>l\u2019Italien David Philippaerts (MX1), l\u2019Espagnol <a href=\"http:\/\/jonathanbarragan.iespana.es\/\">Jonathan Barragan<\/a> (MX1) et le Sud-Africain <a href=\"http:\/\/www.stylamx.com\/\">Tyla Rattray<\/a> (MX2). Faute de d\u00e9fendre ses chances sur la piste, le jeune retrait\u00e9 Belge tentera de s\u2019imposer une nouvelle fois \u00e0 Valence ce week-end par l\u2019interm\u00e9diaire de ses prot\u00e9g\u00e9s !<\/p>\n<p> Mais c\u2019est du c\u00f4t\u00e9 du plus exp\u00e9riment\u00e9 des favoris du Mondial MX1 que penche la balance des pronostiques. En effet, le N\u00e9o-Z\u00e9landais <a href=\"http:\/\/www.joshcoppins.com\/\">Joshua Coppins<\/a> est le seul a \u00eatre parvenu a battre Everts l\u2019an dernier en GP. De plus il sera au guidon de la moto tenante du titre, une <a href=\"http:\/\/www.yamaha-racing.com\/Racing\/\">Yamaha<\/a> de l\u2019excellent team Italien <a href=\"http:\/\/www.yamaha-motor.it\/products\/information\/New2006\/YRRD.jsp\">Rinaldi<\/a>. Pour s\u2019acclimater \u00e0 l\u2019hiver qu\u2019il ne conna\u00eet pas dans son pays, Joshua est venu s\u2019entra\u00eener en Italie. Il a d\u00e9j\u00e0 couru le MX Inter de Mantova o\u00f9 il fut battu par le surprenant Allemand <a href=\"http:\/\/www.heinzler.org\/domains\/nagl\/\">Maximilian Nagl<\/a> (<a href=\"http:\/\/www.ktmcycles.com\/\">450 KTM<\/a>) qui a tax\u00e9 tous les pilotes d\u2019usine. <a href=\"http:\/\/www.joshcoppins.com\/\">Joshua Coppins<\/a> est ensuite mont\u00e9 mont\u00e9 en puissance puisqu&rsquo;il s&rsquo;est impos\u00e9 \u00e0 Montevarchi lors de l&rsquo;ouverture du Championnat d&rsquo;Italie. Le N\u00e9o Z\u00e9landais confirme ainsi son statut de favori du mondial, en remportant nettement son premier MX Inter au guidon d&rsquo;une <a href=\"http:\/\/www.yamaha-racing.com\/Racing\/\">Yamaha<\/a>, devant la <a href=\"http:\/\/www.ktmcycles.com\/\">KTM<\/a> de David Philippaerts. <em>\u00ab J\u2019aime ces courses de d\u00e9but d\u2019ann\u00e9e, mais je ne me focalise pas trop sur les r\u00e9sultats car nous sommes \u00e0 un mois&nbsp; du premier GP, et il nous reste encore pas mal de travail \u00bb<\/em> admet <a href=\"http:\/\/www.joshcoppins.com\/\">Coppins<\/a>. Tout le plateau se m\u00e9fiera cependant de lui \u00e0 <a href=\"http:\/\/www.mx-valence.com\/\">Valence<\/a>, car il aime les pistes du Sud ainsi qu\u2019il l\u2019a montr\u00e9 \u00e0 Pernes il y \u00e0 deux ans. <\/p>\n<p><strong><a href=\"http:\/\/clabedan.typepad.com\/.shared\/image.html?\/photos\/uncategorized\/coppins02100207.jpg\"><img loading=\"lazy\" decoding=\"async\" width=\"250\" height=\"375\"  src=\"http:\/\/www.leblogmoto.com\/images\/coppins02100207.jpg\" alt=\"Coppins02100207\" style=\"margin: 0px 5px 5px 0px;float: left\" \/><\/a> Une superbe plateau<\/strong><\/p>\n<p> Le plateau des pilotes engag\u00e9s \u00e0 Valence est archi complet et le club a du refuser plusieurs teams&nbsp; <em>\u00ab Si nous avions soixante places sur la grille nous n\u2019aurions eu aucun probl\u00e8me pour la remplir avec des pilotes de GP, puisque tous nous sollicitent. Jamais nous n\u2019avions encore eu autant de demandes, et cela est vraiment de bon augure car nous avons pu composer un superbe plateau qui r\u00e9unit \u00e0 ce jour dix nations et une majorit\u00e9 de teams officiels. Nous aurons aussi le plaisir d\u2019accueillir Christophe Pourcel et Yves Demaria, les deux derniers champions du Monde Fran\u00e7ais, \u00bb<\/em> s\u2019enthousiasme le pr\u00e9sident Lebrun. <\/p>\n<p><strong> Le programme<\/strong><\/p>\n<p> Samedi de 14h00 \u00e0 17h00, deux s\u00e9ances d\u2019essais pour chacune des trois cat\u00e9gories (Inter, Troph\u00e9e KTM et 85cc)<br \/> Dimanche les man\u0153uvres d\u00e9buteront d\u00e8s 8h30 avec les essais libres puis chronom\u00e9tr\u00e9es . Suivront les huit courses de la journ\u00e9e (trois pour les inters et le Troph\u00e9e KTM, deux pour les 85cc), les inters courant \u00e0 13h15, 15h00 et 16h45.<\/p>\n<p> Le week-end co\u00fbtera 20 \u20ac si vous prenez votre billet sur place (10\u20ac pour les 10-14 ans, entr\u00e9e gratuite pour les moins de 10 ans accompagn\u00e9s) Les billets achet\u00e9s \u00e0 l\u2019avance \u00e0 sur le net co\u00fbtent 18 \u20ac (www.France-billet.com ou www.tickenet.fr) ou dans les r\u00e9seaux France Billet (Fnac, Carrefour, Geant Casino, Super U) et Ticket Net (Le Progr\u00e8s, Auchan, Leclerc, Virgin, Cultura, Cora, Journal de Sa\u00f4ne et Loire, Bien Public, Dauphin\u00e9).<\/p>\n<p> De son c\u00f4t\u00e9 le <a href=\"http:\/\/www.mx-valence.com\">site du club de Valence<\/a> donne toutes les infos pour ce week-end des 25 et 26 f\u00e9vrier.<\/p>\n<p><strong> Les pilotes engag\u00e9s<\/strong><\/p>\n<p> KAWASAKI GPKR<br \/> &nbsp; &nbsp; &#8211; ARANDA Gr\u00e9gory &#8211; N\u00b020 &#8211; F &#8211; Kaw &#8211; MX2<br \/> &nbsp; &nbsp; &#8211; LANCELOT Livia &#8211; N\u00b0114 &#8211; F &#8211; Kaw &#8211; MX2<br \/> &nbsp; &nbsp; &#8211; POURCEL S\u00e9bastien &#8211; N\u00b090 &#8211; F &#8211; Kaw &#8211; MX1<\/p>\n<p> KAWASAKI DE GROOT<br \/> &nbsp; &nbsp; &#8211; LEOK Tanel &#8211; N\u00b05 &#8211; EST &#8211; Kaw &#8211; MX1<br \/> &nbsp; &nbsp; &#8211; MACKENZIE Billy &#8211; N\u00b0211 &#8211; GB &#8211; Kaw &#8211; MX1<\/p>\n<p> KTM MARTENS<br \/> &nbsp; &nbsp; &#8211; BREUGELMANS Sven &#8211; N\u00b0112 &#8211; BEL &#8211; KTM &#8211; MX1<br \/> &nbsp; &nbsp; &#8211; MARTENS Yohan &#8211; N\u00b0111 &#8211; BEL &#8211; KTM &#8211; MX1<br \/> &nbsp; &nbsp; &#8211; ROELANTS Joel &#8211; N\u00b03 &#8211; BEL &#8211; KTM &#8211; MX2<\/p>\n<p> YAMAHA RINALDI<br \/> &nbsp; &nbsp; &#8211; COPPINS Joshua &#8211; N\u00b06 &#8211; NZL &#8211; Yam &#8211; MX1<br \/> &nbsp; &nbsp; &#8211; DE REUVER Marc &#8211; N\u00b014 &#8211; NED &#8211; Yam &#8211; MX1<\/p>\n<p> SUZUKI GEBOERS<br \/> &nbsp; &nbsp; &#8211; RAMON Steve &#8211; N\u00b011 &#8211; BEL &#8211; Suz &#8211; MX1<br \/> &nbsp; &nbsp; &#8211; STRIJBOS Kevin &#8211; N\u00b02 &#8211; BEL &#8211; Suz &#8211; MX1<\/p>\n<p> KTM FACTORY<br \/> &nbsp; &nbsp; &#8211; BARRAGAN Jonathan &#8211; N\u00b07 &#8211; E &#8211; KTM &#8211; MX1<br \/> &nbsp; &nbsp; &#8211; PILIPPAERTS David &#8211; N\u00b019 &#8211; IT &#8211; KTM &#8211; MX1<br \/> &nbsp; &nbsp; &#8211; RATTRAY Tyla &#8211; N\u00b016 &#8211; RSA &#8211; KTM &#8211; MX2<\/p>\n<p> TEAM YAMAHA<br \/> &nbsp; &nbsp; &#8211; DEMARIA Yves &#8211; N\u00b01 &#8211; F &#8211; Yam &#8211; MX1<\/p>\n<p> SUZUKI MTM<br \/> &nbsp; &nbsp; &#8211; VERHOEVEN Bas &#8211; N\u00b077 &#8211; NL &#8211; Suz &#8211; MX1<\/p>\n<p> KAWASAKI DELTA<br \/> &nbsp; &nbsp; &#8211; BILL Julien &#8211; N\u00b029 &#8211; CH &#8211; Kaw &#8211; MX1<\/p>\n<p> HONDA Team NGS<br \/> &nbsp; &nbsp; &#8211; LEURET Pascal &#8211; N\u00b047 &#8211; F &#8211; Hon &#8211; MX1<br \/> &nbsp; &nbsp; &#8211; RENET Pierre Alexandre &#8211; N\u00b024 &#8211; F &#8211; Hon &#8211; MX1<\/p>\n<p> KAWASAKI &#8211; CLS<br \/> &nbsp; &nbsp; &#8211; ALLIER Thomas &#8211; N\u00b018 &#8211; F &#8211; Kaw &#8211; MX1<br \/> &nbsp; &nbsp; &#8211; BERTHAIN Romain &#8211; N\u00b0304 &#8211; F &#8211; Kaw &#8211; MX2<br \/> &nbsp; &nbsp; &#8211; BOISSIERE Anthony &#8211; N\u00b022 &#8211; F &#8211; Kaw &#8211; MX2<br \/> &nbsp; &nbsp; &#8211; FROSSARD Steven &#8211; N\u00b021 &#8211; F &#8211; Kaw &#8211; MX2<\/p>\n<p> HONDA &#8211; HDI<br \/> &nbsp; &nbsp; &#8211; COULON Cyrille &#8211; N\u00b033 &#8211; F &#8211; Hon &#8211; MX1<br \/> &nbsp; &nbsp; &#8211; VANNI Julien &#8211; N\u00b032 &#8211; F &#8211; Hon &#8211; MX1<\/p>\n<p> KTM FRANCE<br \/> &nbsp; &nbsp; &#8211; LARRIEU Lo\u00efc &#8211; N\u00b0632 &#8211; F &#8211; Kaw &#8211; MX2<br \/> &nbsp; &nbsp; &#8211; MARTIN Christophe &#8211; N\u00b048 &#8211; F &#8211; KTM &#8211; MX1<\/p>\n<p> SUZUKI FRANCE<br \/> &nbsp; &nbsp; &#8211; ANNELOT R\u00e9my &#8211; N\u00b025 &#8211; F &#8211; Suz &#8211; MX2<\/p>\n<p> BUD Racing KAWASAKI<br \/> &nbsp; &nbsp; &#8211; MUSQUIN Marvin &#8211; N\u00b0525 &#8211; F &#8211; Kaw &#8211; MX2<br \/> &nbsp; &nbsp; &#8211; ROMBAUT Lo\u00efc &#8211; N\u00b0519 &#8211; F &#8211; Kaw &#8211; MX2<\/p>\n<p> SHINERAY HONDA<br \/> &nbsp; &nbsp; &#8211; VAN DAELE Marvin &#8211; N\u00b075 &#8211; BEL &#8211; Hon &#8211; MX1<\/p>\n<p> KTM SARHOLZ<br \/> &nbsp; &nbsp; &#8211; NAGL Max &#8211; N\u00b0101 &#8211; D &#8211; KTM &#8211; MX1<\/p>\n<p> KAWASAKI MOLSON<br \/> &nbsp; &nbsp; &#8211; CHURCH Tom &#8211; N\u00b0124 &#8211; GB &#8211; Kaw &#8211; MX2<br \/> &nbsp; &nbsp; &#8211; SWANEPOEL Gareth &#8211; N\u00b0144 &#8211; Kaw &#8211; MX2<br \/> &nbsp; &nbsp; &#8211; SWORD Stephen &#8211; N\u00b04 &#8211; GB &#8211; Kaw &#8211; MX2<\/p>\n<p> YAMAHA RICCI<br \/> &nbsp; &nbsp; &#8211; AUBIN Nicolas &#8211; N\u00b023 &#8211; F &#8211; Yam &#8211; MX2<br \/> &nbsp; &nbsp; &#8211; GUNDERSEN Kenneth &#8211; N\u00b012 &#8211; Yam &#8211; MX2<\/p>\n<p> YAMAHA B C S<br \/> &nbsp; &nbsp; &#8211; BUFFARD Yannick &#8211; N\u00b053 &#8211; F &#8211; Yam &#8211; MX1<\/p>\n<p> R FORCE 8<br \/> &nbsp; &nbsp; &#8211; RISTORI Marc &#8211; N\u00b0115 &#8211; CH &#8211; Hon &#8211; MX1<\/p>\n","protected":false},"excerpt":{"rendered":"<p>Qui succ\u00e8dera \u00e0 Stefan Everts, vainqueur en 2006 du MX de Valence ? Telle est la question en vogue dans les milieux du moto cross.Everts recycl\u00e9 dans le \u00ab coaching \u00bb du team KTM, alignera ce week-end ses trois poulains, pilotes de la marque Autrichienne \u00e0 l\u2019ouverture de la saison fran\u00e7aise: l\u2019Italien David Philippaerts (MX1), [&hellip;]<\/p>\n","protected":false},"author":333,"featured_media":0,"comment_status":"open","ping_status":"open","sticky":false,"template":"","format":"standard","meta":{"footnotes":""},"categories":[66],"tags":[],"class_list":["post-1540","post","type-post","status-publish","format-standard","hentry","category-moto-cross"],"yoast_head":"<!-- This site is optimized with the Yoast SEO plugin v26.0 - https:\/\/yoast.com\/wordpress\/plugins\/seo\/ -->\n<title>MX : Joshua Coppins successeur d\u2019Everts \u00e0 Valence ? - leblogmoto.com<\/title>\n<meta name=\"robots\" content=\"index, follow, max-snippet:-1, max-image-preview:large, max-video-preview:-1\" \/>\n<link rel=\"canonical\" href=\"https:\/\/blogs.thesocialmedia.com\/leblogmoto\/2007\/02\/21\/mx-joshua-coppi\/\" \/>\n<meta name=\"twitter:card\" content=\"summary_large_image\" \/>\n<meta name=\"twitter:title\" content=\"MX : Joshua Coppins successeur d\u2019Everts \u00e0 Valence ? - leblogmoto.com\" \/>\n<meta name=\"twitter:description\" content=\"Qui succ\u00e8dera \u00e0 Stefan Everts, vainqueur en 2006 du MX de Valence ? Telle est la question en vogue dans les milieux du moto cross.Everts recycl\u00e9 dans le \u00ab coaching \u00bb du team KTM, alignera ce week-end ses trois poulains, pilotes de la marque Autrichienne \u00e0 l\u2019ouverture de la saison fran\u00e7aise: l\u2019Italien David Philippaerts (MX1), [&hellip;]\" \/>\n<meta name=\"twitter:image\" content=\"http:\/\/www.leblogmoto.com\/images\/p20070205145941593_1.jpg\" \/>\n<meta name=\"twitter:label1\" content=\"\u00c9crit par\" \/>\n\t<meta name=\"twitter:data1\" content=\"christian tirat\" \/>\n\t<meta name=\"twitter:label2\" content=\"Dur\u00e9e de lecture estim\u00e9e\" \/>\n\t<meta name=\"twitter:data2\" content=\"6 minutes\" \/>\n<script type=\"application\/ld+json\" class=\"yoast-schema-graph\">{\"@context\":\"https:\/\/schema.org\",\"@graph\":[{\"@type\":\"WebPage\",\"@id\":\"https:\/\/blogs.thesocialmedia.com\/leblogmoto\/2007\/02\/21\/mx-joshua-coppi\/\",\"url\":\"https:\/\/blogs.thesocialmedia.com\/leblogmoto\/2007\/02\/21\/mx-joshua-coppi\/\",\"name\":\"MX : Joshua Coppins successeur d\u2019Everts \u00e0 Valence ? - leblogmoto.com\",\"isPartOf\":{\"@id\":\"https:\/\/blogs.thesocialmedia.com\/leblogmoto\/#website\"},\"primaryImageOfPage\":{\"@id\":\"https:\/\/blogs.thesocialmedia.com\/leblogmoto\/2007\/02\/21\/mx-joshua-coppi\/#primaryimage\"},\"image\":{\"@id\":\"https:\/\/blogs.thesocialmedia.com\/leblogmoto\/2007\/02\/21\/mx-joshua-coppi\/#primaryimage\"},\"thumbnailUrl\":\"http:\/\/www.leblogmoto.com\/images\/p20070205145941593_1.jpg\",\"datePublished\":\"2007-02-21T23:53:08+00:00\",\"dateModified\":\"2012-07-11T14:32:40+00:00\",\"author\":{\"@id\":\"https:\/\/blogs.thesocialmedia.com\/leblogmoto\/#\/schema\/person\/90b2f8fd0d5a2cede2580e95fc79c6c0\"},\"breadcrumb\":{\"@id\":\"https:\/\/blogs.thesocialmedia.com\/leblogmoto\/2007\/02\/21\/mx-joshua-coppi\/#breadcrumb\"},\"inLanguage\":\"fr-FR\",\"potentialAction\":[{\"@type\":\"ReadAction\",\"target\":[\"https:\/\/blogs.thesocialmedia.com\/leblogmoto\/2007\/02\/21\/mx-joshua-coppi\/\"]}]},{\"@type\":\"ImageObject\",\"inLanguage\":\"fr-FR\",\"@id\":\"https:\/\/blogs.thesocialmedia.com\/leblogmoto\/2007\/02\/21\/mx-joshua-coppi\/#primaryimage\",\"url\":\"http:\/\/www.leblogmoto.com\/images\/p20070205145941593_1.jpg\",\"contentUrl\":\"http:\/\/www.leblogmoto.com\/images\/p20070205145941593_1.jpg\"},{\"@type\":\"BreadcrumbList\",\"@id\":\"https:\/\/blogs.thesocialmedia.com\/leblogmoto\/2007\/02\/21\/mx-joshua-coppi\/#breadcrumb\",\"itemListElement\":[{\"@type\":\"ListItem\",\"position\":1,\"name\":\"Accueil\",\"item\":\"https:\/\/blogs.thesocialmedia.com\/leblogmoto\/\"},{\"@type\":\"ListItem\",\"position\":2,\"name\":\"MX : Joshua Coppins successeur d\u2019Everts \u00e0 Valence ?\"}]},{\"@type\":\"WebSite\",\"@id\":\"https:\/\/blogs.thesocialmedia.com\/leblogmoto\/#website\",\"url\":\"https:\/\/blogs.thesocialmedia.com\/leblogmoto\/\",\"name\":\"leblogmoto\",\"description\":\"Toute l&#039;actualit\u00e9 des 2 roues\",\"potentialAction\":[{\"@type\":\"SearchAction\",\"target\":{\"@type\":\"EntryPoint\",\"urlTemplate\":\"https:\/\/blogs.thesocialmedia.com\/leblogmoto\/?s={search_term_string}\"},\"query-input\":{\"@type\":\"PropertyValueSpecification\",\"valueRequired\":true,\"valueName\":\"search_term_string\"}}],\"inLanguage\":\"fr-FR\"},{\"@type\":\"Person\",\"@id\":\"https:\/\/blogs.thesocialmedia.com\/leblogmoto\/#\/schema\/person\/90b2f8fd0d5a2cede2580e95fc79c6c0\",\"name\":\"christian tirat\",\"image\":{\"@type\":\"ImageObject\",\"inLanguage\":\"fr-FR\",\"@id\":\"https:\/\/blogs.thesocialmedia.com\/leblogmoto\/#\/schema\/person\/image\/\",\"url\":\"https:\/\/secure.gravatar.com\/avatar\/?s=96&d=mm&r=g\",\"contentUrl\":\"https:\/\/secure.gravatar.com\/avatar\/?s=96&d=mm&r=g\",\"caption\":\"christian tirat\"},\"url\":\"https:\/\/blogs.thesocialmedia.com\/leblogmoto\/author\/christian-tirat\/\"}]}<\/script>\n<!-- \/ Yoast SEO plugin. -->","yoast_head_json":{"title":"MX : Joshua Coppins successeur d\u2019Everts \u00e0 Valence ? - leblogmoto.com","robots":{"index":"index","follow":"follow","max-snippet":"max-snippet:-1","max-image-preview":"max-image-preview:large","max-video-preview":"max-video-preview:-1"},"canonical":"https:\/\/blogs.thesocialmedia.com\/leblogmoto\/2007\/02\/21\/mx-joshua-coppi\/","twitter_card":"summary_large_image","twitter_title":"MX : Joshua Coppins successeur d\u2019Everts \u00e0 Valence ? - leblogmoto.com","twitter_description":"Qui succ\u00e8dera \u00e0 Stefan Everts, vainqueur en 2006 du MX de Valence ? Telle est la question en vogue dans les milieux du moto cross.Everts recycl\u00e9 dans le \u00ab coaching \u00bb du team KTM, alignera ce week-end ses trois poulains, pilotes de la marque Autrichienne \u00e0 l\u2019ouverture de la saison fran\u00e7aise: l\u2019Italien David Philippaerts (MX1), [&hellip;]","twitter_image":"http:\/\/www.leblogmoto.com\/images\/p20070205145941593_1.jpg","twitter_misc":{"\u00c9crit par":"christian tirat","Dur\u00e9e de lecture estim\u00e9e":"6 minutes"},"schema":{"@context":"https:\/\/schema.org","@graph":[{"@type":"WebPage","@id":"https:\/\/blogs.thesocialmedia.com\/leblogmoto\/2007\/02\/21\/mx-joshua-coppi\/","url":"https:\/\/blogs.thesocialmedia.com\/leblogmoto\/2007\/02\/21\/mx-joshua-coppi\/","name":"MX : Joshua Coppins successeur d\u2019Everts \u00e0 Valence ? - leblogmoto.com","isPartOf":{"@id":"https:\/\/blogs.thesocialmedia.com\/leblogmoto\/#website"},"primaryImageOfPage":{"@id":"https:\/\/blogs.thesocialmedia.com\/leblogmoto\/2007\/02\/21\/mx-joshua-coppi\/#primaryimage"},"image":{"@id":"https:\/\/blogs.thesocialmedia.com\/leblogmoto\/2007\/02\/21\/mx-joshua-coppi\/#primaryimage"},"thumbnailUrl":"http:\/\/www.leblogmoto.com\/images\/p20070205145941593_1.jpg","datePublished":"2007-02-21T23:53:08+00:00","dateModified":"2012-07-11T14:32:40+00:00","author":{"@id":"https:\/\/blogs.thesocialmedia.com\/leblogmoto\/#\/schema\/person\/90b2f8fd0d5a2cede2580e95fc79c6c0"},"breadcrumb":{"@id":"https:\/\/blogs.thesocialmedia.com\/leblogmoto\/2007\/02\/21\/mx-joshua-coppi\/#breadcrumb"},"inLanguage":"fr-FR","potentialAction":[{"@type":"ReadAction","target":["https:\/\/blogs.thesocialmedia.com\/leblogmoto\/2007\/02\/21\/mx-joshua-coppi\/"]}]},{"@type":"ImageObject","inLanguage":"fr-FR","@id":"https:\/\/blogs.thesocialmedia.com\/leblogmoto\/2007\/02\/21\/mx-joshua-coppi\/#primaryimage","url":"http:\/\/www.leblogmoto.com\/images\/p20070205145941593_1.jpg","contentUrl":"http:\/\/www.leblogmoto.com\/images\/p20070205145941593_1.jpg"},{"@type":"BreadcrumbList","@id":"https:\/\/blogs.thesocialmedia.com\/leblogmoto\/2007\/02\/21\/mx-joshua-coppi\/#breadcrumb","itemListElement":[{"@type":"ListItem","position":1,"name":"Accueil","item":"https:\/\/blogs.thesocialmedia.com\/leblogmoto\/"},{"@type":"ListItem","position":2,"name":"MX : Joshua Coppins successeur d\u2019Everts \u00e0 Valence ?"}]},{"@type":"WebSite","@id":"https:\/\/blogs.thesocialmedia.com\/leblogmoto\/#website","url":"https:\/\/blogs.thesocialmedia.com\/leblogmoto\/","name":"leblogmoto","description":"Toute l&#039;actualit\u00e9 des 2 roues","potentialAction":[{"@type":"SearchAction","target":{"@type":"EntryPoint","urlTemplate":"https:\/\/blogs.thesocialmedia.com\/leblogmoto\/?s={search_term_string}"},"query-input":{"@type":"PropertyValueSpecification","valueRequired":true,"valueName":"search_term_string"}}],"inLanguage":"fr-FR"},{"@type":"Person","@id":"https:\/\/blogs.thesocialmedia.com\/leblogmoto\/#\/schema\/person\/90b2f8fd0d5a2cede2580e95fc79c6c0","name":"christian tirat","image":{"@type":"ImageObject","inLanguage":"fr-FR","@id":"https:\/\/blogs.thesocialmedia.com\/leblogmoto\/#\/schema\/person\/image\/","url":"https:\/\/secure.gravatar.com\/avatar\/?s=96&d=mm&r=g","contentUrl":"https:\/\/secure.gravatar.com\/avatar\/?s=96&d=mm&r=g","caption":"christian tirat"},"url":"https:\/\/blogs.thesocialmedia.com\/leblogmoto\/author\/christian-tirat\/"}]}},"_links":{"self":[{"href":"https:\/\/blogs.thesocialmedia.com\/leblogmoto\/wp-json\/wp\/v2\/posts\/1540","targetHints":{"allow":["GET"]}}],"collection":[{"href":"https:\/\/blogs.thesocialmedia.com\/leblogmoto\/wp-json\/wp\/v2\/posts"}],"about":[{"href":"https:\/\/blogs.thesocialmedia.com\/leblogmoto\/wp-json\/wp\/v2\/types\/post"}],"author":[{"embeddable":true,"href":"https:\/\/blogs.thesocialmedia.com\/leblogmoto\/wp-json\/wp\/v2\/users\/333"}],"replies":[{"embeddable":true,"href":"https:\/\/blogs.thesocialmedia.com\/leblogmoto\/wp-json\/wp\/v2\/comments?post=1540"}],"version-history":[{"count":2,"href":"https:\/\/blogs.thesocialmedia.com\/leblogmoto\/wp-json\/wp\/v2\/posts\/1540\/revisions"}],"predecessor-version":[{"id":8053,"href":"https:\/\/blogs.thesocialmedia.com\/leblogmoto\/wp-json\/wp\/v2\/posts\/1540\/revisions\/8053"}],"wp:attachment":[{"href":"https:\/\/blogs.thesocialmedia.com\/leblogmoto\/wp-json\/wp\/v2\/media?parent=1540"}],"wp:term":[{"taxonomy":"category","embeddable":true,"href":"https:\/\/blogs.thesocialmedia.com\/leblogmoto\/wp-json\/wp\/v2\/categories?post=1540"},{"taxonomy":"post_tag","embeddable":true,"href":"https:\/\/blogs.thesocialmedia.com\/leblogmoto\/wp-json\/wp\/v2\/tags?post=1540"}],"curies":[{"name":"wp","href":"https:\/\/api.w.org\/{rel}","templated":true}]}}