{"id":1541,"date":"2007-02-20T23:07:34","date_gmt":"2007-02-20T23:07:34","guid":{"rendered":"http:\/\/blogs.thesocialmedia.com\/leblogmoto\/2007\/02\/20\/mx-valence-24-e\/"},"modified":"2012-07-11T14:32:38","modified_gmt":"2012-07-11T14:32:38","slug":"mx-valence-24-e","status":"publish","type":"post","link":"https:\/\/blogs.thesocialmedia.com\/leblogmoto\/2007\/02\/20\/mx-valence-24-e\/","title":{"rendered":"MX Valence 24 et 25 F\u00e9vrier"},"content":{"rendered":"<p><a href=\"http:\/\/blogs.thesocialmedia.com\/leblogmoto\/files\/2012\/07\/mx_valence.jpg\"><img loading=\"lazy\" decoding=\"async\" width=\"250\" height=\"173\"  alt=\"Mx_valence\" src=\"http:\/\/www.leblogmoto.com\/images\/mx_valence.jpg\" style=\"margin: 0px 5px 5px 0px;float: left\" \/><\/a> Les 24 et 25 f\u00e9vrier c&rsquo;est le d\u00e9but officiel de la saison de Motocross \u00e0 Valence en France. Au programme, la plupart des grandes teams du championnat du monde seront pr\u00e9sentes, et bien sur les trois vainqueurs des trois \u00e9preuves pr\u00e9c\u00e9dentes : l&rsquo;Allemand Maximilian Nagl (KTM) \u00e0 Mantova (Italie), le Belge Steve Ramon (Suzuki) et le N\u00e9o-Z\u00e9landais Joshua Coppins (Yamaha). La saison s&rsquo;annonce donc des plus int\u00e9ressantes avec beaucoup de bagarre.<br \/>Le samedi 24 est consacr\u00e9 aux essais \u00e0 partir de 14 h, et le dimanche est bien rempli avec les manches des trois cat\u00e9gories : INTERS, Troph\u00e9e KTM et 85cc.<\/p>\n<p>Retrouvez les diff\u00e9rents tarifs sur le <a href=\"http:\/\/www.mx-valence.com\/\">site officiel<\/a>, il faudra compter 18\u20ac pour les plus de 14ans.<\/p>\n","protected":false},"excerpt":{"rendered":"<p>Les 24 et 25 f\u00e9vrier c&rsquo;est le d\u00e9but officiel de la saison de Motocross \u00e0 Valence en France. Au programme, la plupart des grandes teams du championnat du monde seront pr\u00e9sentes, et bien sur les trois vainqueurs des trois \u00e9preuves pr\u00e9c\u00e9dentes : l&rsquo;Allemand Maximilian Nagl (KTM) \u00e0 Mantova (Italie), le Belge Steve Ramon (Suzuki) et [&hellip;]<\/p>\n","protected":false},"author":331,"featured_media":0,"comment_status":"open","ping_status":"open","sticky":false,"template":"","format":"standard","meta":{"footnotes":""},"categories":[3],"tags":[143,137],"class_list":["post-1541","post","type-post","status-publish","format-standard","hentry","category-actualite","tag-mx","tag-valence"],"yoast_head":"<!-- This site is optimized with the Yoast SEO plugin v26.0 - https:\/\/yoast.com\/wordpress\/plugins\/seo\/ -->\n<title>MX Valence 24 et 25 F\u00e9vrier - leblogmoto.com<\/title>\n<meta name=\"robots\" content=\"index, follow, max-snippet:-1, max-image-preview:large, max-video-preview:-1\" \/>\n<link rel=\"canonical\" href=\"https:\/\/blogs.thesocialmedia.com\/leblogmoto\/2007\/02\/20\/mx-valence-24-e\/\" \/>\n<meta name=\"twitter:card\" content=\"summary_large_image\" \/>\n<meta name=\"twitter:title\" content=\"MX Valence 24 et 25 F\u00e9vrier - leblogmoto.com\" \/>\n<meta name=\"twitter:description\" content=\"Les 24 et 25 f\u00e9vrier c&rsquo;est le d\u00e9but officiel de la saison de Motocross \u00e0 Valence en France. Au programme, la plupart des grandes teams du championnat du monde seront pr\u00e9sentes, et bien sur les trois vainqueurs des trois \u00e9preuves pr\u00e9c\u00e9dentes : l&rsquo;Allemand Maximilian Nagl (KTM) \u00e0 Mantova (Italie), le Belge Steve Ramon (Suzuki) et [&hellip;]\" \/>\n<meta name=\"twitter:image\" content=\"http:\/\/www.leblogmoto.com\/images\/mx_valence.jpg\" \/>\n<meta name=\"twitter:label1\" content=\"\u00c9crit par\" \/>\n\t<meta name=\"twitter:data1\" content=\"nicolas gehin\" \/>\n\t<meta name=\"twitter:label2\" content=\"Dur\u00e9e de lecture estim\u00e9e\" \/>\n\t<meta name=\"twitter:data2\" content=\"1 minute\" \/>\n<script type=\"application\/ld+json\" class=\"yoast-schema-graph\">{\"@context\":\"https:\/\/schema.org\",\"@graph\":[{\"@type\":\"WebPage\",\"@id\":\"https:\/\/blogs.thesocialmedia.com\/leblogmoto\/2007\/02\/20\/mx-valence-24-e\/\",\"url\":\"https:\/\/blogs.thesocialmedia.com\/leblogmoto\/2007\/02\/20\/mx-valence-24-e\/\",\"name\":\"MX Valence 24 et 25 F\u00e9vrier - leblogmoto.com\",\"isPartOf\":{\"@id\":\"https:\/\/blogs.thesocialmedia.com\/leblogmoto\/#website\"},\"primaryImageOfPage\":{\"@id\":\"https:\/\/blogs.thesocialmedia.com\/leblogmoto\/2007\/02\/20\/mx-valence-24-e\/#primaryimage\"},\"image\":{\"@id\":\"https:\/\/blogs.thesocialmedia.com\/leblogmoto\/2007\/02\/20\/mx-valence-24-e\/#primaryimage\"},\"thumbnailUrl\":\"http:\/\/www.leblogmoto.com\/images\/mx_valence.jpg\",\"datePublished\":\"2007-02-20T23:07:34+00:00\",\"dateModified\":\"2012-07-11T14:32:38+00:00\",\"author\":{\"@id\":\"https:\/\/blogs.thesocialmedia.com\/leblogmoto\/#\/schema\/person\/46fe3ed364ad3153421e8604c6e3305f\"},\"breadcrumb\":{\"@id\":\"https:\/\/blogs.thesocialmedia.com\/leblogmoto\/2007\/02\/20\/mx-valence-24-e\/#breadcrumb\"},\"inLanguage\":\"fr-FR\",\"potentialAction\":[{\"@type\":\"ReadAction\",\"target\":[\"https:\/\/blogs.thesocialmedia.com\/leblogmoto\/2007\/02\/20\/mx-valence-24-e\/\"]}]},{\"@type\":\"ImageObject\",\"inLanguage\":\"fr-FR\",\"@id\":\"https:\/\/blogs.thesocialmedia.com\/leblogmoto\/2007\/02\/20\/mx-valence-24-e\/#primaryimage\",\"url\":\"http:\/\/www.leblogmoto.com\/images\/mx_valence.jpg\",\"contentUrl\":\"http:\/\/www.leblogmoto.com\/images\/mx_valence.jpg\"},{\"@type\":\"BreadcrumbList\",\"@id\":\"https:\/\/blogs.thesocialmedia.com\/leblogmoto\/2007\/02\/20\/mx-valence-24-e\/#breadcrumb\",\"itemListElement\":[{\"@type\":\"ListItem\",\"position\":1,\"name\":\"Accueil\",\"item\":\"https:\/\/blogs.thesocialmedia.com\/leblogmoto\/\"},{\"@type\":\"ListItem\",\"position\":2,\"name\":\"MX Valence 24 et 25 F\u00e9vrier\"}]},{\"@type\":\"WebSite\",\"@id\":\"https:\/\/blogs.thesocialmedia.com\/leblogmoto\/#website\",\"url\":\"https:\/\/blogs.thesocialmedia.com\/leblogmoto\/\",\"name\":\"leblogmoto\",\"description\":\"Toute l&#039;actualit\u00e9 des 2 roues\",\"potentialAction\":[{\"@type\":\"SearchAction\",\"target\":{\"@type\":\"EntryPoint\",\"urlTemplate\":\"https:\/\/blogs.thesocialmedia.com\/leblogmoto\/?s={search_term_string}\"},\"query-input\":{\"@type\":\"PropertyValueSpecification\",\"valueRequired\":true,\"valueName\":\"search_term_string\"}}],\"inLanguage\":\"fr-FR\"},{\"@type\":\"Person\",\"@id\":\"https:\/\/blogs.thesocialmedia.com\/leblogmoto\/#\/schema\/person\/46fe3ed364ad3153421e8604c6e3305f\",\"name\":\"nicolas gehin\",\"image\":{\"@type\":\"ImageObject\",\"inLanguage\":\"fr-FR\",\"@id\":\"https:\/\/blogs.thesocialmedia.com\/leblogmoto\/#\/schema\/person\/image\/\",\"url\":\"https:\/\/secure.gravatar.com\/avatar\/?s=96&d=mm&r=g\",\"contentUrl\":\"https:\/\/secure.gravatar.com\/avatar\/?s=96&d=mm&r=g\",\"caption\":\"nicolas gehin\"},\"url\":\"https:\/\/blogs.thesocialmedia.com\/leblogmoto\/author\/nicolas-gehin\/\"}]}<\/script>\n<!-- \/ Yoast SEO plugin. -->","yoast_head_json":{"title":"MX Valence 24 et 25 F\u00e9vrier - leblogmoto.com","robots":{"index":"index","follow":"follow","max-snippet":"max-snippet:-1","max-image-preview":"max-image-preview:large","max-video-preview":"max-video-preview:-1"},"canonical":"https:\/\/blogs.thesocialmedia.com\/leblogmoto\/2007\/02\/20\/mx-valence-24-e\/","twitter_card":"summary_large_image","twitter_title":"MX Valence 24 et 25 F\u00e9vrier - leblogmoto.com","twitter_description":"Les 24 et 25 f\u00e9vrier c&rsquo;est le d\u00e9but officiel de la saison de Motocross \u00e0 Valence en France. Au programme, la plupart des grandes teams du championnat du monde seront pr\u00e9sentes, et bien sur les trois vainqueurs des trois \u00e9preuves pr\u00e9c\u00e9dentes : l&rsquo;Allemand Maximilian Nagl (KTM) \u00e0 Mantova (Italie), le Belge Steve Ramon (Suzuki) et [&hellip;]","twitter_image":"http:\/\/www.leblogmoto.com\/images\/mx_valence.jpg","twitter_misc":{"\u00c9crit par":"nicolas gehin","Dur\u00e9e de lecture estim\u00e9e":"1 minute"},"schema":{"@context":"https:\/\/schema.org","@graph":[{"@type":"WebPage","@id":"https:\/\/blogs.thesocialmedia.com\/leblogmoto\/2007\/02\/20\/mx-valence-24-e\/","url":"https:\/\/blogs.thesocialmedia.com\/leblogmoto\/2007\/02\/20\/mx-valence-24-e\/","name":"MX Valence 24 et 25 F\u00e9vrier - leblogmoto.com","isPartOf":{"@id":"https:\/\/blogs.thesocialmedia.com\/leblogmoto\/#website"},"primaryImageOfPage":{"@id":"https:\/\/blogs.thesocialmedia.com\/leblogmoto\/2007\/02\/20\/mx-valence-24-e\/#primaryimage"},"image":{"@id":"https:\/\/blogs.thesocialmedia.com\/leblogmoto\/2007\/02\/20\/mx-valence-24-e\/#primaryimage"},"thumbnailUrl":"http:\/\/www.leblogmoto.com\/images\/mx_valence.jpg","datePublished":"2007-02-20T23:07:34+00:00","dateModified":"2012-07-11T14:32:38+00:00","author":{"@id":"https:\/\/blogs.thesocialmedia.com\/leblogmoto\/#\/schema\/person\/46fe3ed364ad3153421e8604c6e3305f"},"breadcrumb":{"@id":"https:\/\/blogs.thesocialmedia.com\/leblogmoto\/2007\/02\/20\/mx-valence-24-e\/#breadcrumb"},"inLanguage":"fr-FR","potentialAction":[{"@type":"ReadAction","target":["https:\/\/blogs.thesocialmedia.com\/leblogmoto\/2007\/02\/20\/mx-valence-24-e\/"]}]},{"@type":"ImageObject","inLanguage":"fr-FR","@id":"https:\/\/blogs.thesocialmedia.com\/leblogmoto\/2007\/02\/20\/mx-valence-24-e\/#primaryimage","url":"http:\/\/www.leblogmoto.com\/images\/mx_valence.jpg","contentUrl":"http:\/\/www.leblogmoto.com\/images\/mx_valence.jpg"},{"@type":"BreadcrumbList","@id":"https:\/\/blogs.thesocialmedia.com\/leblogmoto\/2007\/02\/20\/mx-valence-24-e\/#breadcrumb","itemListElement":[{"@type":"ListItem","position":1,"name":"Accueil","item":"https:\/\/blogs.thesocialmedia.com\/leblogmoto\/"},{"@type":"ListItem","position":2,"name":"MX Valence 24 et 25 F\u00e9vrier"}]},{"@type":"WebSite","@id":"https:\/\/blogs.thesocialmedia.com\/leblogmoto\/#website","url":"https:\/\/blogs.thesocialmedia.com\/leblogmoto\/","name":"leblogmoto","description":"Toute l&#039;actualit\u00e9 des 2 roues","potentialAction":[{"@type":"SearchAction","target":{"@type":"EntryPoint","urlTemplate":"https:\/\/blogs.thesocialmedia.com\/leblogmoto\/?s={search_term_string}"},"query-input":{"@type":"PropertyValueSpecification","valueRequired":true,"valueName":"search_term_string"}}],"inLanguage":"fr-FR"},{"@type":"Person","@id":"https:\/\/blogs.thesocialmedia.com\/leblogmoto\/#\/schema\/person\/46fe3ed364ad3153421e8604c6e3305f","name":"nicolas gehin","image":{"@type":"ImageObject","inLanguage":"fr-FR","@id":"https:\/\/blogs.thesocialmedia.com\/leblogmoto\/#\/schema\/person\/image\/","url":"https:\/\/secure.gravatar.com\/avatar\/?s=96&d=mm&r=g","contentUrl":"https:\/\/secure.gravatar.com\/avatar\/?s=96&d=mm&r=g","caption":"nicolas gehin"},"url":"https:\/\/blogs.thesocialmedia.com\/leblogmoto\/author\/nicolas-gehin\/"}]}},"_links":{"self":[{"href":"https:\/\/blogs.thesocialmedia.com\/leblogmoto\/wp-json\/wp\/v2\/posts\/1541","targetHints":{"allow":["GET"]}}],"collection":[{"href":"https:\/\/blogs.thesocialmedia.com\/leblogmoto\/wp-json\/wp\/v2\/posts"}],"about":[{"href":"https:\/\/blogs.thesocialmedia.com\/leblogmoto\/wp-json\/wp\/v2\/types\/post"}],"author":[{"embeddable":true,"href":"https:\/\/blogs.thesocialmedia.com\/leblogmoto\/wp-json\/wp\/v2\/users\/331"}],"replies":[{"embeddable":true,"href":"https:\/\/blogs.thesocialmedia.com\/leblogmoto\/wp-json\/wp\/v2\/comments?post=1541"}],"version-history":[{"count":2,"href":"https:\/\/blogs.thesocialmedia.com\/leblogmoto\/wp-json\/wp\/v2\/posts\/1541\/revisions"}],"predecessor-version":[{"id":8051,"href":"https:\/\/blogs.thesocialmedia.com\/leblogmoto\/wp-json\/wp\/v2\/posts\/1541\/revisions\/8051"}],"wp:attachment":[{"href":"https:\/\/blogs.thesocialmedia.com\/leblogmoto\/wp-json\/wp\/v2\/media?parent=1541"}],"wp:term":[{"taxonomy":"category","embeddable":true,"href":"https:\/\/blogs.thesocialmedia.com\/leblogmoto\/wp-json\/wp\/v2\/categories?post=1541"},{"taxonomy":"post_tag","embeddable":true,"href":"https:\/\/blogs.thesocialmedia.com\/leblogmoto\/wp-json\/wp\/v2\/tags?post=1541"}],"curies":[{"name":"wp","href":"https:\/\/api.w.org\/{rel}","templated":true}]}}