{"id":1544,"date":"2007-02-18T15:04:29","date_gmt":"2007-02-18T15:04:29","guid":{"rendered":"http:\/\/blogs.thesocialmedia.com\/leblogmoto\/2007\/02\/18\/shiver-750-scul\/"},"modified":"2012-07-11T14:32:31","modified_gmt":"2012-07-11T14:32:31","slug":"shiver-750-scul","status":"publish","type":"post","link":"https:\/\/blogs.thesocialmedia.com\/leblogmoto\/2007\/02\/18\/shiver-750-scul\/","title":{"rendered":"Shiver 750 : sculturale"},"content":{"rendered":"<p><a href=\"http:\/\/blogs.thesocialmedia.com\/leblogmoto\/files\/2012\/07\/shiver4.jpg\"><img loading=\"lazy\" decoding=\"async\" width=\"250\" height=\"199\"  alt=\"Shiver4\" src=\"http:\/\/www.leblogmoto.com\/images\/shiver4.jpg\" style=\"margin: 0px 5px 5px 0px;float: left\" \/><\/a>D\u00e9cid\u00e9ment, l&rsquo;ann\u00e9e 2007 est synonyme de nouveaut\u00e9s chez <a href=\"http:\/\/france.aprilia.com\/home.asp\">Aprilia<\/a>. Apr\u00e8s la <a href=\"http:\/\/www.leblogmoto.com\/2007\/02\/aprilia_850_man.html\">Mana 850<\/a>, la firme de Noale devrait commercialiser la <a href=\"http:\/\/www.aprilia.com\/shiver.asp?lin2=eng\">SL 750 Shiver<\/a> d&rsquo;ici l&rsquo;\u00e9t\u00e9 (pas encore de date officielle). Ce roadster est destin\u00e9 \u00e0 prendre une place de choix sur le segment, et s&rsquo;\u00e9quipe donc en cons\u00e9quence avec un design agressif et un bicylindre en V \u00e0 90\u00b0\u00e0 injection d\u00e9veloppant 95ch et 8.25kgm ( \u00e0 9000 et 7000tr\/min) d\u00e9riv\u00e9 du <a href=\"http:\/\/www.aprilia.com\/modelli\/road\/modello.asp?id=64\">RSV 1000 R<\/a>. Cot\u00e9 innovation, elle re\u00e7oit le syst\u00e8me &quot;ride by wire&quot;, l&rsquo;acc\u00e9l\u00e9rateur n&rsquo;est plus directement reli\u00e9 aux papillons mais passe par un servo moteur.<\/p>\n<p>Ce syst\u00e8me pr\u00e9sente l&rsquo;avantage de pouvoir g\u00e9rer au mieux l&rsquo;arriv\u00e9 du m\u00e9lange dans chaque cylindre et optimiser ainsi le rendement.<\/p>\n<p><a href=\"http:\/\/clabedan.typepad.com\/.shared\/image.html?\/photos\/uncategorized\/shiver5.jpg\"><img loading=\"lazy\" decoding=\"async\" width=\"250\" height=\"273\"  alt=\"Shiver5\" src=\"http:\/\/www.leblogmoto.com\/images\/shiver5.jpg\" style=\"margin: 0px 5px 5px 0px;float: left\" \/><\/a> L&rsquo;\u00e9quipement se veut \u00e0 la hauteur des pr\u00e9tentions sportives de cette Shiver 750 avec une fourche invers\u00e9e de 43mm, des freins radiaux de 320 mm \u00e0 l&rsquo;avant avec un poids \u00e0 sec de 189 kg.<br \/> Les tarifs et la date de lancement n&rsquo;ont pas encore \u00e9t\u00e9 annonc\u00e9s officiellement, mais ne devraient plus tarder.<\/p>\n<p>Source : <a href=\"http:\/\/www.aprilia.com\/shiver.asp?lin2=eng\">Aprilia<\/a><\/p>\n","protected":false},"excerpt":{"rendered":"<p>D\u00e9cid\u00e9ment, l&rsquo;ann\u00e9e 2007 est synonyme de nouveaut\u00e9s chez Aprilia. Apr\u00e8s la Mana 850, la firme de Noale devrait commercialiser la SL 750 Shiver d&rsquo;ici l&rsquo;\u00e9t\u00e9 (pas encore de date officielle). Ce roadster est destin\u00e9 \u00e0 prendre une place de choix sur le segment, et s&rsquo;\u00e9quipe donc en cons\u00e9quence avec un design agressif et un bicylindre [&hellip;]<\/p>\n","protected":false},"author":331,"featured_media":0,"comment_status":"open","ping_status":"open","sticky":false,"template":"","format":"standard","meta":{"footnotes":""},"categories":[31],"tags":[91,92,90],"class_list":["post-1544","post","type-post","status-publish","format-standard","hentry","category-aprilia","tag-91","tag-aprilia-2","tag-shiver"],"yoast_head":"<!-- This site is optimized with the Yoast SEO plugin v26.0 - https:\/\/yoast.com\/wordpress\/plugins\/seo\/ -->\n<title>Shiver 750 : sculturale - leblogmoto.com<\/title>\n<meta name=\"robots\" content=\"index, follow, max-snippet:-1, max-image-preview:large, max-video-preview:-1\" \/>\n<link rel=\"canonical\" href=\"https:\/\/blogs.thesocialmedia.com\/leblogmoto\/2007\/02\/18\/shiver-750-scul\/\" \/>\n<meta name=\"twitter:card\" content=\"summary_large_image\" \/>\n<meta name=\"twitter:title\" content=\"Shiver 750 : sculturale - leblogmoto.com\" \/>\n<meta name=\"twitter:description\" content=\"D\u00e9cid\u00e9ment, l&rsquo;ann\u00e9e 2007 est synonyme de nouveaut\u00e9s chez Aprilia. Apr\u00e8s la Mana 850, la firme de Noale devrait commercialiser la SL 750 Shiver d&rsquo;ici l&rsquo;\u00e9t\u00e9 (pas encore de date officielle). Ce roadster est destin\u00e9 \u00e0 prendre une place de choix sur le segment, et s&rsquo;\u00e9quipe donc en cons\u00e9quence avec un design agressif et un bicylindre [&hellip;]\" \/>\n<meta name=\"twitter:image\" content=\"http:\/\/www.leblogmoto.com\/images\/shiver4.jpg\" \/>\n<meta name=\"twitter:label1\" content=\"\u00c9crit par\" \/>\n\t<meta name=\"twitter:data1\" content=\"nicolas gehin\" \/>\n\t<meta name=\"twitter:label2\" content=\"Dur\u00e9e de lecture estim\u00e9e\" \/>\n\t<meta name=\"twitter:data2\" content=\"1 minute\" \/>\n<script type=\"application\/ld+json\" class=\"yoast-schema-graph\">{\"@context\":\"https:\/\/schema.org\",\"@graph\":[{\"@type\":\"WebPage\",\"@id\":\"https:\/\/blogs.thesocialmedia.com\/leblogmoto\/2007\/02\/18\/shiver-750-scul\/\",\"url\":\"https:\/\/blogs.thesocialmedia.com\/leblogmoto\/2007\/02\/18\/shiver-750-scul\/\",\"name\":\"Shiver 750 : sculturale - leblogmoto.com\",\"isPartOf\":{\"@id\":\"https:\/\/blogs.thesocialmedia.com\/leblogmoto\/#website\"},\"primaryImageOfPage\":{\"@id\":\"https:\/\/blogs.thesocialmedia.com\/leblogmoto\/2007\/02\/18\/shiver-750-scul\/#primaryimage\"},\"image\":{\"@id\":\"https:\/\/blogs.thesocialmedia.com\/leblogmoto\/2007\/02\/18\/shiver-750-scul\/#primaryimage\"},\"thumbnailUrl\":\"http:\/\/www.leblogmoto.com\/images\/shiver4.jpg\",\"datePublished\":\"2007-02-18T15:04:29+00:00\",\"dateModified\":\"2012-07-11T14:32:31+00:00\",\"author\":{\"@id\":\"https:\/\/blogs.thesocialmedia.com\/leblogmoto\/#\/schema\/person\/46fe3ed364ad3153421e8604c6e3305f\"},\"breadcrumb\":{\"@id\":\"https:\/\/blogs.thesocialmedia.com\/leblogmoto\/2007\/02\/18\/shiver-750-scul\/#breadcrumb\"},\"inLanguage\":\"fr-FR\",\"potentialAction\":[{\"@type\":\"ReadAction\",\"target\":[\"https:\/\/blogs.thesocialmedia.com\/leblogmoto\/2007\/02\/18\/shiver-750-scul\/\"]}]},{\"@type\":\"ImageObject\",\"inLanguage\":\"fr-FR\",\"@id\":\"https:\/\/blogs.thesocialmedia.com\/leblogmoto\/2007\/02\/18\/shiver-750-scul\/#primaryimage\",\"url\":\"http:\/\/www.leblogmoto.com\/images\/shiver4.jpg\",\"contentUrl\":\"http:\/\/www.leblogmoto.com\/images\/shiver4.jpg\"},{\"@type\":\"BreadcrumbList\",\"@id\":\"https:\/\/blogs.thesocialmedia.com\/leblogmoto\/2007\/02\/18\/shiver-750-scul\/#breadcrumb\",\"itemListElement\":[{\"@type\":\"ListItem\",\"position\":1,\"name\":\"Accueil\",\"item\":\"https:\/\/blogs.thesocialmedia.com\/leblogmoto\/\"},{\"@type\":\"ListItem\",\"position\":2,\"name\":\"Shiver 750 : sculturale\"}]},{\"@type\":\"WebSite\",\"@id\":\"https:\/\/blogs.thesocialmedia.com\/leblogmoto\/#website\",\"url\":\"https:\/\/blogs.thesocialmedia.com\/leblogmoto\/\",\"name\":\"leblogmoto\",\"description\":\"Toute l&#039;actualit\u00e9 des 2 roues\",\"potentialAction\":[{\"@type\":\"SearchAction\",\"target\":{\"@type\":\"EntryPoint\",\"urlTemplate\":\"https:\/\/blogs.thesocialmedia.com\/leblogmoto\/?s={search_term_string}\"},\"query-input\":{\"@type\":\"PropertyValueSpecification\",\"valueRequired\":true,\"valueName\":\"search_term_string\"}}],\"inLanguage\":\"fr-FR\"},{\"@type\":\"Person\",\"@id\":\"https:\/\/blogs.thesocialmedia.com\/leblogmoto\/#\/schema\/person\/46fe3ed364ad3153421e8604c6e3305f\",\"name\":\"nicolas gehin\",\"image\":{\"@type\":\"ImageObject\",\"inLanguage\":\"fr-FR\",\"@id\":\"https:\/\/blogs.thesocialmedia.com\/leblogmoto\/#\/schema\/person\/image\/\",\"url\":\"https:\/\/secure.gravatar.com\/avatar\/?s=96&d=mm&r=g\",\"contentUrl\":\"https:\/\/secure.gravatar.com\/avatar\/?s=96&d=mm&r=g\",\"caption\":\"nicolas gehin\"},\"url\":\"https:\/\/blogs.thesocialmedia.com\/leblogmoto\/author\/nicolas-gehin\/\"}]}<\/script>\n<!-- \/ Yoast SEO plugin. -->","yoast_head_json":{"title":"Shiver 750 : sculturale - leblogmoto.com","robots":{"index":"index","follow":"follow","max-snippet":"max-snippet:-1","max-image-preview":"max-image-preview:large","max-video-preview":"max-video-preview:-1"},"canonical":"https:\/\/blogs.thesocialmedia.com\/leblogmoto\/2007\/02\/18\/shiver-750-scul\/","twitter_card":"summary_large_image","twitter_title":"Shiver 750 : sculturale - leblogmoto.com","twitter_description":"D\u00e9cid\u00e9ment, l&rsquo;ann\u00e9e 2007 est synonyme de nouveaut\u00e9s chez Aprilia. Apr\u00e8s la Mana 850, la firme de Noale devrait commercialiser la SL 750 Shiver d&rsquo;ici l&rsquo;\u00e9t\u00e9 (pas encore de date officielle). Ce roadster est destin\u00e9 \u00e0 prendre une place de choix sur le segment, et s&rsquo;\u00e9quipe donc en cons\u00e9quence avec un design agressif et un bicylindre [&hellip;]","twitter_image":"http:\/\/www.leblogmoto.com\/images\/shiver4.jpg","twitter_misc":{"\u00c9crit par":"nicolas gehin","Dur\u00e9e de lecture estim\u00e9e":"1 minute"},"schema":{"@context":"https:\/\/schema.org","@graph":[{"@type":"WebPage","@id":"https:\/\/blogs.thesocialmedia.com\/leblogmoto\/2007\/02\/18\/shiver-750-scul\/","url":"https:\/\/blogs.thesocialmedia.com\/leblogmoto\/2007\/02\/18\/shiver-750-scul\/","name":"Shiver 750 : sculturale - leblogmoto.com","isPartOf":{"@id":"https:\/\/blogs.thesocialmedia.com\/leblogmoto\/#website"},"primaryImageOfPage":{"@id":"https:\/\/blogs.thesocialmedia.com\/leblogmoto\/2007\/02\/18\/shiver-750-scul\/#primaryimage"},"image":{"@id":"https:\/\/blogs.thesocialmedia.com\/leblogmoto\/2007\/02\/18\/shiver-750-scul\/#primaryimage"},"thumbnailUrl":"http:\/\/www.leblogmoto.com\/images\/shiver4.jpg","datePublished":"2007-02-18T15:04:29+00:00","dateModified":"2012-07-11T14:32:31+00:00","author":{"@id":"https:\/\/blogs.thesocialmedia.com\/leblogmoto\/#\/schema\/person\/46fe3ed364ad3153421e8604c6e3305f"},"breadcrumb":{"@id":"https:\/\/blogs.thesocialmedia.com\/leblogmoto\/2007\/02\/18\/shiver-750-scul\/#breadcrumb"},"inLanguage":"fr-FR","potentialAction":[{"@type":"ReadAction","target":["https:\/\/blogs.thesocialmedia.com\/leblogmoto\/2007\/02\/18\/shiver-750-scul\/"]}]},{"@type":"ImageObject","inLanguage":"fr-FR","@id":"https:\/\/blogs.thesocialmedia.com\/leblogmoto\/2007\/02\/18\/shiver-750-scul\/#primaryimage","url":"http:\/\/www.leblogmoto.com\/images\/shiver4.jpg","contentUrl":"http:\/\/www.leblogmoto.com\/images\/shiver4.jpg"},{"@type":"BreadcrumbList","@id":"https:\/\/blogs.thesocialmedia.com\/leblogmoto\/2007\/02\/18\/shiver-750-scul\/#breadcrumb","itemListElement":[{"@type":"ListItem","position":1,"name":"Accueil","item":"https:\/\/blogs.thesocialmedia.com\/leblogmoto\/"},{"@type":"ListItem","position":2,"name":"Shiver 750 : sculturale"}]},{"@type":"WebSite","@id":"https:\/\/blogs.thesocialmedia.com\/leblogmoto\/#website","url":"https:\/\/blogs.thesocialmedia.com\/leblogmoto\/","name":"leblogmoto","description":"Toute l&#039;actualit\u00e9 des 2 roues","potentialAction":[{"@type":"SearchAction","target":{"@type":"EntryPoint","urlTemplate":"https:\/\/blogs.thesocialmedia.com\/leblogmoto\/?s={search_term_string}"},"query-input":{"@type":"PropertyValueSpecification","valueRequired":true,"valueName":"search_term_string"}}],"inLanguage":"fr-FR"},{"@type":"Person","@id":"https:\/\/blogs.thesocialmedia.com\/leblogmoto\/#\/schema\/person\/46fe3ed364ad3153421e8604c6e3305f","name":"nicolas gehin","image":{"@type":"ImageObject","inLanguage":"fr-FR","@id":"https:\/\/blogs.thesocialmedia.com\/leblogmoto\/#\/schema\/person\/image\/","url":"https:\/\/secure.gravatar.com\/avatar\/?s=96&d=mm&r=g","contentUrl":"https:\/\/secure.gravatar.com\/avatar\/?s=96&d=mm&r=g","caption":"nicolas gehin"},"url":"https:\/\/blogs.thesocialmedia.com\/leblogmoto\/author\/nicolas-gehin\/"}]}},"_links":{"self":[{"href":"https:\/\/blogs.thesocialmedia.com\/leblogmoto\/wp-json\/wp\/v2\/posts\/1544","targetHints":{"allow":["GET"]}}],"collection":[{"href":"https:\/\/blogs.thesocialmedia.com\/leblogmoto\/wp-json\/wp\/v2\/posts"}],"about":[{"href":"https:\/\/blogs.thesocialmedia.com\/leblogmoto\/wp-json\/wp\/v2\/types\/post"}],"author":[{"embeddable":true,"href":"https:\/\/blogs.thesocialmedia.com\/leblogmoto\/wp-json\/wp\/v2\/users\/331"}],"replies":[{"embeddable":true,"href":"https:\/\/blogs.thesocialmedia.com\/leblogmoto\/wp-json\/wp\/v2\/comments?post=1544"}],"version-history":[{"count":2,"href":"https:\/\/blogs.thesocialmedia.com\/leblogmoto\/wp-json\/wp\/v2\/posts\/1544\/revisions"}],"predecessor-version":[{"id":8045,"href":"https:\/\/blogs.thesocialmedia.com\/leblogmoto\/wp-json\/wp\/v2\/posts\/1544\/revisions\/8045"}],"wp:attachment":[{"href":"https:\/\/blogs.thesocialmedia.com\/leblogmoto\/wp-json\/wp\/v2\/media?parent=1544"}],"wp:term":[{"taxonomy":"category","embeddable":true,"href":"https:\/\/blogs.thesocialmedia.com\/leblogmoto\/wp-json\/wp\/v2\/categories?post=1544"},{"taxonomy":"post_tag","embeddable":true,"href":"https:\/\/blogs.thesocialmedia.com\/leblogmoto\/wp-json\/wp\/v2\/tags?post=1544"}],"curies":[{"name":"wp","href":"https:\/\/api.w.org\/{rel}","templated":true}]}}