{"id":1545,"date":"2007-02-18T11:55:42","date_gmt":"2007-02-18T11:55:42","guid":{"rendered":"http:\/\/blogs.thesocialmedia.com\/leblogmoto\/2007\/02\/18\/trial-en-salle-3\/"},"modified":"2012-07-11T14:32:28","modified_gmt":"2012-07-11T14:32:28","slug":"trial-en-salle-3","status":"publish","type":"post","link":"https:\/\/blogs.thesocialmedia.com\/leblogmoto\/2007\/02\/18\/trial-en-salle-3\/","title":{"rendered":"Trial en Salle : Cabestany victorieux \u00e0 Milan"},"content":{"rendered":"<p><a href=\"http:\/\/blogs.thesocialmedia.com\/leblogmoto\/files\/2012\/07\/132_g_2.jpg\"><img loading=\"lazy\" decoding=\"async\" width=\"250\" height=\"158\"  alt=\"132_g_2\" src=\"http:\/\/www.leblogmoto.com\/images\/132_g_2.jpg\" style=\"margin: 0px 5px 5px 0px;float: left\" \/><\/a> Pour la troisi\u00e8me ann\u00e9e cons\u00e9cutive le FilaForum de Milan accueillait samedi soir le&nbsp; Grand Prix d\u2019Italie de Trial Moto en salle, sixi\u00e8me \u00e9tape du Championnat du Monde. <br \/>La bataille d\u2019Italie s\u2019annon\u00e7ait \u00e2pre et palpitante. En effet, arriv\u00e9 \u00e0 mi-parcours de ce Mondial 2007, le jeune prodige Espagnol <a href=\"http:\/\/www.tonibou.com\/\">Toni Bou<\/a> (<a href=\"http:\/\/www.montesa.fr\/\">Montesa-HRC<\/a>) avait pris, avec sa <a href=\"http:\/\/www.leblogmoto.com\/2007\/02\/trial_en_salle__2.html\">victoire de Lisbonne<\/a>, un avantage d\u00e9cisif de&nbsp; huit points sur <a href=\"http:\/\/www.adamraga.com\/\">Adam Raga<\/a> (<a href=\"http:\/\/www.gasgasmotos.es\/esp\/frame.htm\">Gas Gas<\/a>). Le champion sortant est dor\u00e9navant condamn\u00e9 \u00e0 donner le meilleur de lui-m\u00eame s\u2019il ne veut pas perdre son titre. <\/p>\n<p><a href=\"http:\/\/clabedan.typepad.com\/.shared\/image.html?\/photos\/uncategorized\/130_g1_2.jpg\"><img loading=\"lazy\" decoding=\"async\" width=\"250\" height=\"158\"  src=\"http:\/\/www.leblogmoto.com\/images\/130_g1_2.jpg\" alt=\"130_g1_2\" style=\"margin: 0px 5px 5px 0px;float: left\" \/><\/a> La lutte pour la troisi\u00e8me marche du podium final est elle aussi palpitante car <a href=\"http:\/\/www.albertcabestany.com\/\">Albert Cabestany<\/a> (<a href=\"http:\/\/www.sherco-moto.com\/\">Sherco<\/a>) class\u00e9 provisoirement troisi\u00e8me doit r\u00e9sister \u00e0 la pression des pilotes <a href=\"http:\/\/www.montesa.fr\/\">Montesa<\/a> <a href=\"http:\/\/fujigas.net\/\">Fujinami<\/a> et <a href=\"http:\/\/www.dougielampkin.co.uk\/\">Lampkin<\/a>, toujours \u00e0 l\u2019aff\u00fbt.<\/p>\n<p> C\u2019est finalement le pilote <a href=\"http:\/\/www.sherco-moto.com\/\">Sherco<\/a> qui gardera le meilleur souvenir de la soir\u00e9e Milanaise apr\u00e8s l\u2019avoir emport\u00e9 en finale sur <a href=\"http:\/\/www.tonibou.com\/\">Toni Bou<\/a>, qui accro\u00eet cependant son avance sur <a href=\"http:\/\/www.adamraga.com\/\">Raga<\/a>, troisi\u00e8me.<\/p>\n<p> Sur le tour de qualification, <a href=\"http:\/\/www.adamraga.com\/\">Raga<\/a> avait pourtant accompli une fantastique prestation en franchissant les huit zones \u00e0 z\u00e9ro <a href=\"http:\/\/clabedan.typepad.com\/.shared\/image.html?\/photos\/uncategorized\/milangirl_1.jpg\"><img loading=\"lazy\" decoding=\"async\" width=\"250\" height=\"170\"  src=\"http:\/\/www.leblogmoto.com\/images\/milangirl_1.jpg\" alt=\"Milangirl_1\" style=\"margin: 0px 5px 5px 0px;float: left\" \/><\/a> et en battant <a href=\"http:\/\/www.tonibou.com\/\">Toni Bou<\/a> sur la double zone de vitesse. A ce moment-l\u00e0, on pouvait supposer que le champion en titre s\u2019envolait pour une troisi\u00e8me victoire cons\u00e9cutive au FilaForum. Quant-\u00e0 <a href=\"http:\/\/www.albertcabestany.com\/\">Cabestany<\/a>, troisi\u00e8me qualifi\u00e9, il terminait le premier tour \u00e0 un point de <a href=\"http:\/\/www.tonibou.com\/\">Toni Bou<\/a> (7 et 8pts) tous deux ayant \u00e9t\u00e9 p\u00e9nalis\u00e9s sur les deux premi\u00e8res zones avant de se reprendre pour terminer sans faute le reste du parcours.<\/p>\n<p> En finale, le pilote&nbsp; <a href=\"http:\/\/www.sherco-moto.com\/\">Sherco<\/a> a pris l\u2019avantage sur la troisi\u00e8me zone o\u00f9 ses deux rivaux ont \u00e9chou\u00e9. Il suffisait alors \u00e0 <a href=\"http:\/\/www.albertcabestany.com\/\">Cabestany<\/a> de contr\u00f4ler la suite avec calme et intelligence, ce qu\u2019il fit. Il remporte ce Grand Prix avec 12 points de p\u00e9nalit\u00e9, suivi par <a href=\"http:\/\/www.tonibou.com\/\">Toni Bou<\/a>, 16 points, une seconde place <a href=\"http:\/\/clabedan.typepad.com\/.shared\/image.html?\/photos\/uncategorized\/milan_blasuziak.jpg\"><img loading=\"lazy\" decoding=\"async\" width=\"250\" height=\"170\"  src=\"http:\/\/www.leblogmoto.com\/images\/milan_blasuziak.jpg\" alt=\"Milan_blasuziak\" style=\"margin: 0px 5px 5px 0px;float: left\" \/><\/a> suffisante pour mettre 10 points entre <a href=\"http:\/\/www.adamraga.com\/\">Raga<\/a> et lui.&nbsp; Avec ce r\u00e9sultat, <a href=\"http:\/\/www.albertcabestany.com\/\">Albert Cabestany<\/a> est maintenant en position de menacer directement <a href=\"http:\/\/www.adamraga.com\/\">Adam Raga<\/a> pour la seconde place du Mondial car deux points \u00e0 peine les s\u00e9parent encore.<\/p>\n<p> Apr\u00e8s sa belle prestation de <a href=\"http:\/\/www.leblogmoto.com\/2007\/02\/trial_en_salle__2.html\">Lisbonne<\/a>, <a href=\"http:\/\/fujigas.net\/\">Takahisa Fujinami<\/a> (<a href=\"http:\/\/www.montesa.fr\/\">Montesa<\/a>) a rat\u00e9 la finale d\u2019un point seulement. Comme au <a href=\"http:\/\/www.leblogmoto.com\/2007\/02\/trial_en_salle__2.html\">Portugal<\/a>, le Pilote Japonais se classe 4\u00e8me en Italie. Sur sa <a href=\"http:\/\/www.betamotor.com\/\">Beta<\/a>, l\u2019Espagnol <a href=\"http:\/\/www.gasgasmotos.com\/web\/eng\/competi\/trial\/equipo\/jeroni.htm\">Jeroni Fajardo<\/a> a donn\u00e9 le meilleur mais aussi le pire en franchissant parfaitement les zones, mais \u00e0 faire de la dentelle le pilote a perdu trop de temps et s\u2019en est trouv\u00e9 lourdement p\u00e9nalis\u00e9. 6 \u00e8me avec 21 p\u00e9nalit\u00e9s, <a href=\"http:\/\/www.dougielampkin.co.uk\/\">Dougie Lamkhin<\/a> fut tr\u00e8s loin de son meilleur niveau, il devance cependant le Polonais <a href=\"http:\/\/www.tblazusiak.pl\/\">Tadeusz Blazusiak<\/a> de 10 points. Il est vrai que le pilote slave souffre toujours de son genoux bless\u00e9. Enfin, le pilote local, <a href=\"http:\/\/www.fabiolenzi.it\/\">Fabio Lenzi<\/a>, invit\u00e9 de ce Grand prix, a \u00e9t\u00e9 domin\u00e9 de bout en bout par le haut niveau de la course. Il termine le tout de qualification avec 35 points.<\/p>\n<p> La prochaine et septi\u00e8me \u00e9tape de ce Championnat se d\u00e9roulera samedi 24 f\u00e9vrier \u00e0 Mao sur l\u2019\u00eele de Menorca aux Bal\u00e9are.<\/p>\n<p><a href=\"http:\/\/clabedan.typepad.com\/.shared\/image.html?\/photos\/uncategorized\/raga_acc_1857_1.jpg\"><img loading=\"lazy\" decoding=\"async\" width=\"250\" height=\"342\"  src=\"http:\/\/www.leblogmoto.com\/images\/raga_acc_1857_1.jpg\" alt=\"Raga_acc_1857_1\" style=\"margin: 0px 5px 5px 0px;float: left\" \/><\/a><strong> R\u00e9sultats Milan 2007<\/strong><br \/> &nbsp; &nbsp; 01&nbsp; &nbsp;&nbsp; Cabestany [Sherco]&nbsp; &nbsp; 12<br \/> &nbsp; &nbsp; 02&nbsp; &nbsp;&nbsp; Bou [Montesa-HRC]&nbsp; &nbsp;&nbsp; 16<br \/> &nbsp; &nbsp; 03&nbsp; &nbsp;&nbsp; Raga [Gas Gas]&nbsp; &nbsp;&nbsp; &nbsp;&nbsp; &nbsp;&nbsp; 18<br \/> &nbsp; &nbsp; 04&nbsp; &nbsp;&nbsp; Fujinami [Montesa]&nbsp; &nbsp;&nbsp; 9<br \/> &nbsp; &nbsp; 05&nbsp; &nbsp;&nbsp; Fajardo [Beta]&nbsp; &nbsp;&nbsp; &nbsp;&nbsp; &nbsp;&nbsp; &nbsp;17<br \/> &nbsp; &nbsp; 06&nbsp; &nbsp;&nbsp; Lampkin [Montesa]&nbsp; &nbsp;&nbsp; &nbsp;21<br \/> &nbsp; &nbsp; 07&nbsp; &nbsp;&nbsp; Blazusiak [Beta]&nbsp; &nbsp;&nbsp; &nbsp;&nbsp; &nbsp;31<br \/> &nbsp; &nbsp; 08&nbsp; &nbsp;&nbsp; Lenzi&nbsp; [Montesa]&nbsp; &nbsp;&nbsp; &nbsp;&nbsp; 35<\/p>\n<p><strong> Classement provisoire du Championnat 2007<\/strong><br \/> &nbsp; &nbsp; 01&nbsp; &nbsp;&nbsp; Bou [Montesa-HRC]&nbsp; &nbsp;&nbsp; 51<br \/> &nbsp; &nbsp; 02&nbsp; &nbsp;&nbsp; Raga [Gas Gas]&nbsp; &nbsp;&nbsp; &nbsp;&nbsp; &nbsp; 41<br \/> &nbsp; &nbsp; 03&nbsp; &nbsp;&nbsp; Cabestany [Sherco]&nbsp; &nbsp;&nbsp; 39<br \/> &nbsp; &nbsp; 04&nbsp; &nbsp;&nbsp; Fujinami [Montesa]&nbsp; &nbsp;&nbsp; 32<br \/> &nbsp; &nbsp; 05&nbsp; &nbsp;&nbsp; Lampkin [Montesa]&nbsp; &nbsp;&nbsp; 27<br \/> &nbsp; &nbsp; 06&nbsp; &nbsp;&nbsp; Fajardo [Beta]&nbsp; &nbsp;&nbsp; &nbsp;&nbsp; &nbsp;&nbsp; 26<br \/> &nbsp; &nbsp; 07&nbsp; &nbsp;&nbsp; Blazusiak [Beta]&nbsp; &nbsp;&nbsp; &nbsp;&nbsp; &nbsp;&nbsp; 6<br \/> &nbsp; &nbsp; 08&nbsp; &nbsp;&nbsp; Morris [Gas Gas]&nbsp; &nbsp;&nbsp; &nbsp;&nbsp; &nbsp; 4<br \/> &nbsp; &nbsp; 09&nbsp; &nbsp;&nbsp; Bethune [Beta]&nbsp; &nbsp;&nbsp; &nbsp;&nbsp; &nbsp;&nbsp; &nbsp;2<br \/> &nbsp; &nbsp; 10&nbsp; &nbsp;&nbsp; Lenzi [Montesa]&nbsp; &nbsp;&nbsp; &nbsp;&nbsp; &nbsp;&nbsp; 1<\/p>\n","protected":false},"excerpt":{"rendered":"<p>Pour la troisi\u00e8me ann\u00e9e cons\u00e9cutive le FilaForum de Milan accueillait samedi soir le&nbsp; Grand Prix d\u2019Italie de Trial Moto en salle, sixi\u00e8me \u00e9tape du Championnat du Monde. La bataille d\u2019Italie s\u2019annon\u00e7ait \u00e2pre et palpitante. En effet, arriv\u00e9 \u00e0 mi-parcours de ce Mondial 2007, le jeune prodige Espagnol Toni Bou (Montesa-HRC) avait pris, avec sa victoire [&hellip;]<\/p>\n","protected":false},"author":333,"featured_media":0,"comment_status":"open","ping_status":"open","sticky":false,"template":"","format":"standard","meta":{"footnotes":""},"categories":[32],"tags":[],"class_list":["post-1545","post","type-post","status-publish","format-standard","hentry","category-sport-moto"],"yoast_head":"<!-- This site is optimized with the Yoast SEO plugin v26.0 - https:\/\/yoast.com\/wordpress\/plugins\/seo\/ -->\n<title>Trial en Salle : Cabestany victorieux \u00e0 Milan - leblogmoto.com<\/title>\n<meta name=\"robots\" content=\"index, follow, max-snippet:-1, max-image-preview:large, max-video-preview:-1\" \/>\n<link rel=\"canonical\" href=\"https:\/\/blogs.thesocialmedia.com\/leblogmoto\/2007\/02\/18\/trial-en-salle-3\/\" \/>\n<meta name=\"twitter:card\" content=\"summary_large_image\" \/>\n<meta name=\"twitter:title\" content=\"Trial en Salle : Cabestany victorieux \u00e0 Milan - leblogmoto.com\" \/>\n<meta name=\"twitter:description\" content=\"Pour la troisi\u00e8me ann\u00e9e cons\u00e9cutive le FilaForum de Milan accueillait samedi soir le&nbsp; Grand Prix d\u2019Italie de Trial Moto en salle, sixi\u00e8me \u00e9tape du Championnat du Monde. La bataille d\u2019Italie s\u2019annon\u00e7ait \u00e2pre et palpitante. En effet, arriv\u00e9 \u00e0 mi-parcours de ce Mondial 2007, le jeune prodige Espagnol Toni Bou (Montesa-HRC) avait pris, avec sa victoire [&hellip;]\" \/>\n<meta name=\"twitter:image\" content=\"http:\/\/www.leblogmoto.com\/images\/132_g_2.jpg\" \/>\n<meta name=\"twitter:label1\" content=\"\u00c9crit par\" \/>\n\t<meta name=\"twitter:data1\" content=\"christian tirat\" \/>\n\t<meta name=\"twitter:label2\" content=\"Dur\u00e9e de lecture estim\u00e9e\" \/>\n\t<meta name=\"twitter:data2\" content=\"4 minutes\" \/>\n<script type=\"application\/ld+json\" class=\"yoast-schema-graph\">{\"@context\":\"https:\/\/schema.org\",\"@graph\":[{\"@type\":\"WebPage\",\"@id\":\"https:\/\/blogs.thesocialmedia.com\/leblogmoto\/2007\/02\/18\/trial-en-salle-3\/\",\"url\":\"https:\/\/blogs.thesocialmedia.com\/leblogmoto\/2007\/02\/18\/trial-en-salle-3\/\",\"name\":\"Trial en Salle : Cabestany victorieux \u00e0 Milan - leblogmoto.com\",\"isPartOf\":{\"@id\":\"https:\/\/blogs.thesocialmedia.com\/leblogmoto\/#website\"},\"primaryImageOfPage\":{\"@id\":\"https:\/\/blogs.thesocialmedia.com\/leblogmoto\/2007\/02\/18\/trial-en-salle-3\/#primaryimage\"},\"image\":{\"@id\":\"https:\/\/blogs.thesocialmedia.com\/leblogmoto\/2007\/02\/18\/trial-en-salle-3\/#primaryimage\"},\"thumbnailUrl\":\"http:\/\/www.leblogmoto.com\/images\/132_g_2.jpg\",\"datePublished\":\"2007-02-18T11:55:42+00:00\",\"dateModified\":\"2012-07-11T14:32:28+00:00\",\"author\":{\"@id\":\"https:\/\/blogs.thesocialmedia.com\/leblogmoto\/#\/schema\/person\/90b2f8fd0d5a2cede2580e95fc79c6c0\"},\"breadcrumb\":{\"@id\":\"https:\/\/blogs.thesocialmedia.com\/leblogmoto\/2007\/02\/18\/trial-en-salle-3\/#breadcrumb\"},\"inLanguage\":\"fr-FR\",\"potentialAction\":[{\"@type\":\"ReadAction\",\"target\":[\"https:\/\/blogs.thesocialmedia.com\/leblogmoto\/2007\/02\/18\/trial-en-salle-3\/\"]}]},{\"@type\":\"ImageObject\",\"inLanguage\":\"fr-FR\",\"@id\":\"https:\/\/blogs.thesocialmedia.com\/leblogmoto\/2007\/02\/18\/trial-en-salle-3\/#primaryimage\",\"url\":\"http:\/\/www.leblogmoto.com\/images\/132_g_2.jpg\",\"contentUrl\":\"http:\/\/www.leblogmoto.com\/images\/132_g_2.jpg\"},{\"@type\":\"BreadcrumbList\",\"@id\":\"https:\/\/blogs.thesocialmedia.com\/leblogmoto\/2007\/02\/18\/trial-en-salle-3\/#breadcrumb\",\"itemListElement\":[{\"@type\":\"ListItem\",\"position\":1,\"name\":\"Accueil\",\"item\":\"https:\/\/blogs.thesocialmedia.com\/leblogmoto\/\"},{\"@type\":\"ListItem\",\"position\":2,\"name\":\"Trial en Salle : Cabestany victorieux \u00e0 Milan\"}]},{\"@type\":\"WebSite\",\"@id\":\"https:\/\/blogs.thesocialmedia.com\/leblogmoto\/#website\",\"url\":\"https:\/\/blogs.thesocialmedia.com\/leblogmoto\/\",\"name\":\"leblogmoto\",\"description\":\"Toute l&#039;actualit\u00e9 des 2 roues\",\"potentialAction\":[{\"@type\":\"SearchAction\",\"target\":{\"@type\":\"EntryPoint\",\"urlTemplate\":\"https:\/\/blogs.thesocialmedia.com\/leblogmoto\/?s={search_term_string}\"},\"query-input\":{\"@type\":\"PropertyValueSpecification\",\"valueRequired\":true,\"valueName\":\"search_term_string\"}}],\"inLanguage\":\"fr-FR\"},{\"@type\":\"Person\",\"@id\":\"https:\/\/blogs.thesocialmedia.com\/leblogmoto\/#\/schema\/person\/90b2f8fd0d5a2cede2580e95fc79c6c0\",\"name\":\"christian tirat\",\"image\":{\"@type\":\"ImageObject\",\"inLanguage\":\"fr-FR\",\"@id\":\"https:\/\/blogs.thesocialmedia.com\/leblogmoto\/#\/schema\/person\/image\/\",\"url\":\"https:\/\/secure.gravatar.com\/avatar\/?s=96&d=mm&r=g\",\"contentUrl\":\"https:\/\/secure.gravatar.com\/avatar\/?s=96&d=mm&r=g\",\"caption\":\"christian tirat\"},\"url\":\"https:\/\/blogs.thesocialmedia.com\/leblogmoto\/author\/christian-tirat\/\"}]}<\/script>\n<!-- \/ Yoast SEO plugin. -->","yoast_head_json":{"title":"Trial en Salle : Cabestany victorieux \u00e0 Milan - leblogmoto.com","robots":{"index":"index","follow":"follow","max-snippet":"max-snippet:-1","max-image-preview":"max-image-preview:large","max-video-preview":"max-video-preview:-1"},"canonical":"https:\/\/blogs.thesocialmedia.com\/leblogmoto\/2007\/02\/18\/trial-en-salle-3\/","twitter_card":"summary_large_image","twitter_title":"Trial en Salle : Cabestany victorieux \u00e0 Milan - leblogmoto.com","twitter_description":"Pour la troisi\u00e8me ann\u00e9e cons\u00e9cutive le FilaForum de Milan accueillait samedi soir le&nbsp; Grand Prix d\u2019Italie de Trial Moto en salle, sixi\u00e8me \u00e9tape du Championnat du Monde. La bataille d\u2019Italie s\u2019annon\u00e7ait \u00e2pre et palpitante. En effet, arriv\u00e9 \u00e0 mi-parcours de ce Mondial 2007, le jeune prodige Espagnol Toni Bou (Montesa-HRC) avait pris, avec sa victoire [&hellip;]","twitter_image":"http:\/\/www.leblogmoto.com\/images\/132_g_2.jpg","twitter_misc":{"\u00c9crit par":"christian tirat","Dur\u00e9e de lecture estim\u00e9e":"4 minutes"},"schema":{"@context":"https:\/\/schema.org","@graph":[{"@type":"WebPage","@id":"https:\/\/blogs.thesocialmedia.com\/leblogmoto\/2007\/02\/18\/trial-en-salle-3\/","url":"https:\/\/blogs.thesocialmedia.com\/leblogmoto\/2007\/02\/18\/trial-en-salle-3\/","name":"Trial en Salle : Cabestany victorieux \u00e0 Milan - leblogmoto.com","isPartOf":{"@id":"https:\/\/blogs.thesocialmedia.com\/leblogmoto\/#website"},"primaryImageOfPage":{"@id":"https:\/\/blogs.thesocialmedia.com\/leblogmoto\/2007\/02\/18\/trial-en-salle-3\/#primaryimage"},"image":{"@id":"https:\/\/blogs.thesocialmedia.com\/leblogmoto\/2007\/02\/18\/trial-en-salle-3\/#primaryimage"},"thumbnailUrl":"http:\/\/www.leblogmoto.com\/images\/132_g_2.jpg","datePublished":"2007-02-18T11:55:42+00:00","dateModified":"2012-07-11T14:32:28+00:00","author":{"@id":"https:\/\/blogs.thesocialmedia.com\/leblogmoto\/#\/schema\/person\/90b2f8fd0d5a2cede2580e95fc79c6c0"},"breadcrumb":{"@id":"https:\/\/blogs.thesocialmedia.com\/leblogmoto\/2007\/02\/18\/trial-en-salle-3\/#breadcrumb"},"inLanguage":"fr-FR","potentialAction":[{"@type":"ReadAction","target":["https:\/\/blogs.thesocialmedia.com\/leblogmoto\/2007\/02\/18\/trial-en-salle-3\/"]}]},{"@type":"ImageObject","inLanguage":"fr-FR","@id":"https:\/\/blogs.thesocialmedia.com\/leblogmoto\/2007\/02\/18\/trial-en-salle-3\/#primaryimage","url":"http:\/\/www.leblogmoto.com\/images\/132_g_2.jpg","contentUrl":"http:\/\/www.leblogmoto.com\/images\/132_g_2.jpg"},{"@type":"BreadcrumbList","@id":"https:\/\/blogs.thesocialmedia.com\/leblogmoto\/2007\/02\/18\/trial-en-salle-3\/#breadcrumb","itemListElement":[{"@type":"ListItem","position":1,"name":"Accueil","item":"https:\/\/blogs.thesocialmedia.com\/leblogmoto\/"},{"@type":"ListItem","position":2,"name":"Trial en Salle : Cabestany victorieux \u00e0 Milan"}]},{"@type":"WebSite","@id":"https:\/\/blogs.thesocialmedia.com\/leblogmoto\/#website","url":"https:\/\/blogs.thesocialmedia.com\/leblogmoto\/","name":"leblogmoto","description":"Toute l&#039;actualit\u00e9 des 2 roues","potentialAction":[{"@type":"SearchAction","target":{"@type":"EntryPoint","urlTemplate":"https:\/\/blogs.thesocialmedia.com\/leblogmoto\/?s={search_term_string}"},"query-input":{"@type":"PropertyValueSpecification","valueRequired":true,"valueName":"search_term_string"}}],"inLanguage":"fr-FR"},{"@type":"Person","@id":"https:\/\/blogs.thesocialmedia.com\/leblogmoto\/#\/schema\/person\/90b2f8fd0d5a2cede2580e95fc79c6c0","name":"christian tirat","image":{"@type":"ImageObject","inLanguage":"fr-FR","@id":"https:\/\/blogs.thesocialmedia.com\/leblogmoto\/#\/schema\/person\/image\/","url":"https:\/\/secure.gravatar.com\/avatar\/?s=96&d=mm&r=g","contentUrl":"https:\/\/secure.gravatar.com\/avatar\/?s=96&d=mm&r=g","caption":"christian tirat"},"url":"https:\/\/blogs.thesocialmedia.com\/leblogmoto\/author\/christian-tirat\/"}]}},"_links":{"self":[{"href":"https:\/\/blogs.thesocialmedia.com\/leblogmoto\/wp-json\/wp\/v2\/posts\/1545","targetHints":{"allow":["GET"]}}],"collection":[{"href":"https:\/\/blogs.thesocialmedia.com\/leblogmoto\/wp-json\/wp\/v2\/posts"}],"about":[{"href":"https:\/\/blogs.thesocialmedia.com\/leblogmoto\/wp-json\/wp\/v2\/types\/post"}],"author":[{"embeddable":true,"href":"https:\/\/blogs.thesocialmedia.com\/leblogmoto\/wp-json\/wp\/v2\/users\/333"}],"replies":[{"embeddable":true,"href":"https:\/\/blogs.thesocialmedia.com\/leblogmoto\/wp-json\/wp\/v2\/comments?post=1545"}],"version-history":[{"count":2,"href":"https:\/\/blogs.thesocialmedia.com\/leblogmoto\/wp-json\/wp\/v2\/posts\/1545\/revisions"}],"predecessor-version":[{"id":8043,"href":"https:\/\/blogs.thesocialmedia.com\/leblogmoto\/wp-json\/wp\/v2\/posts\/1545\/revisions\/8043"}],"wp:attachment":[{"href":"https:\/\/blogs.thesocialmedia.com\/leblogmoto\/wp-json\/wp\/v2\/media?parent=1545"}],"wp:term":[{"taxonomy":"category","embeddable":true,"href":"https:\/\/blogs.thesocialmedia.com\/leblogmoto\/wp-json\/wp\/v2\/categories?post=1545"},{"taxonomy":"post_tag","embeddable":true,"href":"https:\/\/blogs.thesocialmedia.com\/leblogmoto\/wp-json\/wp\/v2\/tags?post=1545"}],"curies":[{"name":"wp","href":"https:\/\/api.w.org\/{rel}","templated":true}]}}