{"id":1546,"date":"2007-02-17T19:45:37","date_gmt":"2007-02-17T19:45:37","guid":{"rendered":"http:\/\/blogs.thesocialmedia.com\/leblogmoto\/2007\/02\/17\/endurance-moto-2\/"},"modified":"2012-07-11T14:32:26","modified_gmt":"2012-07-11T14:32:26","slug":"endurance-moto-2","status":"publish","type":"post","link":"https:\/\/blogs.thesocialmedia.com\/leblogmoto\/2007\/02\/17\/endurance-moto-2\/","title":{"rendered":"Endurance Moto: des \u00ab poireaux \u00bb dans le Bol"},"content":{"rendered":"<p><a href=\"http:\/\/blogs.thesocialmedia.com\/leblogmoto\/files\/2012\/07\/2007_yzfr1_photo_05.jpg\"><img loading=\"lazy\" decoding=\"async\" width=\"250\" height=\"141\"  alt=\"2007_yzfr1_photo_05\" src=\"http:\/\/www.leblogmoto.com\/images\/2007_yzfr1_photo_05.jpg\" style=\"margin: 0px 5px 5px 0px;float: left\" \/><\/a> Qui n\u2019a jamais r\u00eav\u00e9 de courir l\u2019une des plus fameuses comp\u00e9tition d\u2019Endurance Moto, les <a href=\"http:\/\/www.lemans.org\/24heuresmoto\/live\/pages\/accueil_fr.html\">24 Heures du Mans<\/a> ou bien le <a href=\"http:\/\/www.boldor.fr\/site\/accueil.php\">Bol d\u2019Or<\/a>, voire les deux ? <br \/>Faute de budget, de soutien technique et logistique, l\u2019\u00e9crasante majorit\u00e9 des \u00ab poireaux \u00bb se contente de les vivre en spectateur.<\/p>\n<p><a href=\"http:\/\/clabedan.typepad.com\/.shared\/image.html?\/photos\/uncategorized\/frissons2004_02.jpg\"><img loading=\"lazy\" decoding=\"async\" width=\"250\" height=\"157\"  alt=\"Frissons2004_02\" src=\"http:\/\/www.leblogmoto.com\/images\/frissons2004_02.jpg\" style=\"margin: 0px 5px 5px 0px;float: left\" \/><\/a>Le r\u00eave pourrait bien se r\u00e9aliser, pour peu que vous disposiez d\u2019une excellente forme physique et surtout d\u2019un capital talent-motivation-esprit d\u2019\u00e9quipe sans faille.<\/p>\n<p> Cette opportunit\u00e9 de rouler en course au sein du Team Sarthois Acropolis vous est propos\u00e9e pour la deuxi\u00e8me ann\u00e9e cons\u00e9cutive par <a href=\"http:\/\/www.motoexpert-academy.com\/\">Moto Expert Academy<\/a>. En effet le <a href=\"http:\/\/www.motoexpert.fr\/\">r\u00e9seau commercial<\/a> recherche trois pilotes novices et un suppl\u00e9ant pour piloter une Yamaha R1 Stocksport sur les <a href=\"http:\/\/www.lemans.org\/24heuresmoto\/live\/pages\/accueil_fr.html\">24 Heures du Mans<\/a> et le <a href=\"http:\/\/www.boldor.fr\/site\/accueil.php\">Bol d\u2019Or 2007<\/a>.<\/p>\n<p> Cette moto issue de l\u2019\u00e9curie GMT94 de Christophe Guyot avait termin\u00e9 3\u00e8me aux 24 Heures du Mans 2006. Elle portera cette ann\u00e9e le num\u00e9ro 199 et quittera sa fameuse livr\u00e9e bleue pour endosser la robe jaune, noire et blanche d\u2019Acropolis. Elle sera la deuxi\u00e8me moto de l\u2019\u00e9curie, aux c\u00f4t\u00e9s de la R1 Superbike n\u00b099 pilot\u00e9e par <a href=\"http:\/\/www.christophecogan.com\/\">Christophe Cogan<\/a> et Stefan Nebel (le 3e pilote restant \u00e0 confirmer)<\/p>\n<p> Pour d\u00e9couvrir ces nouveaux talents une semaine de s\u00e9lection aura lieu sur le <a href=\"http:\/\/www.circuit-carole.com\/\">circuit Carole<\/a> du 12 au 17 mars.<\/p>\n<p> C\u2019est \u00e0 l\u2019issue de la finale de la Moto Expert Academy , le 17 mars que les trois meilleurs pilotes seront retenus par un jury de professionnels parmi lequel sont pressentis <a href=\"http:\/\/www.randydepuniet.net\/news\/\">Randy de Puniet<\/a>, <a href=\"http:\/\/www.monneret.com\/\">Philippe Monneret<\/a>, \u00c9ric Mahe, <a href=\"http:\/\/www.stephanemertens.com\/\">St\u00e9phane Mertens<\/a> et G\u00e9rard Coudray.<\/p>\n<p><a href=\"http:\/\/clabedan.typepad.com\/.shared\/image.html?\/photos\/uncategorized\/motoexpertacademy.jpg\"><img loading=\"lazy\" decoding=\"async\" width=\"250\" height=\"210\"  alt=\"Motoexpertacademy\" src=\"http:\/\/www.leblogmoto.com\/images\/motoexpertacademy.jpg\" style=\"margin: 0px 5px 5px 0px;float: left\" \/><\/a> Participation<br \/> La recette est bonne car elle mijote depuis deux ans, mais pour faire un bon <a href=\"http:\/\/www.boldor.fr\/site\/accueil.php\">Bol<\/a>, il conviendra d\u2019ajouter une pinc\u00e9e d\u2019oseille aux \u00ab poireaux \u00bb, tr\u00e8s exactement 249 \u20ac&nbsp; (inscription avant le 20 f\u00e9vrier, puis 279 \u20ac jusqu\u2019au 10 mars).<\/p>\n<p> Pour obtenir le dossier complet, rendez-vous dans un magasin <a href=\"http:\/\/www.motoexpert.fr\/\">Moto Expert<\/a> ou sur le site <a href=\"http:\/\/www.motoexpert-academy.com\/\">motoexpert-academy.com<\/a><\/p>\n<p> <\/p>\n","protected":false},"excerpt":{"rendered":"<p>Qui n\u2019a jamais r\u00eav\u00e9 de courir l\u2019une des plus fameuses comp\u00e9tition d\u2019Endurance Moto, les 24 Heures du Mans ou bien le Bol d\u2019Or, voire les deux ? Faute de budget, de soutien technique et logistique, l\u2019\u00e9crasante majorit\u00e9 des \u00ab poireaux \u00bb se contente de les vivre en spectateur. Le r\u00eave pourrait bien se r\u00e9aliser, pour [&hellip;]<\/p>\n","protected":false},"author":333,"featured_media":0,"comment_status":"open","ping_status":"open","sticky":false,"template":"","format":"standard","meta":{"footnotes":""},"categories":[44],"tags":[],"class_list":["post-1546","post","type-post","status-publish","format-standard","hentry","category-yamaha"],"yoast_head":"<!-- This site is optimized with the Yoast SEO plugin v26.0 - https:\/\/yoast.com\/wordpress\/plugins\/seo\/ -->\n<title>Endurance Moto: des \u00ab poireaux \u00bb dans le Bol - leblogmoto.com<\/title>\n<meta name=\"robots\" content=\"index, follow, max-snippet:-1, max-image-preview:large, max-video-preview:-1\" \/>\n<link rel=\"canonical\" href=\"https:\/\/blogs.thesocialmedia.com\/leblogmoto\/2007\/02\/17\/endurance-moto-2\/\" \/>\n<meta name=\"twitter:card\" content=\"summary_large_image\" \/>\n<meta name=\"twitter:title\" content=\"Endurance Moto: des \u00ab poireaux \u00bb dans le Bol - leblogmoto.com\" \/>\n<meta name=\"twitter:description\" content=\"Qui n\u2019a jamais r\u00eav\u00e9 de courir l\u2019une des plus fameuses comp\u00e9tition d\u2019Endurance Moto, les 24 Heures du Mans ou bien le Bol d\u2019Or, voire les deux ? Faute de budget, de soutien technique et logistique, l\u2019\u00e9crasante majorit\u00e9 des \u00ab poireaux \u00bb se contente de les vivre en spectateur. Le r\u00eave pourrait bien se r\u00e9aliser, pour [&hellip;]\" \/>\n<meta name=\"twitter:image\" content=\"http:\/\/www.leblogmoto.com\/images\/2007_yzfr1_photo_05.jpg\" \/>\n<meta name=\"twitter:label1\" content=\"\u00c9crit par\" \/>\n\t<meta name=\"twitter:data1\" content=\"christian tirat\" \/>\n\t<meta name=\"twitter:label2\" content=\"Dur\u00e9e de lecture estim\u00e9e\" \/>\n\t<meta name=\"twitter:data2\" content=\"2 minutes\" \/>\n<script type=\"application\/ld+json\" class=\"yoast-schema-graph\">{\"@context\":\"https:\/\/schema.org\",\"@graph\":[{\"@type\":\"WebPage\",\"@id\":\"https:\/\/blogs.thesocialmedia.com\/leblogmoto\/2007\/02\/17\/endurance-moto-2\/\",\"url\":\"https:\/\/blogs.thesocialmedia.com\/leblogmoto\/2007\/02\/17\/endurance-moto-2\/\",\"name\":\"Endurance Moto: des \u00ab poireaux \u00bb dans le Bol - leblogmoto.com\",\"isPartOf\":{\"@id\":\"https:\/\/blogs.thesocialmedia.com\/leblogmoto\/#website\"},\"primaryImageOfPage\":{\"@id\":\"https:\/\/blogs.thesocialmedia.com\/leblogmoto\/2007\/02\/17\/endurance-moto-2\/#primaryimage\"},\"image\":{\"@id\":\"https:\/\/blogs.thesocialmedia.com\/leblogmoto\/2007\/02\/17\/endurance-moto-2\/#primaryimage\"},\"thumbnailUrl\":\"http:\/\/www.leblogmoto.com\/images\/2007_yzfr1_photo_05.jpg\",\"datePublished\":\"2007-02-17T19:45:37+00:00\",\"dateModified\":\"2012-07-11T14:32:26+00:00\",\"author\":{\"@id\":\"https:\/\/blogs.thesocialmedia.com\/leblogmoto\/#\/schema\/person\/90b2f8fd0d5a2cede2580e95fc79c6c0\"},\"breadcrumb\":{\"@id\":\"https:\/\/blogs.thesocialmedia.com\/leblogmoto\/2007\/02\/17\/endurance-moto-2\/#breadcrumb\"},\"inLanguage\":\"fr-FR\",\"potentialAction\":[{\"@type\":\"ReadAction\",\"target\":[\"https:\/\/blogs.thesocialmedia.com\/leblogmoto\/2007\/02\/17\/endurance-moto-2\/\"]}]},{\"@type\":\"ImageObject\",\"inLanguage\":\"fr-FR\",\"@id\":\"https:\/\/blogs.thesocialmedia.com\/leblogmoto\/2007\/02\/17\/endurance-moto-2\/#primaryimage\",\"url\":\"http:\/\/www.leblogmoto.com\/images\/2007_yzfr1_photo_05.jpg\",\"contentUrl\":\"http:\/\/www.leblogmoto.com\/images\/2007_yzfr1_photo_05.jpg\"},{\"@type\":\"BreadcrumbList\",\"@id\":\"https:\/\/blogs.thesocialmedia.com\/leblogmoto\/2007\/02\/17\/endurance-moto-2\/#breadcrumb\",\"itemListElement\":[{\"@type\":\"ListItem\",\"position\":1,\"name\":\"Accueil\",\"item\":\"https:\/\/blogs.thesocialmedia.com\/leblogmoto\/\"},{\"@type\":\"ListItem\",\"position\":2,\"name\":\"Endurance Moto: des \u00ab poireaux \u00bb dans le Bol\"}]},{\"@type\":\"WebSite\",\"@id\":\"https:\/\/blogs.thesocialmedia.com\/leblogmoto\/#website\",\"url\":\"https:\/\/blogs.thesocialmedia.com\/leblogmoto\/\",\"name\":\"leblogmoto\",\"description\":\"Toute l&#039;actualit\u00e9 des 2 roues\",\"potentialAction\":[{\"@type\":\"SearchAction\",\"target\":{\"@type\":\"EntryPoint\",\"urlTemplate\":\"https:\/\/blogs.thesocialmedia.com\/leblogmoto\/?s={search_term_string}\"},\"query-input\":{\"@type\":\"PropertyValueSpecification\",\"valueRequired\":true,\"valueName\":\"search_term_string\"}}],\"inLanguage\":\"fr-FR\"},{\"@type\":\"Person\",\"@id\":\"https:\/\/blogs.thesocialmedia.com\/leblogmoto\/#\/schema\/person\/90b2f8fd0d5a2cede2580e95fc79c6c0\",\"name\":\"christian tirat\",\"image\":{\"@type\":\"ImageObject\",\"inLanguage\":\"fr-FR\",\"@id\":\"https:\/\/blogs.thesocialmedia.com\/leblogmoto\/#\/schema\/person\/image\/\",\"url\":\"https:\/\/secure.gravatar.com\/avatar\/?s=96&d=mm&r=g\",\"contentUrl\":\"https:\/\/secure.gravatar.com\/avatar\/?s=96&d=mm&r=g\",\"caption\":\"christian tirat\"},\"url\":\"https:\/\/blogs.thesocialmedia.com\/leblogmoto\/author\/christian-tirat\/\"}]}<\/script>\n<!-- \/ Yoast SEO plugin. -->","yoast_head_json":{"title":"Endurance Moto: des \u00ab poireaux \u00bb dans le Bol - leblogmoto.com","robots":{"index":"index","follow":"follow","max-snippet":"max-snippet:-1","max-image-preview":"max-image-preview:large","max-video-preview":"max-video-preview:-1"},"canonical":"https:\/\/blogs.thesocialmedia.com\/leblogmoto\/2007\/02\/17\/endurance-moto-2\/","twitter_card":"summary_large_image","twitter_title":"Endurance Moto: des \u00ab poireaux \u00bb dans le Bol - leblogmoto.com","twitter_description":"Qui n\u2019a jamais r\u00eav\u00e9 de courir l\u2019une des plus fameuses comp\u00e9tition d\u2019Endurance Moto, les 24 Heures du Mans ou bien le Bol d\u2019Or, voire les deux ? Faute de budget, de soutien technique et logistique, l\u2019\u00e9crasante majorit\u00e9 des \u00ab poireaux \u00bb se contente de les vivre en spectateur. Le r\u00eave pourrait bien se r\u00e9aliser, pour [&hellip;]","twitter_image":"http:\/\/www.leblogmoto.com\/images\/2007_yzfr1_photo_05.jpg","twitter_misc":{"\u00c9crit par":"christian tirat","Dur\u00e9e de lecture estim\u00e9e":"2 minutes"},"schema":{"@context":"https:\/\/schema.org","@graph":[{"@type":"WebPage","@id":"https:\/\/blogs.thesocialmedia.com\/leblogmoto\/2007\/02\/17\/endurance-moto-2\/","url":"https:\/\/blogs.thesocialmedia.com\/leblogmoto\/2007\/02\/17\/endurance-moto-2\/","name":"Endurance Moto: des \u00ab poireaux \u00bb dans le Bol - leblogmoto.com","isPartOf":{"@id":"https:\/\/blogs.thesocialmedia.com\/leblogmoto\/#website"},"primaryImageOfPage":{"@id":"https:\/\/blogs.thesocialmedia.com\/leblogmoto\/2007\/02\/17\/endurance-moto-2\/#primaryimage"},"image":{"@id":"https:\/\/blogs.thesocialmedia.com\/leblogmoto\/2007\/02\/17\/endurance-moto-2\/#primaryimage"},"thumbnailUrl":"http:\/\/www.leblogmoto.com\/images\/2007_yzfr1_photo_05.jpg","datePublished":"2007-02-17T19:45:37+00:00","dateModified":"2012-07-11T14:32:26+00:00","author":{"@id":"https:\/\/blogs.thesocialmedia.com\/leblogmoto\/#\/schema\/person\/90b2f8fd0d5a2cede2580e95fc79c6c0"},"breadcrumb":{"@id":"https:\/\/blogs.thesocialmedia.com\/leblogmoto\/2007\/02\/17\/endurance-moto-2\/#breadcrumb"},"inLanguage":"fr-FR","potentialAction":[{"@type":"ReadAction","target":["https:\/\/blogs.thesocialmedia.com\/leblogmoto\/2007\/02\/17\/endurance-moto-2\/"]}]},{"@type":"ImageObject","inLanguage":"fr-FR","@id":"https:\/\/blogs.thesocialmedia.com\/leblogmoto\/2007\/02\/17\/endurance-moto-2\/#primaryimage","url":"http:\/\/www.leblogmoto.com\/images\/2007_yzfr1_photo_05.jpg","contentUrl":"http:\/\/www.leblogmoto.com\/images\/2007_yzfr1_photo_05.jpg"},{"@type":"BreadcrumbList","@id":"https:\/\/blogs.thesocialmedia.com\/leblogmoto\/2007\/02\/17\/endurance-moto-2\/#breadcrumb","itemListElement":[{"@type":"ListItem","position":1,"name":"Accueil","item":"https:\/\/blogs.thesocialmedia.com\/leblogmoto\/"},{"@type":"ListItem","position":2,"name":"Endurance Moto: des \u00ab poireaux \u00bb dans le Bol"}]},{"@type":"WebSite","@id":"https:\/\/blogs.thesocialmedia.com\/leblogmoto\/#website","url":"https:\/\/blogs.thesocialmedia.com\/leblogmoto\/","name":"leblogmoto","description":"Toute l&#039;actualit\u00e9 des 2 roues","potentialAction":[{"@type":"SearchAction","target":{"@type":"EntryPoint","urlTemplate":"https:\/\/blogs.thesocialmedia.com\/leblogmoto\/?s={search_term_string}"},"query-input":{"@type":"PropertyValueSpecification","valueRequired":true,"valueName":"search_term_string"}}],"inLanguage":"fr-FR"},{"@type":"Person","@id":"https:\/\/blogs.thesocialmedia.com\/leblogmoto\/#\/schema\/person\/90b2f8fd0d5a2cede2580e95fc79c6c0","name":"christian tirat","image":{"@type":"ImageObject","inLanguage":"fr-FR","@id":"https:\/\/blogs.thesocialmedia.com\/leblogmoto\/#\/schema\/person\/image\/","url":"https:\/\/secure.gravatar.com\/avatar\/?s=96&d=mm&r=g","contentUrl":"https:\/\/secure.gravatar.com\/avatar\/?s=96&d=mm&r=g","caption":"christian tirat"},"url":"https:\/\/blogs.thesocialmedia.com\/leblogmoto\/author\/christian-tirat\/"}]}},"_links":{"self":[{"href":"https:\/\/blogs.thesocialmedia.com\/leblogmoto\/wp-json\/wp\/v2\/posts\/1546","targetHints":{"allow":["GET"]}}],"collection":[{"href":"https:\/\/blogs.thesocialmedia.com\/leblogmoto\/wp-json\/wp\/v2\/posts"}],"about":[{"href":"https:\/\/blogs.thesocialmedia.com\/leblogmoto\/wp-json\/wp\/v2\/types\/post"}],"author":[{"embeddable":true,"href":"https:\/\/blogs.thesocialmedia.com\/leblogmoto\/wp-json\/wp\/v2\/users\/333"}],"replies":[{"embeddable":true,"href":"https:\/\/blogs.thesocialmedia.com\/leblogmoto\/wp-json\/wp\/v2\/comments?post=1546"}],"version-history":[{"count":2,"href":"https:\/\/blogs.thesocialmedia.com\/leblogmoto\/wp-json\/wp\/v2\/posts\/1546\/revisions"}],"predecessor-version":[{"id":8041,"href":"https:\/\/blogs.thesocialmedia.com\/leblogmoto\/wp-json\/wp\/v2\/posts\/1546\/revisions\/8041"}],"wp:attachment":[{"href":"https:\/\/blogs.thesocialmedia.com\/leblogmoto\/wp-json\/wp\/v2\/media?parent=1546"}],"wp:term":[{"taxonomy":"category","embeddable":true,"href":"https:\/\/blogs.thesocialmedia.com\/leblogmoto\/wp-json\/wp\/v2\/categories?post=1546"},{"taxonomy":"post_tag","embeddable":true,"href":"https:\/\/blogs.thesocialmedia.com\/leblogmoto\/wp-json\/wp\/v2\/tags?post=1546"}],"curies":[{"name":"wp","href":"https:\/\/api.w.org\/{rel}","templated":true}]}}