{"id":1548,"date":"2007-02-17T14:34:52","date_gmt":"2007-02-17T14:34:52","guid":{"rendered":"http:\/\/blogs.thesocialmedia.com\/leblogmoto\/2007\/02\/17\/centopassi-2007\/"},"modified":"2012-07-11T14:32:22","modified_gmt":"2012-07-11T14:32:22","slug":"centopassi-2007","status":"publish","type":"post","link":"https:\/\/blogs.thesocialmedia.com\/leblogmoto\/2007\/02\/17\/centopassi-2007\/","title":{"rendered":"Centopassi 2007"},"content":{"rendered":"<p><a href=\"http:\/\/blogs.thesocialmedia.com\/leblogmoto\/files\/2012\/07\/3_tom_4445.jpg\"><img loading=\"lazy\" decoding=\"async\" width=\"250\" height=\"166\"  src=\"http:\/\/www.leblogmoto.com\/images\/3_tom_4445.jpg\" alt=\"3_tom_4445\" style=\"margin: 0px 5px 5px 0px;float: left\" \/><\/a>Amateurs de sensations fortes, ceci est fait pour vous ! Du 17 au 21 juillet \u00e0 lieu le <a href=\"http:\/\/www.centopassi.com\/\">Centopassi<\/a>, un \u00e9v\u00e9nement italien qui s&rsquo;\u00e9tend dans les Alpes, avec un seul but : encha\u00eener les virolos ! Tous les participants vont parcourir (ou subir) 300 \u00e0 400 km de routes alpines par jour, des cols \u00e0 franchir en pagaille dont certains sont encore des chemins caillouteux. Cette ann\u00e9e, les alpes de l&rsquo;Est sont au programme, une bonne occasion de d\u00e9couvrir des r\u00e9gions pas si lointaines.<\/p>\n<p><a href=\"http:\/\/clabedan.typepad.com\/.shared\/image.html?\/photos\/uncategorized\/2_tom_4281.jpg\"><img loading=\"lazy\" decoding=\"async\" width=\"250\" height=\"166\"  src=\"http:\/\/www.leblogmoto.com\/images\/2_tom_4281.jpg\" alt=\"2_tom_4281\" style=\"margin: 0px 5px 5px 0px;float: left\" \/><\/a> Pour qui ?<br \/>Tout le monde peut y participer, avec une condition physique minimale n\u00e9cessaire. Deux cat\u00e9gories sont propos\u00e9es : les comp\u00e9titeurs et les &quot;Iron Bikers&quot;.<br \/>Les comp\u00e9titeurs constituent des groupes de 3 et seront confront\u00e9s en plus des 300 \u00e0 400 km \u00e0 des tests de maniabilit\u00e9 moto (style permis plateau). <br \/>La classe Iron Biker s&rsquo;inscrit plus dans l&rsquo;optique de se faire plaisir et d\u00e9couvrir les alpes avec un guide par groupe.<br \/>Toutes les marques de moto sont les bienvenues, mais on retrouve une grosse partie des concurrents sur des <a href=\"http:\/\/www.ducati.com\/od\/ducatifrance\/fr\/index.jhtml\">Ducati<\/a>, la <a href=\"http:\/\/www.ducati.com\/od\/ducatifrance\/fr\/bikes\/family.jhtml?family=605\">Multistrada<\/a> tr\u00e8s bien repr\u00e9sent\u00e9e.<\/p>\n<p>L&rsquo;itin\u00e9raire 2007 est d\u00e9j\u00e0 annonc\u00e9 (peut \u00eatre encore modifi\u00e9):<br \/><span style=\"color: #000000\">17, Juillet 2007: Organisation pr\u00e9liminaire \u00e0 Bolzano en Italie<br \/> &nbsp; &nbsp;&nbsp; &nbsp;&nbsp; &nbsp;&nbsp; &nbsp;&nbsp; 18, jour 1: Bolzano-Bled (Slov\u00e9nie) <br \/> &nbsp; &nbsp;&nbsp; &nbsp;&nbsp; &nbsp;&nbsp; &nbsp;&nbsp; 19, jour 2: Bled-Bled <br \/> &nbsp; &nbsp;&nbsp; &nbsp;&nbsp; &nbsp;&nbsp; &nbsp;&nbsp; 20, jour 3: Bled-Bolzano <br \/> &nbsp; &nbsp;&nbsp; &nbsp;&nbsp; &nbsp;&nbsp; &nbsp;&nbsp; 21, jour 4: Bolzano Bolzano<\/p>\n<p><a href=\"http:\/\/clabedan.typepad.com\/.shared\/image.html?\/photos\/uncategorized\/3_tom_4467.jpg\"><img loading=\"lazy\" decoding=\"async\" width=\"250\" height=\"375\"  src=\"http:\/\/www.leblogmoto.com\/images\/3_tom_4467.jpg\" alt=\"3_tom_4467\" style=\"margin: 0px 5px 5px 0px;float: left\" \/><\/a> Tarifs :<br \/>Deux formules sont propos\u00e9s et identiques pour les deux cat\u00e9gories de participation :<br \/>Avec chambre d&rsquo;hotel : 4 nuits, petit d\u00e9jeun\u00e9, dinner : 850\u20ac<br \/>Sans hotel : 400\u20ac<br \/>Dans les deux cas, l&rsquo;organisation fournis les prestations : Transport des bagages, c\u00e9r\u00e9monies, souvenirs, kits de participation, assurance FMI (F\u00e9d\u00e9ration Motocycliste Italienne), assistance m\u00e9canique l\u00e9g\u00e8re, assistance m\u00e9dicale, transport en cas de panne. En bref, tout ce qu&rsquo;il faut pour passer 5 jours en toute s\u00e9curit\u00e9.<\/p>\n<p>Les inscriptions sont d\u00e9j\u00e0 ouvertes <a href=\"http:\/\/www.centopassi.com\/eng\/regolamento.html\">ici<\/a><\/p>\n<p>Source : <a href=\"http:\/\/www.centopassi.com\/\">http:\/\/www.centopassi.com\/<\/a><br \/><\/span><\/p>\n","protected":false},"excerpt":{"rendered":"<p>Amateurs de sensations fortes, ceci est fait pour vous ! Du 17 au 21 juillet \u00e0 lieu le Centopassi, un \u00e9v\u00e9nement italien qui s&rsquo;\u00e9tend dans les Alpes, avec un seul but : encha\u00eener les virolos ! Tous les participants vont parcourir (ou subir) 300 \u00e0 400 km de routes alpines par jour, des cols \u00e0 [&hellip;]<\/p>\n","protected":false},"author":331,"featured_media":0,"comment_status":"open","ping_status":"open","sticky":false,"template":"","format":"standard","meta":{"footnotes":""},"categories":[13],"tags":[146,108,147],"class_list":["post-1548","post","type-post","status-publish","format-standard","hentry","category-aventure","tag-centopassi","tag-ducati-2","tag-italie"],"yoast_head":"<!-- This site is optimized with the Yoast SEO plugin v26.0 - https:\/\/yoast.com\/wordpress\/plugins\/seo\/ -->\n<title>Centopassi 2007 - leblogmoto.com<\/title>\n<meta name=\"robots\" content=\"index, follow, max-snippet:-1, max-image-preview:large, max-video-preview:-1\" \/>\n<link rel=\"canonical\" href=\"https:\/\/blogs.thesocialmedia.com\/leblogmoto\/2007\/02\/17\/centopassi-2007\/\" \/>\n<meta name=\"twitter:card\" content=\"summary_large_image\" \/>\n<meta name=\"twitter:title\" content=\"Centopassi 2007 - leblogmoto.com\" \/>\n<meta name=\"twitter:description\" content=\"Amateurs de sensations fortes, ceci est fait pour vous ! Du 17 au 21 juillet \u00e0 lieu le Centopassi, un \u00e9v\u00e9nement italien qui s&rsquo;\u00e9tend dans les Alpes, avec un seul but : encha\u00eener les virolos ! Tous les participants vont parcourir (ou subir) 300 \u00e0 400 km de routes alpines par jour, des cols \u00e0 [&hellip;]\" \/>\n<meta name=\"twitter:image\" content=\"http:\/\/www.leblogmoto.com\/images\/3_tom_4445.jpg\" \/>\n<meta name=\"twitter:label1\" content=\"\u00c9crit par\" \/>\n\t<meta name=\"twitter:data1\" content=\"nicolas gehin\" \/>\n\t<meta name=\"twitter:label2\" content=\"Dur\u00e9e de lecture estim\u00e9e\" \/>\n\t<meta name=\"twitter:data2\" content=\"2 minutes\" \/>\n<script type=\"application\/ld+json\" class=\"yoast-schema-graph\">{\"@context\":\"https:\/\/schema.org\",\"@graph\":[{\"@type\":\"WebPage\",\"@id\":\"https:\/\/blogs.thesocialmedia.com\/leblogmoto\/2007\/02\/17\/centopassi-2007\/\",\"url\":\"https:\/\/blogs.thesocialmedia.com\/leblogmoto\/2007\/02\/17\/centopassi-2007\/\",\"name\":\"Centopassi 2007 - leblogmoto.com\",\"isPartOf\":{\"@id\":\"https:\/\/blogs.thesocialmedia.com\/leblogmoto\/#website\"},\"primaryImageOfPage\":{\"@id\":\"https:\/\/blogs.thesocialmedia.com\/leblogmoto\/2007\/02\/17\/centopassi-2007\/#primaryimage\"},\"image\":{\"@id\":\"https:\/\/blogs.thesocialmedia.com\/leblogmoto\/2007\/02\/17\/centopassi-2007\/#primaryimage\"},\"thumbnailUrl\":\"http:\/\/www.leblogmoto.com\/images\/3_tom_4445.jpg\",\"datePublished\":\"2007-02-17T14:34:52+00:00\",\"dateModified\":\"2012-07-11T14:32:22+00:00\",\"author\":{\"@id\":\"https:\/\/blogs.thesocialmedia.com\/leblogmoto\/#\/schema\/person\/46fe3ed364ad3153421e8604c6e3305f\"},\"breadcrumb\":{\"@id\":\"https:\/\/blogs.thesocialmedia.com\/leblogmoto\/2007\/02\/17\/centopassi-2007\/#breadcrumb\"},\"inLanguage\":\"fr-FR\",\"potentialAction\":[{\"@type\":\"ReadAction\",\"target\":[\"https:\/\/blogs.thesocialmedia.com\/leblogmoto\/2007\/02\/17\/centopassi-2007\/\"]}]},{\"@type\":\"ImageObject\",\"inLanguage\":\"fr-FR\",\"@id\":\"https:\/\/blogs.thesocialmedia.com\/leblogmoto\/2007\/02\/17\/centopassi-2007\/#primaryimage\",\"url\":\"http:\/\/www.leblogmoto.com\/images\/3_tom_4445.jpg\",\"contentUrl\":\"http:\/\/www.leblogmoto.com\/images\/3_tom_4445.jpg\"},{\"@type\":\"BreadcrumbList\",\"@id\":\"https:\/\/blogs.thesocialmedia.com\/leblogmoto\/2007\/02\/17\/centopassi-2007\/#breadcrumb\",\"itemListElement\":[{\"@type\":\"ListItem\",\"position\":1,\"name\":\"Accueil\",\"item\":\"https:\/\/blogs.thesocialmedia.com\/leblogmoto\/\"},{\"@type\":\"ListItem\",\"position\":2,\"name\":\"Centopassi 2007\"}]},{\"@type\":\"WebSite\",\"@id\":\"https:\/\/blogs.thesocialmedia.com\/leblogmoto\/#website\",\"url\":\"https:\/\/blogs.thesocialmedia.com\/leblogmoto\/\",\"name\":\"leblogmoto\",\"description\":\"Toute l&#039;actualit\u00e9 des 2 roues\",\"potentialAction\":[{\"@type\":\"SearchAction\",\"target\":{\"@type\":\"EntryPoint\",\"urlTemplate\":\"https:\/\/blogs.thesocialmedia.com\/leblogmoto\/?s={search_term_string}\"},\"query-input\":{\"@type\":\"PropertyValueSpecification\",\"valueRequired\":true,\"valueName\":\"search_term_string\"}}],\"inLanguage\":\"fr-FR\"},{\"@type\":\"Person\",\"@id\":\"https:\/\/blogs.thesocialmedia.com\/leblogmoto\/#\/schema\/person\/46fe3ed364ad3153421e8604c6e3305f\",\"name\":\"nicolas gehin\",\"image\":{\"@type\":\"ImageObject\",\"inLanguage\":\"fr-FR\",\"@id\":\"https:\/\/blogs.thesocialmedia.com\/leblogmoto\/#\/schema\/person\/image\/\",\"url\":\"https:\/\/secure.gravatar.com\/avatar\/?s=96&d=mm&r=g\",\"contentUrl\":\"https:\/\/secure.gravatar.com\/avatar\/?s=96&d=mm&r=g\",\"caption\":\"nicolas gehin\"},\"url\":\"https:\/\/blogs.thesocialmedia.com\/leblogmoto\/author\/nicolas-gehin\/\"}]}<\/script>\n<!-- \/ Yoast SEO plugin. -->","yoast_head_json":{"title":"Centopassi 2007 - leblogmoto.com","robots":{"index":"index","follow":"follow","max-snippet":"max-snippet:-1","max-image-preview":"max-image-preview:large","max-video-preview":"max-video-preview:-1"},"canonical":"https:\/\/blogs.thesocialmedia.com\/leblogmoto\/2007\/02\/17\/centopassi-2007\/","twitter_card":"summary_large_image","twitter_title":"Centopassi 2007 - leblogmoto.com","twitter_description":"Amateurs de sensations fortes, ceci est fait pour vous ! Du 17 au 21 juillet \u00e0 lieu le Centopassi, un \u00e9v\u00e9nement italien qui s&rsquo;\u00e9tend dans les Alpes, avec un seul but : encha\u00eener les virolos ! Tous les participants vont parcourir (ou subir) 300 \u00e0 400 km de routes alpines par jour, des cols \u00e0 [&hellip;]","twitter_image":"http:\/\/www.leblogmoto.com\/images\/3_tom_4445.jpg","twitter_misc":{"\u00c9crit par":"nicolas gehin","Dur\u00e9e de lecture estim\u00e9e":"2 minutes"},"schema":{"@context":"https:\/\/schema.org","@graph":[{"@type":"WebPage","@id":"https:\/\/blogs.thesocialmedia.com\/leblogmoto\/2007\/02\/17\/centopassi-2007\/","url":"https:\/\/blogs.thesocialmedia.com\/leblogmoto\/2007\/02\/17\/centopassi-2007\/","name":"Centopassi 2007 - leblogmoto.com","isPartOf":{"@id":"https:\/\/blogs.thesocialmedia.com\/leblogmoto\/#website"},"primaryImageOfPage":{"@id":"https:\/\/blogs.thesocialmedia.com\/leblogmoto\/2007\/02\/17\/centopassi-2007\/#primaryimage"},"image":{"@id":"https:\/\/blogs.thesocialmedia.com\/leblogmoto\/2007\/02\/17\/centopassi-2007\/#primaryimage"},"thumbnailUrl":"http:\/\/www.leblogmoto.com\/images\/3_tom_4445.jpg","datePublished":"2007-02-17T14:34:52+00:00","dateModified":"2012-07-11T14:32:22+00:00","author":{"@id":"https:\/\/blogs.thesocialmedia.com\/leblogmoto\/#\/schema\/person\/46fe3ed364ad3153421e8604c6e3305f"},"breadcrumb":{"@id":"https:\/\/blogs.thesocialmedia.com\/leblogmoto\/2007\/02\/17\/centopassi-2007\/#breadcrumb"},"inLanguage":"fr-FR","potentialAction":[{"@type":"ReadAction","target":["https:\/\/blogs.thesocialmedia.com\/leblogmoto\/2007\/02\/17\/centopassi-2007\/"]}]},{"@type":"ImageObject","inLanguage":"fr-FR","@id":"https:\/\/blogs.thesocialmedia.com\/leblogmoto\/2007\/02\/17\/centopassi-2007\/#primaryimage","url":"http:\/\/www.leblogmoto.com\/images\/3_tom_4445.jpg","contentUrl":"http:\/\/www.leblogmoto.com\/images\/3_tom_4445.jpg"},{"@type":"BreadcrumbList","@id":"https:\/\/blogs.thesocialmedia.com\/leblogmoto\/2007\/02\/17\/centopassi-2007\/#breadcrumb","itemListElement":[{"@type":"ListItem","position":1,"name":"Accueil","item":"https:\/\/blogs.thesocialmedia.com\/leblogmoto\/"},{"@type":"ListItem","position":2,"name":"Centopassi 2007"}]},{"@type":"WebSite","@id":"https:\/\/blogs.thesocialmedia.com\/leblogmoto\/#website","url":"https:\/\/blogs.thesocialmedia.com\/leblogmoto\/","name":"leblogmoto","description":"Toute l&#039;actualit\u00e9 des 2 roues","potentialAction":[{"@type":"SearchAction","target":{"@type":"EntryPoint","urlTemplate":"https:\/\/blogs.thesocialmedia.com\/leblogmoto\/?s={search_term_string}"},"query-input":{"@type":"PropertyValueSpecification","valueRequired":true,"valueName":"search_term_string"}}],"inLanguage":"fr-FR"},{"@type":"Person","@id":"https:\/\/blogs.thesocialmedia.com\/leblogmoto\/#\/schema\/person\/46fe3ed364ad3153421e8604c6e3305f","name":"nicolas gehin","image":{"@type":"ImageObject","inLanguage":"fr-FR","@id":"https:\/\/blogs.thesocialmedia.com\/leblogmoto\/#\/schema\/person\/image\/","url":"https:\/\/secure.gravatar.com\/avatar\/?s=96&d=mm&r=g","contentUrl":"https:\/\/secure.gravatar.com\/avatar\/?s=96&d=mm&r=g","caption":"nicolas gehin"},"url":"https:\/\/blogs.thesocialmedia.com\/leblogmoto\/author\/nicolas-gehin\/"}]}},"_links":{"self":[{"href":"https:\/\/blogs.thesocialmedia.com\/leblogmoto\/wp-json\/wp\/v2\/posts\/1548","targetHints":{"allow":["GET"]}}],"collection":[{"href":"https:\/\/blogs.thesocialmedia.com\/leblogmoto\/wp-json\/wp\/v2\/posts"}],"about":[{"href":"https:\/\/blogs.thesocialmedia.com\/leblogmoto\/wp-json\/wp\/v2\/types\/post"}],"author":[{"embeddable":true,"href":"https:\/\/blogs.thesocialmedia.com\/leblogmoto\/wp-json\/wp\/v2\/users\/331"}],"replies":[{"embeddable":true,"href":"https:\/\/blogs.thesocialmedia.com\/leblogmoto\/wp-json\/wp\/v2\/comments?post=1548"}],"version-history":[{"count":2,"href":"https:\/\/blogs.thesocialmedia.com\/leblogmoto\/wp-json\/wp\/v2\/posts\/1548\/revisions"}],"predecessor-version":[{"id":8037,"href":"https:\/\/blogs.thesocialmedia.com\/leblogmoto\/wp-json\/wp\/v2\/posts\/1548\/revisions\/8037"}],"wp:attachment":[{"href":"https:\/\/blogs.thesocialmedia.com\/leblogmoto\/wp-json\/wp\/v2\/media?parent=1548"}],"wp:term":[{"taxonomy":"category","embeddable":true,"href":"https:\/\/blogs.thesocialmedia.com\/leblogmoto\/wp-json\/wp\/v2\/categories?post=1548"},{"taxonomy":"post_tag","embeddable":true,"href":"https:\/\/blogs.thesocialmedia.com\/leblogmoto\/wp-json\/wp\/v2\/tags?post=1548"}],"curies":[{"name":"wp","href":"https:\/\/api.w.org\/{rel}","templated":true}]}}