{"id":1551,"date":"2007-02-16T19:07:24","date_gmt":"2007-02-16T19:07:24","guid":{"rendered":"http:\/\/blogs.thesocialmedia.com\/leblogmoto\/2007\/02\/16\/rallyes-vers-un\/"},"modified":"2012-07-11T14:32:13","modified_gmt":"2012-07-11T14:32:13","slug":"rallyes-vers-un","status":"publish","type":"post","link":"https:\/\/blogs.thesocialmedia.com\/leblogmoto\/2007\/02\/16\/rallyes-vers-un\/","title":{"rendered":"Rallyes : vers un Championnat Mondial des Rallyes Moto"},"content":{"rendered":"<p><a href=\"http:\/\/blogs.thesocialmedia.com\/leblogmoto\/files\/2012\/07\/060924_ft_1066.jpg\"><img loading=\"lazy\" decoding=\"async\" width=\"250\" height=\"168\"  src=\"http:\/\/www.leblogmoto.com\/images\/060924_ft_1066.jpg\" alt=\"060924_ft_1066\" style=\"margin: 0px 5px 5px 0px;float: left\" \/><\/a> La bonne nouvelle est venue le 9 f\u00e9vrier des organisateurs du Belgian Moto Tour, de l\u2019Italian MT et du <a href=\"http:\/\/www.moto-tour.com\/2006\/\">Dark Dog MT<\/a> : <br \/>Un Championnat International des Rallyes se jouera cette ann\u00e9e sur ces 3 \u00e9preuves, dans la perspective d\u2019un \u00e9largissement rapide qui devrait conduire \u00e0 l\u2019av\u00e8nement en 2008 ou 2010 d\u2019un Championnat Mondial sous l&rsquo;\u00e9gide de la F\u00e9d\u00e9ration internationale de Motocyclisme (FIM). <br \/>Le FIM International Rally Championship (FIM-IRC) vient de na\u00eetre !<\/p>\n<p><a href=\"http:\/\/clabedan.typepad.com\/.shared\/image.html?\/photos\/uncategorized\/060924_ft_3013.jpg\"><img loading=\"lazy\" decoding=\"async\" width=\"250\" height=\"168\"  src=\"http:\/\/www.leblogmoto.com\/images\/060924_ft_3013.jpg\" alt=\"060924_ft_3013\" style=\"margin: 0px 5px 5px 0px;float: left\" \/><\/a> Eric de Seynes, directeur d\u2019Option Sports Ev\u00e9nements \u00e0 l\u2019origine de la renaissance du <a href=\"http:\/\/www.moto-tour.com\/2006\/\">MT fran\u00e7ais<\/a>, avec son d\u00e9sormais fameux <a href=\"http:\/\/www.moto-tour.com\/2006\/\">Dark Dog<\/a>, a pr\u00e9cis\u00e9 que le Championnat Inter, cr\u00e9\u00e9 sur le mod\u00e8le du <a href=\"http:\/\/www.moto-tour.com\/2006\/\">MT<\/a> fran\u00e7ais &quot;devrait aboutir en 2010 \u00e0 six \u00e9preuves, \u00e0 raison d&rsquo;une nouvelle \u00e9preuve chaque ann\u00e9e avec deux titres (pilote et constructeur) et cinq troph\u00e9es pour les diff\u00e9rentes cat\u00e9gories de deux roues engag\u00e9s (multicylindres, monocylindre, scooter, side-car, classique)&quot; et il ajoute &quot;il y a cinq ans, lorsqu&rsquo;on a d\u00e9marr\u00e9 le <a href=\"http:\/\/www.moto-tour.com\/2006\/\">Moto <\/a> Tour, nous avions tous en t\u00eate l&rsquo;id\u00e9e du Tour de France Moto qui nous avait marqu\u00e9 il y a plus de 20 ans. L&rsquo;id\u00e9e \u00e9tait de relancer le concept d&rsquo;une \u00e9preuve qui soit f\u00e9d\u00e9ratrice, qui rassemble toutes les pratiques de la moto&quot;. Peut-\u00eatre ne s\u2019attendait-il pas \u00e0 la cr\u00e9ation si rapide d\u2019un Championnat Inter qui devrait aboutir d\u2019ici 2008 \u00e0 un Championnat Mondial. <\/p>\n<p><a href=\"http:\/\/clabedan.typepad.com\/.shared\/image.html?\/photos\/uncategorized\/fontan79portrait_1.jpg\"><img loading=\"lazy\" decoding=\"async\" width=\"250\" height=\"364\"  src=\"http:\/\/www.leblogmoto.com\/images\/fontan79portrait_1.jpg\" alt=\"Fontan79portrait_1\" style=\"margin: 0px 5px 5px 0px;float: left\" \/><\/a> A en croire <a href=\"http:\/\/www.bike70.com\/FontanM.html\">Marc Fontan<\/a>, l&rsquo;organisateur de l&rsquo;\u00e9preuve Fran\u00e7aise et coordinateur du nouveau Championnat, il serait d\u00e9j\u00e0 en contact avec d&rsquo;autres pays, notamment l&rsquo;Espagne, l&rsquo;Allemagne et l&rsquo;Angleterre pour \u00e9largir le Championnat.<\/p>\n<p>Patience ! pour le moment le &quot;modeste&quot; ? Inter d\u00e9butera du 16 au 19 mai en Belgique autour de Spa-Francorchamps, suivi du 21 au 24 juin par l&rsquo;Italie autour du circuit d&rsquo;Adria, entre Venise et Rimini et il se terminera du 5 au 14 octobre avec le <a href=\"http:\/\/www.moto-tour.com\/2006\/\">Dark Dog<\/a>. Partant de Reims pour rejoindre Toulon, l\u2019\u00e9preuve fran\u00e7aise devrait \u00eatre la plus longue et la plus difficile du nouveau <a href=\"http:\/\/clabedan.typepad.com\/.shared\/image.html?\/photos\/uncategorized\/060924_ft_1021.jpg\"><img loading=\"lazy\" decoding=\"async\" width=\"250\" height=\"168\"  src=\"http:\/\/www.leblogmoto.com\/images\/060924_ft_1021.jpg\" alt=\"060924_ft_1021\" style=\"margin: 0px 5px 5px 0px;float: left\" \/><\/a> Championnat c\u2019est pourquoi elle sera dot\u00e9e d\u2019un coefficient de 1,5 au classement final du FIM-IRC.<br \/> Sur ces trois \u00e9preuves des points seront attribu\u00e9s aux 30 premiers de chaque scratch pour le classement g\u00e9n\u00e9ral et aux 15 premiers de chaque cat\u00e9gorie pour le classement par cat\u00e9gorie. Cerise sur ce beau g\u00e2teau, afin que tous les pilotes puissent participer \u00e0 une manche dans son propre pays, une licence amateur FIM sera propos\u00e9e pour moins de 100 Euros.<\/p>\n<p>C\u00f4t\u00e9 r\u00e8glement, les motos ne devront pas exc\u00e9der sur le <a href=\"http:\/\/www.moto-tour.com\/2006\/\">Dark-Dog<\/a> les 106 chevaux l\u00e9gaux en France, alors qu&rsquo;elles ne seront pas brid\u00e9es en Belgique et en Italie. Selon <a href=\"http:\/\/www.bike70.com\/FontanM.html\">Marc Fontan<\/a> cette bizarrerie devrait \u00eatre tout \u00e0 fait possible a g\u00e9rer sur le plan technique et il insiste sur les contr\u00f4les qui seront effectu\u00e9s au d\u00e9part et \u00e0 l&rsquo;arriv\u00e9e de l\u2019\u00e9preuve&#8230;<br \/> Autre point, pour des raisons de s\u00e9curit\u00e9 les motos, \u00e0 l\u2019instar de celles qui courent en Rallye-Raid, devront \u00eatre munies d&rsquo;une puce \u00e9lectronique. Ce petit \u00ab mouchard \u00bb permettra de les localiser en permanence et surtout de d\u00e9tecter leur inclinaison afin de pouvoir agir tr\u00e8s vite en cas de chute.<\/p>\n<p><span style=\"font-size: 0.8em\">Rapellons enfin que le MT Fran\u00e7ais a \u00e9t\u00e9 remport\u00e9 l&rsquo;an pass\u00e9 par Denis Bouan sur sa <a href=\"http:\/\/www.buell.com\/fr_fr\/home.asp\">Buell XB12SS<\/a>.<\/span><\/p>\n<p> Nous vous donnerons plus de d\u00e9tails sur le programme des 3 rallyes du Championnat dans nos prochaines notes.<\/p>\n<p> Sources : <a href=\"http:\/\/www.ffmoto.org\/\">FFM<\/a>, <a href=\"http:\/\/www.fim.ch\/fr\/\">FIM<\/a>, AFP, OSE<br \/> Photos : <a href=\"http:\/\/photo.esprit-racing.com\/\">Esprit Racing<\/a><\/p>\n","protected":false},"excerpt":{"rendered":"<p>La bonne nouvelle est venue le 9 f\u00e9vrier des organisateurs du Belgian Moto Tour, de l\u2019Italian MT et du Dark Dog MT : Un Championnat International des Rallyes se jouera cette ann\u00e9e sur ces 3 \u00e9preuves, dans la perspective d\u2019un \u00e9largissement rapide qui devrait conduire \u00e0 l\u2019av\u00e8nement en 2008 ou 2010 d\u2019un Championnat Mondial sous [&hellip;]<\/p>\n","protected":false},"author":333,"featured_media":0,"comment_status":"open","ping_status":"open","sticky":false,"template":"","format":"standard","meta":{"footnotes":""},"categories":[32],"tags":[],"class_list":["post-1551","post","type-post","status-publish","format-standard","hentry","category-sport-moto"],"yoast_head":"<!-- This site is optimized with the Yoast SEO plugin v26.0 - https:\/\/yoast.com\/wordpress\/plugins\/seo\/ -->\n<title>Rallyes : vers un Championnat Mondial des Rallyes Moto - leblogmoto.com<\/title>\n<meta name=\"robots\" content=\"index, follow, max-snippet:-1, max-image-preview:large, max-video-preview:-1\" \/>\n<link rel=\"canonical\" href=\"https:\/\/blogs.thesocialmedia.com\/leblogmoto\/2007\/02\/16\/rallyes-vers-un\/\" \/>\n<meta name=\"twitter:card\" content=\"summary_large_image\" \/>\n<meta name=\"twitter:title\" content=\"Rallyes : vers un Championnat Mondial des Rallyes Moto - leblogmoto.com\" \/>\n<meta name=\"twitter:description\" content=\"La bonne nouvelle est venue le 9 f\u00e9vrier des organisateurs du Belgian Moto Tour, de l\u2019Italian MT et du Dark Dog MT : Un Championnat International des Rallyes se jouera cette ann\u00e9e sur ces 3 \u00e9preuves, dans la perspective d\u2019un \u00e9largissement rapide qui devrait conduire \u00e0 l\u2019av\u00e8nement en 2008 ou 2010 d\u2019un Championnat Mondial sous [&hellip;]\" \/>\n<meta name=\"twitter:image\" content=\"http:\/\/www.leblogmoto.com\/images\/060924_ft_1066.jpg\" \/>\n<meta name=\"twitter:label1\" content=\"\u00c9crit par\" \/>\n\t<meta name=\"twitter:data1\" content=\"christian tirat\" \/>\n\t<meta name=\"twitter:label2\" content=\"Dur\u00e9e de lecture estim\u00e9e\" \/>\n\t<meta name=\"twitter:data2\" content=\"3 minutes\" \/>\n<script type=\"application\/ld+json\" class=\"yoast-schema-graph\">{\"@context\":\"https:\/\/schema.org\",\"@graph\":[{\"@type\":\"WebPage\",\"@id\":\"https:\/\/blogs.thesocialmedia.com\/leblogmoto\/2007\/02\/16\/rallyes-vers-un\/\",\"url\":\"https:\/\/blogs.thesocialmedia.com\/leblogmoto\/2007\/02\/16\/rallyes-vers-un\/\",\"name\":\"Rallyes : vers un Championnat Mondial des Rallyes Moto - leblogmoto.com\",\"isPartOf\":{\"@id\":\"https:\/\/blogs.thesocialmedia.com\/leblogmoto\/#website\"},\"primaryImageOfPage\":{\"@id\":\"https:\/\/blogs.thesocialmedia.com\/leblogmoto\/2007\/02\/16\/rallyes-vers-un\/#primaryimage\"},\"image\":{\"@id\":\"https:\/\/blogs.thesocialmedia.com\/leblogmoto\/2007\/02\/16\/rallyes-vers-un\/#primaryimage\"},\"thumbnailUrl\":\"http:\/\/www.leblogmoto.com\/images\/060924_ft_1066.jpg\",\"datePublished\":\"2007-02-16T19:07:24+00:00\",\"dateModified\":\"2012-07-11T14:32:13+00:00\",\"author\":{\"@id\":\"https:\/\/blogs.thesocialmedia.com\/leblogmoto\/#\/schema\/person\/90b2f8fd0d5a2cede2580e95fc79c6c0\"},\"breadcrumb\":{\"@id\":\"https:\/\/blogs.thesocialmedia.com\/leblogmoto\/2007\/02\/16\/rallyes-vers-un\/#breadcrumb\"},\"inLanguage\":\"fr-FR\",\"potentialAction\":[{\"@type\":\"ReadAction\",\"target\":[\"https:\/\/blogs.thesocialmedia.com\/leblogmoto\/2007\/02\/16\/rallyes-vers-un\/\"]}]},{\"@type\":\"ImageObject\",\"inLanguage\":\"fr-FR\",\"@id\":\"https:\/\/blogs.thesocialmedia.com\/leblogmoto\/2007\/02\/16\/rallyes-vers-un\/#primaryimage\",\"url\":\"http:\/\/www.leblogmoto.com\/images\/060924_ft_1066.jpg\",\"contentUrl\":\"http:\/\/www.leblogmoto.com\/images\/060924_ft_1066.jpg\"},{\"@type\":\"BreadcrumbList\",\"@id\":\"https:\/\/blogs.thesocialmedia.com\/leblogmoto\/2007\/02\/16\/rallyes-vers-un\/#breadcrumb\",\"itemListElement\":[{\"@type\":\"ListItem\",\"position\":1,\"name\":\"Accueil\",\"item\":\"https:\/\/blogs.thesocialmedia.com\/leblogmoto\/\"},{\"@type\":\"ListItem\",\"position\":2,\"name\":\"Rallyes : vers un Championnat Mondial des Rallyes Moto\"}]},{\"@type\":\"WebSite\",\"@id\":\"https:\/\/blogs.thesocialmedia.com\/leblogmoto\/#website\",\"url\":\"https:\/\/blogs.thesocialmedia.com\/leblogmoto\/\",\"name\":\"leblogmoto\",\"description\":\"Toute l&#039;actualit\u00e9 des 2 roues\",\"potentialAction\":[{\"@type\":\"SearchAction\",\"target\":{\"@type\":\"EntryPoint\",\"urlTemplate\":\"https:\/\/blogs.thesocialmedia.com\/leblogmoto\/?s={search_term_string}\"},\"query-input\":{\"@type\":\"PropertyValueSpecification\",\"valueRequired\":true,\"valueName\":\"search_term_string\"}}],\"inLanguage\":\"fr-FR\"},{\"@type\":\"Person\",\"@id\":\"https:\/\/blogs.thesocialmedia.com\/leblogmoto\/#\/schema\/person\/90b2f8fd0d5a2cede2580e95fc79c6c0\",\"name\":\"christian tirat\",\"image\":{\"@type\":\"ImageObject\",\"inLanguage\":\"fr-FR\",\"@id\":\"https:\/\/blogs.thesocialmedia.com\/leblogmoto\/#\/schema\/person\/image\/\",\"url\":\"https:\/\/secure.gravatar.com\/avatar\/?s=96&d=mm&r=g\",\"contentUrl\":\"https:\/\/secure.gravatar.com\/avatar\/?s=96&d=mm&r=g\",\"caption\":\"christian tirat\"},\"url\":\"https:\/\/blogs.thesocialmedia.com\/leblogmoto\/author\/christian-tirat\/\"}]}<\/script>\n<!-- \/ Yoast SEO plugin. -->","yoast_head_json":{"title":"Rallyes : vers un Championnat Mondial des Rallyes Moto - leblogmoto.com","robots":{"index":"index","follow":"follow","max-snippet":"max-snippet:-1","max-image-preview":"max-image-preview:large","max-video-preview":"max-video-preview:-1"},"canonical":"https:\/\/blogs.thesocialmedia.com\/leblogmoto\/2007\/02\/16\/rallyes-vers-un\/","twitter_card":"summary_large_image","twitter_title":"Rallyes : vers un Championnat Mondial des Rallyes Moto - leblogmoto.com","twitter_description":"La bonne nouvelle est venue le 9 f\u00e9vrier des organisateurs du Belgian Moto Tour, de l\u2019Italian MT et du Dark Dog MT : Un Championnat International des Rallyes se jouera cette ann\u00e9e sur ces 3 \u00e9preuves, dans la perspective d\u2019un \u00e9largissement rapide qui devrait conduire \u00e0 l\u2019av\u00e8nement en 2008 ou 2010 d\u2019un Championnat Mondial sous [&hellip;]","twitter_image":"http:\/\/www.leblogmoto.com\/images\/060924_ft_1066.jpg","twitter_misc":{"\u00c9crit par":"christian tirat","Dur\u00e9e de lecture estim\u00e9e":"3 minutes"},"schema":{"@context":"https:\/\/schema.org","@graph":[{"@type":"WebPage","@id":"https:\/\/blogs.thesocialmedia.com\/leblogmoto\/2007\/02\/16\/rallyes-vers-un\/","url":"https:\/\/blogs.thesocialmedia.com\/leblogmoto\/2007\/02\/16\/rallyes-vers-un\/","name":"Rallyes : vers un Championnat Mondial des Rallyes Moto - leblogmoto.com","isPartOf":{"@id":"https:\/\/blogs.thesocialmedia.com\/leblogmoto\/#website"},"primaryImageOfPage":{"@id":"https:\/\/blogs.thesocialmedia.com\/leblogmoto\/2007\/02\/16\/rallyes-vers-un\/#primaryimage"},"image":{"@id":"https:\/\/blogs.thesocialmedia.com\/leblogmoto\/2007\/02\/16\/rallyes-vers-un\/#primaryimage"},"thumbnailUrl":"http:\/\/www.leblogmoto.com\/images\/060924_ft_1066.jpg","datePublished":"2007-02-16T19:07:24+00:00","dateModified":"2012-07-11T14:32:13+00:00","author":{"@id":"https:\/\/blogs.thesocialmedia.com\/leblogmoto\/#\/schema\/person\/90b2f8fd0d5a2cede2580e95fc79c6c0"},"breadcrumb":{"@id":"https:\/\/blogs.thesocialmedia.com\/leblogmoto\/2007\/02\/16\/rallyes-vers-un\/#breadcrumb"},"inLanguage":"fr-FR","potentialAction":[{"@type":"ReadAction","target":["https:\/\/blogs.thesocialmedia.com\/leblogmoto\/2007\/02\/16\/rallyes-vers-un\/"]}]},{"@type":"ImageObject","inLanguage":"fr-FR","@id":"https:\/\/blogs.thesocialmedia.com\/leblogmoto\/2007\/02\/16\/rallyes-vers-un\/#primaryimage","url":"http:\/\/www.leblogmoto.com\/images\/060924_ft_1066.jpg","contentUrl":"http:\/\/www.leblogmoto.com\/images\/060924_ft_1066.jpg"},{"@type":"BreadcrumbList","@id":"https:\/\/blogs.thesocialmedia.com\/leblogmoto\/2007\/02\/16\/rallyes-vers-un\/#breadcrumb","itemListElement":[{"@type":"ListItem","position":1,"name":"Accueil","item":"https:\/\/blogs.thesocialmedia.com\/leblogmoto\/"},{"@type":"ListItem","position":2,"name":"Rallyes : vers un Championnat Mondial des Rallyes Moto"}]},{"@type":"WebSite","@id":"https:\/\/blogs.thesocialmedia.com\/leblogmoto\/#website","url":"https:\/\/blogs.thesocialmedia.com\/leblogmoto\/","name":"leblogmoto","description":"Toute l&#039;actualit\u00e9 des 2 roues","potentialAction":[{"@type":"SearchAction","target":{"@type":"EntryPoint","urlTemplate":"https:\/\/blogs.thesocialmedia.com\/leblogmoto\/?s={search_term_string}"},"query-input":{"@type":"PropertyValueSpecification","valueRequired":true,"valueName":"search_term_string"}}],"inLanguage":"fr-FR"},{"@type":"Person","@id":"https:\/\/blogs.thesocialmedia.com\/leblogmoto\/#\/schema\/person\/90b2f8fd0d5a2cede2580e95fc79c6c0","name":"christian tirat","image":{"@type":"ImageObject","inLanguage":"fr-FR","@id":"https:\/\/blogs.thesocialmedia.com\/leblogmoto\/#\/schema\/person\/image\/","url":"https:\/\/secure.gravatar.com\/avatar\/?s=96&d=mm&r=g","contentUrl":"https:\/\/secure.gravatar.com\/avatar\/?s=96&d=mm&r=g","caption":"christian tirat"},"url":"https:\/\/blogs.thesocialmedia.com\/leblogmoto\/author\/christian-tirat\/"}]}},"_links":{"self":[{"href":"https:\/\/blogs.thesocialmedia.com\/leblogmoto\/wp-json\/wp\/v2\/posts\/1551","targetHints":{"allow":["GET"]}}],"collection":[{"href":"https:\/\/blogs.thesocialmedia.com\/leblogmoto\/wp-json\/wp\/v2\/posts"}],"about":[{"href":"https:\/\/blogs.thesocialmedia.com\/leblogmoto\/wp-json\/wp\/v2\/types\/post"}],"author":[{"embeddable":true,"href":"https:\/\/blogs.thesocialmedia.com\/leblogmoto\/wp-json\/wp\/v2\/users\/333"}],"replies":[{"embeddable":true,"href":"https:\/\/blogs.thesocialmedia.com\/leblogmoto\/wp-json\/wp\/v2\/comments?post=1551"}],"version-history":[{"count":2,"href":"https:\/\/blogs.thesocialmedia.com\/leblogmoto\/wp-json\/wp\/v2\/posts\/1551\/revisions"}],"predecessor-version":[{"id":8030,"href":"https:\/\/blogs.thesocialmedia.com\/leblogmoto\/wp-json\/wp\/v2\/posts\/1551\/revisions\/8030"}],"wp:attachment":[{"href":"https:\/\/blogs.thesocialmedia.com\/leblogmoto\/wp-json\/wp\/v2\/media?parent=1551"}],"wp:term":[{"taxonomy":"category","embeddable":true,"href":"https:\/\/blogs.thesocialmedia.com\/leblogmoto\/wp-json\/wp\/v2\/categories?post=1551"},{"taxonomy":"post_tag","embeddable":true,"href":"https:\/\/blogs.thesocialmedia.com\/leblogmoto\/wp-json\/wp\/v2\/tags?post=1551"}],"curies":[{"name":"wp","href":"https:\/\/api.w.org\/{rel}","templated":true}]}}