{"id":1552,"date":"2007-02-16T17:16:59","date_gmt":"2007-02-16T17:16:59","guid":{"rendered":"http:\/\/blogs.thesocialmedia.com\/leblogmoto\/2007\/02\/16\/vente-de-motos\/"},"modified":"2012-07-11T14:32:11","modified_gmt":"2012-07-11T14:32:11","slug":"vente-de-motos","status":"publish","type":"post","link":"https:\/\/blogs.thesocialmedia.com\/leblogmoto\/2007\/02\/16\/vente-de-motos\/","title":{"rendered":"Vente de motos : Tous des d\u00e9linquants !?"},"content":{"rendered":"<p><a href=\"http:\/\/blogs.thesocialmedia.com\/leblogmoto\/files\/2012\/07\/ffmc_1_2.jpg\"><img loading=\"lazy\" decoding=\"async\" width=\"250\" height=\"85\"  alt=\"Ffmc_1_2\" src=\"http:\/\/www.leblogmoto.com\/images\/ffmc_1_2.jpg\" style=\"margin: 0px 5px 5px 0px;float: left\" \/><\/a> La <a href=\"http:\/\/www.ffmc.asso.fr\/\">F\u00e9d\u00e9ration des Motards en Col\u00e8re<\/a> (<a href=\"http:\/\/www.leblogmoto.com\/2007\/02\/stationnement_c.html\">FFMC<\/a>) nous adresse un communiqu\u00e9 inquiettant publi\u00e9 ici en int\u00e9gralit\u00e9:<\/p>\n<p>&quot; Le Parlement vient de durcir les dispositions existantes en mati\u00e8re de vente de deux-roues motoris\u00e9s. Ainsi, le fait d\u2019inciter \u00e0 acheter ou \u00e0 utiliser, offrir, vendre une moto qui n\u2019est plus conforme \u00e0 sa r\u00e9ception sera d\u00e9sormais puni de la bagatelle de 7500 \u20ac d\u2019amende et 6 mois de prison.<\/p>\n<p><a href=\"http:\/\/clabedan.typepad.com\/.shared\/image.html?\/photos\/uncategorized\/slide10.jpg\"><img loading=\"lazy\" decoding=\"async\" width=\"250\" height=\"185\"  alt=\"Slide10\" src=\"http:\/\/www.leblogmoto.com\/images\/slide10.jpg\" style=\"margin: 0px 5px 5px 0px;float: left\" \/><\/a> Motiv\u00e9e par la lutte contre le d\u00e9bridage des deux roues motoris\u00e9s, la r\u00e9daction grossi\u00e8re de la loi aboutit \u00e0 incriminer la vente de motos simplement personnalis\u00e9es, dont les clignotants, r\u00e9troviseurs ou d\u00e9multiplication ne sont pas strictement d\u2019origine !<br \/> La <a href=\"http:\/\/www.leblogmoto.com\/2007\/02\/stationnement_c.html\">FFMC<\/a> d\u00e9nonce cette d\u00e9rive r\u00e9pressive qui rend passible de la correctionnelle des faits qui ne devrait relever que d\u2019une simple contravention. <br \/> Elle d\u00e9nonce par ailleurs la duplicit\u00e9 du minist\u00e8re des transports qui nous avait donn\u00e9 son accord pour revenir sur une loi absurde, pour ensuite d\u00e9fendre une position contraire devant les parlementaires. <\/p>\n<p> Rappelons qu\u2019un vendeur de voiture n\u2019encourt aucune sanction s\u2019il vend un v\u00e9hicule qui n\u2019est plus conforme \u00e0 sa r\u00e9ception. <br \/> Aussi, la <a href=\"http:\/\/www.leblogmoto.com\/2007\/02\/stationnement_c.html\">FFMC<\/a> demande aux autorit\u00e9s comp\u00e9tentes de saisir le <a href=\"http:\/\/www.conseil-constitutionnel.fr\/\">Conseil Constitutionnel<\/a> au motif que cette loi viole le principe de la proportionnalit\u00e9 des peines et celui de l\u2019\u00e9galit\u00e9 des usagers devant la loi.<\/p>\n<p> Comble de l\u2019ironie, le gouvernement souhaite ainsi condamner plus durement les violations \u00e0 la r\u00e9glementation sur le bridage des motos ; r\u00e9glementation qui constitue, elle-m\u00eame, une violation par la France du Droit Communautaire.&quot;<\/p>\n<p> Pour lire le texte&nbsp; vot\u00e9 par le Parlement, cliquez <a href=\"http:\/\/www.assemblee-nationale.fr\/12\/dossiers\/prevention_delinquance.asp\">ici<\/a><\/p>\n<p>Photo: &#8230;et si on leur faisait un &quot;Indoor&quot; ?<\/p>\n","protected":false},"excerpt":{"rendered":"<p>La F\u00e9d\u00e9ration des Motards en Col\u00e8re (FFMC) nous adresse un communiqu\u00e9 inquiettant publi\u00e9 ici en int\u00e9gralit\u00e9: &quot; Le Parlement vient de durcir les dispositions existantes en mati\u00e8re de vente de deux-roues motoris\u00e9s. Ainsi, le fait d\u2019inciter \u00e0 acheter ou \u00e0 utiliser, offrir, vendre une moto qui n\u2019est plus conforme \u00e0 sa r\u00e9ception sera d\u00e9sormais puni [&hellip;]<\/p>\n","protected":false},"author":333,"featured_media":0,"comment_status":"open","ping_status":"open","sticky":false,"template":"","format":"standard","meta":{"footnotes":""},"categories":[3],"tags":[],"class_list":["post-1552","post","type-post","status-publish","format-standard","hentry","category-actualite"],"yoast_head":"<!-- This site is optimized with the Yoast SEO plugin v26.0 - https:\/\/yoast.com\/wordpress\/plugins\/seo\/ -->\n<title>Vente de motos : Tous des d\u00e9linquants !? - leblogmoto.com<\/title>\n<meta name=\"robots\" content=\"index, follow, max-snippet:-1, max-image-preview:large, max-video-preview:-1\" \/>\n<link rel=\"canonical\" href=\"https:\/\/blogs.thesocialmedia.com\/leblogmoto\/2007\/02\/16\/vente-de-motos\/\" \/>\n<meta name=\"twitter:card\" content=\"summary_large_image\" \/>\n<meta name=\"twitter:title\" content=\"Vente de motos : Tous des d\u00e9linquants !? - leblogmoto.com\" \/>\n<meta name=\"twitter:description\" content=\"La F\u00e9d\u00e9ration des Motards en Col\u00e8re (FFMC) nous adresse un communiqu\u00e9 inquiettant publi\u00e9 ici en int\u00e9gralit\u00e9: &quot; Le Parlement vient de durcir les dispositions existantes en mati\u00e8re de vente de deux-roues motoris\u00e9s. Ainsi, le fait d\u2019inciter \u00e0 acheter ou \u00e0 utiliser, offrir, vendre une moto qui n\u2019est plus conforme \u00e0 sa r\u00e9ception sera d\u00e9sormais puni [&hellip;]\" \/>\n<meta name=\"twitter:image\" content=\"http:\/\/www.leblogmoto.com\/images\/ffmc_1_2.jpg\" \/>\n<meta name=\"twitter:label1\" content=\"\u00c9crit par\" \/>\n\t<meta name=\"twitter:data1\" content=\"christian tirat\" \/>\n\t<meta name=\"twitter:label2\" content=\"Dur\u00e9e de lecture estim\u00e9e\" \/>\n\t<meta name=\"twitter:data2\" content=\"1 minute\" \/>\n<script type=\"application\/ld+json\" class=\"yoast-schema-graph\">{\"@context\":\"https:\/\/schema.org\",\"@graph\":[{\"@type\":\"WebPage\",\"@id\":\"https:\/\/blogs.thesocialmedia.com\/leblogmoto\/2007\/02\/16\/vente-de-motos\/\",\"url\":\"https:\/\/blogs.thesocialmedia.com\/leblogmoto\/2007\/02\/16\/vente-de-motos\/\",\"name\":\"Vente de motos : Tous des d\u00e9linquants !? - leblogmoto.com\",\"isPartOf\":{\"@id\":\"https:\/\/blogs.thesocialmedia.com\/leblogmoto\/#website\"},\"primaryImageOfPage\":{\"@id\":\"https:\/\/blogs.thesocialmedia.com\/leblogmoto\/2007\/02\/16\/vente-de-motos\/#primaryimage\"},\"image\":{\"@id\":\"https:\/\/blogs.thesocialmedia.com\/leblogmoto\/2007\/02\/16\/vente-de-motos\/#primaryimage\"},\"thumbnailUrl\":\"http:\/\/www.leblogmoto.com\/images\/ffmc_1_2.jpg\",\"datePublished\":\"2007-02-16T17:16:59+00:00\",\"dateModified\":\"2012-07-11T14:32:11+00:00\",\"author\":{\"@id\":\"https:\/\/blogs.thesocialmedia.com\/leblogmoto\/#\/schema\/person\/90b2f8fd0d5a2cede2580e95fc79c6c0\"},\"breadcrumb\":{\"@id\":\"https:\/\/blogs.thesocialmedia.com\/leblogmoto\/2007\/02\/16\/vente-de-motos\/#breadcrumb\"},\"inLanguage\":\"fr-FR\",\"potentialAction\":[{\"@type\":\"ReadAction\",\"target\":[\"https:\/\/blogs.thesocialmedia.com\/leblogmoto\/2007\/02\/16\/vente-de-motos\/\"]}]},{\"@type\":\"ImageObject\",\"inLanguage\":\"fr-FR\",\"@id\":\"https:\/\/blogs.thesocialmedia.com\/leblogmoto\/2007\/02\/16\/vente-de-motos\/#primaryimage\",\"url\":\"http:\/\/www.leblogmoto.com\/images\/ffmc_1_2.jpg\",\"contentUrl\":\"http:\/\/www.leblogmoto.com\/images\/ffmc_1_2.jpg\"},{\"@type\":\"BreadcrumbList\",\"@id\":\"https:\/\/blogs.thesocialmedia.com\/leblogmoto\/2007\/02\/16\/vente-de-motos\/#breadcrumb\",\"itemListElement\":[{\"@type\":\"ListItem\",\"position\":1,\"name\":\"Accueil\",\"item\":\"https:\/\/blogs.thesocialmedia.com\/leblogmoto\/\"},{\"@type\":\"ListItem\",\"position\":2,\"name\":\"Vente de motos : Tous des d\u00e9linquants !?\"}]},{\"@type\":\"WebSite\",\"@id\":\"https:\/\/blogs.thesocialmedia.com\/leblogmoto\/#website\",\"url\":\"https:\/\/blogs.thesocialmedia.com\/leblogmoto\/\",\"name\":\"leblogmoto\",\"description\":\"Toute l&#039;actualit\u00e9 des 2 roues\",\"potentialAction\":[{\"@type\":\"SearchAction\",\"target\":{\"@type\":\"EntryPoint\",\"urlTemplate\":\"https:\/\/blogs.thesocialmedia.com\/leblogmoto\/?s={search_term_string}\"},\"query-input\":{\"@type\":\"PropertyValueSpecification\",\"valueRequired\":true,\"valueName\":\"search_term_string\"}}],\"inLanguage\":\"fr-FR\"},{\"@type\":\"Person\",\"@id\":\"https:\/\/blogs.thesocialmedia.com\/leblogmoto\/#\/schema\/person\/90b2f8fd0d5a2cede2580e95fc79c6c0\",\"name\":\"christian tirat\",\"image\":{\"@type\":\"ImageObject\",\"inLanguage\":\"fr-FR\",\"@id\":\"https:\/\/blogs.thesocialmedia.com\/leblogmoto\/#\/schema\/person\/image\/\",\"url\":\"https:\/\/secure.gravatar.com\/avatar\/?s=96&d=mm&r=g\",\"contentUrl\":\"https:\/\/secure.gravatar.com\/avatar\/?s=96&d=mm&r=g\",\"caption\":\"christian tirat\"},\"url\":\"https:\/\/blogs.thesocialmedia.com\/leblogmoto\/author\/christian-tirat\/\"}]}<\/script>\n<!-- \/ Yoast SEO plugin. -->","yoast_head_json":{"title":"Vente de motos : Tous des d\u00e9linquants !? - leblogmoto.com","robots":{"index":"index","follow":"follow","max-snippet":"max-snippet:-1","max-image-preview":"max-image-preview:large","max-video-preview":"max-video-preview:-1"},"canonical":"https:\/\/blogs.thesocialmedia.com\/leblogmoto\/2007\/02\/16\/vente-de-motos\/","twitter_card":"summary_large_image","twitter_title":"Vente de motos : Tous des d\u00e9linquants !? - leblogmoto.com","twitter_description":"La F\u00e9d\u00e9ration des Motards en Col\u00e8re (FFMC) nous adresse un communiqu\u00e9 inquiettant publi\u00e9 ici en int\u00e9gralit\u00e9: &quot; Le Parlement vient de durcir les dispositions existantes en mati\u00e8re de vente de deux-roues motoris\u00e9s. Ainsi, le fait d\u2019inciter \u00e0 acheter ou \u00e0 utiliser, offrir, vendre une moto qui n\u2019est plus conforme \u00e0 sa r\u00e9ception sera d\u00e9sormais puni [&hellip;]","twitter_image":"http:\/\/www.leblogmoto.com\/images\/ffmc_1_2.jpg","twitter_misc":{"\u00c9crit par":"christian tirat","Dur\u00e9e de lecture estim\u00e9e":"1 minute"},"schema":{"@context":"https:\/\/schema.org","@graph":[{"@type":"WebPage","@id":"https:\/\/blogs.thesocialmedia.com\/leblogmoto\/2007\/02\/16\/vente-de-motos\/","url":"https:\/\/blogs.thesocialmedia.com\/leblogmoto\/2007\/02\/16\/vente-de-motos\/","name":"Vente de motos : Tous des d\u00e9linquants !? - leblogmoto.com","isPartOf":{"@id":"https:\/\/blogs.thesocialmedia.com\/leblogmoto\/#website"},"primaryImageOfPage":{"@id":"https:\/\/blogs.thesocialmedia.com\/leblogmoto\/2007\/02\/16\/vente-de-motos\/#primaryimage"},"image":{"@id":"https:\/\/blogs.thesocialmedia.com\/leblogmoto\/2007\/02\/16\/vente-de-motos\/#primaryimage"},"thumbnailUrl":"http:\/\/www.leblogmoto.com\/images\/ffmc_1_2.jpg","datePublished":"2007-02-16T17:16:59+00:00","dateModified":"2012-07-11T14:32:11+00:00","author":{"@id":"https:\/\/blogs.thesocialmedia.com\/leblogmoto\/#\/schema\/person\/90b2f8fd0d5a2cede2580e95fc79c6c0"},"breadcrumb":{"@id":"https:\/\/blogs.thesocialmedia.com\/leblogmoto\/2007\/02\/16\/vente-de-motos\/#breadcrumb"},"inLanguage":"fr-FR","potentialAction":[{"@type":"ReadAction","target":["https:\/\/blogs.thesocialmedia.com\/leblogmoto\/2007\/02\/16\/vente-de-motos\/"]}]},{"@type":"ImageObject","inLanguage":"fr-FR","@id":"https:\/\/blogs.thesocialmedia.com\/leblogmoto\/2007\/02\/16\/vente-de-motos\/#primaryimage","url":"http:\/\/www.leblogmoto.com\/images\/ffmc_1_2.jpg","contentUrl":"http:\/\/www.leblogmoto.com\/images\/ffmc_1_2.jpg"},{"@type":"BreadcrumbList","@id":"https:\/\/blogs.thesocialmedia.com\/leblogmoto\/2007\/02\/16\/vente-de-motos\/#breadcrumb","itemListElement":[{"@type":"ListItem","position":1,"name":"Accueil","item":"https:\/\/blogs.thesocialmedia.com\/leblogmoto\/"},{"@type":"ListItem","position":2,"name":"Vente de motos : Tous des d\u00e9linquants !?"}]},{"@type":"WebSite","@id":"https:\/\/blogs.thesocialmedia.com\/leblogmoto\/#website","url":"https:\/\/blogs.thesocialmedia.com\/leblogmoto\/","name":"leblogmoto","description":"Toute l&#039;actualit\u00e9 des 2 roues","potentialAction":[{"@type":"SearchAction","target":{"@type":"EntryPoint","urlTemplate":"https:\/\/blogs.thesocialmedia.com\/leblogmoto\/?s={search_term_string}"},"query-input":{"@type":"PropertyValueSpecification","valueRequired":true,"valueName":"search_term_string"}}],"inLanguage":"fr-FR"},{"@type":"Person","@id":"https:\/\/blogs.thesocialmedia.com\/leblogmoto\/#\/schema\/person\/90b2f8fd0d5a2cede2580e95fc79c6c0","name":"christian tirat","image":{"@type":"ImageObject","inLanguage":"fr-FR","@id":"https:\/\/blogs.thesocialmedia.com\/leblogmoto\/#\/schema\/person\/image\/","url":"https:\/\/secure.gravatar.com\/avatar\/?s=96&d=mm&r=g","contentUrl":"https:\/\/secure.gravatar.com\/avatar\/?s=96&d=mm&r=g","caption":"christian tirat"},"url":"https:\/\/blogs.thesocialmedia.com\/leblogmoto\/author\/christian-tirat\/"}]}},"_links":{"self":[{"href":"https:\/\/blogs.thesocialmedia.com\/leblogmoto\/wp-json\/wp\/v2\/posts\/1552","targetHints":{"allow":["GET"]}}],"collection":[{"href":"https:\/\/blogs.thesocialmedia.com\/leblogmoto\/wp-json\/wp\/v2\/posts"}],"about":[{"href":"https:\/\/blogs.thesocialmedia.com\/leblogmoto\/wp-json\/wp\/v2\/types\/post"}],"author":[{"embeddable":true,"href":"https:\/\/blogs.thesocialmedia.com\/leblogmoto\/wp-json\/wp\/v2\/users\/333"}],"replies":[{"embeddable":true,"href":"https:\/\/blogs.thesocialmedia.com\/leblogmoto\/wp-json\/wp\/v2\/comments?post=1552"}],"version-history":[{"count":2,"href":"https:\/\/blogs.thesocialmedia.com\/leblogmoto\/wp-json\/wp\/v2\/posts\/1552\/revisions"}],"predecessor-version":[{"id":8028,"href":"https:\/\/blogs.thesocialmedia.com\/leblogmoto\/wp-json\/wp\/v2\/posts\/1552\/revisions\/8028"}],"wp:attachment":[{"href":"https:\/\/blogs.thesocialmedia.com\/leblogmoto\/wp-json\/wp\/v2\/media?parent=1552"}],"wp:term":[{"taxonomy":"category","embeddable":true,"href":"https:\/\/blogs.thesocialmedia.com\/leblogmoto\/wp-json\/wp\/v2\/categories?post=1552"},{"taxonomy":"post_tag","embeddable":true,"href":"https:\/\/blogs.thesocialmedia.com\/leblogmoto\/wp-json\/wp\/v2\/tags?post=1552"}],"curies":[{"name":"wp","href":"https:\/\/api.w.org\/{rel}","templated":true}]}}