{"id":1553,"date":"2007-02-16T13:17:00","date_gmt":"2007-02-16T13:17:00","guid":{"rendered":"http:\/\/blogs.thesocialmedia.com\/leblogmoto\/2007\/02\/16\/moto-gp-pedrosa-2\/"},"modified":"2012-07-11T14:32:10","modified_gmt":"2012-07-11T14:32:10","slug":"moto-gp-pedrosa-2","status":"publish","type":"post","link":"https:\/\/blogs.thesocialmedia.com\/leblogmoto\/2007\/02\/16\/moto-gp-pedrosa-2\/","title":{"rendered":"Moto GP : Pedrosa devant, Hayden dans les cordes"},"content":{"rendered":"<p><a href=\"http:\/\/blogs.thesocialmedia.com\/leblogmoto\/files\/2012\/07\/haydenpedrosa.jpg\"><img loading=\"lazy\" decoding=\"async\" width=\"250\" height=\"121\"  src=\"http:\/\/www.leblogmoto.com\/images\/haydenpedrosa.jpg\" alt=\"Haydenpedrosa\" style=\"margin: 0px 5px 5px 0px;float: left\" \/><\/a> Finalement <a href=\"http:\/\/www.danipedrosa.com\/\">Pedrosa<\/a> et sa Repsol-Honda auront eu le dernier mot en signant le meilleur temps des essais officiels IRTA du <a href=\"http:\/\/www.qatar-grandprix.com\/\">Qatar<\/a>.<br \/>Apr\u00e8s <a href=\"http:\/\/www.leblogmoto.com\/motogp\/index.html\">deux journ\u00e9es de domination<\/a> des Yamaha d\u2019<a href=\"http:\/\/www.ceracing.com\/\">Edwards<\/a> et <a href=\"http:\/\/www.fanclubvalentinorossi.com\/\">Rossi,<\/a> la monte des gommes tendres de qualification aura permis au poids plume espagnol de dominer ses adversaires avec un meilleur chrono de 1&rsquo;55\u00a0\u00bb471. Au passage il sera le seul a battre la pole position \u00e9tablie en 2006 par la Ducati de l\u2019Australien <a href=\"http:\/\/www.caseystoner.com.au\/\">Casey Stoner<\/a> (1\u201955\u2019\u2019671)<\/p>\n<p><a href=\"http:\/\/clabedan.typepad.com\/.shared\/image.html?\/photos\/uncategorized\/pedrosa1.jpg\"><img loading=\"lazy\" decoding=\"async\" width=\"250\" height=\"141\"  src=\"http:\/\/www.leblogmoto.com\/images\/pedrosa1.jpg\" alt=\"Pedrosa1\" style=\"margin: 0px 5px 5px 0px;float: left\" \/><\/a> <a href=\"http:\/\/hopperracing.com\/\">John Hopkins<\/a> et sa Suzuki ont r\u00e9sist\u00e9 toute la matin\u00e9e \u00e0 la pression avec un second temps qui ne sera pas battu malgr\u00e9 une chute dont nous allons parler plus bas.<\/p>\n<p> Troisi\u00e8me temps, <a href=\"http:\/\/www.rossifiles.com\/\">Valentino Rossi<\/a> \u00ab suce la roue \u00bb d\u2019<a href=\"http:\/\/hopperracing.com\/\">Hopkins<\/a> \u00e0 un dixi\u00e8me derri\u00e8re lui mais il donne du champ \u00e0 Pedrosa, cinq dixi\u00e8mes de secondes devant. Ces trois pilotes sont les seuls \u00e0 \u00eatre pass\u00e9 sous la barre psychologique des 1&rsquo;56\u2019\u2019. <\/p>\n<p><a href=\"http:\/\/www.ceracing.com\/\">Colin Edwards<\/a> l\u2019autre top pilote Yamaha, <a href=\"http:\/\/www.leblogmoto.com\/motogp\/index.html\">avait domin\u00e9 les d\u00e9bats pendant deux jours<\/a>, mais il n&rsquo;a pu faire mieux que le <a href=\"http:\/\/clabedan.typepad.com\/.shared\/image.html?\/photos\/uncategorized\/pedrosaportrait.jpg\"><img loading=\"lazy\" decoding=\"async\" width=\"250\" height=\"167\"  src=\"http:\/\/www.leblogmoto.com\/images\/pedrosaportrait.jpg\" alt=\"Pedrosaportrait\" style=\"margin: 0px 5px 5px 0px;float: left\" \/><\/a> cinqui\u00e8me meilleur temps en ce troisi\u00e8me jour d\u2019essais. Battu, et c\u2019est une bonne surprise pour Ducati, par l\u2019allemand <a href=\"http:\/\/www.alex66.com\/\">Alex Hofmann<\/a>, pilote du team d&rsquo;Antin. Il pr\u00e9c\u00e8de de plus de quatre dixi\u00e8mes de seconde le pilote officiel de la marque, <a href=\"http:\/\/www.ducati.com\/capirossi\/it\/index.jhtml\">Loris Capirossi<\/a>, septi\u00e8me derri\u00e8re la Kawa de <a href=\"http:\/\/www.randydepuniet.net\/news\/\">Randy de Puniet<\/a>. Encore 2 Ducati en huiti\u00e8me et neuvi\u00e8me position avec <a href=\"http:\/\/www.caseystoner.com.au\/\">Casey Stoner<\/a> et <a href=\"http:\/\/www.alexbarros.net\/\">Alex Barros<\/a>. <a href=\"http:\/\/marco.melandri.free.fr\/\">Marco Melandri<\/a> compl\u00e8te le haut du tableau avec sa Honda.<\/p>\n<p><strong>Chutes en s\u00e9rie<\/strong><\/p>\n<p> Apr\u00e8s les chutes <a href=\"http:\/\/www.leblogmoto.com\/motogp\/index.html\">le premier jour<\/a> d\u2019Olivier Jacque, qui a timidement repris son guidon pour la 3\u00e8me journ\u00e9e d\u2019essais, et celle de l\u2019Irlandais&nbsp; Jeremy McWilliams qui se d\u00e9place encore avec des b\u00e9quilles suite aux blessures cons\u00e9cutives \u00e0 sa cabriole de l\u2019an dernier,&nbsp; ce fut au tour de <a href=\"http:\/\/www.caseystoner.com.au\/\">Stoner<\/a> et de <a href=\"http:\/\/www.shinya56.com\/\">Nakano<\/a> d\u2019aller au tapis, sans toutefois passer par la case h\u00f4pital. Hier, ce fut au tour de l&rsquo;anglo-am\u00e9ricain <a href=\"http:\/\/hopperracing.com\/\">John Hopkins<\/a>. victime d&rsquo;une lourde chute il a \u00e9t\u00e9 transport\u00e9 \u00e0 l&rsquo;h\u00f4pital de Losail pour y subir des examens et souffre de blessures au pied et \u00e0 la main. Plus inqui\u00e9tant encore est le crash du <a href=\"http:\/\/www.leblogmoto.com\/motogp\/index.html\">Champion du Monde en titre<\/a>, <a href=\"http:\/\/www.nickyhayden.com\/site\/home.php\">Nicky Hayden<\/a>, qui est tomb\u00e9 apr\u00e8s avoir cass\u00e9 le moteur de sa RC212V. Une d\u00e9robade de l\u2019avant pour l\u2019instant inexplicable. Mauvais pour le moral !<\/p>\n<p> Prochain rendez-vous, lundi 19 f\u00e9vrier sur le circuit Espagnol de <a href=\"http:\/\/www.circuitodejerez.com\/en\/home.htm\">Jerez<\/a>. Ces essais officiels r\u00e9uniront pour la premi\u00e8re fois les pilotes des 3 cat\u00e9gories, MotoGP, 250cc et 125cc.<\/p>\n<p> Les temps :<br \/> 1.&nbsp; &nbsp;Dani Pedrosa (SPA) Honda 1\u201955.471<br \/> 2.&nbsp; &nbsp;John Hopkins (USA) Suzuki 1\u201955.825<br \/> 3.&nbsp; &nbsp;Valentino Rossi (ITA) Yamaha 1\u201955.954<br \/> 4.&nbsp; &nbsp;Alex Hofmann (GER) Ducati 1\u201956.315<br \/> 5.&nbsp; &nbsp;Colin Edwards (USA) Yamaha 1\u201956.371<br \/> 6.&nbsp; &nbsp;Randy de Puniet (FRA) Kawasaki 1\u201956.753<br \/> 7.&nbsp; &nbsp;Loris Capirossi (ITA) Ducati 1\u201956.807<br \/> 8.&nbsp; &nbsp;Casey Stoner (AUS) Ducati 1\u201956.834<br \/> 9.&nbsp; &nbsp;Alex Barros (BRA) Ducati 1\u201956.950<br \/> 10. Marco Melandri (ITA) Honda 1\u201956.980<br \/> 11. Shinya Nakano (JPN) Honda 1\u201956.980<br \/> 12. Makoto Tamada (JPN) Yamaha 1\u201957.232<br \/> 13. Toni Elias (SPA) Honda 1\u201957.246<br \/> 14. Nicky Hayden (USA) Honda 1\u201957.269<br \/> 15. Chris Vermeulen (AUS) Suzuki 1\u201957.365<br \/> 16. Kenny Roberts (USA) Team KR 1\u201957.408<br \/> 17. Carlos Checa (SPA) Honda 1\u201957.497<br \/> 18. Sylvain Guintoli (FRA) Yamaha 1\u201958.379<br \/> 19. Shinichi Ito (JPN) Bridgestone Test 1\u201958.974<br \/> 20. Andrew Pitt (AUS) Ilmor 2\u201900.455<br \/> 21. Olivier Jacque (FRA) Kawasaki 2\u201902.081<br \/> 22. Jeremy McWilliams (IRE) Ilmor 2\u201902.612<\/p>\n","protected":false},"excerpt":{"rendered":"<p>Finalement Pedrosa et sa Repsol-Honda auront eu le dernier mot en signant le meilleur temps des essais officiels IRTA du Qatar.Apr\u00e8s deux journ\u00e9es de domination des Yamaha d\u2019Edwards et Rossi, la monte des gommes tendres de qualification aura permis au poids plume espagnol de dominer ses adversaires avec un meilleur chrono de 1&rsquo;55\u00a0\u00bb471. Au passage [&hellip;]<\/p>\n","protected":false},"author":333,"featured_media":0,"comment_status":"open","ping_status":"open","sticky":false,"template":"","format":"standard","meta":{"footnotes":""},"categories":[22],"tags":[],"class_list":["post-1553","post","type-post","status-publish","format-standard","hentry","category-motogp"],"yoast_head":"<!-- This site is optimized with the Yoast SEO plugin v26.0 - https:\/\/yoast.com\/wordpress\/plugins\/seo\/ -->\n<title>Moto GP : Pedrosa devant, Hayden dans les cordes - leblogmoto.com<\/title>\n<meta name=\"robots\" content=\"index, follow, max-snippet:-1, max-image-preview:large, max-video-preview:-1\" \/>\n<link rel=\"canonical\" href=\"https:\/\/blogs.thesocialmedia.com\/leblogmoto\/2007\/02\/16\/moto-gp-pedrosa-2\/\" \/>\n<meta name=\"twitter:card\" content=\"summary_large_image\" \/>\n<meta name=\"twitter:title\" content=\"Moto GP : Pedrosa devant, Hayden dans les cordes - leblogmoto.com\" \/>\n<meta name=\"twitter:description\" content=\"Finalement Pedrosa et sa Repsol-Honda auront eu le dernier mot en signant le meilleur temps des essais officiels IRTA du Qatar.Apr\u00e8s deux journ\u00e9es de domination des Yamaha d\u2019Edwards et Rossi, la monte des gommes tendres de qualification aura permis au poids plume espagnol de dominer ses adversaires avec un meilleur chrono de 1&rsquo;55\u00a0\u00bb471. Au passage [&hellip;]\" \/>\n<meta name=\"twitter:image\" content=\"http:\/\/www.leblogmoto.com\/images\/haydenpedrosa.jpg\" \/>\n<meta name=\"twitter:label1\" content=\"\u00c9crit par\" \/>\n\t<meta name=\"twitter:data1\" content=\"christian tirat\" \/>\n\t<meta name=\"twitter:label2\" content=\"Dur\u00e9e de lecture estim\u00e9e\" \/>\n\t<meta name=\"twitter:data2\" content=\"3 minutes\" \/>\n<script type=\"application\/ld+json\" class=\"yoast-schema-graph\">{\"@context\":\"https:\/\/schema.org\",\"@graph\":[{\"@type\":\"WebPage\",\"@id\":\"https:\/\/blogs.thesocialmedia.com\/leblogmoto\/2007\/02\/16\/moto-gp-pedrosa-2\/\",\"url\":\"https:\/\/blogs.thesocialmedia.com\/leblogmoto\/2007\/02\/16\/moto-gp-pedrosa-2\/\",\"name\":\"Moto GP : Pedrosa devant, Hayden dans les cordes - leblogmoto.com\",\"isPartOf\":{\"@id\":\"https:\/\/blogs.thesocialmedia.com\/leblogmoto\/#website\"},\"primaryImageOfPage\":{\"@id\":\"https:\/\/blogs.thesocialmedia.com\/leblogmoto\/2007\/02\/16\/moto-gp-pedrosa-2\/#primaryimage\"},\"image\":{\"@id\":\"https:\/\/blogs.thesocialmedia.com\/leblogmoto\/2007\/02\/16\/moto-gp-pedrosa-2\/#primaryimage\"},\"thumbnailUrl\":\"http:\/\/www.leblogmoto.com\/images\/haydenpedrosa.jpg\",\"datePublished\":\"2007-02-16T13:17:00+00:00\",\"dateModified\":\"2012-07-11T14:32:10+00:00\",\"author\":{\"@id\":\"https:\/\/blogs.thesocialmedia.com\/leblogmoto\/#\/schema\/person\/90b2f8fd0d5a2cede2580e95fc79c6c0\"},\"breadcrumb\":{\"@id\":\"https:\/\/blogs.thesocialmedia.com\/leblogmoto\/2007\/02\/16\/moto-gp-pedrosa-2\/#breadcrumb\"},\"inLanguage\":\"fr-FR\",\"potentialAction\":[{\"@type\":\"ReadAction\",\"target\":[\"https:\/\/blogs.thesocialmedia.com\/leblogmoto\/2007\/02\/16\/moto-gp-pedrosa-2\/\"]}]},{\"@type\":\"ImageObject\",\"inLanguage\":\"fr-FR\",\"@id\":\"https:\/\/blogs.thesocialmedia.com\/leblogmoto\/2007\/02\/16\/moto-gp-pedrosa-2\/#primaryimage\",\"url\":\"http:\/\/www.leblogmoto.com\/images\/haydenpedrosa.jpg\",\"contentUrl\":\"http:\/\/www.leblogmoto.com\/images\/haydenpedrosa.jpg\"},{\"@type\":\"BreadcrumbList\",\"@id\":\"https:\/\/blogs.thesocialmedia.com\/leblogmoto\/2007\/02\/16\/moto-gp-pedrosa-2\/#breadcrumb\",\"itemListElement\":[{\"@type\":\"ListItem\",\"position\":1,\"name\":\"Accueil\",\"item\":\"https:\/\/blogs.thesocialmedia.com\/leblogmoto\/\"},{\"@type\":\"ListItem\",\"position\":2,\"name\":\"Moto GP : Pedrosa devant, Hayden dans les cordes\"}]},{\"@type\":\"WebSite\",\"@id\":\"https:\/\/blogs.thesocialmedia.com\/leblogmoto\/#website\",\"url\":\"https:\/\/blogs.thesocialmedia.com\/leblogmoto\/\",\"name\":\"leblogmoto\",\"description\":\"Toute l&#039;actualit\u00e9 des 2 roues\",\"potentialAction\":[{\"@type\":\"SearchAction\",\"target\":{\"@type\":\"EntryPoint\",\"urlTemplate\":\"https:\/\/blogs.thesocialmedia.com\/leblogmoto\/?s={search_term_string}\"},\"query-input\":{\"@type\":\"PropertyValueSpecification\",\"valueRequired\":true,\"valueName\":\"search_term_string\"}}],\"inLanguage\":\"fr-FR\"},{\"@type\":\"Person\",\"@id\":\"https:\/\/blogs.thesocialmedia.com\/leblogmoto\/#\/schema\/person\/90b2f8fd0d5a2cede2580e95fc79c6c0\",\"name\":\"christian tirat\",\"image\":{\"@type\":\"ImageObject\",\"inLanguage\":\"fr-FR\",\"@id\":\"https:\/\/blogs.thesocialmedia.com\/leblogmoto\/#\/schema\/person\/image\/\",\"url\":\"https:\/\/secure.gravatar.com\/avatar\/?s=96&d=mm&r=g\",\"contentUrl\":\"https:\/\/secure.gravatar.com\/avatar\/?s=96&d=mm&r=g\",\"caption\":\"christian tirat\"},\"url\":\"https:\/\/blogs.thesocialmedia.com\/leblogmoto\/author\/christian-tirat\/\"}]}<\/script>\n<!-- \/ Yoast SEO plugin. -->","yoast_head_json":{"title":"Moto GP : Pedrosa devant, Hayden dans les cordes - leblogmoto.com","robots":{"index":"index","follow":"follow","max-snippet":"max-snippet:-1","max-image-preview":"max-image-preview:large","max-video-preview":"max-video-preview:-1"},"canonical":"https:\/\/blogs.thesocialmedia.com\/leblogmoto\/2007\/02\/16\/moto-gp-pedrosa-2\/","twitter_card":"summary_large_image","twitter_title":"Moto GP : Pedrosa devant, Hayden dans les cordes - leblogmoto.com","twitter_description":"Finalement Pedrosa et sa Repsol-Honda auront eu le dernier mot en signant le meilleur temps des essais officiels IRTA du Qatar.Apr\u00e8s deux journ\u00e9es de domination des Yamaha d\u2019Edwards et Rossi, la monte des gommes tendres de qualification aura permis au poids plume espagnol de dominer ses adversaires avec un meilleur chrono de 1&rsquo;55\u00a0\u00bb471. Au passage [&hellip;]","twitter_image":"http:\/\/www.leblogmoto.com\/images\/haydenpedrosa.jpg","twitter_misc":{"\u00c9crit par":"christian tirat","Dur\u00e9e de lecture estim\u00e9e":"3 minutes"},"schema":{"@context":"https:\/\/schema.org","@graph":[{"@type":"WebPage","@id":"https:\/\/blogs.thesocialmedia.com\/leblogmoto\/2007\/02\/16\/moto-gp-pedrosa-2\/","url":"https:\/\/blogs.thesocialmedia.com\/leblogmoto\/2007\/02\/16\/moto-gp-pedrosa-2\/","name":"Moto GP : Pedrosa devant, Hayden dans les cordes - leblogmoto.com","isPartOf":{"@id":"https:\/\/blogs.thesocialmedia.com\/leblogmoto\/#website"},"primaryImageOfPage":{"@id":"https:\/\/blogs.thesocialmedia.com\/leblogmoto\/2007\/02\/16\/moto-gp-pedrosa-2\/#primaryimage"},"image":{"@id":"https:\/\/blogs.thesocialmedia.com\/leblogmoto\/2007\/02\/16\/moto-gp-pedrosa-2\/#primaryimage"},"thumbnailUrl":"http:\/\/www.leblogmoto.com\/images\/haydenpedrosa.jpg","datePublished":"2007-02-16T13:17:00+00:00","dateModified":"2012-07-11T14:32:10+00:00","author":{"@id":"https:\/\/blogs.thesocialmedia.com\/leblogmoto\/#\/schema\/person\/90b2f8fd0d5a2cede2580e95fc79c6c0"},"breadcrumb":{"@id":"https:\/\/blogs.thesocialmedia.com\/leblogmoto\/2007\/02\/16\/moto-gp-pedrosa-2\/#breadcrumb"},"inLanguage":"fr-FR","potentialAction":[{"@type":"ReadAction","target":["https:\/\/blogs.thesocialmedia.com\/leblogmoto\/2007\/02\/16\/moto-gp-pedrosa-2\/"]}]},{"@type":"ImageObject","inLanguage":"fr-FR","@id":"https:\/\/blogs.thesocialmedia.com\/leblogmoto\/2007\/02\/16\/moto-gp-pedrosa-2\/#primaryimage","url":"http:\/\/www.leblogmoto.com\/images\/haydenpedrosa.jpg","contentUrl":"http:\/\/www.leblogmoto.com\/images\/haydenpedrosa.jpg"},{"@type":"BreadcrumbList","@id":"https:\/\/blogs.thesocialmedia.com\/leblogmoto\/2007\/02\/16\/moto-gp-pedrosa-2\/#breadcrumb","itemListElement":[{"@type":"ListItem","position":1,"name":"Accueil","item":"https:\/\/blogs.thesocialmedia.com\/leblogmoto\/"},{"@type":"ListItem","position":2,"name":"Moto GP : Pedrosa devant, Hayden dans les cordes"}]},{"@type":"WebSite","@id":"https:\/\/blogs.thesocialmedia.com\/leblogmoto\/#website","url":"https:\/\/blogs.thesocialmedia.com\/leblogmoto\/","name":"leblogmoto","description":"Toute l&#039;actualit\u00e9 des 2 roues","potentialAction":[{"@type":"SearchAction","target":{"@type":"EntryPoint","urlTemplate":"https:\/\/blogs.thesocialmedia.com\/leblogmoto\/?s={search_term_string}"},"query-input":{"@type":"PropertyValueSpecification","valueRequired":true,"valueName":"search_term_string"}}],"inLanguage":"fr-FR"},{"@type":"Person","@id":"https:\/\/blogs.thesocialmedia.com\/leblogmoto\/#\/schema\/person\/90b2f8fd0d5a2cede2580e95fc79c6c0","name":"christian tirat","image":{"@type":"ImageObject","inLanguage":"fr-FR","@id":"https:\/\/blogs.thesocialmedia.com\/leblogmoto\/#\/schema\/person\/image\/","url":"https:\/\/secure.gravatar.com\/avatar\/?s=96&d=mm&r=g","contentUrl":"https:\/\/secure.gravatar.com\/avatar\/?s=96&d=mm&r=g","caption":"christian tirat"},"url":"https:\/\/blogs.thesocialmedia.com\/leblogmoto\/author\/christian-tirat\/"}]}},"_links":{"self":[{"href":"https:\/\/blogs.thesocialmedia.com\/leblogmoto\/wp-json\/wp\/v2\/posts\/1553","targetHints":{"allow":["GET"]}}],"collection":[{"href":"https:\/\/blogs.thesocialmedia.com\/leblogmoto\/wp-json\/wp\/v2\/posts"}],"about":[{"href":"https:\/\/blogs.thesocialmedia.com\/leblogmoto\/wp-json\/wp\/v2\/types\/post"}],"author":[{"embeddable":true,"href":"https:\/\/blogs.thesocialmedia.com\/leblogmoto\/wp-json\/wp\/v2\/users\/333"}],"replies":[{"embeddable":true,"href":"https:\/\/blogs.thesocialmedia.com\/leblogmoto\/wp-json\/wp\/v2\/comments?post=1553"}],"version-history":[{"count":2,"href":"https:\/\/blogs.thesocialmedia.com\/leblogmoto\/wp-json\/wp\/v2\/posts\/1553\/revisions"}],"predecessor-version":[{"id":8026,"href":"https:\/\/blogs.thesocialmedia.com\/leblogmoto\/wp-json\/wp\/v2\/posts\/1553\/revisions\/8026"}],"wp:attachment":[{"href":"https:\/\/blogs.thesocialmedia.com\/leblogmoto\/wp-json\/wp\/v2\/media?parent=1553"}],"wp:term":[{"taxonomy":"category","embeddable":true,"href":"https:\/\/blogs.thesocialmedia.com\/leblogmoto\/wp-json\/wp\/v2\/categories?post=1553"},{"taxonomy":"post_tag","embeddable":true,"href":"https:\/\/blogs.thesocialmedia.com\/leblogmoto\/wp-json\/wp\/v2\/tags?post=1553"}],"curies":[{"name":"wp","href":"https:\/\/api.w.org\/{rel}","templated":true}]}}