{"id":1558,"date":"2007-02-13T13:04:09","date_gmt":"2007-02-13T13:04:09","guid":{"rendered":"http:\/\/blogs.thesocialmedia.com\/leblogmoto\/2007\/02\/13\/enduro-en-salle\/"},"modified":"2012-07-11T14:32:00","modified_gmt":"2012-07-11T14:32:00","slug":"enduro-en-salle","status":"publish","type":"post","link":"https:\/\/blogs.thesocialmedia.com\/leblogmoto\/2007\/02\/13\/enduro-en-salle\/","title":{"rendered":"Enduro en Salle: victoire historique pour Guillaume"},"content":{"rendered":"<p><a href=\"http:\/\/blogs.thesocialmedia.com\/leblogmoto\/files\/2012\/07\/endurolyon3.jpg\"><img loading=\"lazy\" decoding=\"async\" width=\"250\" height=\"167\"  src=\"http:\/\/www.leblogmoto.com\/images\/endurolyon3.jpg\" alt=\"Endurolyon3\" style=\"margin: 0px 5px 5px 0px;float: left\" \/><\/a> Remporter le premier <a href=\"http:\/\/www.leblogmoto.com\/2007\/02\/enduro_plus_sur.html#comments\">Open de France d\u2019Enduro Indoor<\/a> de l\u2019histoire de la moto tricolore, c\u2019\u00e9tait \u00e9crire \u00e0 l\u2019encre ind\u00e9l\u00e9bile une belle page du motocyclisme hexagonal. <br \/>Mission accomplie pour S\u00e9batien Guillaume <a href=\"http:\/\/www.simamoto.fr\/\">(Husqvarna)<\/a> samedi 12 f\u00e9vrier 2007 au <a href=\"http:\/\/www.leblogmoto.com\/2007\/02\/salon_du_2_roue.html\">Parc Eurexpo de Lyon<\/a>. <br \/>Cette premi\u00e8re \u00e9preuve \u00ab sport\/spectacle \u00bb rassemblait devant 5.000 spectateurs survolt\u00e9s, la meilleure tranche du \u00ab gratin \u00bb de la moto verte;  <\/p>\n<p><a href=\"http:\/\/clabedan.typepad.com\/.shared\/image.html?\/photos\/uncategorized\/pisteenduroindoor.jpg\"><img loading=\"lazy\" decoding=\"async\" width=\"250\" height=\"136\"  src=\"http:\/\/www.leblogmoto.com\/images\/pisteenduroindoor.jpg\" alt=\"Pisteenduroindoor\" style=\"margin: 0px 5px 5px 0px;float: left\" \/><\/a>Des enduristes bien entendu mais aussi des crossman comme Bolley et des trialistes tels que Camozzi. Seul absent de marque, Marc Germain, port\u00e9 p\u00e2le suite \u00e0 une intervention chirurgicale urgente mais sans cons\u00e9quences.<\/p>\n<p> La piste paysag\u00e9e longue de 600m, trac\u00e9e par l\u2019\u00e9quipe de <a href=\"http:\/\/www.leblogmoto.com\/2007\/02\/enduro_premire_.html#comments\">Jean-Luc Fouchet (JLFO)<\/a> r\u00e9sumait les principales difficult\u00e9s que l&rsquo;on rencontre en enduro \u00ab naturel \u00bb: mont\u00e9es, marches, sauts, franchissements de gu\u00e9s, orni\u00e8res, virages en d\u00e9vers glissants sur des mat\u00e9riaux aussi divers que de la roche, des galets, de la terre, du sable, des rondins et des troncs d\u2019arbres. Un circuit qui devait \u00eatre parcouru sur 3 tours, comme un v\u00e9ritable sprint, par groupes de 8 pilotes.<\/p>\n<p><a href=\"http:\/\/clabedan.typepad.com\/.shared\/image.html?\/photos\/uncategorized\/endurolyon1.jpg\"><img loading=\"lazy\" decoding=\"async\" width=\"250\" height=\"167\"  src=\"http:\/\/www.leblogmoto.com\/images\/endurolyon1.jpg\" alt=\"Endurolyon1\" style=\"margin: 0px 5px 5px 0px;float: left\" \/><\/a> C\u2019est <a href=\"http:\/\/fr.wikipedia.org\/wiki\/St%C3%A9phane_Peterhansel\">St\u00e9phane Peterhansel<\/a> en personne qui ouvrit la piste au volant de son Mitsubishi Pajero, sur un parcours tr\u00e8s s\u00e9lectif qui ne pardonnait aucune erreur et con\u00e7u pour offrir un magnifique spectacle \u00e0 suspens. Ce fut le cas.<br \/> Alors que <a href=\"http:\/\/www.cyrildespres.com\/home.html\">Cyril Despres<\/a>, r\u00e9cent vainqueur du <a href=\"http:\/\/www.leblogmoto.com\/2007\/01\/dakar_bravo_mic.html#more\">Dakar<\/a> \u00e9tait venu pour gagner, malgr\u00e9 un passage malheureux (22\u00e8me\/30) le 3 f\u00e9vrier sur l\u2019indoor de G\u00eanes (probl\u00e8mes d\u2019embrayage \u2026et de langue !) c\u2019est finalement S\u00e9bastien Guillaume qui remportera une finale aussi intense que palpitante. <br \/><a href=\"http:\/\/clabedan.typepad.com\/.shared\/image.html?\/photos\/uncategorized\/endurolyon2.jpg\"><img loading=\"lazy\" decoding=\"async\" width=\"250\" height=\"375\"  src=\"http:\/\/www.leblogmoto.com\/images\/endurolyon2.jpg\" alt=\"Endurolyon2\" style=\"margin: 0px 5px 5px 0px;float: left\" \/><\/a> D\u2019abord men\u00e9e par <a href=\"http:\/\/www.toolenduro.com\/?c=44&amp;a=1374\">Fabien Planet<\/a> avant qu\u2019il soit d\u00e9bord\u00e9 par un <a href=\"http:\/\/www.cyrildespres.com\/home.html\">Cyril Despres<\/a> qui partit lui aussi \u00e0 la faute pour rendre le t\u00e9moin \u00e0 Planet, avant que ce dernier ne commette \u00e0 son tour une erreur. Guillaume tr\u00e8s r\u00e9gulier samedi, restait \u00e0 l\u2019aff\u00fbt. Profitant des cafouillages de ses devanciers, il s\u2019empara alors de la t\u00eate de la course pour ne plus la l\u00e2cher. <a href=\"http:\/\/www.cyrildespres.com\/home.html\">Despres<\/a> n\u2019obtenant que la seconde place tendis que le &quot;rookie&quot; (bleu aux USA) Fr\u00e9d\u00e9ric Bolley grimpait sur la 3\u00e8me marche. <a href=\"http:\/\/www.toolenduro.com\/?c=44&amp;a=1374\">Fabien Planet<\/a>&nbsp; termine 4\u00e8me. A noter que <a href=\"http:\/\/www.jordancurvalle.com\/\">Jordan Curvalle<\/a> finit 8\u00e8me malgr\u00e9 une p\u00e9dale de frein arri\u00e8re tordue d\u00e8s les premiers virages.<\/p>\n<p> Preuve est faite avec cette premi\u00e8re parfaitement r\u00e9ussie qu\u2019un <a href=\"http:\/\/www.leblogmoto.com\/2007\/02\/enduro_premire_.html#comments\">Championnat du Monde Indoor<\/a> n\u2019a rien d\u2019irr\u00e9aliste. Il permettrait aussi aux pilotes d\u2019engranger un \u00ab plus \u00bb physique, technique et psychologique (gestion de la foule), et pourquoi le cacher, un \u00ab plus \u00bb financier pendant la saison creuse. Reste \u00e0 convaincre les derniers irr\u00e9ductibles, des puristes pour lesquels l\u2019enduro ne peut se concevoir qu\u2019en sites naturels.<\/p>\n<p> R\u00e9sultats :<\/p>\n<p> Premi\u00e8re demi finale \u00e9lite<br \/> 1 <a href=\"http:\/\/www.cyrildespres.com\/home.html\">Despres<\/a><br \/> 2 Aubert<br \/> 3 <a href=\"http:\/\/www.toolenduro.com\/?c=44&amp;a=1374\">Planet<\/a><br \/> 4 Bourgeois<br \/> 5 Memmi<br \/> 6 Bolley<br \/> 7 Arvis<br \/> 8 Dubac<\/p>\n<p> Seconde demi finale \u00e9lite<br \/> 1 Albepart<br \/> 2 Curvalle<br \/> 3 Guillaume<br \/> 4 Gutkin<br \/> 5 Joly<br \/> 6 Gauthier<br \/> 7 Boucardey<br \/> 8 Miquel<\/p>\n<p> Finale Elite<br \/> 1 Guillaume<br \/> 2 <a href=\"http:\/\/www.cyrildespres.com\/home.html\">Despres<\/a><br \/> 3 Bolley<br \/> 4 <a href=\"http:\/\/www.toolenduro.com\/?c=44&amp;a=1374\">Planet<\/a><br \/> 5 Aubert<br \/> 6 Albepart<br \/> 7 Bourgeois<br \/> 8 <a href=\"http:\/\/www.jordancurvalle.com\/\">Curvalle<\/a><br \/> 9 Joly<br \/> 10 Palut<br \/> 11 Gutkin<\/p>\n<p> Premi\u00e8re demi finale Club \/ Classic<br \/> 1 Camozzi<br \/> 2 Guedard<br \/> 3 Albert<br \/> 4 Albertini<br \/> 5 Tocaben<br \/> 6 Lestrade<br \/> 7 Teuli\u00e8re<br \/> 8 Romieu<\/p>\n<p> Seconde demi finale Club \/ Classic<br \/> 1 Palut<br \/> 2 Moisson<br \/> 3 Boyer<br \/> 4 Charlier<br \/> 5 Perrin<br \/> 6 Reviron<br \/> 7 Moreau<\/p>\n<p> Finale Club \/ Classic<br \/> 1 Palut<br \/> 2 Moisson<br \/> 3 Boyer<br \/> 4 Camozzi<br \/> 5 Charlier<br \/> 6 Gu\u00e9dard<br \/> 7 Romieu<br \/> 8 Albert<br \/> 9 Albertini<\/p>\n<p> Sources &amp; photos : <a href=\"\/\/www.toolenduro.com\/\">Toolenduro<\/a>, <a href=\"http:\/\/www.mx2k.com\/\">mx2k<\/a>, <a href=\"http:\/\/www.cyrildespres.com\/home.html\">CyrilDespres.com<\/a>, <a href=\"http:\/\/www.leblogmoto.com\/2007\/02\/enduro_premire_.html#comments\">JLFO<\/a><\/p>\n","protected":false},"excerpt":{"rendered":"<p>Remporter le premier Open de France d\u2019Enduro Indoor de l\u2019histoire de la moto tricolore, c\u2019\u00e9tait \u00e9crire \u00e0 l\u2019encre ind\u00e9l\u00e9bile une belle page du motocyclisme hexagonal. Mission accomplie pour S\u00e9batien Guillaume (Husqvarna) samedi 12 f\u00e9vrier 2007 au Parc Eurexpo de Lyon. Cette premi\u00e8re \u00e9preuve \u00ab sport\/spectacle \u00bb rassemblait devant 5.000 spectateurs survolt\u00e9s, la meilleure tranche du [&hellip;]<\/p>\n","protected":false},"author":333,"featured_media":0,"comment_status":"open","ping_status":"open","sticky":false,"template":"","format":"standard","meta":{"footnotes":""},"categories":[32],"tags":[],"class_list":["post-1558","post","type-post","status-publish","format-standard","hentry","category-sport-moto"],"yoast_head":"<!-- This site is optimized with the Yoast SEO plugin v26.0 - https:\/\/yoast.com\/wordpress\/plugins\/seo\/ -->\n<title>Enduro en Salle: victoire historique pour Guillaume - leblogmoto.com<\/title>\n<meta name=\"robots\" content=\"index, follow, max-snippet:-1, max-image-preview:large, max-video-preview:-1\" \/>\n<link rel=\"canonical\" href=\"https:\/\/blogs.thesocialmedia.com\/leblogmoto\/2007\/02\/13\/enduro-en-salle\/\" \/>\n<meta name=\"twitter:card\" content=\"summary_large_image\" \/>\n<meta name=\"twitter:title\" content=\"Enduro en Salle: victoire historique pour Guillaume - leblogmoto.com\" \/>\n<meta name=\"twitter:description\" content=\"Remporter le premier Open de France d\u2019Enduro Indoor de l\u2019histoire de la moto tricolore, c\u2019\u00e9tait \u00e9crire \u00e0 l\u2019encre ind\u00e9l\u00e9bile une belle page du motocyclisme hexagonal. Mission accomplie pour S\u00e9batien Guillaume (Husqvarna) samedi 12 f\u00e9vrier 2007 au Parc Eurexpo de Lyon. Cette premi\u00e8re \u00e9preuve \u00ab sport\/spectacle \u00bb rassemblait devant 5.000 spectateurs survolt\u00e9s, la meilleure tranche du [&hellip;]\" \/>\n<meta name=\"twitter:image\" content=\"http:\/\/www.leblogmoto.com\/images\/endurolyon3.jpg\" \/>\n<meta name=\"twitter:label1\" content=\"\u00c9crit par\" \/>\n\t<meta name=\"twitter:data1\" content=\"christian tirat\" \/>\n\t<meta name=\"twitter:label2\" content=\"Dur\u00e9e de lecture estim\u00e9e\" \/>\n\t<meta name=\"twitter:data2\" content=\"3 minutes\" \/>\n<script type=\"application\/ld+json\" class=\"yoast-schema-graph\">{\"@context\":\"https:\/\/schema.org\",\"@graph\":[{\"@type\":\"WebPage\",\"@id\":\"https:\/\/blogs.thesocialmedia.com\/leblogmoto\/2007\/02\/13\/enduro-en-salle\/\",\"url\":\"https:\/\/blogs.thesocialmedia.com\/leblogmoto\/2007\/02\/13\/enduro-en-salle\/\",\"name\":\"Enduro en Salle: victoire historique pour Guillaume - leblogmoto.com\",\"isPartOf\":{\"@id\":\"https:\/\/blogs.thesocialmedia.com\/leblogmoto\/#website\"},\"primaryImageOfPage\":{\"@id\":\"https:\/\/blogs.thesocialmedia.com\/leblogmoto\/2007\/02\/13\/enduro-en-salle\/#primaryimage\"},\"image\":{\"@id\":\"https:\/\/blogs.thesocialmedia.com\/leblogmoto\/2007\/02\/13\/enduro-en-salle\/#primaryimage\"},\"thumbnailUrl\":\"http:\/\/www.leblogmoto.com\/images\/endurolyon3.jpg\",\"datePublished\":\"2007-02-13T13:04:09+00:00\",\"dateModified\":\"2012-07-11T14:32:00+00:00\",\"author\":{\"@id\":\"https:\/\/blogs.thesocialmedia.com\/leblogmoto\/#\/schema\/person\/90b2f8fd0d5a2cede2580e95fc79c6c0\"},\"breadcrumb\":{\"@id\":\"https:\/\/blogs.thesocialmedia.com\/leblogmoto\/2007\/02\/13\/enduro-en-salle\/#breadcrumb\"},\"inLanguage\":\"fr-FR\",\"potentialAction\":[{\"@type\":\"ReadAction\",\"target\":[\"https:\/\/blogs.thesocialmedia.com\/leblogmoto\/2007\/02\/13\/enduro-en-salle\/\"]}]},{\"@type\":\"ImageObject\",\"inLanguage\":\"fr-FR\",\"@id\":\"https:\/\/blogs.thesocialmedia.com\/leblogmoto\/2007\/02\/13\/enduro-en-salle\/#primaryimage\",\"url\":\"http:\/\/www.leblogmoto.com\/images\/endurolyon3.jpg\",\"contentUrl\":\"http:\/\/www.leblogmoto.com\/images\/endurolyon3.jpg\"},{\"@type\":\"BreadcrumbList\",\"@id\":\"https:\/\/blogs.thesocialmedia.com\/leblogmoto\/2007\/02\/13\/enduro-en-salle\/#breadcrumb\",\"itemListElement\":[{\"@type\":\"ListItem\",\"position\":1,\"name\":\"Accueil\",\"item\":\"https:\/\/blogs.thesocialmedia.com\/leblogmoto\/\"},{\"@type\":\"ListItem\",\"position\":2,\"name\":\"Enduro en Salle: victoire historique pour Guillaume\"}]},{\"@type\":\"WebSite\",\"@id\":\"https:\/\/blogs.thesocialmedia.com\/leblogmoto\/#website\",\"url\":\"https:\/\/blogs.thesocialmedia.com\/leblogmoto\/\",\"name\":\"leblogmoto\",\"description\":\"Toute l&#039;actualit\u00e9 des 2 roues\",\"potentialAction\":[{\"@type\":\"SearchAction\",\"target\":{\"@type\":\"EntryPoint\",\"urlTemplate\":\"https:\/\/blogs.thesocialmedia.com\/leblogmoto\/?s={search_term_string}\"},\"query-input\":{\"@type\":\"PropertyValueSpecification\",\"valueRequired\":true,\"valueName\":\"search_term_string\"}}],\"inLanguage\":\"fr-FR\"},{\"@type\":\"Person\",\"@id\":\"https:\/\/blogs.thesocialmedia.com\/leblogmoto\/#\/schema\/person\/90b2f8fd0d5a2cede2580e95fc79c6c0\",\"name\":\"christian tirat\",\"image\":{\"@type\":\"ImageObject\",\"inLanguage\":\"fr-FR\",\"@id\":\"https:\/\/blogs.thesocialmedia.com\/leblogmoto\/#\/schema\/person\/image\/\",\"url\":\"https:\/\/secure.gravatar.com\/avatar\/?s=96&d=mm&r=g\",\"contentUrl\":\"https:\/\/secure.gravatar.com\/avatar\/?s=96&d=mm&r=g\",\"caption\":\"christian tirat\"},\"url\":\"https:\/\/blogs.thesocialmedia.com\/leblogmoto\/author\/christian-tirat\/\"}]}<\/script>\n<!-- \/ Yoast SEO plugin. -->","yoast_head_json":{"title":"Enduro en Salle: victoire historique pour Guillaume - leblogmoto.com","robots":{"index":"index","follow":"follow","max-snippet":"max-snippet:-1","max-image-preview":"max-image-preview:large","max-video-preview":"max-video-preview:-1"},"canonical":"https:\/\/blogs.thesocialmedia.com\/leblogmoto\/2007\/02\/13\/enduro-en-salle\/","twitter_card":"summary_large_image","twitter_title":"Enduro en Salle: victoire historique pour Guillaume - leblogmoto.com","twitter_description":"Remporter le premier Open de France d\u2019Enduro Indoor de l\u2019histoire de la moto tricolore, c\u2019\u00e9tait \u00e9crire \u00e0 l\u2019encre ind\u00e9l\u00e9bile une belle page du motocyclisme hexagonal. Mission accomplie pour S\u00e9batien Guillaume (Husqvarna) samedi 12 f\u00e9vrier 2007 au Parc Eurexpo de Lyon. Cette premi\u00e8re \u00e9preuve \u00ab sport\/spectacle \u00bb rassemblait devant 5.000 spectateurs survolt\u00e9s, la meilleure tranche du [&hellip;]","twitter_image":"http:\/\/www.leblogmoto.com\/images\/endurolyon3.jpg","twitter_misc":{"\u00c9crit par":"christian tirat","Dur\u00e9e de lecture estim\u00e9e":"3 minutes"},"schema":{"@context":"https:\/\/schema.org","@graph":[{"@type":"WebPage","@id":"https:\/\/blogs.thesocialmedia.com\/leblogmoto\/2007\/02\/13\/enduro-en-salle\/","url":"https:\/\/blogs.thesocialmedia.com\/leblogmoto\/2007\/02\/13\/enduro-en-salle\/","name":"Enduro en Salle: victoire historique pour Guillaume - leblogmoto.com","isPartOf":{"@id":"https:\/\/blogs.thesocialmedia.com\/leblogmoto\/#website"},"primaryImageOfPage":{"@id":"https:\/\/blogs.thesocialmedia.com\/leblogmoto\/2007\/02\/13\/enduro-en-salle\/#primaryimage"},"image":{"@id":"https:\/\/blogs.thesocialmedia.com\/leblogmoto\/2007\/02\/13\/enduro-en-salle\/#primaryimage"},"thumbnailUrl":"http:\/\/www.leblogmoto.com\/images\/endurolyon3.jpg","datePublished":"2007-02-13T13:04:09+00:00","dateModified":"2012-07-11T14:32:00+00:00","author":{"@id":"https:\/\/blogs.thesocialmedia.com\/leblogmoto\/#\/schema\/person\/90b2f8fd0d5a2cede2580e95fc79c6c0"},"breadcrumb":{"@id":"https:\/\/blogs.thesocialmedia.com\/leblogmoto\/2007\/02\/13\/enduro-en-salle\/#breadcrumb"},"inLanguage":"fr-FR","potentialAction":[{"@type":"ReadAction","target":["https:\/\/blogs.thesocialmedia.com\/leblogmoto\/2007\/02\/13\/enduro-en-salle\/"]}]},{"@type":"ImageObject","inLanguage":"fr-FR","@id":"https:\/\/blogs.thesocialmedia.com\/leblogmoto\/2007\/02\/13\/enduro-en-salle\/#primaryimage","url":"http:\/\/www.leblogmoto.com\/images\/endurolyon3.jpg","contentUrl":"http:\/\/www.leblogmoto.com\/images\/endurolyon3.jpg"},{"@type":"BreadcrumbList","@id":"https:\/\/blogs.thesocialmedia.com\/leblogmoto\/2007\/02\/13\/enduro-en-salle\/#breadcrumb","itemListElement":[{"@type":"ListItem","position":1,"name":"Accueil","item":"https:\/\/blogs.thesocialmedia.com\/leblogmoto\/"},{"@type":"ListItem","position":2,"name":"Enduro en Salle: victoire historique pour Guillaume"}]},{"@type":"WebSite","@id":"https:\/\/blogs.thesocialmedia.com\/leblogmoto\/#website","url":"https:\/\/blogs.thesocialmedia.com\/leblogmoto\/","name":"leblogmoto","description":"Toute l&#039;actualit\u00e9 des 2 roues","potentialAction":[{"@type":"SearchAction","target":{"@type":"EntryPoint","urlTemplate":"https:\/\/blogs.thesocialmedia.com\/leblogmoto\/?s={search_term_string}"},"query-input":{"@type":"PropertyValueSpecification","valueRequired":true,"valueName":"search_term_string"}}],"inLanguage":"fr-FR"},{"@type":"Person","@id":"https:\/\/blogs.thesocialmedia.com\/leblogmoto\/#\/schema\/person\/90b2f8fd0d5a2cede2580e95fc79c6c0","name":"christian tirat","image":{"@type":"ImageObject","inLanguage":"fr-FR","@id":"https:\/\/blogs.thesocialmedia.com\/leblogmoto\/#\/schema\/person\/image\/","url":"https:\/\/secure.gravatar.com\/avatar\/?s=96&d=mm&r=g","contentUrl":"https:\/\/secure.gravatar.com\/avatar\/?s=96&d=mm&r=g","caption":"christian tirat"},"url":"https:\/\/blogs.thesocialmedia.com\/leblogmoto\/author\/christian-tirat\/"}]}},"_links":{"self":[{"href":"https:\/\/blogs.thesocialmedia.com\/leblogmoto\/wp-json\/wp\/v2\/posts\/1558","targetHints":{"allow":["GET"]}}],"collection":[{"href":"https:\/\/blogs.thesocialmedia.com\/leblogmoto\/wp-json\/wp\/v2\/posts"}],"about":[{"href":"https:\/\/blogs.thesocialmedia.com\/leblogmoto\/wp-json\/wp\/v2\/types\/post"}],"author":[{"embeddable":true,"href":"https:\/\/blogs.thesocialmedia.com\/leblogmoto\/wp-json\/wp\/v2\/users\/333"}],"replies":[{"embeddable":true,"href":"https:\/\/blogs.thesocialmedia.com\/leblogmoto\/wp-json\/wp\/v2\/comments?post=1558"}],"version-history":[{"count":2,"href":"https:\/\/blogs.thesocialmedia.com\/leblogmoto\/wp-json\/wp\/v2\/posts\/1558\/revisions"}],"predecessor-version":[{"id":8016,"href":"https:\/\/blogs.thesocialmedia.com\/leblogmoto\/wp-json\/wp\/v2\/posts\/1558\/revisions\/8016"}],"wp:attachment":[{"href":"https:\/\/blogs.thesocialmedia.com\/leblogmoto\/wp-json\/wp\/v2\/media?parent=1558"}],"wp:term":[{"taxonomy":"category","embeddable":true,"href":"https:\/\/blogs.thesocialmedia.com\/leblogmoto\/wp-json\/wp\/v2\/categories?post=1558"},{"taxonomy":"post_tag","embeddable":true,"href":"https:\/\/blogs.thesocialmedia.com\/leblogmoto\/wp-json\/wp\/v2\/tags?post=1558"}],"curies":[{"name":"wp","href":"https:\/\/api.w.org\/{rel}","templated":true}]}}