{"id":1559,"date":"2007-02-11T22:35:41","date_gmt":"2007-02-11T22:35:41","guid":{"rendered":"http:\/\/blogs.thesocialmedia.com\/leblogmoto\/2007\/02\/11\/enduropale-et-d\/"},"modified":"2012-07-11T14:31:58","modified_gmt":"2012-07-11T14:31:58","slug":"enduropale-et-d","status":"publish","type":"post","link":"https:\/\/blogs.thesocialmedia.com\/leblogmoto\/2007\/02\/11\/enduropale-et-d\/","title":{"rendered":"Enduropale : et de 6 pour Demeester !"},"content":{"rendered":"<p><a href=\"http:\/\/blogs.thesocialmedia.com\/leblogmoto\/files\/2012\/07\/05tq_ad_022_1.jpg\"><img loading=\"lazy\" decoding=\"async\" width=\"250\" height=\"333\"  src=\"http:\/\/www.leblogmoto.com\/images\/05tq_ad_022_1.jpg\" alt=\"05tq_ad_022_1\" style=\"margin: 0px 5px 5px 0px;float: left\" \/><\/a> Disput\u00e9 sur la plage la plus c\u00e9l\u00e8bre de France, l\u2019<a href=\"http:\/\/www.leblogmoto.com\/2007\/02\/enduro_un_touqu.html\">Enduro du Touquet<\/a> rebaptis\u00e9 il y\u2019\u00e0 deux ans Enduropale, se courait sur un nouveau trac\u00e9 de 15,5 km sous la protection de 5 compagnies de CRS, 60 motards de la police, 65 gendarmes, 300 policiers, 160 pompiers, 3 h\u00e9licopt\u00e8res et deux h\u00f4pitaux de campagne. Rien de moins ! <\/p>\n<p>L\u2019\u00e9preuve 2007 a de nouveau consacr\u00e9 le Dunkerquois <a href=\"http:\/\/www.arnauddemeester.com\/\">Arnaud Demeester<\/a> (<a href=\"http:\/\/www.yamaha-motor.fr\/index.jsp\">Yamaha)<\/a> qui remporte l\u2019\u00e9preuve pour la sixi\u00e8me fois, devant Yves Deudon (<a href=\"http:\/\/www.kawasaki.fr\/\">Kawasaki<\/a>) et <a href=\"http:\/\/www.pierrickpaget.com\/\">Pierrick Paget <\/a>(<a href=\"http:\/\/www.yamaha-motor.fr\/index.jsp\">Yamaha)<\/a>. Il d\u00e9passe dans les annales de l&rsquo;\u00e9preuve, le N\u00e9erlandais Kees Van der Ven cinq fois vainqueur entre 1982 et 1986. <a href=\"Kees Van der Ven\">Demeester<\/a>, \u00e2g\u00e9 de 31 ans, avait d\u00e9j\u00e0 remport\u00e9 les \u00e9ditions 1995, 1996, 1998, 2002, 2005.<\/p>\n<p><a href=\"http:\/\/clabedan.typepad.com\/.shared\/image.html?\/photos\/uncategorized\/maindru_quad_arrivee_1.jpg\"><img loading=\"lazy\" decoding=\"async\" width=\"250\" height=\"266\"  alt=\"Maindru_quad_arrivee_1\" src=\"http:\/\/www.leblogmoto.com\/images\/maindru_quad_arrivee_1.jpg\" style=\"margin: 0px 5px 5px 0px;float: left\" \/><\/a> C\u00f4t\u00e9 quads, le 2e Quaduro du Touquet a \u00e9t\u00e9 remport\u00e9 pour la 2e fois cons\u00e9cutive par l\u2019\u00e9quipage tricolore Blaise Parent-Romain Couprie (<a href=\"http:\/\/www.yamaha-motor.fr\/index.jsp\">Yamaha YFZ450-Moto &amp; Co Yamaha Motor France Ipone<\/a>). Blaise Parent signe un 3e succ\u00e8s cons\u00e9cutif, une 5e victoire et un 8e podium en 8 participations. De son c\u00f4t\u00e9, Romain Couprie, d\u00e9croche sa 3e victoire au Touquet et un 5e podium en 5 participations ! Les deux hommes, d\u00e9j\u00e0 vainqueurs l\u2019an pass\u00e9, ont largement domin\u00e9 la concurrence. Ils sont suivis par l\u2019\u00e9quipage Pinchon\/Lassaigne par Ternynck\/Jay et par Rochreau\/Gazon : quatre YFZ450 aux 4 premi\u00e8res places !<\/p>\n<p> Souces &amp; photos : <a href=\"http:\/\/www.toolenduro.com\/\">Toolenduro.com<\/a>, <a href=\"http:\/\/www.yamaha-motor.fr\/index.jsp\">YMF<\/a>, <a href=\"http:\/\/www.maindruphoto.com\/\">Maindru<\/a><\/p>\n","protected":false},"excerpt":{"rendered":"<p>Disput\u00e9 sur la plage la plus c\u00e9l\u00e8bre de France, l\u2019Enduro du Touquet rebaptis\u00e9 il y\u2019\u00e0 deux ans Enduropale, se courait sur un nouveau trac\u00e9 de 15,5 km sous la protection de 5 compagnies de CRS, 60 motards de la police, 65 gendarmes, 300 policiers, 160 pompiers, 3 h\u00e9licopt\u00e8res et deux h\u00f4pitaux de campagne. Rien de [&hellip;]<\/p>\n","protected":false},"author":333,"featured_media":0,"comment_status":"open","ping_status":"open","sticky":false,"template":"","format":"standard","meta":{"footnotes":""},"categories":[1],"tags":[],"class_list":["post-1559","post","type-post","status-publish","format-standard","hentry","category-uncategorized"],"yoast_head":"<!-- This site is optimized with the Yoast SEO plugin v26.0 - https:\/\/yoast.com\/wordpress\/plugins\/seo\/ -->\n<title>Enduropale : et de 6 pour Demeester ! - leblogmoto.com<\/title>\n<meta name=\"robots\" content=\"index, follow, max-snippet:-1, max-image-preview:large, max-video-preview:-1\" \/>\n<link rel=\"canonical\" href=\"https:\/\/blogs.thesocialmedia.com\/leblogmoto\/2007\/02\/11\/enduropale-et-d\/\" \/>\n<meta name=\"twitter:card\" content=\"summary_large_image\" \/>\n<meta name=\"twitter:title\" content=\"Enduropale : et de 6 pour Demeester ! - leblogmoto.com\" \/>\n<meta name=\"twitter:description\" content=\"Disput\u00e9 sur la plage la plus c\u00e9l\u00e8bre de France, l\u2019Enduro du Touquet rebaptis\u00e9 il y\u2019\u00e0 deux ans Enduropale, se courait sur un nouveau trac\u00e9 de 15,5 km sous la protection de 5 compagnies de CRS, 60 motards de la police, 65 gendarmes, 300 policiers, 160 pompiers, 3 h\u00e9licopt\u00e8res et deux h\u00f4pitaux de campagne. Rien de [&hellip;]\" \/>\n<meta name=\"twitter:image\" content=\"http:\/\/www.leblogmoto.com\/images\/05tq_ad_022_1.jpg\" \/>\n<meta name=\"twitter:label1\" content=\"\u00c9crit par\" \/>\n\t<meta name=\"twitter:data1\" content=\"christian tirat\" \/>\n\t<meta name=\"twitter:label2\" content=\"Dur\u00e9e de lecture estim\u00e9e\" \/>\n\t<meta name=\"twitter:data2\" content=\"1 minute\" \/>\n<script type=\"application\/ld+json\" class=\"yoast-schema-graph\">{\"@context\":\"https:\/\/schema.org\",\"@graph\":[{\"@type\":\"WebPage\",\"@id\":\"https:\/\/blogs.thesocialmedia.com\/leblogmoto\/2007\/02\/11\/enduropale-et-d\/\",\"url\":\"https:\/\/blogs.thesocialmedia.com\/leblogmoto\/2007\/02\/11\/enduropale-et-d\/\",\"name\":\"Enduropale : et de 6 pour Demeester ! - leblogmoto.com\",\"isPartOf\":{\"@id\":\"https:\/\/blogs.thesocialmedia.com\/leblogmoto\/#website\"},\"primaryImageOfPage\":{\"@id\":\"https:\/\/blogs.thesocialmedia.com\/leblogmoto\/2007\/02\/11\/enduropale-et-d\/#primaryimage\"},\"image\":{\"@id\":\"https:\/\/blogs.thesocialmedia.com\/leblogmoto\/2007\/02\/11\/enduropale-et-d\/#primaryimage\"},\"thumbnailUrl\":\"http:\/\/www.leblogmoto.com\/images\/05tq_ad_022_1.jpg\",\"datePublished\":\"2007-02-11T22:35:41+00:00\",\"dateModified\":\"2012-07-11T14:31:58+00:00\",\"author\":{\"@id\":\"https:\/\/blogs.thesocialmedia.com\/leblogmoto\/#\/schema\/person\/90b2f8fd0d5a2cede2580e95fc79c6c0\"},\"breadcrumb\":{\"@id\":\"https:\/\/blogs.thesocialmedia.com\/leblogmoto\/2007\/02\/11\/enduropale-et-d\/#breadcrumb\"},\"inLanguage\":\"fr-FR\",\"potentialAction\":[{\"@type\":\"ReadAction\",\"target\":[\"https:\/\/blogs.thesocialmedia.com\/leblogmoto\/2007\/02\/11\/enduropale-et-d\/\"]}]},{\"@type\":\"ImageObject\",\"inLanguage\":\"fr-FR\",\"@id\":\"https:\/\/blogs.thesocialmedia.com\/leblogmoto\/2007\/02\/11\/enduropale-et-d\/#primaryimage\",\"url\":\"http:\/\/www.leblogmoto.com\/images\/05tq_ad_022_1.jpg\",\"contentUrl\":\"http:\/\/www.leblogmoto.com\/images\/05tq_ad_022_1.jpg\"},{\"@type\":\"BreadcrumbList\",\"@id\":\"https:\/\/blogs.thesocialmedia.com\/leblogmoto\/2007\/02\/11\/enduropale-et-d\/#breadcrumb\",\"itemListElement\":[{\"@type\":\"ListItem\",\"position\":1,\"name\":\"Accueil\",\"item\":\"https:\/\/blogs.thesocialmedia.com\/leblogmoto\/\"},{\"@type\":\"ListItem\",\"position\":2,\"name\":\"Enduropale : et de 6 pour Demeester !\"}]},{\"@type\":\"WebSite\",\"@id\":\"https:\/\/blogs.thesocialmedia.com\/leblogmoto\/#website\",\"url\":\"https:\/\/blogs.thesocialmedia.com\/leblogmoto\/\",\"name\":\"leblogmoto\",\"description\":\"Toute l&#039;actualit\u00e9 des 2 roues\",\"potentialAction\":[{\"@type\":\"SearchAction\",\"target\":{\"@type\":\"EntryPoint\",\"urlTemplate\":\"https:\/\/blogs.thesocialmedia.com\/leblogmoto\/?s={search_term_string}\"},\"query-input\":{\"@type\":\"PropertyValueSpecification\",\"valueRequired\":true,\"valueName\":\"search_term_string\"}}],\"inLanguage\":\"fr-FR\"},{\"@type\":\"Person\",\"@id\":\"https:\/\/blogs.thesocialmedia.com\/leblogmoto\/#\/schema\/person\/90b2f8fd0d5a2cede2580e95fc79c6c0\",\"name\":\"christian tirat\",\"image\":{\"@type\":\"ImageObject\",\"inLanguage\":\"fr-FR\",\"@id\":\"https:\/\/blogs.thesocialmedia.com\/leblogmoto\/#\/schema\/person\/image\/\",\"url\":\"https:\/\/secure.gravatar.com\/avatar\/?s=96&d=mm&r=g\",\"contentUrl\":\"https:\/\/secure.gravatar.com\/avatar\/?s=96&d=mm&r=g\",\"caption\":\"christian tirat\"},\"url\":\"https:\/\/blogs.thesocialmedia.com\/leblogmoto\/author\/christian-tirat\/\"}]}<\/script>\n<!-- \/ Yoast SEO plugin. -->","yoast_head_json":{"title":"Enduropale : et de 6 pour Demeester ! - leblogmoto.com","robots":{"index":"index","follow":"follow","max-snippet":"max-snippet:-1","max-image-preview":"max-image-preview:large","max-video-preview":"max-video-preview:-1"},"canonical":"https:\/\/blogs.thesocialmedia.com\/leblogmoto\/2007\/02\/11\/enduropale-et-d\/","twitter_card":"summary_large_image","twitter_title":"Enduropale : et de 6 pour Demeester ! - leblogmoto.com","twitter_description":"Disput\u00e9 sur la plage la plus c\u00e9l\u00e8bre de France, l\u2019Enduro du Touquet rebaptis\u00e9 il y\u2019\u00e0 deux ans Enduropale, se courait sur un nouveau trac\u00e9 de 15,5 km sous la protection de 5 compagnies de CRS, 60 motards de la police, 65 gendarmes, 300 policiers, 160 pompiers, 3 h\u00e9licopt\u00e8res et deux h\u00f4pitaux de campagne. Rien de [&hellip;]","twitter_image":"http:\/\/www.leblogmoto.com\/images\/05tq_ad_022_1.jpg","twitter_misc":{"\u00c9crit par":"christian tirat","Dur\u00e9e de lecture estim\u00e9e":"1 minute"},"schema":{"@context":"https:\/\/schema.org","@graph":[{"@type":"WebPage","@id":"https:\/\/blogs.thesocialmedia.com\/leblogmoto\/2007\/02\/11\/enduropale-et-d\/","url":"https:\/\/blogs.thesocialmedia.com\/leblogmoto\/2007\/02\/11\/enduropale-et-d\/","name":"Enduropale : et de 6 pour Demeester ! - leblogmoto.com","isPartOf":{"@id":"https:\/\/blogs.thesocialmedia.com\/leblogmoto\/#website"},"primaryImageOfPage":{"@id":"https:\/\/blogs.thesocialmedia.com\/leblogmoto\/2007\/02\/11\/enduropale-et-d\/#primaryimage"},"image":{"@id":"https:\/\/blogs.thesocialmedia.com\/leblogmoto\/2007\/02\/11\/enduropale-et-d\/#primaryimage"},"thumbnailUrl":"http:\/\/www.leblogmoto.com\/images\/05tq_ad_022_1.jpg","datePublished":"2007-02-11T22:35:41+00:00","dateModified":"2012-07-11T14:31:58+00:00","author":{"@id":"https:\/\/blogs.thesocialmedia.com\/leblogmoto\/#\/schema\/person\/90b2f8fd0d5a2cede2580e95fc79c6c0"},"breadcrumb":{"@id":"https:\/\/blogs.thesocialmedia.com\/leblogmoto\/2007\/02\/11\/enduropale-et-d\/#breadcrumb"},"inLanguage":"fr-FR","potentialAction":[{"@type":"ReadAction","target":["https:\/\/blogs.thesocialmedia.com\/leblogmoto\/2007\/02\/11\/enduropale-et-d\/"]}]},{"@type":"ImageObject","inLanguage":"fr-FR","@id":"https:\/\/blogs.thesocialmedia.com\/leblogmoto\/2007\/02\/11\/enduropale-et-d\/#primaryimage","url":"http:\/\/www.leblogmoto.com\/images\/05tq_ad_022_1.jpg","contentUrl":"http:\/\/www.leblogmoto.com\/images\/05tq_ad_022_1.jpg"},{"@type":"BreadcrumbList","@id":"https:\/\/blogs.thesocialmedia.com\/leblogmoto\/2007\/02\/11\/enduropale-et-d\/#breadcrumb","itemListElement":[{"@type":"ListItem","position":1,"name":"Accueil","item":"https:\/\/blogs.thesocialmedia.com\/leblogmoto\/"},{"@type":"ListItem","position":2,"name":"Enduropale : et de 6 pour Demeester !"}]},{"@type":"WebSite","@id":"https:\/\/blogs.thesocialmedia.com\/leblogmoto\/#website","url":"https:\/\/blogs.thesocialmedia.com\/leblogmoto\/","name":"leblogmoto","description":"Toute l&#039;actualit\u00e9 des 2 roues","potentialAction":[{"@type":"SearchAction","target":{"@type":"EntryPoint","urlTemplate":"https:\/\/blogs.thesocialmedia.com\/leblogmoto\/?s={search_term_string}"},"query-input":{"@type":"PropertyValueSpecification","valueRequired":true,"valueName":"search_term_string"}}],"inLanguage":"fr-FR"},{"@type":"Person","@id":"https:\/\/blogs.thesocialmedia.com\/leblogmoto\/#\/schema\/person\/90b2f8fd0d5a2cede2580e95fc79c6c0","name":"christian tirat","image":{"@type":"ImageObject","inLanguage":"fr-FR","@id":"https:\/\/blogs.thesocialmedia.com\/leblogmoto\/#\/schema\/person\/image\/","url":"https:\/\/secure.gravatar.com\/avatar\/?s=96&d=mm&r=g","contentUrl":"https:\/\/secure.gravatar.com\/avatar\/?s=96&d=mm&r=g","caption":"christian tirat"},"url":"https:\/\/blogs.thesocialmedia.com\/leblogmoto\/author\/christian-tirat\/"}]}},"_links":{"self":[{"href":"https:\/\/blogs.thesocialmedia.com\/leblogmoto\/wp-json\/wp\/v2\/posts\/1559","targetHints":{"allow":["GET"]}}],"collection":[{"href":"https:\/\/blogs.thesocialmedia.com\/leblogmoto\/wp-json\/wp\/v2\/posts"}],"about":[{"href":"https:\/\/blogs.thesocialmedia.com\/leblogmoto\/wp-json\/wp\/v2\/types\/post"}],"author":[{"embeddable":true,"href":"https:\/\/blogs.thesocialmedia.com\/leblogmoto\/wp-json\/wp\/v2\/users\/333"}],"replies":[{"embeddable":true,"href":"https:\/\/blogs.thesocialmedia.com\/leblogmoto\/wp-json\/wp\/v2\/comments?post=1559"}],"version-history":[{"count":2,"href":"https:\/\/blogs.thesocialmedia.com\/leblogmoto\/wp-json\/wp\/v2\/posts\/1559\/revisions"}],"predecessor-version":[{"id":8014,"href":"https:\/\/blogs.thesocialmedia.com\/leblogmoto\/wp-json\/wp\/v2\/posts\/1559\/revisions\/8014"}],"wp:attachment":[{"href":"https:\/\/blogs.thesocialmedia.com\/leblogmoto\/wp-json\/wp\/v2\/media?parent=1559"}],"wp:term":[{"taxonomy":"category","embeddable":true,"href":"https:\/\/blogs.thesocialmedia.com\/leblogmoto\/wp-json\/wp\/v2\/categories?post=1559"},{"taxonomy":"post_tag","embeddable":true,"href":"https:\/\/blogs.thesocialmedia.com\/leblogmoto\/wp-json\/wp\/v2\/tags?post=1559"}],"curies":[{"name":"wp","href":"https:\/\/api.w.org\/{rel}","templated":true}]}}