{"id":1560,"date":"2007-02-11T21:23:43","date_gmt":"2007-02-11T21:23:43","guid":{"rendered":"http:\/\/blogs.thesocialmedia.com\/leblogmoto\/2007\/02\/11\/trial-en-salle-2\/"},"modified":"2012-07-11T14:31:56","modified_gmt":"2012-07-11T14:31:56","slug":"trial-en-salle-2","status":"publish","type":"post","link":"https:\/\/blogs.thesocialmedia.com\/leblogmoto\/2007\/02\/11\/trial-en-salle-2\/","title":{"rendered":"Trial en Salle : et de quatre pour Toni Bou"},"content":{"rendered":"<p><a href=\"http:\/\/blogs.thesocialmedia.com\/leblogmoto\/files\/2012\/07\/trial_lisbonne.jpg\"><img loading=\"lazy\" decoding=\"async\" width=\"250\" height=\"158\"  alt=\"Trial_lisbonne\" src=\"http:\/\/www.leblogmoto.com\/images\/trial_lisbonne.jpg\" style=\"margin: 0px 5px 5px 0px;float: left\" \/><\/a> C\u2019est \u00e0 Lisbonne, devant 7000 spectateurs portugais \u00e9blouis que <a href=\"http:\/\/www.tonibou.com\/\">Toni Bou<\/a> <a href=\"http:\/\/www.montesa.fr\/\">(Montesa-HRC)<\/a> le jeune prodige espagnol, a d\u00e9croch\u00e9 sa quatri\u00e8me victoire au championnat du Monde de Trial Indoor. <\/p>\n<p>La cinqui\u00e8me manche du Mondial fut beaucoup plus disput\u00e9e que le tr\u00e8s difficile <a href=\"http:\/\/www.leblogmoto.com\/2007\/02\/trial_en_salle__1.html\">Trial de Barcelone<\/a>, <a href=\"http:\/\/www.adamraga.com\/\">Adam Raga<\/a> <a href=\"http:\/\/www.gasgasmotos.es\/esp\/frame.htm\">(Gas Gas)<\/a>. ayant \u00e0 c\u0153ur de rattraper son retard. Peine perdue, son concurrent bien d\u00e9cid\u00e9 \u00e0 le d\u00e9tr\u00f4ner prends le large avec 8 points d\u2019avance sur le champion en titre. <\/p>\n<p><a href=\"http:\/\/clabedan.typepad.com\/.shared\/image.html?\/photos\/uncategorized\/boulisbonne_1.jpg\"><img loading=\"lazy\" decoding=\"async\" width=\"250\" height=\"186\"  alt=\"Boulisbonne_1\" src=\"http:\/\/www.leblogmoto.com\/images\/boulisbonne_1.jpg\" style=\"margin: 0px 5px 5px 0px;float: left\" \/><\/a>Le Trial de Lisbonne proposait 8 zones spectaculaires dont une double zone de vitesse sur lesquelles le duel Bou-Raga n\u2019a pas baiss\u00e9 d\u2019intensit\u00e9 jusqu\u2019\u00e0 la fin de l\u2019\u00e9preuve. Selon <a href=\"http:\/\/www.adamraga.com\/\">Raga<\/a>, deux zones, notamment la premi\u00e8re \u00e9taient quasi impossibles a franchir. Le t\u00eate \u00e0 t\u00eate Bou-Raga gagnait en intensit\u00e9 sur la zone 6 et la section de vitesse o\u00f9 seul le d\u00e9tenteur du titre \u00e9vitait l\u2019\u00e9chec. Il fallut attendre les play-off, point culminant du spectacle pour que <a href=\"http:\/\/www.tonibou.com\/\">Toni Bou<\/a> prenne enfin l\u2019avantage.<\/p>\n<p> Lors du tour de qualification, <a href=\"http:\/\/www.tonibou.com\/\">Bou<\/a> trouvait une extraordinaire trajectoire sur la zone 1 dont il sortira avec un seul point de p\u00e9nalit\u00e9, tendis que tous ses adversaires allaient \u00e0 l\u2019\u00e9chec mais le pilote Repsol <a href=\"http:\/\/www.montesa.fr\/\">Montesa-HRC<\/a> perdait son avantage sur un \u00e9chec dans la derni\u00e8re zone puis, <a href=\"http:\/\/www.tonibou.com\/\">Bou<\/a> battait <a href=\"http:\/\/www.adamraga.com\/\">Raga<\/a> sur la zone de vitesse et fut donc le premier qualifi\u00e9 pour la finale. Le champion en titre a fait \u00e9galement une excellente performance en ne se laissant pas perturber par son cinq de la premi\u00e8re zone. Le troisi\u00e8me pilote \u00e9tait <a href=\"http:\/\/www.albertcabestany.com\/\">Albert Cabestany<\/a> qui s&rsquo;est montr\u00e9 un peu plus consistant et r\u00e9gulier que les autres candidats \u00e0 la finale.<\/p>\n<p> L\u2019autre pilote Montesa, le japonais <a href=\"http:\/\/fujigas.net\/\">Takahisa Fujinami<\/a>, tr\u00e8s motiv\u00e9 apr\u00e8s sa magnifique deuxi\u00e8me place de Barcelone, a rat\u00e9 la finale d\u2019un point. Deux petites erreurs dans la derni\u00e8re zone et l\u2019avantage passait \u00e0 <a href=\"http:\/\/www.albertcabestany.com\/\">Cabestany <\/a><a href=\"http:\/\/www.sherco-moto.com\/\">(Sherco)<\/a>. Dommage pour le Japonais qui avait battu le pilote&nbsp; <a href=\"http:\/\/www.sherco-moto.com\/\">Sherco<\/a> dans la zone de vitesse, mais ce n&rsquo;\u00e9tait pas suffisant pour l\u2019emporter. Quant \u00e0 <a href=\"http:\/\/www.dougielampkin.co.uk\/\">Dougie Lampkin<\/a>, cinqui\u00e8me, il signe une nouvelle contre performance avec trop de prises de risques et trop de points au final (22)<\/p>\n<p> Sixi\u00e8me \u00e9tape du FITWC 2007, dans sept jours \u00e0 Milan.<\/p>\n<p><a href=\"http:\/\/clabedan.typepad.com\/.shared\/image.html?\/photos\/uncategorized\/lisbonebou_1.jpg\"><img loading=\"lazy\" decoding=\"async\" width=\"250\" height=\"300\"  alt=\"Lisbonebou_1\" src=\"http:\/\/www.leblogmoto.com\/images\/lisbonebou_1.jpg\" style=\"margin: 0px 5px 5px 0px;float: left\" \/><\/a> Classement Lisbonne :<\/p>\n<p> 01. <a href=\"http:\/\/www.tonibou.com\/\">Toni Bou<\/a>&nbsp; &nbsp;&nbsp; &nbsp;14<br \/> 02. <a href=\"http:\/\/www.adamraga.com\/\">Adam Raga<\/a>&nbsp; &nbsp;18<br \/> 03. <a href=\"http:\/\/www.albertcabestany.com\/\">Albert Cabestany<\/a>&nbsp; &nbsp;&nbsp; 22<br \/> 04. <a href=\"http:\/\/fujigas.net\/\">Takahisa Fujinami<\/a>&nbsp; &nbsp; 17<br \/> 05. <a href=\"http:\/\/www.dougielampkin.co.uk\/\">Dougie Lampkin<\/a>&nbsp; &nbsp;&nbsp; 22<br \/> 06. <a href=\"http:\/\/www.gasgasmotos.com\/web\/eng\/competi\/trial\/equipo\/jeroni.htm\">Jeroni Fajardo<\/a>&nbsp; &nbsp;&nbsp; 29<br \/> 07.&nbsp; <a href=\"http:\/\/www.shaunmorris.co.uk\/\">Mhaun Morris<\/a>&nbsp; &nbsp;&nbsp; 34<\/p>\n<p> Classement Mondial provisoire :<\/p>\n<p> 1. <a href=\"http:\/\/www.tonibou.com\/\">Toni Bou<\/a>,&nbsp; <a href=\"http:\/\/www.montesa.fr\/\">Montesa-HRC<\/a> 43&nbsp; <br \/> 2. <a href=\"http:\/\/www.adamraga.com\/\">Adam Raga<\/a>, <a href=\"http:\/\/www.gasgasmotos.es\/esp\/frame.htm\">Gas Gas <\/a>35<br \/> 3. <a href=\"http:\/\/www.albertcabestany.com\/\">Albert Cabestany<\/a>, <a href=\"http:\/\/www.sherco-moto.com\/\">Sherco<\/a> 29<br \/> 4. <a href=\"http:\/\/fujigas.net\/\">Takahisa Fujinami<\/a>,&nbsp; <a href=\"http:\/\/www.montesa.fr\/\">Montesa-HRC<\/a> 27<br \/> 5. <a href=\"http:\/\/www.dougielampkin.co.uk\/\">Dougie Lampkin<\/a>,&nbsp; <a href=\"http:\/\/www.montesa.fr\/\">Montesa<\/a> 24<br \/> 6. <a href=\"http:\/\/www.gasgasmotos.com\/web\/eng\/competi\/trial\/equipo\/jeroni.htm\">Jeroni Fajardo<\/a>, <a href=\"http:\/\/www.betamotor.com\/\">Beta <\/a>22<br \/> 7. <a href=\"http:\/\/www.shaunmorris.co.uk\/\">Shaun Morris<\/a>, <a href=\"http:\/\/www.gasgasmotos.es\/esp\/frame.htm\">Gas Gas<\/a>4<br \/> 8. <a href=\"http:\/\/www.tblazusiak.pl\/\">Tadeusz Blazusiak<\/a>, <a href=\"http:\/\/www.scorpa.fr\/\">Scorpa<\/a> 4<br \/> 9 <a href=\"http:\/\/www.jeromebethune.com\/\">Jerome Bethune<\/a>, <a href=\"http:\/\/www.betamotor.com\/\">Beta <\/a>2<\/p>\n<p> Sources &amp; photos: <a href=\"http:\/\/www.indoortrial.com\/\">IndoorTrial<\/a> <\/p>\n","protected":false},"excerpt":{"rendered":"<p>C\u2019est \u00e0 Lisbonne, devant 7000 spectateurs portugais \u00e9blouis que Toni Bou (Montesa-HRC) le jeune prodige espagnol, a d\u00e9croch\u00e9 sa quatri\u00e8me victoire au championnat du Monde de Trial Indoor. La cinqui\u00e8me manche du Mondial fut beaucoup plus disput\u00e9e que le tr\u00e8s difficile Trial de Barcelone, Adam Raga (Gas Gas). ayant \u00e0 c\u0153ur de rattraper son retard. [&hellip;]<\/p>\n","protected":false},"author":333,"featured_media":0,"comment_status":"open","ping_status":"open","sticky":false,"template":"","format":"standard","meta":{"footnotes":""},"categories":[32],"tags":[],"class_list":["post-1560","post","type-post","status-publish","format-standard","hentry","category-sport-moto"],"yoast_head":"<!-- This site is optimized with the Yoast SEO plugin v26.0 - https:\/\/yoast.com\/wordpress\/plugins\/seo\/ -->\n<title>Trial en Salle : et de quatre pour Toni Bou - leblogmoto.com<\/title>\n<meta name=\"robots\" content=\"index, follow, max-snippet:-1, max-image-preview:large, max-video-preview:-1\" \/>\n<link rel=\"canonical\" href=\"https:\/\/blogs.thesocialmedia.com\/leblogmoto\/2007\/02\/11\/trial-en-salle-2\/\" \/>\n<meta name=\"twitter:card\" content=\"summary_large_image\" \/>\n<meta name=\"twitter:title\" content=\"Trial en Salle : et de quatre pour Toni Bou - leblogmoto.com\" \/>\n<meta name=\"twitter:description\" content=\"C\u2019est \u00e0 Lisbonne, devant 7000 spectateurs portugais \u00e9blouis que Toni Bou (Montesa-HRC) le jeune prodige espagnol, a d\u00e9croch\u00e9 sa quatri\u00e8me victoire au championnat du Monde de Trial Indoor. La cinqui\u00e8me manche du Mondial fut beaucoup plus disput\u00e9e que le tr\u00e8s difficile Trial de Barcelone, Adam Raga (Gas Gas). ayant \u00e0 c\u0153ur de rattraper son retard. [&hellip;]\" \/>\n<meta name=\"twitter:image\" content=\"http:\/\/www.leblogmoto.com\/images\/trial_lisbonne.jpg\" \/>\n<meta name=\"twitter:label1\" content=\"\u00c9crit par\" \/>\n\t<meta name=\"twitter:data1\" content=\"christian tirat\" \/>\n\t<meta name=\"twitter:label2\" content=\"Dur\u00e9e de lecture estim\u00e9e\" \/>\n\t<meta name=\"twitter:data2\" content=\"2 minutes\" \/>\n<script type=\"application\/ld+json\" class=\"yoast-schema-graph\">{\"@context\":\"https:\/\/schema.org\",\"@graph\":[{\"@type\":\"WebPage\",\"@id\":\"https:\/\/blogs.thesocialmedia.com\/leblogmoto\/2007\/02\/11\/trial-en-salle-2\/\",\"url\":\"https:\/\/blogs.thesocialmedia.com\/leblogmoto\/2007\/02\/11\/trial-en-salle-2\/\",\"name\":\"Trial en Salle : et de quatre pour Toni Bou - leblogmoto.com\",\"isPartOf\":{\"@id\":\"https:\/\/blogs.thesocialmedia.com\/leblogmoto\/#website\"},\"primaryImageOfPage\":{\"@id\":\"https:\/\/blogs.thesocialmedia.com\/leblogmoto\/2007\/02\/11\/trial-en-salle-2\/#primaryimage\"},\"image\":{\"@id\":\"https:\/\/blogs.thesocialmedia.com\/leblogmoto\/2007\/02\/11\/trial-en-salle-2\/#primaryimage\"},\"thumbnailUrl\":\"http:\/\/www.leblogmoto.com\/images\/trial_lisbonne.jpg\",\"datePublished\":\"2007-02-11T21:23:43+00:00\",\"dateModified\":\"2012-07-11T14:31:56+00:00\",\"author\":{\"@id\":\"https:\/\/blogs.thesocialmedia.com\/leblogmoto\/#\/schema\/person\/90b2f8fd0d5a2cede2580e95fc79c6c0\"},\"breadcrumb\":{\"@id\":\"https:\/\/blogs.thesocialmedia.com\/leblogmoto\/2007\/02\/11\/trial-en-salle-2\/#breadcrumb\"},\"inLanguage\":\"fr-FR\",\"potentialAction\":[{\"@type\":\"ReadAction\",\"target\":[\"https:\/\/blogs.thesocialmedia.com\/leblogmoto\/2007\/02\/11\/trial-en-salle-2\/\"]}]},{\"@type\":\"ImageObject\",\"inLanguage\":\"fr-FR\",\"@id\":\"https:\/\/blogs.thesocialmedia.com\/leblogmoto\/2007\/02\/11\/trial-en-salle-2\/#primaryimage\",\"url\":\"http:\/\/www.leblogmoto.com\/images\/trial_lisbonne.jpg\",\"contentUrl\":\"http:\/\/www.leblogmoto.com\/images\/trial_lisbonne.jpg\"},{\"@type\":\"BreadcrumbList\",\"@id\":\"https:\/\/blogs.thesocialmedia.com\/leblogmoto\/2007\/02\/11\/trial-en-salle-2\/#breadcrumb\",\"itemListElement\":[{\"@type\":\"ListItem\",\"position\":1,\"name\":\"Accueil\",\"item\":\"https:\/\/blogs.thesocialmedia.com\/leblogmoto\/\"},{\"@type\":\"ListItem\",\"position\":2,\"name\":\"Trial en Salle : et de quatre pour Toni Bou\"}]},{\"@type\":\"WebSite\",\"@id\":\"https:\/\/blogs.thesocialmedia.com\/leblogmoto\/#website\",\"url\":\"https:\/\/blogs.thesocialmedia.com\/leblogmoto\/\",\"name\":\"leblogmoto\",\"description\":\"Toute l&#039;actualit\u00e9 des 2 roues\",\"potentialAction\":[{\"@type\":\"SearchAction\",\"target\":{\"@type\":\"EntryPoint\",\"urlTemplate\":\"https:\/\/blogs.thesocialmedia.com\/leblogmoto\/?s={search_term_string}\"},\"query-input\":{\"@type\":\"PropertyValueSpecification\",\"valueRequired\":true,\"valueName\":\"search_term_string\"}}],\"inLanguage\":\"fr-FR\"},{\"@type\":\"Person\",\"@id\":\"https:\/\/blogs.thesocialmedia.com\/leblogmoto\/#\/schema\/person\/90b2f8fd0d5a2cede2580e95fc79c6c0\",\"name\":\"christian tirat\",\"image\":{\"@type\":\"ImageObject\",\"inLanguage\":\"fr-FR\",\"@id\":\"https:\/\/blogs.thesocialmedia.com\/leblogmoto\/#\/schema\/person\/image\/\",\"url\":\"https:\/\/secure.gravatar.com\/avatar\/?s=96&d=mm&r=g\",\"contentUrl\":\"https:\/\/secure.gravatar.com\/avatar\/?s=96&d=mm&r=g\",\"caption\":\"christian tirat\"},\"url\":\"https:\/\/blogs.thesocialmedia.com\/leblogmoto\/author\/christian-tirat\/\"}]}<\/script>\n<!-- \/ Yoast SEO plugin. -->","yoast_head_json":{"title":"Trial en Salle : et de quatre pour Toni Bou - leblogmoto.com","robots":{"index":"index","follow":"follow","max-snippet":"max-snippet:-1","max-image-preview":"max-image-preview:large","max-video-preview":"max-video-preview:-1"},"canonical":"https:\/\/blogs.thesocialmedia.com\/leblogmoto\/2007\/02\/11\/trial-en-salle-2\/","twitter_card":"summary_large_image","twitter_title":"Trial en Salle : et de quatre pour Toni Bou - leblogmoto.com","twitter_description":"C\u2019est \u00e0 Lisbonne, devant 7000 spectateurs portugais \u00e9blouis que Toni Bou (Montesa-HRC) le jeune prodige espagnol, a d\u00e9croch\u00e9 sa quatri\u00e8me victoire au championnat du Monde de Trial Indoor. La cinqui\u00e8me manche du Mondial fut beaucoup plus disput\u00e9e que le tr\u00e8s difficile Trial de Barcelone, Adam Raga (Gas Gas). ayant \u00e0 c\u0153ur de rattraper son retard. [&hellip;]","twitter_image":"http:\/\/www.leblogmoto.com\/images\/trial_lisbonne.jpg","twitter_misc":{"\u00c9crit par":"christian tirat","Dur\u00e9e de lecture estim\u00e9e":"2 minutes"},"schema":{"@context":"https:\/\/schema.org","@graph":[{"@type":"WebPage","@id":"https:\/\/blogs.thesocialmedia.com\/leblogmoto\/2007\/02\/11\/trial-en-salle-2\/","url":"https:\/\/blogs.thesocialmedia.com\/leblogmoto\/2007\/02\/11\/trial-en-salle-2\/","name":"Trial en Salle : et de quatre pour Toni Bou - leblogmoto.com","isPartOf":{"@id":"https:\/\/blogs.thesocialmedia.com\/leblogmoto\/#website"},"primaryImageOfPage":{"@id":"https:\/\/blogs.thesocialmedia.com\/leblogmoto\/2007\/02\/11\/trial-en-salle-2\/#primaryimage"},"image":{"@id":"https:\/\/blogs.thesocialmedia.com\/leblogmoto\/2007\/02\/11\/trial-en-salle-2\/#primaryimage"},"thumbnailUrl":"http:\/\/www.leblogmoto.com\/images\/trial_lisbonne.jpg","datePublished":"2007-02-11T21:23:43+00:00","dateModified":"2012-07-11T14:31:56+00:00","author":{"@id":"https:\/\/blogs.thesocialmedia.com\/leblogmoto\/#\/schema\/person\/90b2f8fd0d5a2cede2580e95fc79c6c0"},"breadcrumb":{"@id":"https:\/\/blogs.thesocialmedia.com\/leblogmoto\/2007\/02\/11\/trial-en-salle-2\/#breadcrumb"},"inLanguage":"fr-FR","potentialAction":[{"@type":"ReadAction","target":["https:\/\/blogs.thesocialmedia.com\/leblogmoto\/2007\/02\/11\/trial-en-salle-2\/"]}]},{"@type":"ImageObject","inLanguage":"fr-FR","@id":"https:\/\/blogs.thesocialmedia.com\/leblogmoto\/2007\/02\/11\/trial-en-salle-2\/#primaryimage","url":"http:\/\/www.leblogmoto.com\/images\/trial_lisbonne.jpg","contentUrl":"http:\/\/www.leblogmoto.com\/images\/trial_lisbonne.jpg"},{"@type":"BreadcrumbList","@id":"https:\/\/blogs.thesocialmedia.com\/leblogmoto\/2007\/02\/11\/trial-en-salle-2\/#breadcrumb","itemListElement":[{"@type":"ListItem","position":1,"name":"Accueil","item":"https:\/\/blogs.thesocialmedia.com\/leblogmoto\/"},{"@type":"ListItem","position":2,"name":"Trial en Salle : et de quatre pour Toni Bou"}]},{"@type":"WebSite","@id":"https:\/\/blogs.thesocialmedia.com\/leblogmoto\/#website","url":"https:\/\/blogs.thesocialmedia.com\/leblogmoto\/","name":"leblogmoto","description":"Toute l&#039;actualit\u00e9 des 2 roues","potentialAction":[{"@type":"SearchAction","target":{"@type":"EntryPoint","urlTemplate":"https:\/\/blogs.thesocialmedia.com\/leblogmoto\/?s={search_term_string}"},"query-input":{"@type":"PropertyValueSpecification","valueRequired":true,"valueName":"search_term_string"}}],"inLanguage":"fr-FR"},{"@type":"Person","@id":"https:\/\/blogs.thesocialmedia.com\/leblogmoto\/#\/schema\/person\/90b2f8fd0d5a2cede2580e95fc79c6c0","name":"christian tirat","image":{"@type":"ImageObject","inLanguage":"fr-FR","@id":"https:\/\/blogs.thesocialmedia.com\/leblogmoto\/#\/schema\/person\/image\/","url":"https:\/\/secure.gravatar.com\/avatar\/?s=96&d=mm&r=g","contentUrl":"https:\/\/secure.gravatar.com\/avatar\/?s=96&d=mm&r=g","caption":"christian tirat"},"url":"https:\/\/blogs.thesocialmedia.com\/leblogmoto\/author\/christian-tirat\/"}]}},"_links":{"self":[{"href":"https:\/\/blogs.thesocialmedia.com\/leblogmoto\/wp-json\/wp\/v2\/posts\/1560","targetHints":{"allow":["GET"]}}],"collection":[{"href":"https:\/\/blogs.thesocialmedia.com\/leblogmoto\/wp-json\/wp\/v2\/posts"}],"about":[{"href":"https:\/\/blogs.thesocialmedia.com\/leblogmoto\/wp-json\/wp\/v2\/types\/post"}],"author":[{"embeddable":true,"href":"https:\/\/blogs.thesocialmedia.com\/leblogmoto\/wp-json\/wp\/v2\/users\/333"}],"replies":[{"embeddable":true,"href":"https:\/\/blogs.thesocialmedia.com\/leblogmoto\/wp-json\/wp\/v2\/comments?post=1560"}],"version-history":[{"count":2,"href":"https:\/\/blogs.thesocialmedia.com\/leblogmoto\/wp-json\/wp\/v2\/posts\/1560\/revisions"}],"predecessor-version":[{"id":8012,"href":"https:\/\/blogs.thesocialmedia.com\/leblogmoto\/wp-json\/wp\/v2\/posts\/1560\/revisions\/8012"}],"wp:attachment":[{"href":"https:\/\/blogs.thesocialmedia.com\/leblogmoto\/wp-json\/wp\/v2\/media?parent=1560"}],"wp:term":[{"taxonomy":"category","embeddable":true,"href":"https:\/\/blogs.thesocialmedia.com\/leblogmoto\/wp-json\/wp\/v2\/categories?post=1560"},{"taxonomy":"post_tag","embeddable":true,"href":"https:\/\/blogs.thesocialmedia.com\/leblogmoto\/wp-json\/wp\/v2\/tags?post=1560"}],"curies":[{"name":"wp","href":"https:\/\/api.w.org\/{rel}","templated":true}]}}