{"id":1561,"date":"2007-02-08T22:02:37","date_gmt":"2007-02-08T22:02:37","guid":{"rendered":"http:\/\/blogs.thesocialmedia.com\/leblogmoto\/2007\/02\/08\/salon-lextrme-q\/"},"modified":"2012-07-11T14:31:54","modified_gmt":"2012-07-11T14:31:54","slug":"salon-lextrme-q","status":"publish","type":"post","link":"https:\/\/blogs.thesocialmedia.com\/leblogmoto\/2007\/02\/08\/salon-lextrme-q\/","title":{"rendered":"Salon : l\u2019Extr\u00eame Quad Indoor de Lyon"},"content":{"rendered":"<p><a href=\"http:\/\/blogs.thesocialmedia.com\/leblogmoto\/files\/2012\/07\/quadindoor.jpg\"><img loading=\"lazy\" decoding=\"async\" width=\"250\" height=\"334\"  src=\"http:\/\/www.leblogmoto.com\/images\/quadindoor.jpg\" alt=\"Quadindoor\" style=\"margin: 0px 5px 5px 0px;float: left\" \/><\/a> Profitant du <a href=\"http:\/\/www.leblogmoto.com\/2007\/02\/salon_du_2_roue.html\">salon du 2 roues de Lyon-Eurexpo<\/a> et de la piste trac\u00e9e par <a href=\"http:\/\/www.leblogmoto.com\/2007\/02\/enduro_premire_.html\">Jean-Luc Fouchet<\/a> \u00e0 l\u2019occasion du premier <a href=\"http:\/\/www.leblogmoto.com\/2007\/02\/enduro_premire_.html\">Enduro moto en salle<\/a> jamais organis\u00e9 en France, c&rsquo;est dans la continuit\u00e9 du 1er Quad Cross Indoor de Paris en octobre 2005 que Quad Passion Magazine pr\u00e9sentera demain 9 f\u00e9vrier son premier Extr\u00eame Quad Indoor.<\/p>\n<p>Cet enduro en salle sera une nouveaut\u00e9 Europ\u00e9enne si l\u2019on en crois ce qu\u2019elle nous promet, voyez plut\u00f4t\u2026<br \/>48 pilotes partag\u00e9s en deux cat\u00e9gories, 4&#215;4 (500cc et +) ou 4&#215;2 (450cc et +)&nbsp; <\/p>\n<p>6 quads s\u2019\u00e9lanceront en ligne sur un parcours jalonn\u00e9 de sympathiques obstacles, un m\u00e9lange de vitesse emprunt\u00e9e au quad cross et de franchissements sp\u00e9cifiques au trial :<\/p>\n<p>&#8211; Une zone en eau avec passage de gu\u00e9,<br \/> &#8211; Des troncs d\u2019arbres,<br \/> &#8211; Des rochers,<br \/> &#8211; Une zone sableuse,<br \/> &#8211; Un virage en d\u00e9vers bien gras<br \/> &#8211; Des sauts\u2026<br \/> Pour faire bref, c\u2019est le terrain trac\u00e9 pour l\u2019<a href=\"http:\/\/www.leblogmoto.com\/2007\/02\/enduro_premire_.html\">enduro moto<\/a> du lendemain.Quelques top pilotes parmi lesquels Jo\u00ebl Bontoux, Eric Carlini, Hubert Deltrieux, Christophe Noyerie auront \u00e0 c\u0153ur de se surpasser, pour pr\u00e9tendre \u00e0 ce premier podium.<\/p>\n<p> Des pilotes nationaux, des r\u00e9gionaux mais aussi vous ou moi (non pas moi !) car <a href=\"http:\/\/www.leblogmoto.com\/2007\/02\/enduro_plus_sur.html\">L\u2019Extr\u00eame Quad Indoor <\/a>de Lyon est ouvert \u00e0 tous les quadeurs. Ce sera une occasion unique de participer \u00e0 un \u00e9v\u00e9nement&nbsp; qui devrait \u00eatre bien m\u00e9diatis\u00e9. En finale cependant, seuls les 4 meilleurs 4X4 et les 4 meilleurs 4X2 auront le privil\u00e8ge de disputer les 3 marches du podium. Enfin, la super finale consacrera le pilote 4&#215;4 ou 4&#215;2 dans une course o\u00f9 les meilleurs des deux cat\u00e9gories seront ensemble !<\/p>\n<p> Ce pourrait \u00eatre l\u2019\u00e9v\u00e9nement quad le plus spectaculaire de l\u2019ann\u00e9e, en tout cas le plus populaire, un Super Enduro, sport\/spectacle, que les amateurs de quad ne doivent pas manquer !<\/p>\n<p> Le programme\u2026<br \/> Contr\u00f4le administratif et technique : vendredi 9 f\u00e9vrier 2007 de 8h00 \u00e0 12h00.<br \/> Essais ouverts et gratuits pour les visiteurs du salon, de 15h00 \u00e0 17h00.<br \/> Courses : de 20h30 \u00e0 23h50 : <\/p>\n<p> Infos pratiques<br \/> Date : 9 f\u00e9vrier 2007<br \/> Heures : ouverture des portes \u00e0 19h00 \u2013 D\u00e9but des courses \u00e0 20h30.<br \/> Lieu : LYON EUREXPO \u2013 Avenue Louis BLERIOT \u2013 69686 CHASSIEU<\/p>\n<p> R\u00e9seau France Billet : 0 892 692 694 (0,34 \u20ac\/mn)<br \/> www.francebillet.com\/www.fnac.com\/www.carrefourspectacles.fr<\/p>\n<p> Billetteries : CARREFOUR\/FNAC\/GEANT CASINO<\/p>\n","protected":false},"excerpt":{"rendered":"<p>Profitant du salon du 2 roues de Lyon-Eurexpo et de la piste trac\u00e9e par Jean-Luc Fouchet \u00e0 l\u2019occasion du premier Enduro moto en salle jamais organis\u00e9 en France, c&rsquo;est dans la continuit\u00e9 du 1er Quad Cross Indoor de Paris en octobre 2005 que Quad Passion Magazine pr\u00e9sentera demain 9 f\u00e9vrier son premier Extr\u00eame Quad Indoor. [&hellip;]<\/p>\n","protected":false},"author":333,"featured_media":0,"comment_status":"open","ping_status":"open","sticky":false,"template":"","format":"standard","meta":{"footnotes":""},"categories":[36],"tags":[],"class_list":["post-1561","post","type-post","status-publish","format-standard","hentry","category-salons"],"yoast_head":"<!-- This site is optimized with the Yoast SEO plugin v26.0 - https:\/\/yoast.com\/wordpress\/plugins\/seo\/ -->\n<title>Salon : l\u2019Extr\u00eame Quad Indoor de Lyon - leblogmoto.com<\/title>\n<meta name=\"robots\" content=\"index, follow, max-snippet:-1, max-image-preview:large, max-video-preview:-1\" \/>\n<link rel=\"canonical\" href=\"https:\/\/blogs.thesocialmedia.com\/leblogmoto\/2007\/02\/08\/salon-lextrme-q\/\" \/>\n<meta name=\"twitter:card\" content=\"summary_large_image\" \/>\n<meta name=\"twitter:title\" content=\"Salon : l\u2019Extr\u00eame Quad Indoor de Lyon - leblogmoto.com\" \/>\n<meta name=\"twitter:description\" content=\"Profitant du salon du 2 roues de Lyon-Eurexpo et de la piste trac\u00e9e par Jean-Luc Fouchet \u00e0 l\u2019occasion du premier Enduro moto en salle jamais organis\u00e9 en France, c&rsquo;est dans la continuit\u00e9 du 1er Quad Cross Indoor de Paris en octobre 2005 que Quad Passion Magazine pr\u00e9sentera demain 9 f\u00e9vrier son premier Extr\u00eame Quad Indoor. [&hellip;]\" \/>\n<meta name=\"twitter:image\" content=\"http:\/\/www.leblogmoto.com\/images\/quadindoor.jpg\" \/>\n<meta name=\"twitter:label1\" content=\"\u00c9crit par\" \/>\n\t<meta name=\"twitter:data1\" content=\"christian tirat\" \/>\n\t<meta name=\"twitter:label2\" content=\"Dur\u00e9e de lecture estim\u00e9e\" \/>\n\t<meta name=\"twitter:data2\" content=\"2 minutes\" \/>\n<script type=\"application\/ld+json\" class=\"yoast-schema-graph\">{\"@context\":\"https:\/\/schema.org\",\"@graph\":[{\"@type\":\"WebPage\",\"@id\":\"https:\/\/blogs.thesocialmedia.com\/leblogmoto\/2007\/02\/08\/salon-lextrme-q\/\",\"url\":\"https:\/\/blogs.thesocialmedia.com\/leblogmoto\/2007\/02\/08\/salon-lextrme-q\/\",\"name\":\"Salon : l\u2019Extr\u00eame Quad Indoor de Lyon - leblogmoto.com\",\"isPartOf\":{\"@id\":\"https:\/\/blogs.thesocialmedia.com\/leblogmoto\/#website\"},\"primaryImageOfPage\":{\"@id\":\"https:\/\/blogs.thesocialmedia.com\/leblogmoto\/2007\/02\/08\/salon-lextrme-q\/#primaryimage\"},\"image\":{\"@id\":\"https:\/\/blogs.thesocialmedia.com\/leblogmoto\/2007\/02\/08\/salon-lextrme-q\/#primaryimage\"},\"thumbnailUrl\":\"http:\/\/www.leblogmoto.com\/images\/quadindoor.jpg\",\"datePublished\":\"2007-02-08T22:02:37+00:00\",\"dateModified\":\"2012-07-11T14:31:54+00:00\",\"author\":{\"@id\":\"https:\/\/blogs.thesocialmedia.com\/leblogmoto\/#\/schema\/person\/90b2f8fd0d5a2cede2580e95fc79c6c0\"},\"breadcrumb\":{\"@id\":\"https:\/\/blogs.thesocialmedia.com\/leblogmoto\/2007\/02\/08\/salon-lextrme-q\/#breadcrumb\"},\"inLanguage\":\"fr-FR\",\"potentialAction\":[{\"@type\":\"ReadAction\",\"target\":[\"https:\/\/blogs.thesocialmedia.com\/leblogmoto\/2007\/02\/08\/salon-lextrme-q\/\"]}]},{\"@type\":\"ImageObject\",\"inLanguage\":\"fr-FR\",\"@id\":\"https:\/\/blogs.thesocialmedia.com\/leblogmoto\/2007\/02\/08\/salon-lextrme-q\/#primaryimage\",\"url\":\"http:\/\/www.leblogmoto.com\/images\/quadindoor.jpg\",\"contentUrl\":\"http:\/\/www.leblogmoto.com\/images\/quadindoor.jpg\"},{\"@type\":\"BreadcrumbList\",\"@id\":\"https:\/\/blogs.thesocialmedia.com\/leblogmoto\/2007\/02\/08\/salon-lextrme-q\/#breadcrumb\",\"itemListElement\":[{\"@type\":\"ListItem\",\"position\":1,\"name\":\"Accueil\",\"item\":\"https:\/\/blogs.thesocialmedia.com\/leblogmoto\/\"},{\"@type\":\"ListItem\",\"position\":2,\"name\":\"Salon : l\u2019Extr\u00eame Quad Indoor de Lyon\"}]},{\"@type\":\"WebSite\",\"@id\":\"https:\/\/blogs.thesocialmedia.com\/leblogmoto\/#website\",\"url\":\"https:\/\/blogs.thesocialmedia.com\/leblogmoto\/\",\"name\":\"leblogmoto\",\"description\":\"Toute l&#039;actualit\u00e9 des 2 roues\",\"potentialAction\":[{\"@type\":\"SearchAction\",\"target\":{\"@type\":\"EntryPoint\",\"urlTemplate\":\"https:\/\/blogs.thesocialmedia.com\/leblogmoto\/?s={search_term_string}\"},\"query-input\":{\"@type\":\"PropertyValueSpecification\",\"valueRequired\":true,\"valueName\":\"search_term_string\"}}],\"inLanguage\":\"fr-FR\"},{\"@type\":\"Person\",\"@id\":\"https:\/\/blogs.thesocialmedia.com\/leblogmoto\/#\/schema\/person\/90b2f8fd0d5a2cede2580e95fc79c6c0\",\"name\":\"christian tirat\",\"image\":{\"@type\":\"ImageObject\",\"inLanguage\":\"fr-FR\",\"@id\":\"https:\/\/blogs.thesocialmedia.com\/leblogmoto\/#\/schema\/person\/image\/\",\"url\":\"https:\/\/secure.gravatar.com\/avatar\/?s=96&d=mm&r=g\",\"contentUrl\":\"https:\/\/secure.gravatar.com\/avatar\/?s=96&d=mm&r=g\",\"caption\":\"christian tirat\"},\"url\":\"https:\/\/blogs.thesocialmedia.com\/leblogmoto\/author\/christian-tirat\/\"}]}<\/script>\n<!-- \/ Yoast SEO plugin. -->","yoast_head_json":{"title":"Salon : l\u2019Extr\u00eame Quad Indoor de Lyon - leblogmoto.com","robots":{"index":"index","follow":"follow","max-snippet":"max-snippet:-1","max-image-preview":"max-image-preview:large","max-video-preview":"max-video-preview:-1"},"canonical":"https:\/\/blogs.thesocialmedia.com\/leblogmoto\/2007\/02\/08\/salon-lextrme-q\/","twitter_card":"summary_large_image","twitter_title":"Salon : l\u2019Extr\u00eame Quad Indoor de Lyon - leblogmoto.com","twitter_description":"Profitant du salon du 2 roues de Lyon-Eurexpo et de la piste trac\u00e9e par Jean-Luc Fouchet \u00e0 l\u2019occasion du premier Enduro moto en salle jamais organis\u00e9 en France, c&rsquo;est dans la continuit\u00e9 du 1er Quad Cross Indoor de Paris en octobre 2005 que Quad Passion Magazine pr\u00e9sentera demain 9 f\u00e9vrier son premier Extr\u00eame Quad Indoor. [&hellip;]","twitter_image":"http:\/\/www.leblogmoto.com\/images\/quadindoor.jpg","twitter_misc":{"\u00c9crit par":"christian tirat","Dur\u00e9e de lecture estim\u00e9e":"2 minutes"},"schema":{"@context":"https:\/\/schema.org","@graph":[{"@type":"WebPage","@id":"https:\/\/blogs.thesocialmedia.com\/leblogmoto\/2007\/02\/08\/salon-lextrme-q\/","url":"https:\/\/blogs.thesocialmedia.com\/leblogmoto\/2007\/02\/08\/salon-lextrme-q\/","name":"Salon : l\u2019Extr\u00eame Quad Indoor de Lyon - leblogmoto.com","isPartOf":{"@id":"https:\/\/blogs.thesocialmedia.com\/leblogmoto\/#website"},"primaryImageOfPage":{"@id":"https:\/\/blogs.thesocialmedia.com\/leblogmoto\/2007\/02\/08\/salon-lextrme-q\/#primaryimage"},"image":{"@id":"https:\/\/blogs.thesocialmedia.com\/leblogmoto\/2007\/02\/08\/salon-lextrme-q\/#primaryimage"},"thumbnailUrl":"http:\/\/www.leblogmoto.com\/images\/quadindoor.jpg","datePublished":"2007-02-08T22:02:37+00:00","dateModified":"2012-07-11T14:31:54+00:00","author":{"@id":"https:\/\/blogs.thesocialmedia.com\/leblogmoto\/#\/schema\/person\/90b2f8fd0d5a2cede2580e95fc79c6c0"},"breadcrumb":{"@id":"https:\/\/blogs.thesocialmedia.com\/leblogmoto\/2007\/02\/08\/salon-lextrme-q\/#breadcrumb"},"inLanguage":"fr-FR","potentialAction":[{"@type":"ReadAction","target":["https:\/\/blogs.thesocialmedia.com\/leblogmoto\/2007\/02\/08\/salon-lextrme-q\/"]}]},{"@type":"ImageObject","inLanguage":"fr-FR","@id":"https:\/\/blogs.thesocialmedia.com\/leblogmoto\/2007\/02\/08\/salon-lextrme-q\/#primaryimage","url":"http:\/\/www.leblogmoto.com\/images\/quadindoor.jpg","contentUrl":"http:\/\/www.leblogmoto.com\/images\/quadindoor.jpg"},{"@type":"BreadcrumbList","@id":"https:\/\/blogs.thesocialmedia.com\/leblogmoto\/2007\/02\/08\/salon-lextrme-q\/#breadcrumb","itemListElement":[{"@type":"ListItem","position":1,"name":"Accueil","item":"https:\/\/blogs.thesocialmedia.com\/leblogmoto\/"},{"@type":"ListItem","position":2,"name":"Salon : l\u2019Extr\u00eame Quad Indoor de Lyon"}]},{"@type":"WebSite","@id":"https:\/\/blogs.thesocialmedia.com\/leblogmoto\/#website","url":"https:\/\/blogs.thesocialmedia.com\/leblogmoto\/","name":"leblogmoto","description":"Toute l&#039;actualit\u00e9 des 2 roues","potentialAction":[{"@type":"SearchAction","target":{"@type":"EntryPoint","urlTemplate":"https:\/\/blogs.thesocialmedia.com\/leblogmoto\/?s={search_term_string}"},"query-input":{"@type":"PropertyValueSpecification","valueRequired":true,"valueName":"search_term_string"}}],"inLanguage":"fr-FR"},{"@type":"Person","@id":"https:\/\/blogs.thesocialmedia.com\/leblogmoto\/#\/schema\/person\/90b2f8fd0d5a2cede2580e95fc79c6c0","name":"christian tirat","image":{"@type":"ImageObject","inLanguage":"fr-FR","@id":"https:\/\/blogs.thesocialmedia.com\/leblogmoto\/#\/schema\/person\/image\/","url":"https:\/\/secure.gravatar.com\/avatar\/?s=96&d=mm&r=g","contentUrl":"https:\/\/secure.gravatar.com\/avatar\/?s=96&d=mm&r=g","caption":"christian tirat"},"url":"https:\/\/blogs.thesocialmedia.com\/leblogmoto\/author\/christian-tirat\/"}]}},"_links":{"self":[{"href":"https:\/\/blogs.thesocialmedia.com\/leblogmoto\/wp-json\/wp\/v2\/posts\/1561","targetHints":{"allow":["GET"]}}],"collection":[{"href":"https:\/\/blogs.thesocialmedia.com\/leblogmoto\/wp-json\/wp\/v2\/posts"}],"about":[{"href":"https:\/\/blogs.thesocialmedia.com\/leblogmoto\/wp-json\/wp\/v2\/types\/post"}],"author":[{"embeddable":true,"href":"https:\/\/blogs.thesocialmedia.com\/leblogmoto\/wp-json\/wp\/v2\/users\/333"}],"replies":[{"embeddable":true,"href":"https:\/\/blogs.thesocialmedia.com\/leblogmoto\/wp-json\/wp\/v2\/comments?post=1561"}],"version-history":[{"count":2,"href":"https:\/\/blogs.thesocialmedia.com\/leblogmoto\/wp-json\/wp\/v2\/posts\/1561\/revisions"}],"predecessor-version":[{"id":8010,"href":"https:\/\/blogs.thesocialmedia.com\/leblogmoto\/wp-json\/wp\/v2\/posts\/1561\/revisions\/8010"}],"wp:attachment":[{"href":"https:\/\/blogs.thesocialmedia.com\/leblogmoto\/wp-json\/wp\/v2\/media?parent=1561"}],"wp:term":[{"taxonomy":"category","embeddable":true,"href":"https:\/\/blogs.thesocialmedia.com\/leblogmoto\/wp-json\/wp\/v2\/categories?post=1561"},{"taxonomy":"post_tag","embeddable":true,"href":"https:\/\/blogs.thesocialmedia.com\/leblogmoto\/wp-json\/wp\/v2\/tags?post=1561"}],"curies":[{"name":"wp","href":"https:\/\/api.w.org\/{rel}","templated":true}]}}