{"id":1563,"date":"2007-02-08T12:41:36","date_gmt":"2007-02-08T12:41:36","guid":{"rendered":"http:\/\/blogs.thesocialmedia.com\/leblogmoto\/2007\/02\/08\/mx-valence-le-r\/"},"modified":"2012-07-11T14:31:49","modified_gmt":"2012-07-11T14:31:49","slug":"mx-valence-le-r","status":"publish","type":"post","link":"https:\/\/blogs.thesocialmedia.com\/leblogmoto\/2007\/02\/08\/mx-valence-le-r\/","title":{"rendered":"MX: Valence, le \u00ab retour \u00bb de KTM ?"},"content":{"rendered":"<p><a href=\"http:\/\/blogs.thesocialmedia.com\/leblogmoto\/files\/2012\/07\/baraganktm_2.jpg\"><img loading=\"lazy\" decoding=\"async\" width=\"250\" height=\"167\"  src=\"http:\/\/www.leblogmoto.com\/images\/baraganktm_2.jpg\" alt=\"Baraganktm_2\" style=\"margin: 0px 5px 5px 0px;float: left\" \/><\/a> La majorit\u00e9 des favoris des prochains championnats du Monde a r\u00e9pondu pr\u00e9sente au premier MX Inter de l\u2019ann\u00e9e. L\u2019\u00e9preuve traditionnelle se d\u00e9roulera le week-end du 25 f\u00e9vrier \u00e0 <a href=\"http:\/\/www.mx-valence.com\/\">Valence<\/a> dans la Dr\u00f4me. <\/p>\n<p>Parmi les pr\u00e9tendants au podium, on trouve notamment le pilote italien David Philippaerts, l\u2019espagnol <a href=\"http:\/\/jonathanbarragan.iespana.es\/\">Jonathan Barragan<\/a> et le sud-africain <a href=\"http:\/\/www.stylamx.com\/\">Tyla Rattray<\/a>, trois pilotes coach\u00e9s par le \u00ab jeune retrait\u00e9 \u00bb belge <a href=\"http:\/\/www.fanclubstefaneverts.be\/\">Stefan Everts<\/a> vainqueur de l\u2019\u00e9preuve en 2006 sur <a href=\"http:\/\/www.yamaha-racing.com\/Racing\/mx1\/index.jsp\">Yamaha<\/a>. Philippaerts et <a href=\"http:\/\/jonathanbarragan.iespana.es\/\">Barragan<\/a> seront au guidon de <a href=\"http:\/\/www.ktmpress.com\/Motocross.5355.0.html\">KTM 450 4T<\/a>, tandis que <a href=\"http:\/\/www.stylamx.com\/\">Rattray<\/a> roulera sur une <a href=\"http:\/\/www.ktmpress.com\/Motocross.5355.0.html\">KTM 250 4T<\/a>. <\/p>\n<p><a href=\"http:\/\/clabedan.typepad.com\/.shared\/image.html?\/photos\/uncategorized\/valence230107_1.jpg\"><img loading=\"lazy\" decoding=\"async\" width=\"250\" height=\"162\"  alt=\"Valence230107_1\" src=\"http:\/\/www.leblogmoto.com\/images\/valence230107_1.jpg\" style=\"margin: 0px 5px 5px 0px;float: left\" \/><\/a> La marque autrichienne qui a d\u00e9j\u00e0 remport\u00e9 3 fois l\u2019\u00e9preuve, en 2002 et 2003 avec Yves Demaria et en 2005 avec <a href=\"http:\/\/www.bentownleymx.com\/\">Ben Townley<\/a>, ne cache pas sa volont\u00e9 de faire oublier cette ann\u00e9e une saison 2006 en demi-teinte. l\u2019ex pilote <a href=\"http:\/\/www.pit-beirer.com\/index_f.html\">Pit Beirer<\/a>, responsable du programme comp\u00e9tition de l\u2019usine est cependant r\u00e9aliste :&nbsp; \u00ab Comme toujours notre but est de d\u00e9crocher un titre mondial, mais nous savons que cette ann\u00e9e encore la comp\u00e9tition sera rude. Disons donc que nous voulons \u00eatre comp\u00e9titifs, et que nous comptons \u00eatre en lutte pour le titre dans chaque cat\u00e9gorie\u00bb. C\u2019est au nord de Valence en Espagne que le KTM-boys s\u2019entra\u00eenent avec <a href=\"http:\/\/www.fanclubstefaneverts.be\/\">Everts<\/a> dans l\u2019\u00e9cole hivernale de son p\u00e8re Harry. <\/p>\n<p> Rappelons que le pilote Belge qui doit une partie de sa brillante carri\u00e8re \u00e0 sa collaboration avec <a href=\"http:\/\/www.yamaha-racing.com\/Racing\/mx1\/index.jsp\">Yamaha<\/a>, a \u00e9chou\u00e9 dans ses d\u00e9marches aupr\u00e8s de la marque au diapason pour se recycler dans le \u00ab coaching \u00bb de ses pilotes. C\u2019est finalement <a href=\"http:\/\/www.ktmpress.com\/Motocross.5355.0.html\">KTM <\/a>qui lui a fait la proposition la plus s\u00e9duisante. Il ne cache pas sa satisfaction d&rsquo;avoir r\u00e9ussi avec KTM ce qu&rsquo;il r\u00e9vait de faire avec Yamaha.<\/p>\n<p> Avec un manager de cette trempe les pilotes oranges sont entre de bonnes mains.<\/p>\n","protected":false},"excerpt":{"rendered":"<p>La majorit\u00e9 des favoris des prochains championnats du Monde a r\u00e9pondu pr\u00e9sente au premier MX Inter de l\u2019ann\u00e9e. L\u2019\u00e9preuve traditionnelle se d\u00e9roulera le week-end du 25 f\u00e9vrier \u00e0 Valence dans la Dr\u00f4me. Parmi les pr\u00e9tendants au podium, on trouve notamment le pilote italien David Philippaerts, l\u2019espagnol Jonathan Barragan et le sud-africain Tyla Rattray, trois pilotes [&hellip;]<\/p>\n","protected":false},"author":333,"featured_media":0,"comment_status":"open","ping_status":"open","sticky":false,"template":"","format":"standard","meta":{"footnotes":""},"categories":[66],"tags":[],"class_list":["post-1563","post","type-post","status-publish","format-standard","hentry","category-moto-cross"],"yoast_head":"<!-- This site is optimized with the Yoast SEO plugin v26.0 - https:\/\/yoast.com\/wordpress\/plugins\/seo\/ -->\n<title>MX: Valence, le \u00ab retour \u00bb de KTM ? - leblogmoto.com<\/title>\n<meta name=\"robots\" content=\"index, follow, max-snippet:-1, max-image-preview:large, max-video-preview:-1\" \/>\n<link rel=\"canonical\" href=\"https:\/\/blogs.thesocialmedia.com\/leblogmoto\/2007\/02\/08\/mx-valence-le-r\/\" \/>\n<meta name=\"twitter:card\" content=\"summary_large_image\" \/>\n<meta name=\"twitter:title\" content=\"MX: Valence, le \u00ab retour \u00bb de KTM ? - leblogmoto.com\" \/>\n<meta name=\"twitter:description\" content=\"La majorit\u00e9 des favoris des prochains championnats du Monde a r\u00e9pondu pr\u00e9sente au premier MX Inter de l\u2019ann\u00e9e. L\u2019\u00e9preuve traditionnelle se d\u00e9roulera le week-end du 25 f\u00e9vrier \u00e0 Valence dans la Dr\u00f4me. Parmi les pr\u00e9tendants au podium, on trouve notamment le pilote italien David Philippaerts, l\u2019espagnol Jonathan Barragan et le sud-africain Tyla Rattray, trois pilotes [&hellip;]\" \/>\n<meta name=\"twitter:image\" content=\"http:\/\/www.leblogmoto.com\/images\/baraganktm_2.jpg\" \/>\n<meta name=\"twitter:label1\" content=\"\u00c9crit par\" \/>\n\t<meta name=\"twitter:data1\" content=\"christian tirat\" \/>\n\t<meta name=\"twitter:label2\" content=\"Dur\u00e9e de lecture estim\u00e9e\" \/>\n\t<meta name=\"twitter:data2\" content=\"2 minutes\" \/>\n<script type=\"application\/ld+json\" class=\"yoast-schema-graph\">{\"@context\":\"https:\/\/schema.org\",\"@graph\":[{\"@type\":\"WebPage\",\"@id\":\"https:\/\/blogs.thesocialmedia.com\/leblogmoto\/2007\/02\/08\/mx-valence-le-r\/\",\"url\":\"https:\/\/blogs.thesocialmedia.com\/leblogmoto\/2007\/02\/08\/mx-valence-le-r\/\",\"name\":\"MX: Valence, le \u00ab retour \u00bb de KTM ? - leblogmoto.com\",\"isPartOf\":{\"@id\":\"https:\/\/blogs.thesocialmedia.com\/leblogmoto\/#website\"},\"primaryImageOfPage\":{\"@id\":\"https:\/\/blogs.thesocialmedia.com\/leblogmoto\/2007\/02\/08\/mx-valence-le-r\/#primaryimage\"},\"image\":{\"@id\":\"https:\/\/blogs.thesocialmedia.com\/leblogmoto\/2007\/02\/08\/mx-valence-le-r\/#primaryimage\"},\"thumbnailUrl\":\"http:\/\/www.leblogmoto.com\/images\/baraganktm_2.jpg\",\"datePublished\":\"2007-02-08T12:41:36+00:00\",\"dateModified\":\"2012-07-11T14:31:49+00:00\",\"author\":{\"@id\":\"https:\/\/blogs.thesocialmedia.com\/leblogmoto\/#\/schema\/person\/90b2f8fd0d5a2cede2580e95fc79c6c0\"},\"breadcrumb\":{\"@id\":\"https:\/\/blogs.thesocialmedia.com\/leblogmoto\/2007\/02\/08\/mx-valence-le-r\/#breadcrumb\"},\"inLanguage\":\"fr-FR\",\"potentialAction\":[{\"@type\":\"ReadAction\",\"target\":[\"https:\/\/blogs.thesocialmedia.com\/leblogmoto\/2007\/02\/08\/mx-valence-le-r\/\"]}]},{\"@type\":\"ImageObject\",\"inLanguage\":\"fr-FR\",\"@id\":\"https:\/\/blogs.thesocialmedia.com\/leblogmoto\/2007\/02\/08\/mx-valence-le-r\/#primaryimage\",\"url\":\"http:\/\/www.leblogmoto.com\/images\/baraganktm_2.jpg\",\"contentUrl\":\"http:\/\/www.leblogmoto.com\/images\/baraganktm_2.jpg\"},{\"@type\":\"BreadcrumbList\",\"@id\":\"https:\/\/blogs.thesocialmedia.com\/leblogmoto\/2007\/02\/08\/mx-valence-le-r\/#breadcrumb\",\"itemListElement\":[{\"@type\":\"ListItem\",\"position\":1,\"name\":\"Accueil\",\"item\":\"https:\/\/blogs.thesocialmedia.com\/leblogmoto\/\"},{\"@type\":\"ListItem\",\"position\":2,\"name\":\"MX: Valence, le \u00ab retour \u00bb de KTM ?\"}]},{\"@type\":\"WebSite\",\"@id\":\"https:\/\/blogs.thesocialmedia.com\/leblogmoto\/#website\",\"url\":\"https:\/\/blogs.thesocialmedia.com\/leblogmoto\/\",\"name\":\"leblogmoto\",\"description\":\"Toute l&#039;actualit\u00e9 des 2 roues\",\"potentialAction\":[{\"@type\":\"SearchAction\",\"target\":{\"@type\":\"EntryPoint\",\"urlTemplate\":\"https:\/\/blogs.thesocialmedia.com\/leblogmoto\/?s={search_term_string}\"},\"query-input\":{\"@type\":\"PropertyValueSpecification\",\"valueRequired\":true,\"valueName\":\"search_term_string\"}}],\"inLanguage\":\"fr-FR\"},{\"@type\":\"Person\",\"@id\":\"https:\/\/blogs.thesocialmedia.com\/leblogmoto\/#\/schema\/person\/90b2f8fd0d5a2cede2580e95fc79c6c0\",\"name\":\"christian tirat\",\"image\":{\"@type\":\"ImageObject\",\"inLanguage\":\"fr-FR\",\"@id\":\"https:\/\/blogs.thesocialmedia.com\/leblogmoto\/#\/schema\/person\/image\/\",\"url\":\"https:\/\/secure.gravatar.com\/avatar\/?s=96&d=mm&r=g\",\"contentUrl\":\"https:\/\/secure.gravatar.com\/avatar\/?s=96&d=mm&r=g\",\"caption\":\"christian tirat\"},\"url\":\"https:\/\/blogs.thesocialmedia.com\/leblogmoto\/author\/christian-tirat\/\"}]}<\/script>\n<!-- \/ Yoast SEO plugin. -->","yoast_head_json":{"title":"MX: Valence, le \u00ab retour \u00bb de KTM ? - leblogmoto.com","robots":{"index":"index","follow":"follow","max-snippet":"max-snippet:-1","max-image-preview":"max-image-preview:large","max-video-preview":"max-video-preview:-1"},"canonical":"https:\/\/blogs.thesocialmedia.com\/leblogmoto\/2007\/02\/08\/mx-valence-le-r\/","twitter_card":"summary_large_image","twitter_title":"MX: Valence, le \u00ab retour \u00bb de KTM ? - leblogmoto.com","twitter_description":"La majorit\u00e9 des favoris des prochains championnats du Monde a r\u00e9pondu pr\u00e9sente au premier MX Inter de l\u2019ann\u00e9e. L\u2019\u00e9preuve traditionnelle se d\u00e9roulera le week-end du 25 f\u00e9vrier \u00e0 Valence dans la Dr\u00f4me. Parmi les pr\u00e9tendants au podium, on trouve notamment le pilote italien David Philippaerts, l\u2019espagnol Jonathan Barragan et le sud-africain Tyla Rattray, trois pilotes [&hellip;]","twitter_image":"http:\/\/www.leblogmoto.com\/images\/baraganktm_2.jpg","twitter_misc":{"\u00c9crit par":"christian tirat","Dur\u00e9e de lecture estim\u00e9e":"2 minutes"},"schema":{"@context":"https:\/\/schema.org","@graph":[{"@type":"WebPage","@id":"https:\/\/blogs.thesocialmedia.com\/leblogmoto\/2007\/02\/08\/mx-valence-le-r\/","url":"https:\/\/blogs.thesocialmedia.com\/leblogmoto\/2007\/02\/08\/mx-valence-le-r\/","name":"MX: Valence, le \u00ab retour \u00bb de KTM ? - leblogmoto.com","isPartOf":{"@id":"https:\/\/blogs.thesocialmedia.com\/leblogmoto\/#website"},"primaryImageOfPage":{"@id":"https:\/\/blogs.thesocialmedia.com\/leblogmoto\/2007\/02\/08\/mx-valence-le-r\/#primaryimage"},"image":{"@id":"https:\/\/blogs.thesocialmedia.com\/leblogmoto\/2007\/02\/08\/mx-valence-le-r\/#primaryimage"},"thumbnailUrl":"http:\/\/www.leblogmoto.com\/images\/baraganktm_2.jpg","datePublished":"2007-02-08T12:41:36+00:00","dateModified":"2012-07-11T14:31:49+00:00","author":{"@id":"https:\/\/blogs.thesocialmedia.com\/leblogmoto\/#\/schema\/person\/90b2f8fd0d5a2cede2580e95fc79c6c0"},"breadcrumb":{"@id":"https:\/\/blogs.thesocialmedia.com\/leblogmoto\/2007\/02\/08\/mx-valence-le-r\/#breadcrumb"},"inLanguage":"fr-FR","potentialAction":[{"@type":"ReadAction","target":["https:\/\/blogs.thesocialmedia.com\/leblogmoto\/2007\/02\/08\/mx-valence-le-r\/"]}]},{"@type":"ImageObject","inLanguage":"fr-FR","@id":"https:\/\/blogs.thesocialmedia.com\/leblogmoto\/2007\/02\/08\/mx-valence-le-r\/#primaryimage","url":"http:\/\/www.leblogmoto.com\/images\/baraganktm_2.jpg","contentUrl":"http:\/\/www.leblogmoto.com\/images\/baraganktm_2.jpg"},{"@type":"BreadcrumbList","@id":"https:\/\/blogs.thesocialmedia.com\/leblogmoto\/2007\/02\/08\/mx-valence-le-r\/#breadcrumb","itemListElement":[{"@type":"ListItem","position":1,"name":"Accueil","item":"https:\/\/blogs.thesocialmedia.com\/leblogmoto\/"},{"@type":"ListItem","position":2,"name":"MX: Valence, le \u00ab retour \u00bb de KTM ?"}]},{"@type":"WebSite","@id":"https:\/\/blogs.thesocialmedia.com\/leblogmoto\/#website","url":"https:\/\/blogs.thesocialmedia.com\/leblogmoto\/","name":"leblogmoto","description":"Toute l&#039;actualit\u00e9 des 2 roues","potentialAction":[{"@type":"SearchAction","target":{"@type":"EntryPoint","urlTemplate":"https:\/\/blogs.thesocialmedia.com\/leblogmoto\/?s={search_term_string}"},"query-input":{"@type":"PropertyValueSpecification","valueRequired":true,"valueName":"search_term_string"}}],"inLanguage":"fr-FR"},{"@type":"Person","@id":"https:\/\/blogs.thesocialmedia.com\/leblogmoto\/#\/schema\/person\/90b2f8fd0d5a2cede2580e95fc79c6c0","name":"christian tirat","image":{"@type":"ImageObject","inLanguage":"fr-FR","@id":"https:\/\/blogs.thesocialmedia.com\/leblogmoto\/#\/schema\/person\/image\/","url":"https:\/\/secure.gravatar.com\/avatar\/?s=96&d=mm&r=g","contentUrl":"https:\/\/secure.gravatar.com\/avatar\/?s=96&d=mm&r=g","caption":"christian tirat"},"url":"https:\/\/blogs.thesocialmedia.com\/leblogmoto\/author\/christian-tirat\/"}]}},"_links":{"self":[{"href":"https:\/\/blogs.thesocialmedia.com\/leblogmoto\/wp-json\/wp\/v2\/posts\/1563","targetHints":{"allow":["GET"]}}],"collection":[{"href":"https:\/\/blogs.thesocialmedia.com\/leblogmoto\/wp-json\/wp\/v2\/posts"}],"about":[{"href":"https:\/\/blogs.thesocialmedia.com\/leblogmoto\/wp-json\/wp\/v2\/types\/post"}],"author":[{"embeddable":true,"href":"https:\/\/blogs.thesocialmedia.com\/leblogmoto\/wp-json\/wp\/v2\/users\/333"}],"replies":[{"embeddable":true,"href":"https:\/\/blogs.thesocialmedia.com\/leblogmoto\/wp-json\/wp\/v2\/comments?post=1563"}],"version-history":[{"count":2,"href":"https:\/\/blogs.thesocialmedia.com\/leblogmoto\/wp-json\/wp\/v2\/posts\/1563\/revisions"}],"predecessor-version":[{"id":8006,"href":"https:\/\/blogs.thesocialmedia.com\/leblogmoto\/wp-json\/wp\/v2\/posts\/1563\/revisions\/8006"}],"wp:attachment":[{"href":"https:\/\/blogs.thesocialmedia.com\/leblogmoto\/wp-json\/wp\/v2\/media?parent=1563"}],"wp:term":[{"taxonomy":"category","embeddable":true,"href":"https:\/\/blogs.thesocialmedia.com\/leblogmoto\/wp-json\/wp\/v2\/categories?post=1563"},{"taxonomy":"post_tag","embeddable":true,"href":"https:\/\/blogs.thesocialmedia.com\/leblogmoto\/wp-json\/wp\/v2\/tags?post=1563"}],"curies":[{"name":"wp","href":"https:\/\/api.w.org\/{rel}","templated":true}]}}