{"id":1564,"date":"2007-02-07T20:00:37","date_gmt":"2007-02-07T20:00:37","guid":{"rendered":"http:\/\/blogs.thesocialmedia.com\/leblogmoto\/2007\/02\/07\/motogp-colin-ed\/"},"modified":"2012-07-11T14:31:48","modified_gmt":"2012-07-11T14:31:48","slug":"motogp-colin-ed","status":"publish","type":"post","link":"https:\/\/blogs.thesocialmedia.com\/leblogmoto\/2007\/02\/07\/motogp-colin-ed\/","title":{"rendered":"MotoGP: Colin Edwards affole les chronos"},"content":{"rendered":"<p><a href=\"http:\/\/blogs.thesocialmedia.com\/leblogmoto\/files\/2012\/07\/070123125824520_2_sm.jpg\"><img loading=\"lazy\" decoding=\"async\" width=\"250\" height=\"368\"  alt=\"070123125824520_2_sm\" src=\"http:\/\/www.leblogmoto.com\/images\/070123125824520_2_sm.jpg\" style=\"margin: 0px 5px 5px 0px;float: left\" \/><\/a> A la suite d\u2019un jeu de passe-passe entre les pilotes <a href=\"http:\/\/www.yamaha-racing.com\/Racing\/motogp\/index.jsp\">Yamaha<\/a>, <a href=\"http:\/\/valentinorossi.free.fr\/\">Valentino Rossi<\/a> et <a href=\"http:\/\/www.ceracing.com\/\">Colin Edwards<\/a>,la fin des essais priv\u00e9s de l\u2019intersaison \u00e0 <a href=\"http:\/\/www.malaysiangp.com.my\/\">Sepang<\/a> sera marqu\u00e9e par le record du tour r\u00e9ussi par l\u2019am\u00e9ricain. Alors que le pr\u00e9c\u00e9dent record (2&rsquo;00.605) \u00e9tait d\u00e9tenu depuis 2006 par <a href=\"http:\/\/valentinorossi.free.fr\/\">Rossi<\/a> avec une 990cc chauss\u00e9e de pneus qualif, <a href=\"http:\/\/fr.wikipedia.org\/wiki\/Colin_Edwards\">Edwards \u00ab The Texas Tornado \u00bb<\/a> r\u00e9ussit un tour en 2\u201900\u2019\u2019248 avec sa \u00ab petite \u00bb 800. <br \/>En troisi\u00e8me position, <a href=\"http:\/\/www.randydepuniet.net\/news\/\">Randy De Puniet<\/a> malgr\u00e9 sa petite chute d\u2019hier, a battu le record du tour en course de <a href=\"http:\/\/www.ducati.com\/capirossi\/it\/index.jhtml\">Loris Capirossi<\/a> avec sa 990 <a href=\"http:\/\/www.ducati.com\/racing\/00_home_racing\/index.jhtml\">Ducati<\/a> (2&rsquo;02\u00a0\u00bb071 contre 2&rsquo;02.127) En v\u00e9ritable stakanoviste de la piste, le pilote Fran\u00e7ais a fait 63 tours avec sa <a href=\"http:\/\/www.kawasaki.fr\/\">Kawasaki<\/a>, soit l\u2019\u00e9quivalant de plus de deux course en une seule journ\u00e9e !<br \/><a href=\"http:\/\/www.leblogmoto.com\/2007\/02\/motogp_des_800_.html#more\">Quand on vous disait que les 800 \u00e9taient plus v\u00e9loces !<\/a><\/p>\n<p>Toutes les \u00e9curies de Moto GP se retrouveront la semaine prochaine au <a href=\"http:\/\/www.qatar-grandprix.com\/\">Qatar <\/a>pour les premiers essais officiels IRTA de la saison 2007 puis \u00e0 <a href=\"http:\/\/www.circuitodejerez.com\/en\/home.htm\">Jerez<\/a> le 25 f\u00e9vrier.<\/p>\n<p> Le classement non officiel des essais de <a href=\"http:\/\/www.malaysiangp.com.my\/\">Sepang<\/a> <\/p>\n<p> 1.<a href=\"http:\/\/www.ceracing.com\/\">Colin Edwards<\/a> (USA\/<a href=\"http:\/\/www.yamaha-racing.com\/Racing\/motogp\/index.jsp\">Yamaha<\/a>) 2&rsquo;00,248 (46) \u2013 46 tours<br \/> 2.<a href=\"http:\/\/valentinorossi.free.fr\/\">Valentino Rossi<\/a> (Ita\/<a href=\"http:\/\/www.yamaha-racing.com\/Racing\/motogp\/index.jsp\">Yamaha<\/a>) 2&rsquo;00,793 (43) \u2013 43 tours<br \/> 3.<a href=\"http:\/\/www.randydepuniet.net\/news\/\">Randy De Puniet<\/a> (Fra\/<a href=\"http:\/\/www.kawasaki.fr\/\">Kawasaki<\/a>) 2&rsquo;02,071 (63) \u2013 63 tours<br \/> 4.<a href=\"http:\/\/www.olivierjacque.com\/\">Olivier Jacque<\/a> (Fra\/<a href=\"http:\/\/www.kawasaki.fr\/\">Kawasaki<\/a>) 2&rsquo;02,607 (55) \u2013 55 tours<br \/> 5.<a href=\"http:\/\/www.tamayan.jp\/\">Makoto Tamada <\/a>(Jap\/Tech 3 <a href=\"http:\/\/www.yamaha-racing.com\/Racing\/motogp\/index.jsp\">Yamaha<\/a>) 2&rsquo;03,380 (35) \u2013 35 tours<br \/> 6.<a href=\"http:\/\/www.sylvainguintoli.com\/\">Sylvain Guintoli<\/a> (Fra\/Tech 3 <a href=\"http:\/\/www.yamaha-racing.com\/Racing\/motogp\/index.jsp\">Yamaha<\/a>) 2&rsquo;04,636 (35) \u2013 35 tours<\/p>\n","protected":false},"excerpt":{"rendered":"<p>A la suite d\u2019un jeu de passe-passe entre les pilotes Yamaha, Valentino Rossi et Colin Edwards,la fin des essais priv\u00e9s de l\u2019intersaison \u00e0 Sepang sera marqu\u00e9e par le record du tour r\u00e9ussi par l\u2019am\u00e9ricain. Alors que le pr\u00e9c\u00e9dent record (2&rsquo;00.605) \u00e9tait d\u00e9tenu depuis 2006 par Rossi avec une 990cc chauss\u00e9e de pneus qualif, Edwards \u00ab [&hellip;]<\/p>\n","protected":false},"author":333,"featured_media":0,"comment_status":"open","ping_status":"open","sticky":false,"template":"","format":"standard","meta":{"footnotes":""},"categories":[22],"tags":[],"class_list":["post-1564","post","type-post","status-publish","format-standard","hentry","category-motogp"],"yoast_head":"<!-- This site is optimized with the Yoast SEO plugin v26.0 - https:\/\/yoast.com\/wordpress\/plugins\/seo\/ -->\n<title>MotoGP: Colin Edwards affole les chronos - leblogmoto.com<\/title>\n<meta name=\"robots\" content=\"index, follow, max-snippet:-1, max-image-preview:large, max-video-preview:-1\" \/>\n<link rel=\"canonical\" href=\"https:\/\/blogs.thesocialmedia.com\/leblogmoto\/2007\/02\/07\/motogp-colin-ed\/\" \/>\n<meta name=\"twitter:card\" content=\"summary_large_image\" \/>\n<meta name=\"twitter:title\" content=\"MotoGP: Colin Edwards affole les chronos - leblogmoto.com\" \/>\n<meta name=\"twitter:description\" content=\"A la suite d\u2019un jeu de passe-passe entre les pilotes Yamaha, Valentino Rossi et Colin Edwards,la fin des essais priv\u00e9s de l\u2019intersaison \u00e0 Sepang sera marqu\u00e9e par le record du tour r\u00e9ussi par l\u2019am\u00e9ricain. Alors que le pr\u00e9c\u00e9dent record (2&rsquo;00.605) \u00e9tait d\u00e9tenu depuis 2006 par Rossi avec une 990cc chauss\u00e9e de pneus qualif, Edwards \u00ab [&hellip;]\" \/>\n<meta name=\"twitter:image\" content=\"http:\/\/www.leblogmoto.com\/images\/070123125824520_2_sm.jpg\" \/>\n<meta name=\"twitter:label1\" content=\"\u00c9crit par\" \/>\n\t<meta name=\"twitter:data1\" content=\"christian tirat\" \/>\n\t<meta name=\"twitter:label2\" content=\"Dur\u00e9e de lecture estim\u00e9e\" \/>\n\t<meta name=\"twitter:data2\" content=\"1 minute\" \/>\n<script type=\"application\/ld+json\" class=\"yoast-schema-graph\">{\"@context\":\"https:\/\/schema.org\",\"@graph\":[{\"@type\":\"WebPage\",\"@id\":\"https:\/\/blogs.thesocialmedia.com\/leblogmoto\/2007\/02\/07\/motogp-colin-ed\/\",\"url\":\"https:\/\/blogs.thesocialmedia.com\/leblogmoto\/2007\/02\/07\/motogp-colin-ed\/\",\"name\":\"MotoGP: Colin Edwards affole les chronos - leblogmoto.com\",\"isPartOf\":{\"@id\":\"https:\/\/blogs.thesocialmedia.com\/leblogmoto\/#website\"},\"primaryImageOfPage\":{\"@id\":\"https:\/\/blogs.thesocialmedia.com\/leblogmoto\/2007\/02\/07\/motogp-colin-ed\/#primaryimage\"},\"image\":{\"@id\":\"https:\/\/blogs.thesocialmedia.com\/leblogmoto\/2007\/02\/07\/motogp-colin-ed\/#primaryimage\"},\"thumbnailUrl\":\"http:\/\/www.leblogmoto.com\/images\/070123125824520_2_sm.jpg\",\"datePublished\":\"2007-02-07T20:00:37+00:00\",\"dateModified\":\"2012-07-11T14:31:48+00:00\",\"author\":{\"@id\":\"https:\/\/blogs.thesocialmedia.com\/leblogmoto\/#\/schema\/person\/90b2f8fd0d5a2cede2580e95fc79c6c0\"},\"breadcrumb\":{\"@id\":\"https:\/\/blogs.thesocialmedia.com\/leblogmoto\/2007\/02\/07\/motogp-colin-ed\/#breadcrumb\"},\"inLanguage\":\"fr-FR\",\"potentialAction\":[{\"@type\":\"ReadAction\",\"target\":[\"https:\/\/blogs.thesocialmedia.com\/leblogmoto\/2007\/02\/07\/motogp-colin-ed\/\"]}]},{\"@type\":\"ImageObject\",\"inLanguage\":\"fr-FR\",\"@id\":\"https:\/\/blogs.thesocialmedia.com\/leblogmoto\/2007\/02\/07\/motogp-colin-ed\/#primaryimage\",\"url\":\"http:\/\/www.leblogmoto.com\/images\/070123125824520_2_sm.jpg\",\"contentUrl\":\"http:\/\/www.leblogmoto.com\/images\/070123125824520_2_sm.jpg\"},{\"@type\":\"BreadcrumbList\",\"@id\":\"https:\/\/blogs.thesocialmedia.com\/leblogmoto\/2007\/02\/07\/motogp-colin-ed\/#breadcrumb\",\"itemListElement\":[{\"@type\":\"ListItem\",\"position\":1,\"name\":\"Accueil\",\"item\":\"https:\/\/blogs.thesocialmedia.com\/leblogmoto\/\"},{\"@type\":\"ListItem\",\"position\":2,\"name\":\"MotoGP: Colin Edwards affole les chronos\"}]},{\"@type\":\"WebSite\",\"@id\":\"https:\/\/blogs.thesocialmedia.com\/leblogmoto\/#website\",\"url\":\"https:\/\/blogs.thesocialmedia.com\/leblogmoto\/\",\"name\":\"leblogmoto\",\"description\":\"Toute l&#039;actualit\u00e9 des 2 roues\",\"potentialAction\":[{\"@type\":\"SearchAction\",\"target\":{\"@type\":\"EntryPoint\",\"urlTemplate\":\"https:\/\/blogs.thesocialmedia.com\/leblogmoto\/?s={search_term_string}\"},\"query-input\":{\"@type\":\"PropertyValueSpecification\",\"valueRequired\":true,\"valueName\":\"search_term_string\"}}],\"inLanguage\":\"fr-FR\"},{\"@type\":\"Person\",\"@id\":\"https:\/\/blogs.thesocialmedia.com\/leblogmoto\/#\/schema\/person\/90b2f8fd0d5a2cede2580e95fc79c6c0\",\"name\":\"christian tirat\",\"image\":{\"@type\":\"ImageObject\",\"inLanguage\":\"fr-FR\",\"@id\":\"https:\/\/blogs.thesocialmedia.com\/leblogmoto\/#\/schema\/person\/image\/\",\"url\":\"https:\/\/secure.gravatar.com\/avatar\/?s=96&d=mm&r=g\",\"contentUrl\":\"https:\/\/secure.gravatar.com\/avatar\/?s=96&d=mm&r=g\",\"caption\":\"christian tirat\"},\"url\":\"https:\/\/blogs.thesocialmedia.com\/leblogmoto\/author\/christian-tirat\/\"}]}<\/script>\n<!-- \/ Yoast SEO plugin. -->","yoast_head_json":{"title":"MotoGP: Colin Edwards affole les chronos - leblogmoto.com","robots":{"index":"index","follow":"follow","max-snippet":"max-snippet:-1","max-image-preview":"max-image-preview:large","max-video-preview":"max-video-preview:-1"},"canonical":"https:\/\/blogs.thesocialmedia.com\/leblogmoto\/2007\/02\/07\/motogp-colin-ed\/","twitter_card":"summary_large_image","twitter_title":"MotoGP: Colin Edwards affole les chronos - leblogmoto.com","twitter_description":"A la suite d\u2019un jeu de passe-passe entre les pilotes Yamaha, Valentino Rossi et Colin Edwards,la fin des essais priv\u00e9s de l\u2019intersaison \u00e0 Sepang sera marqu\u00e9e par le record du tour r\u00e9ussi par l\u2019am\u00e9ricain. Alors que le pr\u00e9c\u00e9dent record (2&rsquo;00.605) \u00e9tait d\u00e9tenu depuis 2006 par Rossi avec une 990cc chauss\u00e9e de pneus qualif, Edwards \u00ab [&hellip;]","twitter_image":"http:\/\/www.leblogmoto.com\/images\/070123125824520_2_sm.jpg","twitter_misc":{"\u00c9crit par":"christian tirat","Dur\u00e9e de lecture estim\u00e9e":"1 minute"},"schema":{"@context":"https:\/\/schema.org","@graph":[{"@type":"WebPage","@id":"https:\/\/blogs.thesocialmedia.com\/leblogmoto\/2007\/02\/07\/motogp-colin-ed\/","url":"https:\/\/blogs.thesocialmedia.com\/leblogmoto\/2007\/02\/07\/motogp-colin-ed\/","name":"MotoGP: Colin Edwards affole les chronos - leblogmoto.com","isPartOf":{"@id":"https:\/\/blogs.thesocialmedia.com\/leblogmoto\/#website"},"primaryImageOfPage":{"@id":"https:\/\/blogs.thesocialmedia.com\/leblogmoto\/2007\/02\/07\/motogp-colin-ed\/#primaryimage"},"image":{"@id":"https:\/\/blogs.thesocialmedia.com\/leblogmoto\/2007\/02\/07\/motogp-colin-ed\/#primaryimage"},"thumbnailUrl":"http:\/\/www.leblogmoto.com\/images\/070123125824520_2_sm.jpg","datePublished":"2007-02-07T20:00:37+00:00","dateModified":"2012-07-11T14:31:48+00:00","author":{"@id":"https:\/\/blogs.thesocialmedia.com\/leblogmoto\/#\/schema\/person\/90b2f8fd0d5a2cede2580e95fc79c6c0"},"breadcrumb":{"@id":"https:\/\/blogs.thesocialmedia.com\/leblogmoto\/2007\/02\/07\/motogp-colin-ed\/#breadcrumb"},"inLanguage":"fr-FR","potentialAction":[{"@type":"ReadAction","target":["https:\/\/blogs.thesocialmedia.com\/leblogmoto\/2007\/02\/07\/motogp-colin-ed\/"]}]},{"@type":"ImageObject","inLanguage":"fr-FR","@id":"https:\/\/blogs.thesocialmedia.com\/leblogmoto\/2007\/02\/07\/motogp-colin-ed\/#primaryimage","url":"http:\/\/www.leblogmoto.com\/images\/070123125824520_2_sm.jpg","contentUrl":"http:\/\/www.leblogmoto.com\/images\/070123125824520_2_sm.jpg"},{"@type":"BreadcrumbList","@id":"https:\/\/blogs.thesocialmedia.com\/leblogmoto\/2007\/02\/07\/motogp-colin-ed\/#breadcrumb","itemListElement":[{"@type":"ListItem","position":1,"name":"Accueil","item":"https:\/\/blogs.thesocialmedia.com\/leblogmoto\/"},{"@type":"ListItem","position":2,"name":"MotoGP: Colin Edwards affole les chronos"}]},{"@type":"WebSite","@id":"https:\/\/blogs.thesocialmedia.com\/leblogmoto\/#website","url":"https:\/\/blogs.thesocialmedia.com\/leblogmoto\/","name":"leblogmoto","description":"Toute l&#039;actualit\u00e9 des 2 roues","potentialAction":[{"@type":"SearchAction","target":{"@type":"EntryPoint","urlTemplate":"https:\/\/blogs.thesocialmedia.com\/leblogmoto\/?s={search_term_string}"},"query-input":{"@type":"PropertyValueSpecification","valueRequired":true,"valueName":"search_term_string"}}],"inLanguage":"fr-FR"},{"@type":"Person","@id":"https:\/\/blogs.thesocialmedia.com\/leblogmoto\/#\/schema\/person\/90b2f8fd0d5a2cede2580e95fc79c6c0","name":"christian tirat","image":{"@type":"ImageObject","inLanguage":"fr-FR","@id":"https:\/\/blogs.thesocialmedia.com\/leblogmoto\/#\/schema\/person\/image\/","url":"https:\/\/secure.gravatar.com\/avatar\/?s=96&d=mm&r=g","contentUrl":"https:\/\/secure.gravatar.com\/avatar\/?s=96&d=mm&r=g","caption":"christian tirat"},"url":"https:\/\/blogs.thesocialmedia.com\/leblogmoto\/author\/christian-tirat\/"}]}},"_links":{"self":[{"href":"https:\/\/blogs.thesocialmedia.com\/leblogmoto\/wp-json\/wp\/v2\/posts\/1564","targetHints":{"allow":["GET"]}}],"collection":[{"href":"https:\/\/blogs.thesocialmedia.com\/leblogmoto\/wp-json\/wp\/v2\/posts"}],"about":[{"href":"https:\/\/blogs.thesocialmedia.com\/leblogmoto\/wp-json\/wp\/v2\/types\/post"}],"author":[{"embeddable":true,"href":"https:\/\/blogs.thesocialmedia.com\/leblogmoto\/wp-json\/wp\/v2\/users\/333"}],"replies":[{"embeddable":true,"href":"https:\/\/blogs.thesocialmedia.com\/leblogmoto\/wp-json\/wp\/v2\/comments?post=1564"}],"version-history":[{"count":2,"href":"https:\/\/blogs.thesocialmedia.com\/leblogmoto\/wp-json\/wp\/v2\/posts\/1564\/revisions"}],"predecessor-version":[{"id":8004,"href":"https:\/\/blogs.thesocialmedia.com\/leblogmoto\/wp-json\/wp\/v2\/posts\/1564\/revisions\/8004"}],"wp:attachment":[{"href":"https:\/\/blogs.thesocialmedia.com\/leblogmoto\/wp-json\/wp\/v2\/media?parent=1564"}],"wp:term":[{"taxonomy":"category","embeddable":true,"href":"https:\/\/blogs.thesocialmedia.com\/leblogmoto\/wp-json\/wp\/v2\/categories?post=1564"},{"taxonomy":"post_tag","embeddable":true,"href":"https:\/\/blogs.thesocialmedia.com\/leblogmoto\/wp-json\/wp\/v2\/tags?post=1564"}],"curies":[{"name":"wp","href":"https:\/\/api.w.org\/{rel}","templated":true}]}}