{"id":1566,"date":"2007-02-07T17:40:51","date_gmt":"2007-02-07T17:40:51","guid":{"rendered":"http:\/\/blogs.thesocialmedia.com\/leblogmoto\/2007\/02\/07\/stationnement-c\/"},"modified":"2012-07-11T14:31:43","modified_gmt":"2012-07-11T14:31:43","slug":"stationnement-c","status":"publish","type":"post","link":"https:\/\/blogs.thesocialmedia.com\/leblogmoto\/2007\/02\/07\/stationnement-c\/","title":{"rendered":"Stationnement : Communiqu\u00e9 de la FFMC"},"content":{"rendered":"<p><a href=\"http:\/\/blogs.thesocialmedia.com\/leblogmoto\/files\/2012\/07\/ffmc_1_1_copie.jpg\"><img loading=\"lazy\" decoding=\"async\" width=\"250\" height=\"85\"  alt=\"Ffmc_1_1_copie\" src=\"http:\/\/www.leblogmoto.com\/images\/ffmc_1_1_copie.jpg\" style=\"margin: 0px 5px 5px 0px;float: left\" \/><\/a> La <a href=\"http:\/\/www.ffmc.asso.fr\/\">FFMC<\/a> communique:<\/p>\n<p>&quot;<strong>Prise en compte des motos :<br \/>La Belgique montre une nouvelle fois la voie<\/strong><\/p>\n<p><a href=\"http:\/\/clabedan.typepad.com\/.shared\/image.html?\/photos\/uncategorized\/motjaune.jpg\"><img loading=\"lazy\" decoding=\"async\" width=\"250\" height=\"188\"  alt=\"Motjaune\" src=\"http:\/\/www.leblogmoto.com\/images\/motjaune.jpg\" style=\"margin: 0px 5px 5px 0px;float: left\" \/><\/a>Distingu\u00e9 il y a deux ans \u00e0 l\u2019occasion du \u00ab <a href=\"http:\/\/www.mondial-deuxroues.com\/\">Mondial du deux-roues<\/a> \u00bb pour son code de conduite visant \u00e0 encadrer, par des r\u00e8gles de bon sens, la pratique de la circulation entre les files par les motos dans les embouteillages,&nbsp; le <a href=\"%C3%82%C2%ABBelgian%20Motorcycle%20Council%C3%82%C2%BB\">\u00abBelgian Motorcycle Council\u00bb<\/a> est \u00e0 nouveau \u00e0 l\u2019honneur avec la promulgation d\u2019un arr\u00eat\u00e9 royal qui autorise le stationnement des deux-roues \u00e0 moteur sur le trottoir (\u00e0 condition de laisser un passage d\u20191m50 pour le cheminement pi\u00e9ton).<\/p>\n<p> D\u2019autres modifications du code de la route viennent am\u00e9liorer le quotidien des deux- roues \u00e0 moteur belges, avec notamment l\u2019autorisation pour certains cyclomoteurs d\u2019emprunter les pistes cyclables, ou des r\u00e8gles de positionnement sur la chauss\u00e9e&nbsp; plus s\u00fbres. <\/p>\n<p> En France, la <a href=\"http:\/\/www.ffmc.asso.fr\/\">FFMC<\/a> d\u00e9fend des \u00e9volutions similaires du code de la route (Lire notamment <a href=\"http:\/\/www.ffmc.asso.fr\/article.php3?id_article=646\">\u2018Conseils Pratiques pour plus de s\u00e9curit\u00e9 lors de la circulation entre les files\u2019<\/a> ) Mais elle doit faire face \u00e0 un tir de barrage nourri des forces de l\u2019ordre et surtout du minist\u00e8re de l\u2019int\u00e9rieur, pour qui le simple fait d\u2019\u00e9voquer une \u00e9volution de la r\u00e9glementation sur ces sujets semble tenir du blasph\u00e8me sur les saintes \u00e9critures. L\u2019antenne Parisienne de la f\u00e9d\u00e9ration attend notamment depuis plus de deux ans la signature d\u2019une \u2018charte du deux-roues motoris\u00e9s\u2019 qui permettrait de jeter les bases de la reconnaissance du deux-roues \u00e0 moteur dans la circulation urbaine. <\/p>\n<p> Constatant le blocage de la situation, la <a href=\"http:\/\/www.ffmc.asso.fr\/\">FFMC<\/a> esp\u00e8re que l\u2019ann\u00e9e \u00e9lectorale qui arrive permettra de faire bouger les lignes de fracture des uns et des autres, vers une meilleure prise en compte des sp\u00e9cificit\u00e9s des deux-roues \u00e0 moteur et une plus grande s\u00e9curit\u00e9 pour l\u2019ensemble des usagers de la route.&quot;<\/p>\n","protected":false},"excerpt":{"rendered":"<p>La FFMC communique: &quot;Prise en compte des motos :La Belgique montre une nouvelle fois la voie Distingu\u00e9 il y a deux ans \u00e0 l\u2019occasion du \u00ab Mondial du deux-roues \u00bb pour son code de conduite visant \u00e0 encadrer, par des r\u00e8gles de bon sens, la pratique de la circulation entre les files par les motos [&hellip;]<\/p>\n","protected":false},"author":333,"featured_media":0,"comment_status":"open","ping_status":"open","sticky":false,"template":"","format":"standard","meta":{"footnotes":""},"categories":[3],"tags":[],"class_list":["post-1566","post","type-post","status-publish","format-standard","hentry","category-actualite"],"yoast_head":"<!-- This site is optimized with the Yoast SEO plugin v26.0 - https:\/\/yoast.com\/wordpress\/plugins\/seo\/ -->\n<title>Stationnement : Communiqu\u00e9 de la FFMC - leblogmoto.com<\/title>\n<meta name=\"robots\" content=\"index, follow, max-snippet:-1, max-image-preview:large, max-video-preview:-1\" \/>\n<link rel=\"canonical\" href=\"https:\/\/blogs.thesocialmedia.com\/leblogmoto\/2007\/02\/07\/stationnement-c\/\" \/>\n<meta name=\"twitter:card\" content=\"summary_large_image\" \/>\n<meta name=\"twitter:title\" content=\"Stationnement : Communiqu\u00e9 de la FFMC - leblogmoto.com\" \/>\n<meta name=\"twitter:description\" content=\"La FFMC communique: &quot;Prise en compte des motos :La Belgique montre une nouvelle fois la voie Distingu\u00e9 il y a deux ans \u00e0 l\u2019occasion du \u00ab Mondial du deux-roues \u00bb pour son code de conduite visant \u00e0 encadrer, par des r\u00e8gles de bon sens, la pratique de la circulation entre les files par les motos [&hellip;]\" \/>\n<meta name=\"twitter:image\" content=\"http:\/\/www.leblogmoto.com\/images\/ffmc_1_1_copie.jpg\" \/>\n<meta name=\"twitter:label1\" content=\"\u00c9crit par\" \/>\n\t<meta name=\"twitter:data1\" content=\"christian tirat\" \/>\n\t<meta name=\"twitter:label2\" content=\"Dur\u00e9e de lecture estim\u00e9e\" \/>\n\t<meta name=\"twitter:data2\" content=\"2 minutes\" \/>\n<script type=\"application\/ld+json\" class=\"yoast-schema-graph\">{\"@context\":\"https:\/\/schema.org\",\"@graph\":[{\"@type\":\"WebPage\",\"@id\":\"https:\/\/blogs.thesocialmedia.com\/leblogmoto\/2007\/02\/07\/stationnement-c\/\",\"url\":\"https:\/\/blogs.thesocialmedia.com\/leblogmoto\/2007\/02\/07\/stationnement-c\/\",\"name\":\"Stationnement : Communiqu\u00e9 de la FFMC - leblogmoto.com\",\"isPartOf\":{\"@id\":\"https:\/\/blogs.thesocialmedia.com\/leblogmoto\/#website\"},\"primaryImageOfPage\":{\"@id\":\"https:\/\/blogs.thesocialmedia.com\/leblogmoto\/2007\/02\/07\/stationnement-c\/#primaryimage\"},\"image\":{\"@id\":\"https:\/\/blogs.thesocialmedia.com\/leblogmoto\/2007\/02\/07\/stationnement-c\/#primaryimage\"},\"thumbnailUrl\":\"http:\/\/www.leblogmoto.com\/images\/ffmc_1_1_copie.jpg\",\"datePublished\":\"2007-02-07T17:40:51+00:00\",\"dateModified\":\"2012-07-11T14:31:43+00:00\",\"author\":{\"@id\":\"https:\/\/blogs.thesocialmedia.com\/leblogmoto\/#\/schema\/person\/90b2f8fd0d5a2cede2580e95fc79c6c0\"},\"breadcrumb\":{\"@id\":\"https:\/\/blogs.thesocialmedia.com\/leblogmoto\/2007\/02\/07\/stationnement-c\/#breadcrumb\"},\"inLanguage\":\"fr-FR\",\"potentialAction\":[{\"@type\":\"ReadAction\",\"target\":[\"https:\/\/blogs.thesocialmedia.com\/leblogmoto\/2007\/02\/07\/stationnement-c\/\"]}]},{\"@type\":\"ImageObject\",\"inLanguage\":\"fr-FR\",\"@id\":\"https:\/\/blogs.thesocialmedia.com\/leblogmoto\/2007\/02\/07\/stationnement-c\/#primaryimage\",\"url\":\"http:\/\/www.leblogmoto.com\/images\/ffmc_1_1_copie.jpg\",\"contentUrl\":\"http:\/\/www.leblogmoto.com\/images\/ffmc_1_1_copie.jpg\"},{\"@type\":\"BreadcrumbList\",\"@id\":\"https:\/\/blogs.thesocialmedia.com\/leblogmoto\/2007\/02\/07\/stationnement-c\/#breadcrumb\",\"itemListElement\":[{\"@type\":\"ListItem\",\"position\":1,\"name\":\"Accueil\",\"item\":\"https:\/\/blogs.thesocialmedia.com\/leblogmoto\/\"},{\"@type\":\"ListItem\",\"position\":2,\"name\":\"Stationnement : Communiqu\u00e9 de la FFMC\"}]},{\"@type\":\"WebSite\",\"@id\":\"https:\/\/blogs.thesocialmedia.com\/leblogmoto\/#website\",\"url\":\"https:\/\/blogs.thesocialmedia.com\/leblogmoto\/\",\"name\":\"leblogmoto\",\"description\":\"Toute l&#039;actualit\u00e9 des 2 roues\",\"potentialAction\":[{\"@type\":\"SearchAction\",\"target\":{\"@type\":\"EntryPoint\",\"urlTemplate\":\"https:\/\/blogs.thesocialmedia.com\/leblogmoto\/?s={search_term_string}\"},\"query-input\":{\"@type\":\"PropertyValueSpecification\",\"valueRequired\":true,\"valueName\":\"search_term_string\"}}],\"inLanguage\":\"fr-FR\"},{\"@type\":\"Person\",\"@id\":\"https:\/\/blogs.thesocialmedia.com\/leblogmoto\/#\/schema\/person\/90b2f8fd0d5a2cede2580e95fc79c6c0\",\"name\":\"christian tirat\",\"image\":{\"@type\":\"ImageObject\",\"inLanguage\":\"fr-FR\",\"@id\":\"https:\/\/blogs.thesocialmedia.com\/leblogmoto\/#\/schema\/person\/image\/\",\"url\":\"https:\/\/secure.gravatar.com\/avatar\/?s=96&d=mm&r=g\",\"contentUrl\":\"https:\/\/secure.gravatar.com\/avatar\/?s=96&d=mm&r=g\",\"caption\":\"christian tirat\"},\"url\":\"https:\/\/blogs.thesocialmedia.com\/leblogmoto\/author\/christian-tirat\/\"}]}<\/script>\n<!-- \/ Yoast SEO plugin. -->","yoast_head_json":{"title":"Stationnement : Communiqu\u00e9 de la FFMC - leblogmoto.com","robots":{"index":"index","follow":"follow","max-snippet":"max-snippet:-1","max-image-preview":"max-image-preview:large","max-video-preview":"max-video-preview:-1"},"canonical":"https:\/\/blogs.thesocialmedia.com\/leblogmoto\/2007\/02\/07\/stationnement-c\/","twitter_card":"summary_large_image","twitter_title":"Stationnement : Communiqu\u00e9 de la FFMC - leblogmoto.com","twitter_description":"La FFMC communique: &quot;Prise en compte des motos :La Belgique montre une nouvelle fois la voie Distingu\u00e9 il y a deux ans \u00e0 l\u2019occasion du \u00ab Mondial du deux-roues \u00bb pour son code de conduite visant \u00e0 encadrer, par des r\u00e8gles de bon sens, la pratique de la circulation entre les files par les motos [&hellip;]","twitter_image":"http:\/\/www.leblogmoto.com\/images\/ffmc_1_1_copie.jpg","twitter_misc":{"\u00c9crit par":"christian tirat","Dur\u00e9e de lecture estim\u00e9e":"2 minutes"},"schema":{"@context":"https:\/\/schema.org","@graph":[{"@type":"WebPage","@id":"https:\/\/blogs.thesocialmedia.com\/leblogmoto\/2007\/02\/07\/stationnement-c\/","url":"https:\/\/blogs.thesocialmedia.com\/leblogmoto\/2007\/02\/07\/stationnement-c\/","name":"Stationnement : Communiqu\u00e9 de la FFMC - leblogmoto.com","isPartOf":{"@id":"https:\/\/blogs.thesocialmedia.com\/leblogmoto\/#website"},"primaryImageOfPage":{"@id":"https:\/\/blogs.thesocialmedia.com\/leblogmoto\/2007\/02\/07\/stationnement-c\/#primaryimage"},"image":{"@id":"https:\/\/blogs.thesocialmedia.com\/leblogmoto\/2007\/02\/07\/stationnement-c\/#primaryimage"},"thumbnailUrl":"http:\/\/www.leblogmoto.com\/images\/ffmc_1_1_copie.jpg","datePublished":"2007-02-07T17:40:51+00:00","dateModified":"2012-07-11T14:31:43+00:00","author":{"@id":"https:\/\/blogs.thesocialmedia.com\/leblogmoto\/#\/schema\/person\/90b2f8fd0d5a2cede2580e95fc79c6c0"},"breadcrumb":{"@id":"https:\/\/blogs.thesocialmedia.com\/leblogmoto\/2007\/02\/07\/stationnement-c\/#breadcrumb"},"inLanguage":"fr-FR","potentialAction":[{"@type":"ReadAction","target":["https:\/\/blogs.thesocialmedia.com\/leblogmoto\/2007\/02\/07\/stationnement-c\/"]}]},{"@type":"ImageObject","inLanguage":"fr-FR","@id":"https:\/\/blogs.thesocialmedia.com\/leblogmoto\/2007\/02\/07\/stationnement-c\/#primaryimage","url":"http:\/\/www.leblogmoto.com\/images\/ffmc_1_1_copie.jpg","contentUrl":"http:\/\/www.leblogmoto.com\/images\/ffmc_1_1_copie.jpg"},{"@type":"BreadcrumbList","@id":"https:\/\/blogs.thesocialmedia.com\/leblogmoto\/2007\/02\/07\/stationnement-c\/#breadcrumb","itemListElement":[{"@type":"ListItem","position":1,"name":"Accueil","item":"https:\/\/blogs.thesocialmedia.com\/leblogmoto\/"},{"@type":"ListItem","position":2,"name":"Stationnement : Communiqu\u00e9 de la FFMC"}]},{"@type":"WebSite","@id":"https:\/\/blogs.thesocialmedia.com\/leblogmoto\/#website","url":"https:\/\/blogs.thesocialmedia.com\/leblogmoto\/","name":"leblogmoto","description":"Toute l&#039;actualit\u00e9 des 2 roues","potentialAction":[{"@type":"SearchAction","target":{"@type":"EntryPoint","urlTemplate":"https:\/\/blogs.thesocialmedia.com\/leblogmoto\/?s={search_term_string}"},"query-input":{"@type":"PropertyValueSpecification","valueRequired":true,"valueName":"search_term_string"}}],"inLanguage":"fr-FR"},{"@type":"Person","@id":"https:\/\/blogs.thesocialmedia.com\/leblogmoto\/#\/schema\/person\/90b2f8fd0d5a2cede2580e95fc79c6c0","name":"christian tirat","image":{"@type":"ImageObject","inLanguage":"fr-FR","@id":"https:\/\/blogs.thesocialmedia.com\/leblogmoto\/#\/schema\/person\/image\/","url":"https:\/\/secure.gravatar.com\/avatar\/?s=96&d=mm&r=g","contentUrl":"https:\/\/secure.gravatar.com\/avatar\/?s=96&d=mm&r=g","caption":"christian tirat"},"url":"https:\/\/blogs.thesocialmedia.com\/leblogmoto\/author\/christian-tirat\/"}]}},"_links":{"self":[{"href":"https:\/\/blogs.thesocialmedia.com\/leblogmoto\/wp-json\/wp\/v2\/posts\/1566","targetHints":{"allow":["GET"]}}],"collection":[{"href":"https:\/\/blogs.thesocialmedia.com\/leblogmoto\/wp-json\/wp\/v2\/posts"}],"about":[{"href":"https:\/\/blogs.thesocialmedia.com\/leblogmoto\/wp-json\/wp\/v2\/types\/post"}],"author":[{"embeddable":true,"href":"https:\/\/blogs.thesocialmedia.com\/leblogmoto\/wp-json\/wp\/v2\/users\/333"}],"replies":[{"embeddable":true,"href":"https:\/\/blogs.thesocialmedia.com\/leblogmoto\/wp-json\/wp\/v2\/comments?post=1566"}],"version-history":[{"count":2,"href":"https:\/\/blogs.thesocialmedia.com\/leblogmoto\/wp-json\/wp\/v2\/posts\/1566\/revisions"}],"predecessor-version":[{"id":8000,"href":"https:\/\/blogs.thesocialmedia.com\/leblogmoto\/wp-json\/wp\/v2\/posts\/1566\/revisions\/8000"}],"wp:attachment":[{"href":"https:\/\/blogs.thesocialmedia.com\/leblogmoto\/wp-json\/wp\/v2\/media?parent=1566"}],"wp:term":[{"taxonomy":"category","embeddable":true,"href":"https:\/\/blogs.thesocialmedia.com\/leblogmoto\/wp-json\/wp\/v2\/categories?post=1566"},{"taxonomy":"post_tag","embeddable":true,"href":"https:\/\/blogs.thesocialmedia.com\/leblogmoto\/wp-json\/wp\/v2\/tags?post=1566"}],"curies":[{"name":"wp","href":"https:\/\/api.w.org\/{rel}","templated":true}]}}