{"id":1567,"date":"2007-02-07T16:49:13","date_gmt":"2007-02-07T16:49:13","guid":{"rendered":"http:\/\/blogs.thesocialmedia.com\/leblogmoto\/2007\/02\/07\/dlinquance-3-vo\/"},"modified":"2012-07-11T14:31:42","modified_gmt":"2012-07-11T14:31:42","slug":"dlinquance-3-vo","status":"publish","type":"post","link":"https:\/\/blogs.thesocialmedia.com\/leblogmoto\/2007\/02\/07\/dlinquance-3-vo\/","title":{"rendered":"D\u00e9linquance: 3 voleurs \u00e0 moto br\u00fbl\u00e9s vifs"},"content":{"rendered":"<p><a href=\"http:\/\/blogs.thesocialmedia.com\/leblogmoto\/files\/2012\/07\/okadas_web.jpg\"><img loading=\"lazy\" decoding=\"async\" width=\"250\" height=\"196\"  src=\"http:\/\/www.leblogmoto.com\/images\/okadas_web.jpg\" alt=\"Okadas_web\" style=\"margin: 0px 5px 5px 0px;float: left\" \/><\/a> Les motards fran\u00e7ais ne seraient pas si malheureux avec leurs probl\u00e8mes de stationnement sur les trottoirs. Lundi nous apprenions qu&rsquo;<a href=\"http:\/\/www.leblogmoto.com\/2007\/02\/insolite_les_ma.html#more\">un motard Malais s&rsquo;\u00e9tait fait voler sa moto et sa proth\u00e8se de jambe<\/a> mais si l\u2019on en crois ce que rapporte le quotidien <a href=\"http:\/\/www.jeuneafrique.com\/\">Jeune Afrique<\/a>, le sort des motards nig\u00e9riens serait encore moins enviable. Selon ce journal, une foule d\u00e9cha\u00een\u00e9e a br\u00fbl\u00e9 vifs lundi \u00e0 Lagos, dans le Sud-Ouest du Nigeria, trois voleurs circulant \u00e0 moto qui avaient subtilis\u00e9 le sac \u00e0 main d&rsquo;une dame.<\/p>\n<p><a href=\"http:\/\/clabedan.typepad.com\/.shared\/image.html?\/photos\/uncategorized\/okada2_1.jpg\"><img loading=\"lazy\" decoding=\"async\" width=\"250\" height=\"343\"  src=\"http:\/\/www.leblogmoto.com\/images\/okada2_1.jpg\" alt=\"Okada2_1\" style=\"margin: 0px 5px 5px 0px;float: left\" \/><\/a> Les t\u00e9moins rapportent qu\u2019un automobiliste s&rsquo;est servi de sa voiture pour faire chuter la moto des voleurs avant de donner l&rsquo;alarme, et&nbsp; de provoquer un attroupement. La foule s\u2019est alors saisie des trois hommes qu&rsquo;elle a copieusement lynch\u00e9s avant de br\u00fbler d&rsquo;eux d&rsquo;entre eux ainsi que leur moto. Le troisi\u00e8me voleur \u00e0 l\u2019arrach\u00e9, qui tentait de fuir, a \u00e9t\u00e9 mortellement percut\u00e9 par un v\u00e9hicule qui roulait \u00e0 vive allure.<\/p>\n<p>L&rsquo;utilisation de motos, appel\u00e9es &quot;Okada&quot;, par les voleurs a notablement augment\u00e9 ces temps derniers dans une ville toujours paralys\u00e9e par les embouteillages.<\/p>\n<p> Mais il y \u00e0 pire, en janvier, 9 motards sont d\u00e9c\u00e9d\u00e9s en prison apr\u00e8s avoir enfreint la l\u00e9gislation r\u00e9gissant le commerce des 2RM.<\/p>\n<p> Enfin, le gouvernement de l&rsquo;Etat de Lagos a interdit, il y a quelques semaines, la circulation des motos en ville \u00e0 partir de 19 heures afin de lutter contre le banditisme motoris\u00e9. <br \/> Comme toujours et partout, les bons payent pour les mauvais.<\/p>\n<p> Photo : <a href=\"http:\/\/lagos-nigeria.over-blog.com\/categorie-584991.html\">Fabrice Debusset<\/a> <\/p>\n","protected":false},"excerpt":{"rendered":"<p>Les motards fran\u00e7ais ne seraient pas si malheureux avec leurs probl\u00e8mes de stationnement sur les trottoirs. Lundi nous apprenions qu&rsquo;un motard Malais s&rsquo;\u00e9tait fait voler sa moto et sa proth\u00e8se de jambe mais si l\u2019on en crois ce que rapporte le quotidien Jeune Afrique, le sort des motards nig\u00e9riens serait encore moins enviable. Selon ce [&hellip;]<\/p>\n","protected":false},"author":333,"featured_media":0,"comment_status":"open","ping_status":"open","sticky":false,"template":"","format":"standard","meta":{"footnotes":""},"categories":[3],"tags":[],"class_list":["post-1567","post","type-post","status-publish","format-standard","hentry","category-actualite"],"yoast_head":"<!-- This site is optimized with the Yoast SEO plugin v26.0 - https:\/\/yoast.com\/wordpress\/plugins\/seo\/ -->\n<title>D\u00e9linquance: 3 voleurs \u00e0 moto br\u00fbl\u00e9s vifs - leblogmoto.com<\/title>\n<meta name=\"robots\" content=\"index, follow, max-snippet:-1, max-image-preview:large, max-video-preview:-1\" \/>\n<link rel=\"canonical\" href=\"https:\/\/blogs.thesocialmedia.com\/leblogmoto\/2007\/02\/07\/dlinquance-3-vo\/\" \/>\n<meta name=\"twitter:card\" content=\"summary_large_image\" \/>\n<meta name=\"twitter:title\" content=\"D\u00e9linquance: 3 voleurs \u00e0 moto br\u00fbl\u00e9s vifs - leblogmoto.com\" \/>\n<meta name=\"twitter:description\" content=\"Les motards fran\u00e7ais ne seraient pas si malheureux avec leurs probl\u00e8mes de stationnement sur les trottoirs. Lundi nous apprenions qu&rsquo;un motard Malais s&rsquo;\u00e9tait fait voler sa moto et sa proth\u00e8se de jambe mais si l\u2019on en crois ce que rapporte le quotidien Jeune Afrique, le sort des motards nig\u00e9riens serait encore moins enviable. Selon ce [&hellip;]\" \/>\n<meta name=\"twitter:image\" content=\"http:\/\/www.leblogmoto.com\/images\/okadas_web.jpg\" \/>\n<meta name=\"twitter:label1\" content=\"\u00c9crit par\" \/>\n\t<meta name=\"twitter:data1\" content=\"christian tirat\" \/>\n\t<meta name=\"twitter:label2\" content=\"Dur\u00e9e de lecture estim\u00e9e\" \/>\n\t<meta name=\"twitter:data2\" content=\"1 minute\" \/>\n<script type=\"application\/ld+json\" class=\"yoast-schema-graph\">{\"@context\":\"https:\/\/schema.org\",\"@graph\":[{\"@type\":\"WebPage\",\"@id\":\"https:\/\/blogs.thesocialmedia.com\/leblogmoto\/2007\/02\/07\/dlinquance-3-vo\/\",\"url\":\"https:\/\/blogs.thesocialmedia.com\/leblogmoto\/2007\/02\/07\/dlinquance-3-vo\/\",\"name\":\"D\u00e9linquance: 3 voleurs \u00e0 moto br\u00fbl\u00e9s vifs - leblogmoto.com\",\"isPartOf\":{\"@id\":\"https:\/\/blogs.thesocialmedia.com\/leblogmoto\/#website\"},\"primaryImageOfPage\":{\"@id\":\"https:\/\/blogs.thesocialmedia.com\/leblogmoto\/2007\/02\/07\/dlinquance-3-vo\/#primaryimage\"},\"image\":{\"@id\":\"https:\/\/blogs.thesocialmedia.com\/leblogmoto\/2007\/02\/07\/dlinquance-3-vo\/#primaryimage\"},\"thumbnailUrl\":\"http:\/\/www.leblogmoto.com\/images\/okadas_web.jpg\",\"datePublished\":\"2007-02-07T16:49:13+00:00\",\"dateModified\":\"2012-07-11T14:31:42+00:00\",\"author\":{\"@id\":\"https:\/\/blogs.thesocialmedia.com\/leblogmoto\/#\/schema\/person\/90b2f8fd0d5a2cede2580e95fc79c6c0\"},\"breadcrumb\":{\"@id\":\"https:\/\/blogs.thesocialmedia.com\/leblogmoto\/2007\/02\/07\/dlinquance-3-vo\/#breadcrumb\"},\"inLanguage\":\"fr-FR\",\"potentialAction\":[{\"@type\":\"ReadAction\",\"target\":[\"https:\/\/blogs.thesocialmedia.com\/leblogmoto\/2007\/02\/07\/dlinquance-3-vo\/\"]}]},{\"@type\":\"ImageObject\",\"inLanguage\":\"fr-FR\",\"@id\":\"https:\/\/blogs.thesocialmedia.com\/leblogmoto\/2007\/02\/07\/dlinquance-3-vo\/#primaryimage\",\"url\":\"http:\/\/www.leblogmoto.com\/images\/okadas_web.jpg\",\"contentUrl\":\"http:\/\/www.leblogmoto.com\/images\/okadas_web.jpg\"},{\"@type\":\"BreadcrumbList\",\"@id\":\"https:\/\/blogs.thesocialmedia.com\/leblogmoto\/2007\/02\/07\/dlinquance-3-vo\/#breadcrumb\",\"itemListElement\":[{\"@type\":\"ListItem\",\"position\":1,\"name\":\"Accueil\",\"item\":\"https:\/\/blogs.thesocialmedia.com\/leblogmoto\/\"},{\"@type\":\"ListItem\",\"position\":2,\"name\":\"D\u00e9linquance: 3 voleurs \u00e0 moto br\u00fbl\u00e9s vifs\"}]},{\"@type\":\"WebSite\",\"@id\":\"https:\/\/blogs.thesocialmedia.com\/leblogmoto\/#website\",\"url\":\"https:\/\/blogs.thesocialmedia.com\/leblogmoto\/\",\"name\":\"leblogmoto\",\"description\":\"Toute l&#039;actualit\u00e9 des 2 roues\",\"potentialAction\":[{\"@type\":\"SearchAction\",\"target\":{\"@type\":\"EntryPoint\",\"urlTemplate\":\"https:\/\/blogs.thesocialmedia.com\/leblogmoto\/?s={search_term_string}\"},\"query-input\":{\"@type\":\"PropertyValueSpecification\",\"valueRequired\":true,\"valueName\":\"search_term_string\"}}],\"inLanguage\":\"fr-FR\"},{\"@type\":\"Person\",\"@id\":\"https:\/\/blogs.thesocialmedia.com\/leblogmoto\/#\/schema\/person\/90b2f8fd0d5a2cede2580e95fc79c6c0\",\"name\":\"christian tirat\",\"image\":{\"@type\":\"ImageObject\",\"inLanguage\":\"fr-FR\",\"@id\":\"https:\/\/blogs.thesocialmedia.com\/leblogmoto\/#\/schema\/person\/image\/\",\"url\":\"https:\/\/secure.gravatar.com\/avatar\/?s=96&d=mm&r=g\",\"contentUrl\":\"https:\/\/secure.gravatar.com\/avatar\/?s=96&d=mm&r=g\",\"caption\":\"christian tirat\"},\"url\":\"https:\/\/blogs.thesocialmedia.com\/leblogmoto\/author\/christian-tirat\/\"}]}<\/script>\n<!-- \/ Yoast SEO plugin. -->","yoast_head_json":{"title":"D\u00e9linquance: 3 voleurs \u00e0 moto br\u00fbl\u00e9s vifs - leblogmoto.com","robots":{"index":"index","follow":"follow","max-snippet":"max-snippet:-1","max-image-preview":"max-image-preview:large","max-video-preview":"max-video-preview:-1"},"canonical":"https:\/\/blogs.thesocialmedia.com\/leblogmoto\/2007\/02\/07\/dlinquance-3-vo\/","twitter_card":"summary_large_image","twitter_title":"D\u00e9linquance: 3 voleurs \u00e0 moto br\u00fbl\u00e9s vifs - leblogmoto.com","twitter_description":"Les motards fran\u00e7ais ne seraient pas si malheureux avec leurs probl\u00e8mes de stationnement sur les trottoirs. Lundi nous apprenions qu&rsquo;un motard Malais s&rsquo;\u00e9tait fait voler sa moto et sa proth\u00e8se de jambe mais si l\u2019on en crois ce que rapporte le quotidien Jeune Afrique, le sort des motards nig\u00e9riens serait encore moins enviable. Selon ce [&hellip;]","twitter_image":"http:\/\/www.leblogmoto.com\/images\/okadas_web.jpg","twitter_misc":{"\u00c9crit par":"christian tirat","Dur\u00e9e de lecture estim\u00e9e":"1 minute"},"schema":{"@context":"https:\/\/schema.org","@graph":[{"@type":"WebPage","@id":"https:\/\/blogs.thesocialmedia.com\/leblogmoto\/2007\/02\/07\/dlinquance-3-vo\/","url":"https:\/\/blogs.thesocialmedia.com\/leblogmoto\/2007\/02\/07\/dlinquance-3-vo\/","name":"D\u00e9linquance: 3 voleurs \u00e0 moto br\u00fbl\u00e9s vifs - leblogmoto.com","isPartOf":{"@id":"https:\/\/blogs.thesocialmedia.com\/leblogmoto\/#website"},"primaryImageOfPage":{"@id":"https:\/\/blogs.thesocialmedia.com\/leblogmoto\/2007\/02\/07\/dlinquance-3-vo\/#primaryimage"},"image":{"@id":"https:\/\/blogs.thesocialmedia.com\/leblogmoto\/2007\/02\/07\/dlinquance-3-vo\/#primaryimage"},"thumbnailUrl":"http:\/\/www.leblogmoto.com\/images\/okadas_web.jpg","datePublished":"2007-02-07T16:49:13+00:00","dateModified":"2012-07-11T14:31:42+00:00","author":{"@id":"https:\/\/blogs.thesocialmedia.com\/leblogmoto\/#\/schema\/person\/90b2f8fd0d5a2cede2580e95fc79c6c0"},"breadcrumb":{"@id":"https:\/\/blogs.thesocialmedia.com\/leblogmoto\/2007\/02\/07\/dlinquance-3-vo\/#breadcrumb"},"inLanguage":"fr-FR","potentialAction":[{"@type":"ReadAction","target":["https:\/\/blogs.thesocialmedia.com\/leblogmoto\/2007\/02\/07\/dlinquance-3-vo\/"]}]},{"@type":"ImageObject","inLanguage":"fr-FR","@id":"https:\/\/blogs.thesocialmedia.com\/leblogmoto\/2007\/02\/07\/dlinquance-3-vo\/#primaryimage","url":"http:\/\/www.leblogmoto.com\/images\/okadas_web.jpg","contentUrl":"http:\/\/www.leblogmoto.com\/images\/okadas_web.jpg"},{"@type":"BreadcrumbList","@id":"https:\/\/blogs.thesocialmedia.com\/leblogmoto\/2007\/02\/07\/dlinquance-3-vo\/#breadcrumb","itemListElement":[{"@type":"ListItem","position":1,"name":"Accueil","item":"https:\/\/blogs.thesocialmedia.com\/leblogmoto\/"},{"@type":"ListItem","position":2,"name":"D\u00e9linquance: 3 voleurs \u00e0 moto br\u00fbl\u00e9s vifs"}]},{"@type":"WebSite","@id":"https:\/\/blogs.thesocialmedia.com\/leblogmoto\/#website","url":"https:\/\/blogs.thesocialmedia.com\/leblogmoto\/","name":"leblogmoto","description":"Toute l&#039;actualit\u00e9 des 2 roues","potentialAction":[{"@type":"SearchAction","target":{"@type":"EntryPoint","urlTemplate":"https:\/\/blogs.thesocialmedia.com\/leblogmoto\/?s={search_term_string}"},"query-input":{"@type":"PropertyValueSpecification","valueRequired":true,"valueName":"search_term_string"}}],"inLanguage":"fr-FR"},{"@type":"Person","@id":"https:\/\/blogs.thesocialmedia.com\/leblogmoto\/#\/schema\/person\/90b2f8fd0d5a2cede2580e95fc79c6c0","name":"christian tirat","image":{"@type":"ImageObject","inLanguage":"fr-FR","@id":"https:\/\/blogs.thesocialmedia.com\/leblogmoto\/#\/schema\/person\/image\/","url":"https:\/\/secure.gravatar.com\/avatar\/?s=96&d=mm&r=g","contentUrl":"https:\/\/secure.gravatar.com\/avatar\/?s=96&d=mm&r=g","caption":"christian tirat"},"url":"https:\/\/blogs.thesocialmedia.com\/leblogmoto\/author\/christian-tirat\/"}]}},"_links":{"self":[{"href":"https:\/\/blogs.thesocialmedia.com\/leblogmoto\/wp-json\/wp\/v2\/posts\/1567","targetHints":{"allow":["GET"]}}],"collection":[{"href":"https:\/\/blogs.thesocialmedia.com\/leblogmoto\/wp-json\/wp\/v2\/posts"}],"about":[{"href":"https:\/\/blogs.thesocialmedia.com\/leblogmoto\/wp-json\/wp\/v2\/types\/post"}],"author":[{"embeddable":true,"href":"https:\/\/blogs.thesocialmedia.com\/leblogmoto\/wp-json\/wp\/v2\/users\/333"}],"replies":[{"embeddable":true,"href":"https:\/\/blogs.thesocialmedia.com\/leblogmoto\/wp-json\/wp\/v2\/comments?post=1567"}],"version-history":[{"count":2,"href":"https:\/\/blogs.thesocialmedia.com\/leblogmoto\/wp-json\/wp\/v2\/posts\/1567\/revisions"}],"predecessor-version":[{"id":7998,"href":"https:\/\/blogs.thesocialmedia.com\/leblogmoto\/wp-json\/wp\/v2\/posts\/1567\/revisions\/7998"}],"wp:attachment":[{"href":"https:\/\/blogs.thesocialmedia.com\/leblogmoto\/wp-json\/wp\/v2\/media?parent=1567"}],"wp:term":[{"taxonomy":"category","embeddable":true,"href":"https:\/\/blogs.thesocialmedia.com\/leblogmoto\/wp-json\/wp\/v2\/categories?post=1567"},{"taxonomy":"post_tag","embeddable":true,"href":"https:\/\/blogs.thesocialmedia.com\/leblogmoto\/wp-json\/wp\/v2\/tags?post=1567"}],"curies":[{"name":"wp","href":"https:\/\/api.w.org\/{rel}","templated":true}]}}