{"id":1569,"date":"2007-02-07T11:57:53","date_gmt":"2007-02-07T11:57:53","guid":{"rendered":"http:\/\/blogs.thesocialmedia.com\/leblogmoto\/2007\/02\/07\/valence-3me-sal\/"},"modified":"2012-07-11T14:31:38","modified_gmt":"2012-07-11T14:31:38","slug":"valence-3me-sal","status":"publish","type":"post","link":"https:\/\/blogs.thesocialmedia.com\/leblogmoto\/2007\/02\/07\/valence-3me-sal\/","title":{"rendered":"Valence : 3\u00e8me salon de la moto"},"content":{"rendered":"<p><a href=\"http:\/\/blogs.thesocialmedia.com\/leblogmoto\/files\/2012\/07\/salonvalence.jpg\"><img loading=\"lazy\" decoding=\"async\" width=\"250\" height=\"167\"  alt=\"Salonvalence\" src=\"http:\/\/www.leblogmoto.com\/images\/salonvalence.jpg\" style=\"margin: 0px 5px 5px 0px;float: left\" \/><\/a> Le week-end du 10 mars se d\u00e9roulera le 3\u00e8me Salon de la Moto au parc des expositions de Valence, dans la Dr\u00f4me.&nbsp; Ce rendez vous de la moto, du quad et du scooter s\u2019\u00e9tendra sur 15000 m2 couverts. Parmi les animations int\u00e9rieures on notera la pr\u00e9sence des concessionnaires motos &amp; quads de la r\u00e9gion, les stands d&rsquo;accessoiristes et d&rsquo;\u00e9quipementiers, une exposition de motos anciennes, un march\u00e9 de la moto d\u2019occasion ainsi qu&rsquo;un concours de Tuning.<\/p>\n<p>A l\u2019ext\u00e9rieur 8000 m2 seront r\u00e9serv\u00e9s aux animations de plein-air, avec la fumeuse exhibition de l\u2019acrobate <a href=\"http:\/\/www.jackiechabanais.com\/\">Jackie Chabanais<\/a> ainsi que des d\u00e9monstrations de Stunt de Trial et de Moto ball. Motos anciennes, Courses de Pocket bike et Mini motos pour les enfants compl\u00e8teront le programme.<\/p>\n<p>Organis\u00e9e par la <a href=\"http:\/\/www.ffmc.asso.fr\/\">FFMC26<\/a>, cette manifestation se trouve sur la route du <a href=\"http:\/\/www.leblogmoto.com\/2007\/02\/enduro_premire_.html#more\">Salon de Lyon<\/a>, exactement 100 km au sud. Voil\u00e0 une belle occasion pour les sudistes de faire une petite pause \u00e0 l\u2019aller comme au retour, d\u2019autant plus que le prix d\u2019entr\u00e9e fix\u00e9 \u00e0 3 \u20ac est presque symbolique.<\/p>\n<p> Ouverture du Salon de 10H \u00e0 19H<\/p>\n","protected":false},"excerpt":{"rendered":"<p>Le week-end du 10 mars se d\u00e9roulera le 3\u00e8me Salon de la Moto au parc des expositions de Valence, dans la Dr\u00f4me.&nbsp; Ce rendez vous de la moto, du quad et du scooter s\u2019\u00e9tendra sur 15000 m2 couverts. Parmi les animations int\u00e9rieures on notera la pr\u00e9sence des concessionnaires motos &amp; quads de la r\u00e9gion, les [&hellip;]<\/p>\n","protected":false},"author":333,"featured_media":0,"comment_status":"open","ping_status":"open","sticky":false,"template":"","format":"standard","meta":{"footnotes":""},"categories":[36],"tags":[],"class_list":["post-1569","post","type-post","status-publish","format-standard","hentry","category-salons"],"yoast_head":"<!-- This site is optimized with the Yoast SEO plugin v26.0 - https:\/\/yoast.com\/wordpress\/plugins\/seo\/ -->\n<title>Valence : 3\u00e8me salon de la moto - leblogmoto.com<\/title>\n<meta name=\"robots\" content=\"index, follow, max-snippet:-1, max-image-preview:large, max-video-preview:-1\" \/>\n<link rel=\"canonical\" href=\"https:\/\/blogs.thesocialmedia.com\/leblogmoto\/2007\/02\/07\/valence-3me-sal\/\" \/>\n<meta name=\"twitter:card\" content=\"summary_large_image\" \/>\n<meta name=\"twitter:title\" content=\"Valence : 3\u00e8me salon de la moto - leblogmoto.com\" \/>\n<meta name=\"twitter:description\" content=\"Le week-end du 10 mars se d\u00e9roulera le 3\u00e8me Salon de la Moto au parc des expositions de Valence, dans la Dr\u00f4me.&nbsp; Ce rendez vous de la moto, du quad et du scooter s\u2019\u00e9tendra sur 15000 m2 couverts. Parmi les animations int\u00e9rieures on notera la pr\u00e9sence des concessionnaires motos &amp; quads de la r\u00e9gion, les [&hellip;]\" \/>\n<meta name=\"twitter:image\" content=\"http:\/\/www.leblogmoto.com\/images\/salonvalence.jpg\" \/>\n<meta name=\"twitter:label1\" content=\"\u00c9crit par\" \/>\n\t<meta name=\"twitter:data1\" content=\"christian tirat\" \/>\n\t<meta name=\"twitter:label2\" content=\"Dur\u00e9e de lecture estim\u00e9e\" \/>\n\t<meta name=\"twitter:data2\" content=\"1 minute\" \/>\n<script type=\"application\/ld+json\" class=\"yoast-schema-graph\">{\"@context\":\"https:\/\/schema.org\",\"@graph\":[{\"@type\":\"WebPage\",\"@id\":\"https:\/\/blogs.thesocialmedia.com\/leblogmoto\/2007\/02\/07\/valence-3me-sal\/\",\"url\":\"https:\/\/blogs.thesocialmedia.com\/leblogmoto\/2007\/02\/07\/valence-3me-sal\/\",\"name\":\"Valence : 3\u00e8me salon de la moto - leblogmoto.com\",\"isPartOf\":{\"@id\":\"https:\/\/blogs.thesocialmedia.com\/leblogmoto\/#website\"},\"primaryImageOfPage\":{\"@id\":\"https:\/\/blogs.thesocialmedia.com\/leblogmoto\/2007\/02\/07\/valence-3me-sal\/#primaryimage\"},\"image\":{\"@id\":\"https:\/\/blogs.thesocialmedia.com\/leblogmoto\/2007\/02\/07\/valence-3me-sal\/#primaryimage\"},\"thumbnailUrl\":\"http:\/\/www.leblogmoto.com\/images\/salonvalence.jpg\",\"datePublished\":\"2007-02-07T11:57:53+00:00\",\"dateModified\":\"2012-07-11T14:31:38+00:00\",\"author\":{\"@id\":\"https:\/\/blogs.thesocialmedia.com\/leblogmoto\/#\/schema\/person\/90b2f8fd0d5a2cede2580e95fc79c6c0\"},\"breadcrumb\":{\"@id\":\"https:\/\/blogs.thesocialmedia.com\/leblogmoto\/2007\/02\/07\/valence-3me-sal\/#breadcrumb\"},\"inLanguage\":\"fr-FR\",\"potentialAction\":[{\"@type\":\"ReadAction\",\"target\":[\"https:\/\/blogs.thesocialmedia.com\/leblogmoto\/2007\/02\/07\/valence-3me-sal\/\"]}]},{\"@type\":\"ImageObject\",\"inLanguage\":\"fr-FR\",\"@id\":\"https:\/\/blogs.thesocialmedia.com\/leblogmoto\/2007\/02\/07\/valence-3me-sal\/#primaryimage\",\"url\":\"http:\/\/www.leblogmoto.com\/images\/salonvalence.jpg\",\"contentUrl\":\"http:\/\/www.leblogmoto.com\/images\/salonvalence.jpg\"},{\"@type\":\"BreadcrumbList\",\"@id\":\"https:\/\/blogs.thesocialmedia.com\/leblogmoto\/2007\/02\/07\/valence-3me-sal\/#breadcrumb\",\"itemListElement\":[{\"@type\":\"ListItem\",\"position\":1,\"name\":\"Accueil\",\"item\":\"https:\/\/blogs.thesocialmedia.com\/leblogmoto\/\"},{\"@type\":\"ListItem\",\"position\":2,\"name\":\"Valence : 3\u00e8me salon de la moto\"}]},{\"@type\":\"WebSite\",\"@id\":\"https:\/\/blogs.thesocialmedia.com\/leblogmoto\/#website\",\"url\":\"https:\/\/blogs.thesocialmedia.com\/leblogmoto\/\",\"name\":\"leblogmoto\",\"description\":\"Toute l&#039;actualit\u00e9 des 2 roues\",\"potentialAction\":[{\"@type\":\"SearchAction\",\"target\":{\"@type\":\"EntryPoint\",\"urlTemplate\":\"https:\/\/blogs.thesocialmedia.com\/leblogmoto\/?s={search_term_string}\"},\"query-input\":{\"@type\":\"PropertyValueSpecification\",\"valueRequired\":true,\"valueName\":\"search_term_string\"}}],\"inLanguage\":\"fr-FR\"},{\"@type\":\"Person\",\"@id\":\"https:\/\/blogs.thesocialmedia.com\/leblogmoto\/#\/schema\/person\/90b2f8fd0d5a2cede2580e95fc79c6c0\",\"name\":\"christian tirat\",\"image\":{\"@type\":\"ImageObject\",\"inLanguage\":\"fr-FR\",\"@id\":\"https:\/\/blogs.thesocialmedia.com\/leblogmoto\/#\/schema\/person\/image\/\",\"url\":\"https:\/\/secure.gravatar.com\/avatar\/?s=96&d=mm&r=g\",\"contentUrl\":\"https:\/\/secure.gravatar.com\/avatar\/?s=96&d=mm&r=g\",\"caption\":\"christian tirat\"},\"url\":\"https:\/\/blogs.thesocialmedia.com\/leblogmoto\/author\/christian-tirat\/\"}]}<\/script>\n<!-- \/ Yoast SEO plugin. -->","yoast_head_json":{"title":"Valence : 3\u00e8me salon de la moto - leblogmoto.com","robots":{"index":"index","follow":"follow","max-snippet":"max-snippet:-1","max-image-preview":"max-image-preview:large","max-video-preview":"max-video-preview:-1"},"canonical":"https:\/\/blogs.thesocialmedia.com\/leblogmoto\/2007\/02\/07\/valence-3me-sal\/","twitter_card":"summary_large_image","twitter_title":"Valence : 3\u00e8me salon de la moto - leblogmoto.com","twitter_description":"Le week-end du 10 mars se d\u00e9roulera le 3\u00e8me Salon de la Moto au parc des expositions de Valence, dans la Dr\u00f4me.&nbsp; Ce rendez vous de la moto, du quad et du scooter s\u2019\u00e9tendra sur 15000 m2 couverts. Parmi les animations int\u00e9rieures on notera la pr\u00e9sence des concessionnaires motos &amp; quads de la r\u00e9gion, les [&hellip;]","twitter_image":"http:\/\/www.leblogmoto.com\/images\/salonvalence.jpg","twitter_misc":{"\u00c9crit par":"christian tirat","Dur\u00e9e de lecture estim\u00e9e":"1 minute"},"schema":{"@context":"https:\/\/schema.org","@graph":[{"@type":"WebPage","@id":"https:\/\/blogs.thesocialmedia.com\/leblogmoto\/2007\/02\/07\/valence-3me-sal\/","url":"https:\/\/blogs.thesocialmedia.com\/leblogmoto\/2007\/02\/07\/valence-3me-sal\/","name":"Valence : 3\u00e8me salon de la moto - leblogmoto.com","isPartOf":{"@id":"https:\/\/blogs.thesocialmedia.com\/leblogmoto\/#website"},"primaryImageOfPage":{"@id":"https:\/\/blogs.thesocialmedia.com\/leblogmoto\/2007\/02\/07\/valence-3me-sal\/#primaryimage"},"image":{"@id":"https:\/\/blogs.thesocialmedia.com\/leblogmoto\/2007\/02\/07\/valence-3me-sal\/#primaryimage"},"thumbnailUrl":"http:\/\/www.leblogmoto.com\/images\/salonvalence.jpg","datePublished":"2007-02-07T11:57:53+00:00","dateModified":"2012-07-11T14:31:38+00:00","author":{"@id":"https:\/\/blogs.thesocialmedia.com\/leblogmoto\/#\/schema\/person\/90b2f8fd0d5a2cede2580e95fc79c6c0"},"breadcrumb":{"@id":"https:\/\/blogs.thesocialmedia.com\/leblogmoto\/2007\/02\/07\/valence-3me-sal\/#breadcrumb"},"inLanguage":"fr-FR","potentialAction":[{"@type":"ReadAction","target":["https:\/\/blogs.thesocialmedia.com\/leblogmoto\/2007\/02\/07\/valence-3me-sal\/"]}]},{"@type":"ImageObject","inLanguage":"fr-FR","@id":"https:\/\/blogs.thesocialmedia.com\/leblogmoto\/2007\/02\/07\/valence-3me-sal\/#primaryimage","url":"http:\/\/www.leblogmoto.com\/images\/salonvalence.jpg","contentUrl":"http:\/\/www.leblogmoto.com\/images\/salonvalence.jpg"},{"@type":"BreadcrumbList","@id":"https:\/\/blogs.thesocialmedia.com\/leblogmoto\/2007\/02\/07\/valence-3me-sal\/#breadcrumb","itemListElement":[{"@type":"ListItem","position":1,"name":"Accueil","item":"https:\/\/blogs.thesocialmedia.com\/leblogmoto\/"},{"@type":"ListItem","position":2,"name":"Valence : 3\u00e8me salon de la moto"}]},{"@type":"WebSite","@id":"https:\/\/blogs.thesocialmedia.com\/leblogmoto\/#website","url":"https:\/\/blogs.thesocialmedia.com\/leblogmoto\/","name":"leblogmoto","description":"Toute l&#039;actualit\u00e9 des 2 roues","potentialAction":[{"@type":"SearchAction","target":{"@type":"EntryPoint","urlTemplate":"https:\/\/blogs.thesocialmedia.com\/leblogmoto\/?s={search_term_string}"},"query-input":{"@type":"PropertyValueSpecification","valueRequired":true,"valueName":"search_term_string"}}],"inLanguage":"fr-FR"},{"@type":"Person","@id":"https:\/\/blogs.thesocialmedia.com\/leblogmoto\/#\/schema\/person\/90b2f8fd0d5a2cede2580e95fc79c6c0","name":"christian tirat","image":{"@type":"ImageObject","inLanguage":"fr-FR","@id":"https:\/\/blogs.thesocialmedia.com\/leblogmoto\/#\/schema\/person\/image\/","url":"https:\/\/secure.gravatar.com\/avatar\/?s=96&d=mm&r=g","contentUrl":"https:\/\/secure.gravatar.com\/avatar\/?s=96&d=mm&r=g","caption":"christian tirat"},"url":"https:\/\/blogs.thesocialmedia.com\/leblogmoto\/author\/christian-tirat\/"}]}},"_links":{"self":[{"href":"https:\/\/blogs.thesocialmedia.com\/leblogmoto\/wp-json\/wp\/v2\/posts\/1569","targetHints":{"allow":["GET"]}}],"collection":[{"href":"https:\/\/blogs.thesocialmedia.com\/leblogmoto\/wp-json\/wp\/v2\/posts"}],"about":[{"href":"https:\/\/blogs.thesocialmedia.com\/leblogmoto\/wp-json\/wp\/v2\/types\/post"}],"author":[{"embeddable":true,"href":"https:\/\/blogs.thesocialmedia.com\/leblogmoto\/wp-json\/wp\/v2\/users\/333"}],"replies":[{"embeddable":true,"href":"https:\/\/blogs.thesocialmedia.com\/leblogmoto\/wp-json\/wp\/v2\/comments?post=1569"}],"version-history":[{"count":2,"href":"https:\/\/blogs.thesocialmedia.com\/leblogmoto\/wp-json\/wp\/v2\/posts\/1569\/revisions"}],"predecessor-version":[{"id":7994,"href":"https:\/\/blogs.thesocialmedia.com\/leblogmoto\/wp-json\/wp\/v2\/posts\/1569\/revisions\/7994"}],"wp:attachment":[{"href":"https:\/\/blogs.thesocialmedia.com\/leblogmoto\/wp-json\/wp\/v2\/media?parent=1569"}],"wp:term":[{"taxonomy":"category","embeddable":true,"href":"https:\/\/blogs.thesocialmedia.com\/leblogmoto\/wp-json\/wp\/v2\/categories?post=1569"},{"taxonomy":"post_tag","embeddable":true,"href":"https:\/\/blogs.thesocialmedia.com\/leblogmoto\/wp-json\/wp\/v2\/tags?post=1569"}],"curies":[{"name":"wp","href":"https:\/\/api.w.org\/{rel}","templated":true}]}}