{"id":1571,"date":"2007-02-06T01:55:04","date_gmt":"2007-02-06T01:55:04","guid":{"rendered":"http:\/\/blogs.thesocialmedia.com\/leblogmoto\/2007\/02\/06\/enduro-un-touqu\/"},"modified":"2012-07-11T14:31:34","modified_gmt":"2012-07-11T14:31:34","slug":"enduro-un-touqu","status":"publish","type":"post","link":"https:\/\/blogs.thesocialmedia.com\/leblogmoto\/2007\/02\/06\/enduro-un-touqu\/","title":{"rendered":"Enduro : Un Touquet pas si p\u00e2le ?"},"content":{"rendered":"<p><a href=\"http:\/\/blogs.thesocialmedia.com\/leblogmoto\/files\/2012\/07\/46774dsc02562.jpg\"><img loading=\"lazy\" decoding=\"async\" width=\"250\" height=\"188\"  src=\"http:\/\/www.leblogmoto.com\/images\/46774dsc02562.jpg\" alt=\"46774dsc02562\" style=\"margin: 0px 5px 5px 0px;float: left\" \/><\/a> Le Touquet reprend des couleurs. Feu l\u2019Enduro des Sables, ou Enduro du Touquet, rebaptis\u00e9 <a href=\"http:\/\/www.enduropale.com\/\">Enduropale<\/a> attend ce week-end plus de 300 000 spectateurs, j\u2019ai bien \u00e9crit: trois cent mille spectateurs ! C\u2019est le plus important succ\u00e8s populaire de la <a href=\"http:\/\/www.nordmag.fr\/nord_pas_de_calais\/cote_opale\/cote_opale.htm\">C\u00f4te d\u2019Opale <\/a>et la plus \u00e9vidente manifestation sportive de l\u2019ann\u00e9e. Ce n\u2019est pas rien !<br \/>Pourtant le Touquet avait bien failli \u00eatre d\u00e9finitivement ray\u00e9 de la carte sportive. La force de la passion temp\u00e9r\u00e9e par la raison l\u2019auront finalement sauv\u00e9.<\/p>\n<p><a href=\"http:\/\/clabedan.typepad.com\/.shared\/image.html?\/photos\/uncategorized\/46698demeeste.jpg\"><img loading=\"lazy\" decoding=\"async\" width=\"250\" height=\"175\"  src=\"http:\/\/www.leblogmoto.com\/images\/46698demeeste.jpg\" alt=\"46698demeeste\" style=\"margin: 0px 5px 5px 0px;float: left\" \/><\/a> L\u2019\u00e9preuve, de guerre lasse abandonn\u00e9e en 2005 par ASO (Amaury Sport Organisation) satur\u00e9e par le harc\u00e8lement \u00ab d\u2019\u00e9cologistes \u00bb trois semaines avant la date fatidique, a aujourd\u2019hui grandi. Avec un nouveau trac\u00e9, qui \u00e9vite le cordon dunaire pour se limiter \u00e0 la plage, l\u2019Enduropale est plus respectueux de la nature, du coup il pourrait p\u00e9renniser son avenir. Un contr\u00f4le phonom\u00e8trique sera impos\u00e9 aux machines et d\u00e9passer le seuil normatif de 96 d\u00e9cibels sera r\u00e9dhibitoire. La vitesse de pointe, et l\u00e0 on touche \u00e0 la s\u00e9curit\u00e9, sera limit\u00e9e par des sauts et des virages encore plus nombreux cette ann\u00e9e, au b\u00e9n\u00e9fice du spectacle et du niveau technique. Les nostalgiques du fameux goulet et de son traditionnel embouteillage, pourront se poster sur la digue de Stella-Plage, o\u00f9 un r\u00e9tr\u00e9cissement artificiel, apr\u00e8s plusieurs kilom\u00e8tres de ligne droite devrait recr\u00e9er le fumeux m\u00e9li-m\u00e9lo historique.<\/p>\n<p><a href=\"http:\/\/blogs.thesocialmedia.com\/leblogmoto\/files\/2012\/07\/05tq_ad_022.jpg\"><img loading=\"lazy\" decoding=\"async\" width=\"250\" height=\"333\"  src=\"http:\/\/www.leblogmoto.com\/images\/05tq_ad_022.jpg\" alt=\"05tq_ad_022\" style=\"margin: 0px 5px 5px 0px;float: left\" \/><\/a> C\u00f4t\u00e9 pilotes, on retrouvera le l\u00e9gendaire <a href=\"http:\/\/www.netmarine.net\/bat\/fregates\/jeanbart\/celebre.htm\">Jean-Bart<\/a>, pardon, le Dunkerquois <a href=\"http:\/\/www.arnauddemeester.com\/\">Arnaud Demeester<\/a> h\u00e9ritier du h\u00e9ros pr\u00e9cit\u00e9 qui pourrait s\u2019approprier un sixi\u00e8me abordage victorieux si son talentueux \u00e9l\u00e8ve corsaire <a href=\"http:\/\/www.timoteipotisek.fr\/\">Timote\u00ef Potisek<\/a> ne venait pas lui \u00ab sucer la roue \u00bb D\u2019autres concurrents r\u00eavent aussi \u00e0 la coupe mythique : Mouss\u00e9, Deudon, Paget, <a href=\"http:\/\/www.thierrybethys.com\/resultats.php\">B\u00e9thys<\/a>, en un mot, des calibres qui auront \u00e0 naviguer entre les centaines de \u00ab poireaux \u00bb qui font le succ\u00e8s de l\u2019\u00e9preuve.<\/p>\n<p> Un b\u00e9mol cependant: <a href=\"http:\/\/www.cyrildespres.com\/home.html\">Cyril Despres<\/a> vainqueur du Dakar serait attendu sur l\u2019\u00e9preuve alors qu\u2019il est aussi annonc\u00e9 sur l\u2019<a href=\"http:\/\/www.leblogmoto.com\/2007\/02\/enduro_premire_.html#more\">Enduro Indoor de Lyon<\/a> aux m\u00eames dates, soit les 10 et 11 f\u00e9vrier. Va t-il user de l\u2019h\u00e9lico comme Peter \u00e0 l\u2019\u00e9poque,&nbsp; ? <br \/> Qui a dit superman ? <\/p>\n","protected":false},"excerpt":{"rendered":"<p>Le Touquet reprend des couleurs. Feu l\u2019Enduro des Sables, ou Enduro du Touquet, rebaptis\u00e9 Enduropale attend ce week-end plus de 300 000 spectateurs, j\u2019ai bien \u00e9crit: trois cent mille spectateurs ! C\u2019est le plus important succ\u00e8s populaire de la C\u00f4te d\u2019Opale et la plus \u00e9vidente manifestation sportive de l\u2019ann\u00e9e. Ce n\u2019est pas rien !Pourtant le [&hellip;]<\/p>\n","protected":false},"author":333,"featured_media":0,"comment_status":"open","ping_status":"open","sticky":false,"template":"","format":"standard","meta":{"footnotes":""},"categories":[32],"tags":[],"class_list":["post-1571","post","type-post","status-publish","format-standard","hentry","category-sport-moto"],"yoast_head":"<!-- This site is optimized with the Yoast SEO plugin v26.0 - https:\/\/yoast.com\/wordpress\/plugins\/seo\/ -->\n<title>Enduro : Un Touquet pas si p\u00e2le ? - leblogmoto.com<\/title>\n<meta name=\"robots\" content=\"index, follow, max-snippet:-1, max-image-preview:large, max-video-preview:-1\" \/>\n<link rel=\"canonical\" href=\"https:\/\/blogs.thesocialmedia.com\/leblogmoto\/2007\/02\/06\/enduro-un-touqu\/\" \/>\n<meta name=\"twitter:card\" content=\"summary_large_image\" \/>\n<meta name=\"twitter:title\" content=\"Enduro : Un Touquet pas si p\u00e2le ? - leblogmoto.com\" \/>\n<meta name=\"twitter:description\" content=\"Le Touquet reprend des couleurs. Feu l\u2019Enduro des Sables, ou Enduro du Touquet, rebaptis\u00e9 Enduropale attend ce week-end plus de 300 000 spectateurs, j\u2019ai bien \u00e9crit: trois cent mille spectateurs ! C\u2019est le plus important succ\u00e8s populaire de la C\u00f4te d\u2019Opale et la plus \u00e9vidente manifestation sportive de l\u2019ann\u00e9e. Ce n\u2019est pas rien !Pourtant le [&hellip;]\" \/>\n<meta name=\"twitter:image\" content=\"http:\/\/www.leblogmoto.com\/images\/46774dsc02562.jpg\" \/>\n<meta name=\"twitter:label1\" content=\"\u00c9crit par\" \/>\n\t<meta name=\"twitter:data1\" content=\"christian tirat\" \/>\n\t<meta name=\"twitter:label2\" content=\"Dur\u00e9e de lecture estim\u00e9e\" \/>\n\t<meta name=\"twitter:data2\" content=\"2 minutes\" \/>\n<script type=\"application\/ld+json\" class=\"yoast-schema-graph\">{\"@context\":\"https:\/\/schema.org\",\"@graph\":[{\"@type\":\"WebPage\",\"@id\":\"https:\/\/blogs.thesocialmedia.com\/leblogmoto\/2007\/02\/06\/enduro-un-touqu\/\",\"url\":\"https:\/\/blogs.thesocialmedia.com\/leblogmoto\/2007\/02\/06\/enduro-un-touqu\/\",\"name\":\"Enduro : Un Touquet pas si p\u00e2le ? - leblogmoto.com\",\"isPartOf\":{\"@id\":\"https:\/\/blogs.thesocialmedia.com\/leblogmoto\/#website\"},\"primaryImageOfPage\":{\"@id\":\"https:\/\/blogs.thesocialmedia.com\/leblogmoto\/2007\/02\/06\/enduro-un-touqu\/#primaryimage\"},\"image\":{\"@id\":\"https:\/\/blogs.thesocialmedia.com\/leblogmoto\/2007\/02\/06\/enduro-un-touqu\/#primaryimage\"},\"thumbnailUrl\":\"http:\/\/www.leblogmoto.com\/images\/46774dsc02562.jpg\",\"datePublished\":\"2007-02-06T01:55:04+00:00\",\"dateModified\":\"2012-07-11T14:31:34+00:00\",\"author\":{\"@id\":\"https:\/\/blogs.thesocialmedia.com\/leblogmoto\/#\/schema\/person\/90b2f8fd0d5a2cede2580e95fc79c6c0\"},\"breadcrumb\":{\"@id\":\"https:\/\/blogs.thesocialmedia.com\/leblogmoto\/2007\/02\/06\/enduro-un-touqu\/#breadcrumb\"},\"inLanguage\":\"fr-FR\",\"potentialAction\":[{\"@type\":\"ReadAction\",\"target\":[\"https:\/\/blogs.thesocialmedia.com\/leblogmoto\/2007\/02\/06\/enduro-un-touqu\/\"]}]},{\"@type\":\"ImageObject\",\"inLanguage\":\"fr-FR\",\"@id\":\"https:\/\/blogs.thesocialmedia.com\/leblogmoto\/2007\/02\/06\/enduro-un-touqu\/#primaryimage\",\"url\":\"http:\/\/www.leblogmoto.com\/images\/46774dsc02562.jpg\",\"contentUrl\":\"http:\/\/www.leblogmoto.com\/images\/46774dsc02562.jpg\"},{\"@type\":\"BreadcrumbList\",\"@id\":\"https:\/\/blogs.thesocialmedia.com\/leblogmoto\/2007\/02\/06\/enduro-un-touqu\/#breadcrumb\",\"itemListElement\":[{\"@type\":\"ListItem\",\"position\":1,\"name\":\"Accueil\",\"item\":\"https:\/\/blogs.thesocialmedia.com\/leblogmoto\/\"},{\"@type\":\"ListItem\",\"position\":2,\"name\":\"Enduro : Un Touquet pas si p\u00e2le ?\"}]},{\"@type\":\"WebSite\",\"@id\":\"https:\/\/blogs.thesocialmedia.com\/leblogmoto\/#website\",\"url\":\"https:\/\/blogs.thesocialmedia.com\/leblogmoto\/\",\"name\":\"leblogmoto\",\"description\":\"Toute l&#039;actualit\u00e9 des 2 roues\",\"potentialAction\":[{\"@type\":\"SearchAction\",\"target\":{\"@type\":\"EntryPoint\",\"urlTemplate\":\"https:\/\/blogs.thesocialmedia.com\/leblogmoto\/?s={search_term_string}\"},\"query-input\":{\"@type\":\"PropertyValueSpecification\",\"valueRequired\":true,\"valueName\":\"search_term_string\"}}],\"inLanguage\":\"fr-FR\"},{\"@type\":\"Person\",\"@id\":\"https:\/\/blogs.thesocialmedia.com\/leblogmoto\/#\/schema\/person\/90b2f8fd0d5a2cede2580e95fc79c6c0\",\"name\":\"christian tirat\",\"image\":{\"@type\":\"ImageObject\",\"inLanguage\":\"fr-FR\",\"@id\":\"https:\/\/blogs.thesocialmedia.com\/leblogmoto\/#\/schema\/person\/image\/\",\"url\":\"https:\/\/secure.gravatar.com\/avatar\/?s=96&d=mm&r=g\",\"contentUrl\":\"https:\/\/secure.gravatar.com\/avatar\/?s=96&d=mm&r=g\",\"caption\":\"christian tirat\"},\"url\":\"https:\/\/blogs.thesocialmedia.com\/leblogmoto\/author\/christian-tirat\/\"}]}<\/script>\n<!-- \/ Yoast SEO plugin. -->","yoast_head_json":{"title":"Enduro : Un Touquet pas si p\u00e2le ? - leblogmoto.com","robots":{"index":"index","follow":"follow","max-snippet":"max-snippet:-1","max-image-preview":"max-image-preview:large","max-video-preview":"max-video-preview:-1"},"canonical":"https:\/\/blogs.thesocialmedia.com\/leblogmoto\/2007\/02\/06\/enduro-un-touqu\/","twitter_card":"summary_large_image","twitter_title":"Enduro : Un Touquet pas si p\u00e2le ? - leblogmoto.com","twitter_description":"Le Touquet reprend des couleurs. Feu l\u2019Enduro des Sables, ou Enduro du Touquet, rebaptis\u00e9 Enduropale attend ce week-end plus de 300 000 spectateurs, j\u2019ai bien \u00e9crit: trois cent mille spectateurs ! C\u2019est le plus important succ\u00e8s populaire de la C\u00f4te d\u2019Opale et la plus \u00e9vidente manifestation sportive de l\u2019ann\u00e9e. Ce n\u2019est pas rien !Pourtant le [&hellip;]","twitter_image":"http:\/\/www.leblogmoto.com\/images\/46774dsc02562.jpg","twitter_misc":{"\u00c9crit par":"christian tirat","Dur\u00e9e de lecture estim\u00e9e":"2 minutes"},"schema":{"@context":"https:\/\/schema.org","@graph":[{"@type":"WebPage","@id":"https:\/\/blogs.thesocialmedia.com\/leblogmoto\/2007\/02\/06\/enduro-un-touqu\/","url":"https:\/\/blogs.thesocialmedia.com\/leblogmoto\/2007\/02\/06\/enduro-un-touqu\/","name":"Enduro : Un Touquet pas si p\u00e2le ? - leblogmoto.com","isPartOf":{"@id":"https:\/\/blogs.thesocialmedia.com\/leblogmoto\/#website"},"primaryImageOfPage":{"@id":"https:\/\/blogs.thesocialmedia.com\/leblogmoto\/2007\/02\/06\/enduro-un-touqu\/#primaryimage"},"image":{"@id":"https:\/\/blogs.thesocialmedia.com\/leblogmoto\/2007\/02\/06\/enduro-un-touqu\/#primaryimage"},"thumbnailUrl":"http:\/\/www.leblogmoto.com\/images\/46774dsc02562.jpg","datePublished":"2007-02-06T01:55:04+00:00","dateModified":"2012-07-11T14:31:34+00:00","author":{"@id":"https:\/\/blogs.thesocialmedia.com\/leblogmoto\/#\/schema\/person\/90b2f8fd0d5a2cede2580e95fc79c6c0"},"breadcrumb":{"@id":"https:\/\/blogs.thesocialmedia.com\/leblogmoto\/2007\/02\/06\/enduro-un-touqu\/#breadcrumb"},"inLanguage":"fr-FR","potentialAction":[{"@type":"ReadAction","target":["https:\/\/blogs.thesocialmedia.com\/leblogmoto\/2007\/02\/06\/enduro-un-touqu\/"]}]},{"@type":"ImageObject","inLanguage":"fr-FR","@id":"https:\/\/blogs.thesocialmedia.com\/leblogmoto\/2007\/02\/06\/enduro-un-touqu\/#primaryimage","url":"http:\/\/www.leblogmoto.com\/images\/46774dsc02562.jpg","contentUrl":"http:\/\/www.leblogmoto.com\/images\/46774dsc02562.jpg"},{"@type":"BreadcrumbList","@id":"https:\/\/blogs.thesocialmedia.com\/leblogmoto\/2007\/02\/06\/enduro-un-touqu\/#breadcrumb","itemListElement":[{"@type":"ListItem","position":1,"name":"Accueil","item":"https:\/\/blogs.thesocialmedia.com\/leblogmoto\/"},{"@type":"ListItem","position":2,"name":"Enduro : Un Touquet pas si p\u00e2le ?"}]},{"@type":"WebSite","@id":"https:\/\/blogs.thesocialmedia.com\/leblogmoto\/#website","url":"https:\/\/blogs.thesocialmedia.com\/leblogmoto\/","name":"leblogmoto","description":"Toute l&#039;actualit\u00e9 des 2 roues","potentialAction":[{"@type":"SearchAction","target":{"@type":"EntryPoint","urlTemplate":"https:\/\/blogs.thesocialmedia.com\/leblogmoto\/?s={search_term_string}"},"query-input":{"@type":"PropertyValueSpecification","valueRequired":true,"valueName":"search_term_string"}}],"inLanguage":"fr-FR"},{"@type":"Person","@id":"https:\/\/blogs.thesocialmedia.com\/leblogmoto\/#\/schema\/person\/90b2f8fd0d5a2cede2580e95fc79c6c0","name":"christian tirat","image":{"@type":"ImageObject","inLanguage":"fr-FR","@id":"https:\/\/blogs.thesocialmedia.com\/leblogmoto\/#\/schema\/person\/image\/","url":"https:\/\/secure.gravatar.com\/avatar\/?s=96&d=mm&r=g","contentUrl":"https:\/\/secure.gravatar.com\/avatar\/?s=96&d=mm&r=g","caption":"christian tirat"},"url":"https:\/\/blogs.thesocialmedia.com\/leblogmoto\/author\/christian-tirat\/"}]}},"_links":{"self":[{"href":"https:\/\/blogs.thesocialmedia.com\/leblogmoto\/wp-json\/wp\/v2\/posts\/1571","targetHints":{"allow":["GET"]}}],"collection":[{"href":"https:\/\/blogs.thesocialmedia.com\/leblogmoto\/wp-json\/wp\/v2\/posts"}],"about":[{"href":"https:\/\/blogs.thesocialmedia.com\/leblogmoto\/wp-json\/wp\/v2\/types\/post"}],"author":[{"embeddable":true,"href":"https:\/\/blogs.thesocialmedia.com\/leblogmoto\/wp-json\/wp\/v2\/users\/333"}],"replies":[{"embeddable":true,"href":"https:\/\/blogs.thesocialmedia.com\/leblogmoto\/wp-json\/wp\/v2\/comments?post=1571"}],"version-history":[{"count":2,"href":"https:\/\/blogs.thesocialmedia.com\/leblogmoto\/wp-json\/wp\/v2\/posts\/1571\/revisions"}],"predecessor-version":[{"id":7990,"href":"https:\/\/blogs.thesocialmedia.com\/leblogmoto\/wp-json\/wp\/v2\/posts\/1571\/revisions\/7990"}],"wp:attachment":[{"href":"https:\/\/blogs.thesocialmedia.com\/leblogmoto\/wp-json\/wp\/v2\/media?parent=1571"}],"wp:term":[{"taxonomy":"category","embeddable":true,"href":"https:\/\/blogs.thesocialmedia.com\/leblogmoto\/wp-json\/wp\/v2\/categories?post=1571"},{"taxonomy":"post_tag","embeddable":true,"href":"https:\/\/blogs.thesocialmedia.com\/leblogmoto\/wp-json\/wp\/v2\/tags?post=1571"}],"curies":[{"name":"wp","href":"https:\/\/api.w.org\/{rel}","templated":true}]}}