{"id":1573,"date":"2007-02-05T19:35:38","date_gmt":"2007-02-05T19:35:38","guid":{"rendered":"http:\/\/blogs.thesocialmedia.com\/leblogmoto\/2007\/02\/05\/salon-du-2-roue\/"},"modified":"2012-07-11T14:31:26","modified_gmt":"2012-07-11T14:31:26","slug":"salon-du-2-roue","status":"publish","type":"post","link":"https:\/\/blogs.thesocialmedia.com\/leblogmoto\/2007\/02\/05\/salon-du-2-roue\/","title":{"rendered":"Salon du 2 roues \u00e0 Lyon"},"content":{"rendered":"<p><a href=\"http:\/\/blogs.thesocialmedia.com\/leblogmoto\/files\/2012\/07\/salon_lyon.gif\"><img loading=\"lazy\" decoding=\"async\" width=\"250\" height=\"187\"  src=\"http:\/\/www.leblogmoto.com\/images\/salon_lyon.gif\" alt=\"Salon_lyon\" style=\"margin: 0px 5px 5px 0px;float: left\" \/><\/a><span style=\"font-size: 0.8em\"><span style=\"font-size: 12pt;font-family: Arial\">&nbsp; &nbsp;<span style=\"font-size: 0.8em\">Le 14\u00e8me <a href=\"http:\/\/www.salondu2roues.com\/index.html\">salon du deux roues de Lyon<\/a> vous accueillera les 9, 10 et 11 f\u00e9vrier pour 3 jours de nouveaut\u00e9s et de spectacle. 125 exposants sont attendus sur plus de 35 000 m\u00b2 pour vous pr\u00e9senter les derniers mod\u00e8les des grands constructeurs. Fort du succ\u00e8s de 2006, Lyon remet le couvert avec le Motor Show, 5000<\/span> <span style=\"font-size: 0.8em\">places assises pour assister tout au long du week end \u00e0 des spectacles dont la liste n&rsquo;en fini plus : stunt, freestyle, quad, enduro, moto anciennes.<\/span><\/span><\/span><\/p>\n<p>   <\/p>\n<p><span style=\"font-size: 0.8em\"><span style=\"font-size: 12pt;font-family: Arial\"><span style=\"font-size: 0.8em\">Pour toute la famille :<br \/> Le<\/span><span style=\"font-size: 0.8em\"> salon met l&rsquo;accent sur la satisfaction du public le plus large avec des pistes d&rsquo;essais pour les motos (circuits de 3 km pour les 125 et 10 km pour les gros cubes) et invite les femmes avec des cadeaux et un solex \u00e0 gagner. Pour les plus jeunes, un village enfant de 1000m\u00b2 avec<\/span><span style=\"font-size: 0.8em\"> des activit\u00e9s autour de la moto, initiation, pr\u00e9vention, s\u00e9curit\u00e9. Une partie occasion sera \u00e9<\/span><span style=\"font-size: 0.8em\">galement pr\u00e9sente avec 300 mod\u00e8les pr\u00e9sent\u00e9s par des professionnels.<\/span><\/span><\/span><span style=\"font-size: 0.8em\"><span style=\"font-size: 10pt;font-family: Arial\">&nbsp;<\/span><\/span><span style=\"font-size: 0.8em\"><span style=\"font-size: 12pt;font-family: Arial\"><\/p>\n<p> <span style=\"font-size: 0.8em\">L<\/span><span style=\"font-size: 0.8em\">es<\/span><span style=\"font-size: 0.8em\"> nouveaut\u00e9s de 2007 :<br \/> Deux spectacles in\u00e9dits sont programm\u00e9s cette ann\u00e9e avec le premier Quad passion Xtrem indoor le vendredi 9<\/span><span style=\"font-size: 0.8em\">, et premier Enduro Indoor de France le samedi. <br \/> Cot\u00e9 tarifs, comptez 10 \u20ac pour le salon (5\u20ac pour les enfants), 28\u20ac (22\u20ac) pour le Quad Xtrem passion et 32\u20ac ( 26\u20ac)<\/span> <span style=\"font-size: 0.8em\">pour l&rsquo;Enduro Indoor (l&rsquo;entr\u00e9e au salon est r\u00e9duite \u00e0 8\u20ac si vous assistez \u00e0 un spectacle.)<\/span><\/span><\/span><\/p>\n<p><span>Retrouvez toutes les info sur le site officiel : <a href=\"http:\/\/www.salondu2roues.com\/index.html\">http:\/\/www.salondu2roues.com\/index.html<\/a><\/span><\/p>\n","protected":false},"excerpt":{"rendered":"<p>&nbsp; &nbsp;Le 14\u00e8me salon du deux roues de Lyon vous accueillera les 9, 10 et 11 f\u00e9vrier pour 3 jours de nouveaut\u00e9s et de spectacle. 125 exposants sont attendus sur plus de 35 000 m\u00b2 pour vous pr\u00e9senter les derniers mod\u00e8les des grands constructeurs. Fort du succ\u00e8s de 2006, Lyon remet le couvert avec le [&hellip;]<\/p>\n","protected":false},"author":331,"featured_media":0,"comment_status":"open","ping_status":"open","sticky":false,"template":"","format":"standard","meta":{"footnotes":""},"categories":[3],"tags":[151],"class_list":["post-1573","post","type-post","status-publish","format-standard","hentry","category-actualite","tag-indoor-lyon-salon-quad"],"yoast_head":"<!-- This site is optimized with the Yoast SEO plugin v26.0 - https:\/\/yoast.com\/wordpress\/plugins\/seo\/ -->\n<title>Salon du 2 roues \u00e0 Lyon - leblogmoto.com<\/title>\n<meta name=\"robots\" content=\"index, follow, max-snippet:-1, max-image-preview:large, max-video-preview:-1\" \/>\n<link rel=\"canonical\" href=\"https:\/\/blogs.thesocialmedia.com\/leblogmoto\/2007\/02\/05\/salon-du-2-roue\/\" \/>\n<meta name=\"twitter:card\" content=\"summary_large_image\" \/>\n<meta name=\"twitter:title\" content=\"Salon du 2 roues \u00e0 Lyon - leblogmoto.com\" \/>\n<meta name=\"twitter:description\" content=\"&nbsp; &nbsp;Le 14\u00e8me salon du deux roues de Lyon vous accueillera les 9, 10 et 11 f\u00e9vrier pour 3 jours de nouveaut\u00e9s et de spectacle. 125 exposants sont attendus sur plus de 35 000 m\u00b2 pour vous pr\u00e9senter les derniers mod\u00e8les des grands constructeurs. Fort du succ\u00e8s de 2006, Lyon remet le couvert avec le [&hellip;]\" \/>\n<meta name=\"twitter:image\" content=\"http:\/\/www.leblogmoto.com\/images\/salon_lyon.gif\" \/>\n<meta name=\"twitter:label1\" content=\"\u00c9crit par\" \/>\n\t<meta name=\"twitter:data1\" content=\"nicolas gehin\" \/>\n\t<meta name=\"twitter:label2\" content=\"Dur\u00e9e de lecture estim\u00e9e\" \/>\n\t<meta name=\"twitter:data2\" content=\"1 minute\" \/>\n<script type=\"application\/ld+json\" class=\"yoast-schema-graph\">{\"@context\":\"https:\/\/schema.org\",\"@graph\":[{\"@type\":\"WebPage\",\"@id\":\"https:\/\/blogs.thesocialmedia.com\/leblogmoto\/2007\/02\/05\/salon-du-2-roue\/\",\"url\":\"https:\/\/blogs.thesocialmedia.com\/leblogmoto\/2007\/02\/05\/salon-du-2-roue\/\",\"name\":\"Salon du 2 roues \u00e0 Lyon - leblogmoto.com\",\"isPartOf\":{\"@id\":\"https:\/\/blogs.thesocialmedia.com\/leblogmoto\/#website\"},\"primaryImageOfPage\":{\"@id\":\"https:\/\/blogs.thesocialmedia.com\/leblogmoto\/2007\/02\/05\/salon-du-2-roue\/#primaryimage\"},\"image\":{\"@id\":\"https:\/\/blogs.thesocialmedia.com\/leblogmoto\/2007\/02\/05\/salon-du-2-roue\/#primaryimage\"},\"thumbnailUrl\":\"http:\/\/www.leblogmoto.com\/images\/salon_lyon.gif\",\"datePublished\":\"2007-02-05T19:35:38+00:00\",\"dateModified\":\"2012-07-11T14:31:26+00:00\",\"author\":{\"@id\":\"https:\/\/blogs.thesocialmedia.com\/leblogmoto\/#\/schema\/person\/46fe3ed364ad3153421e8604c6e3305f\"},\"breadcrumb\":{\"@id\":\"https:\/\/blogs.thesocialmedia.com\/leblogmoto\/2007\/02\/05\/salon-du-2-roue\/#breadcrumb\"},\"inLanguage\":\"fr-FR\",\"potentialAction\":[{\"@type\":\"ReadAction\",\"target\":[\"https:\/\/blogs.thesocialmedia.com\/leblogmoto\/2007\/02\/05\/salon-du-2-roue\/\"]}]},{\"@type\":\"ImageObject\",\"inLanguage\":\"fr-FR\",\"@id\":\"https:\/\/blogs.thesocialmedia.com\/leblogmoto\/2007\/02\/05\/salon-du-2-roue\/#primaryimage\",\"url\":\"http:\/\/www.leblogmoto.com\/images\/salon_lyon.gif\",\"contentUrl\":\"http:\/\/www.leblogmoto.com\/images\/salon_lyon.gif\"},{\"@type\":\"BreadcrumbList\",\"@id\":\"https:\/\/blogs.thesocialmedia.com\/leblogmoto\/2007\/02\/05\/salon-du-2-roue\/#breadcrumb\",\"itemListElement\":[{\"@type\":\"ListItem\",\"position\":1,\"name\":\"Accueil\",\"item\":\"https:\/\/blogs.thesocialmedia.com\/leblogmoto\/\"},{\"@type\":\"ListItem\",\"position\":2,\"name\":\"Salon du 2 roues \u00e0 Lyon\"}]},{\"@type\":\"WebSite\",\"@id\":\"https:\/\/blogs.thesocialmedia.com\/leblogmoto\/#website\",\"url\":\"https:\/\/blogs.thesocialmedia.com\/leblogmoto\/\",\"name\":\"leblogmoto\",\"description\":\"Toute l&#039;actualit\u00e9 des 2 roues\",\"potentialAction\":[{\"@type\":\"SearchAction\",\"target\":{\"@type\":\"EntryPoint\",\"urlTemplate\":\"https:\/\/blogs.thesocialmedia.com\/leblogmoto\/?s={search_term_string}\"},\"query-input\":{\"@type\":\"PropertyValueSpecification\",\"valueRequired\":true,\"valueName\":\"search_term_string\"}}],\"inLanguage\":\"fr-FR\"},{\"@type\":\"Person\",\"@id\":\"https:\/\/blogs.thesocialmedia.com\/leblogmoto\/#\/schema\/person\/46fe3ed364ad3153421e8604c6e3305f\",\"name\":\"nicolas gehin\",\"image\":{\"@type\":\"ImageObject\",\"inLanguage\":\"fr-FR\",\"@id\":\"https:\/\/blogs.thesocialmedia.com\/leblogmoto\/#\/schema\/person\/image\/\",\"url\":\"https:\/\/secure.gravatar.com\/avatar\/?s=96&d=mm&r=g\",\"contentUrl\":\"https:\/\/secure.gravatar.com\/avatar\/?s=96&d=mm&r=g\",\"caption\":\"nicolas gehin\"},\"url\":\"https:\/\/blogs.thesocialmedia.com\/leblogmoto\/author\/nicolas-gehin\/\"}]}<\/script>\n<!-- \/ Yoast SEO plugin. -->","yoast_head_json":{"title":"Salon du 2 roues \u00e0 Lyon - leblogmoto.com","robots":{"index":"index","follow":"follow","max-snippet":"max-snippet:-1","max-image-preview":"max-image-preview:large","max-video-preview":"max-video-preview:-1"},"canonical":"https:\/\/blogs.thesocialmedia.com\/leblogmoto\/2007\/02\/05\/salon-du-2-roue\/","twitter_card":"summary_large_image","twitter_title":"Salon du 2 roues \u00e0 Lyon - leblogmoto.com","twitter_description":"&nbsp; &nbsp;Le 14\u00e8me salon du deux roues de Lyon vous accueillera les 9, 10 et 11 f\u00e9vrier pour 3 jours de nouveaut\u00e9s et de spectacle. 125 exposants sont attendus sur plus de 35 000 m\u00b2 pour vous pr\u00e9senter les derniers mod\u00e8les des grands constructeurs. Fort du succ\u00e8s de 2006, Lyon remet le couvert avec le [&hellip;]","twitter_image":"http:\/\/www.leblogmoto.com\/images\/salon_lyon.gif","twitter_misc":{"\u00c9crit par":"nicolas gehin","Dur\u00e9e de lecture estim\u00e9e":"1 minute"},"schema":{"@context":"https:\/\/schema.org","@graph":[{"@type":"WebPage","@id":"https:\/\/blogs.thesocialmedia.com\/leblogmoto\/2007\/02\/05\/salon-du-2-roue\/","url":"https:\/\/blogs.thesocialmedia.com\/leblogmoto\/2007\/02\/05\/salon-du-2-roue\/","name":"Salon du 2 roues \u00e0 Lyon - leblogmoto.com","isPartOf":{"@id":"https:\/\/blogs.thesocialmedia.com\/leblogmoto\/#website"},"primaryImageOfPage":{"@id":"https:\/\/blogs.thesocialmedia.com\/leblogmoto\/2007\/02\/05\/salon-du-2-roue\/#primaryimage"},"image":{"@id":"https:\/\/blogs.thesocialmedia.com\/leblogmoto\/2007\/02\/05\/salon-du-2-roue\/#primaryimage"},"thumbnailUrl":"http:\/\/www.leblogmoto.com\/images\/salon_lyon.gif","datePublished":"2007-02-05T19:35:38+00:00","dateModified":"2012-07-11T14:31:26+00:00","author":{"@id":"https:\/\/blogs.thesocialmedia.com\/leblogmoto\/#\/schema\/person\/46fe3ed364ad3153421e8604c6e3305f"},"breadcrumb":{"@id":"https:\/\/blogs.thesocialmedia.com\/leblogmoto\/2007\/02\/05\/salon-du-2-roue\/#breadcrumb"},"inLanguage":"fr-FR","potentialAction":[{"@type":"ReadAction","target":["https:\/\/blogs.thesocialmedia.com\/leblogmoto\/2007\/02\/05\/salon-du-2-roue\/"]}]},{"@type":"ImageObject","inLanguage":"fr-FR","@id":"https:\/\/blogs.thesocialmedia.com\/leblogmoto\/2007\/02\/05\/salon-du-2-roue\/#primaryimage","url":"http:\/\/www.leblogmoto.com\/images\/salon_lyon.gif","contentUrl":"http:\/\/www.leblogmoto.com\/images\/salon_lyon.gif"},{"@type":"BreadcrumbList","@id":"https:\/\/blogs.thesocialmedia.com\/leblogmoto\/2007\/02\/05\/salon-du-2-roue\/#breadcrumb","itemListElement":[{"@type":"ListItem","position":1,"name":"Accueil","item":"https:\/\/blogs.thesocialmedia.com\/leblogmoto\/"},{"@type":"ListItem","position":2,"name":"Salon du 2 roues \u00e0 Lyon"}]},{"@type":"WebSite","@id":"https:\/\/blogs.thesocialmedia.com\/leblogmoto\/#website","url":"https:\/\/blogs.thesocialmedia.com\/leblogmoto\/","name":"leblogmoto","description":"Toute l&#039;actualit\u00e9 des 2 roues","potentialAction":[{"@type":"SearchAction","target":{"@type":"EntryPoint","urlTemplate":"https:\/\/blogs.thesocialmedia.com\/leblogmoto\/?s={search_term_string}"},"query-input":{"@type":"PropertyValueSpecification","valueRequired":true,"valueName":"search_term_string"}}],"inLanguage":"fr-FR"},{"@type":"Person","@id":"https:\/\/blogs.thesocialmedia.com\/leblogmoto\/#\/schema\/person\/46fe3ed364ad3153421e8604c6e3305f","name":"nicolas gehin","image":{"@type":"ImageObject","inLanguage":"fr-FR","@id":"https:\/\/blogs.thesocialmedia.com\/leblogmoto\/#\/schema\/person\/image\/","url":"https:\/\/secure.gravatar.com\/avatar\/?s=96&d=mm&r=g","contentUrl":"https:\/\/secure.gravatar.com\/avatar\/?s=96&d=mm&r=g","caption":"nicolas gehin"},"url":"https:\/\/blogs.thesocialmedia.com\/leblogmoto\/author\/nicolas-gehin\/"}]}},"_links":{"self":[{"href":"https:\/\/blogs.thesocialmedia.com\/leblogmoto\/wp-json\/wp\/v2\/posts\/1573","targetHints":{"allow":["GET"]}}],"collection":[{"href":"https:\/\/blogs.thesocialmedia.com\/leblogmoto\/wp-json\/wp\/v2\/posts"}],"about":[{"href":"https:\/\/blogs.thesocialmedia.com\/leblogmoto\/wp-json\/wp\/v2\/types\/post"}],"author":[{"embeddable":true,"href":"https:\/\/blogs.thesocialmedia.com\/leblogmoto\/wp-json\/wp\/v2\/users\/331"}],"replies":[{"embeddable":true,"href":"https:\/\/blogs.thesocialmedia.com\/leblogmoto\/wp-json\/wp\/v2\/comments?post=1573"}],"version-history":[{"count":2,"href":"https:\/\/blogs.thesocialmedia.com\/leblogmoto\/wp-json\/wp\/v2\/posts\/1573\/revisions"}],"predecessor-version":[{"id":7985,"href":"https:\/\/blogs.thesocialmedia.com\/leblogmoto\/wp-json\/wp\/v2\/posts\/1573\/revisions\/7985"}],"wp:attachment":[{"href":"https:\/\/blogs.thesocialmedia.com\/leblogmoto\/wp-json\/wp\/v2\/media?parent=1573"}],"wp:term":[{"taxonomy":"category","embeddable":true,"href":"https:\/\/blogs.thesocialmedia.com\/leblogmoto\/wp-json\/wp\/v2\/categories?post=1573"},{"taxonomy":"post_tag","embeddable":true,"href":"https:\/\/blogs.thesocialmedia.com\/leblogmoto\/wp-json\/wp\/v2\/tags?post=1573"}],"curies":[{"name":"wp","href":"https:\/\/api.w.org\/{rel}","templated":true}]}}