{"id":1575,"date":"2007-02-05T11:59:00","date_gmt":"2007-02-05T11:59:00","guid":{"rendered":"http:\/\/blogs.thesocialmedia.com\/leblogmoto\/2007\/02\/05\/supercross-us-b\/"},"modified":"2012-07-11T14:31:22","modified_gmt":"2012-07-11T14:31:22","slug":"supercross-us-b","status":"publish","type":"post","link":"https:\/\/blogs.thesocialmedia.com\/leblogmoto\/2007\/02\/05\/supercross-us-b\/","title":{"rendered":"Supercross US :  \u00ab Bubba \u00bb le King"},"content":{"rendered":"<p><a href=\"http:\/\/blogs.thesocialmedia.com\/leblogmoto\/files\/2012\/07\/bubbas_jump.jpg\"><img loading=\"lazy\" decoding=\"async\" width=\"250\" height=\"261\"  src=\"http:\/\/www.leblogmoto.com\/images\/bubbas_jump.jpg\" alt=\"Bubbas_jump\" style=\"margin: 0px 5px 5px 0px;float: left\" \/><\/a> Un grand bravo \u00e0 Marc qui a reconnu le pilote qui nous offrait la belle figure parue ici dans un <a href=\"http:\/\/www.leblogmoto.com\/2007\/02\/insolite_vol_en.html#comments\">pr\u00e9c\u00e9dent post<\/a>. En prime, vous aurez droit aux toutes derni\u00e8res infos sur ce pilote spectaculaire.<\/p>\n<p>N\u00e9 fin d\u00e9cembre 1985, <a href=\"www.jamesstewartonline.com\/\">James Stewart<\/a> junior, alias \u00ab Bubba \u00bb est consid\u00e9r\u00e9 comme le <a href=\"http:\/\/www.tigerwoods.com\/defaultflash.sps\">Tiger Woods<\/a> du cross am\u00e9ricain. Il est en effet le premier pilote afro-us a dominer la discipline et le premier pilote noir \u00e0 s\u2019imposer dans des comp\u00e9tions moto d\u2019envergure internationales. <\/p>\n<p><strong><a href=\"http:\/\/clabedan.typepad.com\/.shared\/image.html?\/photos\/uncategorized\/james_stewart.jpg\"><img loading=\"lazy\" decoding=\"async\" width=\"250\" height=\"286\"  src=\"http:\/\/www.leblogmoto.com\/images\/james_stewart.jpg\" alt=\"James_stewart\" style=\"margin: 0px 5px 5px 0px;float: left\" \/><\/a> Principaux titres<\/strong><\/p>\n<p> 2002 AMA 125 National Champion<br \/> 2003 AMA 125 West Supercross Champion<br \/> 2004 AMA 125 East Supercross Champion<br \/> 2004 AMA 125 National Champion<br \/> 2006 FIM WSXGP Supercross Champion<\/p>\n<p> Dimanche, <a href=\"www.jamesstewartonline.com\/\">James Stewart<\/a> (Kawasaki) a remport\u00e9 une nouvelle victoire \u00e0 l\u2019Angel Stadium de Anaheim au terme d\u2019une course \u00e0 suspens. Avec ce nouveau succ\u00e8s, \u00ab Bubba \u00bb devient le premier pilote \u00e0 s\u2019imposer trois fois \u00e0 Anaheim dans la m\u00eame ann\u00e9e. Il devance l\u2019australien <a href=\"http:\/\/www.chadreedracing.com\/\">Chad Reed<\/a> (Yamaha) <a href=\"http:\/\/www.dv12.com\">David Vuillemin<\/a> (Honda) malade a souffert toute la journ\u00e9e. Il n\u2019a pu accrocher qu\u2019une modeste douzi\u00e8me place. Onzi\u00e8me au provisoire du championnat.<br \/> <strong><br \/><a href=\"http:\/\/clabedan.typepad.com\/.shared\/image.html?\/photos\/uncategorized\/jamesstewart_1.jpg\"><img loading=\"lazy\" decoding=\"async\" width=\"250\" height=\"166\"  alt=\"Jamesstewart_1\" src=\"http:\/\/www.leblogmoto.com\/images\/jamesstewart_1.jpg\" style=\"margin: 0px 5px 5px 0px;float: left\" \/><\/a> Finale Supercross de Anaheim : <\/strong><br \/> 1 James M Stewart; 2 Chad Reed; 3 Timmy M Ferry; 4 Nicholas A Wey; 5 Michael Byrne; 6 Nathan Ramsey; 7 Kevin W Windham; 8 Heath D Voss; 9 Paul P Carpenter; 10 Ivan Tedesco; 11 Travis A Preston; 12 David Vuillemin; 13 Jeff Gibson; 14 Manuel Rivas; 15 Tyler Evans; 16 Cole T Siebler; 17 Ryan D Clark; 18 Bryan K Johnson; 19 Joshua Summey; 20 Eric Sorby<\/p>\n<p><strong> Classement provisoire Supercross<\/strong><br \/> 1 J. Stewart 122<br \/> 2 C. Reed 104<br \/> 3 T. Ferry 90<br \/> 4 M. Byrne 73<br \/> 5 R. Carmichael 69<br \/> 6 K. Windham 66<br \/> 7 N. Wey 60<br \/> 8 T. Preston 60<br \/> 9 H. Voss 55<br \/> 10 I. Tedesco 53<br \/> 11 D. Vuillemin 51<br \/> 12 N. Ramsey 45<br \/> 13 P. Carpenter 45<br \/> 14 J. Gibson 42<br \/> 15 J. Summey 25<\/p>\n<p>Sources : <a href=\"http:\/\/www.mx2k.com\/\">mx2k.com<\/a> <br \/> Photos :&nbsp; TFS<\/p>\n","protected":false},"excerpt":{"rendered":"<p>Un grand bravo \u00e0 Marc qui a reconnu le pilote qui nous offrait la belle figure parue ici dans un pr\u00e9c\u00e9dent post. En prime, vous aurez droit aux toutes derni\u00e8res infos sur ce pilote spectaculaire. N\u00e9 fin d\u00e9cembre 1985, James Stewart junior, alias \u00ab Bubba \u00bb est consid\u00e9r\u00e9 comme le Tiger Woods du cross am\u00e9ricain. [&hellip;]<\/p>\n","protected":false},"author":333,"featured_media":0,"comment_status":"open","ping_status":"open","sticky":false,"template":"","format":"standard","meta":{"footnotes":""},"categories":[66],"tags":[],"class_list":["post-1575","post","type-post","status-publish","format-standard","hentry","category-moto-cross"],"yoast_head":"<!-- This site is optimized with the Yoast SEO plugin v26.0 - https:\/\/yoast.com\/wordpress\/plugins\/seo\/ -->\n<title>Supercross US : \u00ab Bubba \u00bb le King - leblogmoto.com<\/title>\n<meta name=\"robots\" content=\"index, follow, max-snippet:-1, max-image-preview:large, max-video-preview:-1\" \/>\n<link rel=\"canonical\" href=\"https:\/\/blogs.thesocialmedia.com\/leblogmoto\/2007\/02\/05\/supercross-us-b\/\" \/>\n<meta name=\"twitter:card\" content=\"summary_large_image\" \/>\n<meta name=\"twitter:title\" content=\"Supercross US : \u00ab Bubba \u00bb le King - leblogmoto.com\" \/>\n<meta name=\"twitter:description\" content=\"Un grand bravo \u00e0 Marc qui a reconnu le pilote qui nous offrait la belle figure parue ici dans un pr\u00e9c\u00e9dent post. En prime, vous aurez droit aux toutes derni\u00e8res infos sur ce pilote spectaculaire. N\u00e9 fin d\u00e9cembre 1985, James Stewart junior, alias \u00ab Bubba \u00bb est consid\u00e9r\u00e9 comme le Tiger Woods du cross am\u00e9ricain. [&hellip;]\" \/>\n<meta name=\"twitter:image\" content=\"http:\/\/www.leblogmoto.com\/images\/bubbas_jump.jpg\" \/>\n<meta name=\"twitter:label1\" content=\"\u00c9crit par\" \/>\n\t<meta name=\"twitter:data1\" content=\"christian tirat\" \/>\n\t<meta name=\"twitter:label2\" content=\"Dur\u00e9e de lecture estim\u00e9e\" \/>\n\t<meta name=\"twitter:data2\" content=\"1 minute\" \/>\n<script type=\"application\/ld+json\" class=\"yoast-schema-graph\">{\"@context\":\"https:\/\/schema.org\",\"@graph\":[{\"@type\":\"WebPage\",\"@id\":\"https:\/\/blogs.thesocialmedia.com\/leblogmoto\/2007\/02\/05\/supercross-us-b\/\",\"url\":\"https:\/\/blogs.thesocialmedia.com\/leblogmoto\/2007\/02\/05\/supercross-us-b\/\",\"name\":\"Supercross US : \u00ab Bubba \u00bb le King - leblogmoto.com\",\"isPartOf\":{\"@id\":\"https:\/\/blogs.thesocialmedia.com\/leblogmoto\/#website\"},\"primaryImageOfPage\":{\"@id\":\"https:\/\/blogs.thesocialmedia.com\/leblogmoto\/2007\/02\/05\/supercross-us-b\/#primaryimage\"},\"image\":{\"@id\":\"https:\/\/blogs.thesocialmedia.com\/leblogmoto\/2007\/02\/05\/supercross-us-b\/#primaryimage\"},\"thumbnailUrl\":\"http:\/\/www.leblogmoto.com\/images\/bubbas_jump.jpg\",\"datePublished\":\"2007-02-05T11:59:00+00:00\",\"dateModified\":\"2012-07-11T14:31:22+00:00\",\"author\":{\"@id\":\"https:\/\/blogs.thesocialmedia.com\/leblogmoto\/#\/schema\/person\/90b2f8fd0d5a2cede2580e95fc79c6c0\"},\"breadcrumb\":{\"@id\":\"https:\/\/blogs.thesocialmedia.com\/leblogmoto\/2007\/02\/05\/supercross-us-b\/#breadcrumb\"},\"inLanguage\":\"fr-FR\",\"potentialAction\":[{\"@type\":\"ReadAction\",\"target\":[\"https:\/\/blogs.thesocialmedia.com\/leblogmoto\/2007\/02\/05\/supercross-us-b\/\"]}]},{\"@type\":\"ImageObject\",\"inLanguage\":\"fr-FR\",\"@id\":\"https:\/\/blogs.thesocialmedia.com\/leblogmoto\/2007\/02\/05\/supercross-us-b\/#primaryimage\",\"url\":\"http:\/\/www.leblogmoto.com\/images\/bubbas_jump.jpg\",\"contentUrl\":\"http:\/\/www.leblogmoto.com\/images\/bubbas_jump.jpg\"},{\"@type\":\"BreadcrumbList\",\"@id\":\"https:\/\/blogs.thesocialmedia.com\/leblogmoto\/2007\/02\/05\/supercross-us-b\/#breadcrumb\",\"itemListElement\":[{\"@type\":\"ListItem\",\"position\":1,\"name\":\"Accueil\",\"item\":\"https:\/\/blogs.thesocialmedia.com\/leblogmoto\/\"},{\"@type\":\"ListItem\",\"position\":2,\"name\":\"Supercross US : \u00ab Bubba \u00bb le King\"}]},{\"@type\":\"WebSite\",\"@id\":\"https:\/\/blogs.thesocialmedia.com\/leblogmoto\/#website\",\"url\":\"https:\/\/blogs.thesocialmedia.com\/leblogmoto\/\",\"name\":\"leblogmoto\",\"description\":\"Toute l&#039;actualit\u00e9 des 2 roues\",\"potentialAction\":[{\"@type\":\"SearchAction\",\"target\":{\"@type\":\"EntryPoint\",\"urlTemplate\":\"https:\/\/blogs.thesocialmedia.com\/leblogmoto\/?s={search_term_string}\"},\"query-input\":{\"@type\":\"PropertyValueSpecification\",\"valueRequired\":true,\"valueName\":\"search_term_string\"}}],\"inLanguage\":\"fr-FR\"},{\"@type\":\"Person\",\"@id\":\"https:\/\/blogs.thesocialmedia.com\/leblogmoto\/#\/schema\/person\/90b2f8fd0d5a2cede2580e95fc79c6c0\",\"name\":\"christian tirat\",\"image\":{\"@type\":\"ImageObject\",\"inLanguage\":\"fr-FR\",\"@id\":\"https:\/\/blogs.thesocialmedia.com\/leblogmoto\/#\/schema\/person\/image\/\",\"url\":\"https:\/\/secure.gravatar.com\/avatar\/?s=96&d=mm&r=g\",\"contentUrl\":\"https:\/\/secure.gravatar.com\/avatar\/?s=96&d=mm&r=g\",\"caption\":\"christian tirat\"},\"url\":\"https:\/\/blogs.thesocialmedia.com\/leblogmoto\/author\/christian-tirat\/\"}]}<\/script>\n<!-- \/ Yoast SEO plugin. -->","yoast_head_json":{"title":"Supercross US : \u00ab Bubba \u00bb le King - leblogmoto.com","robots":{"index":"index","follow":"follow","max-snippet":"max-snippet:-1","max-image-preview":"max-image-preview:large","max-video-preview":"max-video-preview:-1"},"canonical":"https:\/\/blogs.thesocialmedia.com\/leblogmoto\/2007\/02\/05\/supercross-us-b\/","twitter_card":"summary_large_image","twitter_title":"Supercross US : \u00ab Bubba \u00bb le King - leblogmoto.com","twitter_description":"Un grand bravo \u00e0 Marc qui a reconnu le pilote qui nous offrait la belle figure parue ici dans un pr\u00e9c\u00e9dent post. En prime, vous aurez droit aux toutes derni\u00e8res infos sur ce pilote spectaculaire. N\u00e9 fin d\u00e9cembre 1985, James Stewart junior, alias \u00ab Bubba \u00bb est consid\u00e9r\u00e9 comme le Tiger Woods du cross am\u00e9ricain. [&hellip;]","twitter_image":"http:\/\/www.leblogmoto.com\/images\/bubbas_jump.jpg","twitter_misc":{"\u00c9crit par":"christian tirat","Dur\u00e9e de lecture estim\u00e9e":"1 minute"},"schema":{"@context":"https:\/\/schema.org","@graph":[{"@type":"WebPage","@id":"https:\/\/blogs.thesocialmedia.com\/leblogmoto\/2007\/02\/05\/supercross-us-b\/","url":"https:\/\/blogs.thesocialmedia.com\/leblogmoto\/2007\/02\/05\/supercross-us-b\/","name":"Supercross US : \u00ab Bubba \u00bb le King - leblogmoto.com","isPartOf":{"@id":"https:\/\/blogs.thesocialmedia.com\/leblogmoto\/#website"},"primaryImageOfPage":{"@id":"https:\/\/blogs.thesocialmedia.com\/leblogmoto\/2007\/02\/05\/supercross-us-b\/#primaryimage"},"image":{"@id":"https:\/\/blogs.thesocialmedia.com\/leblogmoto\/2007\/02\/05\/supercross-us-b\/#primaryimage"},"thumbnailUrl":"http:\/\/www.leblogmoto.com\/images\/bubbas_jump.jpg","datePublished":"2007-02-05T11:59:00+00:00","dateModified":"2012-07-11T14:31:22+00:00","author":{"@id":"https:\/\/blogs.thesocialmedia.com\/leblogmoto\/#\/schema\/person\/90b2f8fd0d5a2cede2580e95fc79c6c0"},"breadcrumb":{"@id":"https:\/\/blogs.thesocialmedia.com\/leblogmoto\/2007\/02\/05\/supercross-us-b\/#breadcrumb"},"inLanguage":"fr-FR","potentialAction":[{"@type":"ReadAction","target":["https:\/\/blogs.thesocialmedia.com\/leblogmoto\/2007\/02\/05\/supercross-us-b\/"]}]},{"@type":"ImageObject","inLanguage":"fr-FR","@id":"https:\/\/blogs.thesocialmedia.com\/leblogmoto\/2007\/02\/05\/supercross-us-b\/#primaryimage","url":"http:\/\/www.leblogmoto.com\/images\/bubbas_jump.jpg","contentUrl":"http:\/\/www.leblogmoto.com\/images\/bubbas_jump.jpg"},{"@type":"BreadcrumbList","@id":"https:\/\/blogs.thesocialmedia.com\/leblogmoto\/2007\/02\/05\/supercross-us-b\/#breadcrumb","itemListElement":[{"@type":"ListItem","position":1,"name":"Accueil","item":"https:\/\/blogs.thesocialmedia.com\/leblogmoto\/"},{"@type":"ListItem","position":2,"name":"Supercross US : \u00ab Bubba \u00bb le King"}]},{"@type":"WebSite","@id":"https:\/\/blogs.thesocialmedia.com\/leblogmoto\/#website","url":"https:\/\/blogs.thesocialmedia.com\/leblogmoto\/","name":"leblogmoto","description":"Toute l&#039;actualit\u00e9 des 2 roues","potentialAction":[{"@type":"SearchAction","target":{"@type":"EntryPoint","urlTemplate":"https:\/\/blogs.thesocialmedia.com\/leblogmoto\/?s={search_term_string}"},"query-input":{"@type":"PropertyValueSpecification","valueRequired":true,"valueName":"search_term_string"}}],"inLanguage":"fr-FR"},{"@type":"Person","@id":"https:\/\/blogs.thesocialmedia.com\/leblogmoto\/#\/schema\/person\/90b2f8fd0d5a2cede2580e95fc79c6c0","name":"christian tirat","image":{"@type":"ImageObject","inLanguage":"fr-FR","@id":"https:\/\/blogs.thesocialmedia.com\/leblogmoto\/#\/schema\/person\/image\/","url":"https:\/\/secure.gravatar.com\/avatar\/?s=96&d=mm&r=g","contentUrl":"https:\/\/secure.gravatar.com\/avatar\/?s=96&d=mm&r=g","caption":"christian tirat"},"url":"https:\/\/blogs.thesocialmedia.com\/leblogmoto\/author\/christian-tirat\/"}]}},"_links":{"self":[{"href":"https:\/\/blogs.thesocialmedia.com\/leblogmoto\/wp-json\/wp\/v2\/posts\/1575","targetHints":{"allow":["GET"]}}],"collection":[{"href":"https:\/\/blogs.thesocialmedia.com\/leblogmoto\/wp-json\/wp\/v2\/posts"}],"about":[{"href":"https:\/\/blogs.thesocialmedia.com\/leblogmoto\/wp-json\/wp\/v2\/types\/post"}],"author":[{"embeddable":true,"href":"https:\/\/blogs.thesocialmedia.com\/leblogmoto\/wp-json\/wp\/v2\/users\/333"}],"replies":[{"embeddable":true,"href":"https:\/\/blogs.thesocialmedia.com\/leblogmoto\/wp-json\/wp\/v2\/comments?post=1575"}],"version-history":[{"count":2,"href":"https:\/\/blogs.thesocialmedia.com\/leblogmoto\/wp-json\/wp\/v2\/posts\/1575\/revisions"}],"predecessor-version":[{"id":7981,"href":"https:\/\/blogs.thesocialmedia.com\/leblogmoto\/wp-json\/wp\/v2\/posts\/1575\/revisions\/7981"}],"wp:attachment":[{"href":"https:\/\/blogs.thesocialmedia.com\/leblogmoto\/wp-json\/wp\/v2\/media?parent=1575"}],"wp:term":[{"taxonomy":"category","embeddable":true,"href":"https:\/\/blogs.thesocialmedia.com\/leblogmoto\/wp-json\/wp\/v2\/categories?post=1575"},{"taxonomy":"post_tag","embeddable":true,"href":"https:\/\/blogs.thesocialmedia.com\/leblogmoto\/wp-json\/wp\/v2\/tags?post=1575"}],"curies":[{"name":"wp","href":"https:\/\/api.w.org\/{rel}","templated":true}]}}