{"id":1578,"date":"2007-02-04T19:18:00","date_gmt":"2007-02-04T19:18:00","guid":{"rendered":"http:\/\/blogs.thesocialmedia.com\/leblogmoto\/2007\/02\/04\/enduro-premire\/"},"modified":"2012-07-11T14:31:15","modified_gmt":"2012-07-11T14:31:15","slug":"enduro-premire","status":"publish","type":"post","link":"https:\/\/blogs.thesocialmedia.com\/leblogmoto\/2007\/02\/04\/enduro-premire\/","title":{"rendered":"Enduro : premi\u00e8re \u00e9preuve en salle"},"content":{"rendered":"<p><a href=\"http:\/\/blogs.thesocialmedia.com\/leblogmoto\/files\/2012\/07\/fplanet_enduroindoor.jpg\"><img loading=\"lazy\" decoding=\"async\" width=\"250\" height=\"333\"  alt=\"Fplanet_enduroindoor\" src=\"http:\/\/www.leblogmoto.com\/images\/fplanet_enduroindoor.jpg\" style=\"margin: 0px 5px 5px 0px;float: left\" \/><\/a> Apr\u00e8s Barcelone qui a d\u00e9j\u00e0 sept enduro en salle \u00e0 son actif, Las Vegas et G\u00eanes (2 \u00e9ditions), C\u2019est au tour de la France de tenter enfin l\u2019exp\u00e9rience. Ce sera le 10 f\u00e9vrier \u00e0 Lyon, \u00e0 l\u2019occasion du <a href=\"http:\/\/www.salondu2roues.com\/\">14\u00e8me Salon Eurexpo du 2 Roues<\/a>. <\/p>\n<p>Historique, le premier Open de France d\u2019Enduro Indoor se d\u00e9roulera sur les 10 000 m2 du Hall 5, devant 5.000 spectateurs. C\u2019est \u00e0 l\u2019initiative de Jean-Luc Fouchet et David Castera que nous devons cette nouvelle \u00e9preuve pour laquelle ils se battaient depuis plus de 2 ans. A tout seigneur tout honneur, c\u2019est \u00e0 l\u2019incontournable JLFO, le magicien du <a href=\"http:\/\/www.supercrossbercy.com\/site\/accueil.php\">Super Cross de Paris Bercy<\/a>, notamment que la mise en sc\u00e8ne est confi\u00e9e. Une piste de 600 m reproduira au mieux les conditions naturelles avec une succession impressionnante d\u2019obstacles en terre, troncs d\u2019arbres, rondins, rochers, sable et m\u00eame un passage de gu\u00e9.<\/p>\n<p><a href=\"http:\/\/clabedan.typepad.com\/.shared\/image.html?\/photos\/uncategorized\/afichendurindor.jpg\"><img loading=\"lazy\" decoding=\"async\" width=\"250\" height=\"324\"  alt=\"Afichendurindor\" src=\"http:\/\/www.leblogmoto.com\/images\/afichendurindor.jpg\" style=\"margin: 0px 5px 5px 0px;float: left\" \/><\/a> Coup d\u2019envoi de la saison 2007, c\u2019est l\u2019essentiel de l\u2019\u00e9lite Fran\u00e7aise d\u2019enduro et m\u00eame du cross qui a r\u00e9pondu \u00e0 l\u2019appel: Marc Germain, <a href=\"http:\/\/www.johnny-aubert.com\/\">Johnny Aubert<\/a>, Fabien Planet, Emmanuel Albepart. Venant pour gagner, ce sera la premi\u00e8re sortie de <a href=\"http:\/\/www.cyrildespres.com\/home.html\">Cyril Despres<\/a> apr\u00e8s sa deuxi\u00e8me victoire au Dakar. L\u2019indoor de Lyon sera aussi l\u2019occasion de voir <a href=\"http:\/\/www.jordancurvalle.com\/\">Jordan Curvalle<\/a>, S\u00e9bastien Guillaume et Marc Bourgeois sur leurs nouvelles montures, et aussi le double champion du monde de moto cross Fr\u00e9d\u00e9ric Bolley qui fera sa premi\u00e8re prestation enduristique\u2026Que du beau monde !<\/p>\n<p> 42 pilotes en piste, 21 en cat\u00e9gorie Elite et 21 en cat\u00e9gorie Nationale- Club\/Classic, constitu\u00e9e de pilotes issus des r\u00e9gions et des clubs majeurs de l\u2019enduro en France.<br \/> Le programme propose 18 courses courues par petits groupes de 6 \u00e0 8 pilotes dans un format de comp\u00e9tition \u00e9liminatoire (s\u00e9rie qualificative, demi-finale et finale). Sur les 21 partants dans chaque cat\u00e9gorie seuls 8 d\u2019entre eux parviendront en finale. Voil\u00e0 qui promet d\u2019\u00eatre chaud pour parvenir a inscrire le premier nom au fronton de l\u2019enduro fran\u00e7ais en salle !<\/p>\n<p> Entre les 2 finales se d\u00e9roulera une animation in\u00e9dite qui permettra au public de prendre part au spectacle en courant la Human Race : 2 tours de piste, d\u00e9part en ligne pour 30 spectateurs volontaires; un sprint extr\u00eame\u2026mais \u00e0 pied ! R\u00e9compenses et dotations promises aux 3 premiers.<br \/> Voil\u00e0 de quoi d\u00e9marrer en fanfare la saison 2007, un seul b\u00e9mol: dommage que ce soit le m\u00eame week-end que le <a href=\"http:\/\/www.endurotouquet.com\/\">Touquet<\/a> !<\/p>\n<p> <\/p>\n","protected":false},"excerpt":{"rendered":"<p>Apr\u00e8s Barcelone qui a d\u00e9j\u00e0 sept enduro en salle \u00e0 son actif, Las Vegas et G\u00eanes (2 \u00e9ditions), C\u2019est au tour de la France de tenter enfin l\u2019exp\u00e9rience. Ce sera le 10 f\u00e9vrier \u00e0 Lyon, \u00e0 l\u2019occasion du 14\u00e8me Salon Eurexpo du 2 Roues. Historique, le premier Open de France d\u2019Enduro Indoor se d\u00e9roulera sur [&hellip;]<\/p>\n","protected":false},"author":333,"featured_media":0,"comment_status":"open","ping_status":"open","sticky":false,"template":"","format":"standard","meta":{"footnotes":""},"categories":[32],"tags":[],"class_list":["post-1578","post","type-post","status-publish","format-standard","hentry","category-sport-moto"],"yoast_head":"<!-- This site is optimized with the Yoast SEO plugin v26.0 - https:\/\/yoast.com\/wordpress\/plugins\/seo\/ -->\n<title>Enduro : premi\u00e8re \u00e9preuve en salle - leblogmoto.com<\/title>\n<meta name=\"robots\" content=\"index, follow, max-snippet:-1, max-image-preview:large, max-video-preview:-1\" \/>\n<link rel=\"canonical\" href=\"https:\/\/blogs.thesocialmedia.com\/leblogmoto\/2007\/02\/04\/enduro-premire\/\" \/>\n<meta name=\"twitter:card\" content=\"summary_large_image\" \/>\n<meta name=\"twitter:title\" content=\"Enduro : premi\u00e8re \u00e9preuve en salle - leblogmoto.com\" \/>\n<meta name=\"twitter:description\" content=\"Apr\u00e8s Barcelone qui a d\u00e9j\u00e0 sept enduro en salle \u00e0 son actif, Las Vegas et G\u00eanes (2 \u00e9ditions), C\u2019est au tour de la France de tenter enfin l\u2019exp\u00e9rience. Ce sera le 10 f\u00e9vrier \u00e0 Lyon, \u00e0 l\u2019occasion du 14\u00e8me Salon Eurexpo du 2 Roues. Historique, le premier Open de France d\u2019Enduro Indoor se d\u00e9roulera sur [&hellip;]\" \/>\n<meta name=\"twitter:image\" content=\"http:\/\/www.leblogmoto.com\/images\/fplanet_enduroindoor.jpg\" \/>\n<meta name=\"twitter:label1\" content=\"\u00c9crit par\" \/>\n\t<meta name=\"twitter:data1\" content=\"christian tirat\" \/>\n\t<meta name=\"twitter:label2\" content=\"Dur\u00e9e de lecture estim\u00e9e\" \/>\n\t<meta name=\"twitter:data2\" content=\"2 minutes\" \/>\n<script type=\"application\/ld+json\" class=\"yoast-schema-graph\">{\"@context\":\"https:\/\/schema.org\",\"@graph\":[{\"@type\":\"WebPage\",\"@id\":\"https:\/\/blogs.thesocialmedia.com\/leblogmoto\/2007\/02\/04\/enduro-premire\/\",\"url\":\"https:\/\/blogs.thesocialmedia.com\/leblogmoto\/2007\/02\/04\/enduro-premire\/\",\"name\":\"Enduro : premi\u00e8re \u00e9preuve en salle - leblogmoto.com\",\"isPartOf\":{\"@id\":\"https:\/\/blogs.thesocialmedia.com\/leblogmoto\/#website\"},\"primaryImageOfPage\":{\"@id\":\"https:\/\/blogs.thesocialmedia.com\/leblogmoto\/2007\/02\/04\/enduro-premire\/#primaryimage\"},\"image\":{\"@id\":\"https:\/\/blogs.thesocialmedia.com\/leblogmoto\/2007\/02\/04\/enduro-premire\/#primaryimage\"},\"thumbnailUrl\":\"http:\/\/www.leblogmoto.com\/images\/fplanet_enduroindoor.jpg\",\"datePublished\":\"2007-02-04T19:18:00+00:00\",\"dateModified\":\"2012-07-11T14:31:15+00:00\",\"author\":{\"@id\":\"https:\/\/blogs.thesocialmedia.com\/leblogmoto\/#\/schema\/person\/90b2f8fd0d5a2cede2580e95fc79c6c0\"},\"breadcrumb\":{\"@id\":\"https:\/\/blogs.thesocialmedia.com\/leblogmoto\/2007\/02\/04\/enduro-premire\/#breadcrumb\"},\"inLanguage\":\"fr-FR\",\"potentialAction\":[{\"@type\":\"ReadAction\",\"target\":[\"https:\/\/blogs.thesocialmedia.com\/leblogmoto\/2007\/02\/04\/enduro-premire\/\"]}]},{\"@type\":\"ImageObject\",\"inLanguage\":\"fr-FR\",\"@id\":\"https:\/\/blogs.thesocialmedia.com\/leblogmoto\/2007\/02\/04\/enduro-premire\/#primaryimage\",\"url\":\"http:\/\/www.leblogmoto.com\/images\/fplanet_enduroindoor.jpg\",\"contentUrl\":\"http:\/\/www.leblogmoto.com\/images\/fplanet_enduroindoor.jpg\"},{\"@type\":\"BreadcrumbList\",\"@id\":\"https:\/\/blogs.thesocialmedia.com\/leblogmoto\/2007\/02\/04\/enduro-premire\/#breadcrumb\",\"itemListElement\":[{\"@type\":\"ListItem\",\"position\":1,\"name\":\"Accueil\",\"item\":\"https:\/\/blogs.thesocialmedia.com\/leblogmoto\/\"},{\"@type\":\"ListItem\",\"position\":2,\"name\":\"Enduro : premi\u00e8re \u00e9preuve en salle\"}]},{\"@type\":\"WebSite\",\"@id\":\"https:\/\/blogs.thesocialmedia.com\/leblogmoto\/#website\",\"url\":\"https:\/\/blogs.thesocialmedia.com\/leblogmoto\/\",\"name\":\"leblogmoto\",\"description\":\"Toute l&#039;actualit\u00e9 des 2 roues\",\"potentialAction\":[{\"@type\":\"SearchAction\",\"target\":{\"@type\":\"EntryPoint\",\"urlTemplate\":\"https:\/\/blogs.thesocialmedia.com\/leblogmoto\/?s={search_term_string}\"},\"query-input\":{\"@type\":\"PropertyValueSpecification\",\"valueRequired\":true,\"valueName\":\"search_term_string\"}}],\"inLanguage\":\"fr-FR\"},{\"@type\":\"Person\",\"@id\":\"https:\/\/blogs.thesocialmedia.com\/leblogmoto\/#\/schema\/person\/90b2f8fd0d5a2cede2580e95fc79c6c0\",\"name\":\"christian tirat\",\"image\":{\"@type\":\"ImageObject\",\"inLanguage\":\"fr-FR\",\"@id\":\"https:\/\/blogs.thesocialmedia.com\/leblogmoto\/#\/schema\/person\/image\/\",\"url\":\"https:\/\/secure.gravatar.com\/avatar\/?s=96&d=mm&r=g\",\"contentUrl\":\"https:\/\/secure.gravatar.com\/avatar\/?s=96&d=mm&r=g\",\"caption\":\"christian tirat\"},\"url\":\"https:\/\/blogs.thesocialmedia.com\/leblogmoto\/author\/christian-tirat\/\"}]}<\/script>\n<!-- \/ Yoast SEO plugin. -->","yoast_head_json":{"title":"Enduro : premi\u00e8re \u00e9preuve en salle - leblogmoto.com","robots":{"index":"index","follow":"follow","max-snippet":"max-snippet:-1","max-image-preview":"max-image-preview:large","max-video-preview":"max-video-preview:-1"},"canonical":"https:\/\/blogs.thesocialmedia.com\/leblogmoto\/2007\/02\/04\/enduro-premire\/","twitter_card":"summary_large_image","twitter_title":"Enduro : premi\u00e8re \u00e9preuve en salle - leblogmoto.com","twitter_description":"Apr\u00e8s Barcelone qui a d\u00e9j\u00e0 sept enduro en salle \u00e0 son actif, Las Vegas et G\u00eanes (2 \u00e9ditions), C\u2019est au tour de la France de tenter enfin l\u2019exp\u00e9rience. Ce sera le 10 f\u00e9vrier \u00e0 Lyon, \u00e0 l\u2019occasion du 14\u00e8me Salon Eurexpo du 2 Roues. Historique, le premier Open de France d\u2019Enduro Indoor se d\u00e9roulera sur [&hellip;]","twitter_image":"http:\/\/www.leblogmoto.com\/images\/fplanet_enduroindoor.jpg","twitter_misc":{"\u00c9crit par":"christian tirat","Dur\u00e9e de lecture estim\u00e9e":"2 minutes"},"schema":{"@context":"https:\/\/schema.org","@graph":[{"@type":"WebPage","@id":"https:\/\/blogs.thesocialmedia.com\/leblogmoto\/2007\/02\/04\/enduro-premire\/","url":"https:\/\/blogs.thesocialmedia.com\/leblogmoto\/2007\/02\/04\/enduro-premire\/","name":"Enduro : premi\u00e8re \u00e9preuve en salle - leblogmoto.com","isPartOf":{"@id":"https:\/\/blogs.thesocialmedia.com\/leblogmoto\/#website"},"primaryImageOfPage":{"@id":"https:\/\/blogs.thesocialmedia.com\/leblogmoto\/2007\/02\/04\/enduro-premire\/#primaryimage"},"image":{"@id":"https:\/\/blogs.thesocialmedia.com\/leblogmoto\/2007\/02\/04\/enduro-premire\/#primaryimage"},"thumbnailUrl":"http:\/\/www.leblogmoto.com\/images\/fplanet_enduroindoor.jpg","datePublished":"2007-02-04T19:18:00+00:00","dateModified":"2012-07-11T14:31:15+00:00","author":{"@id":"https:\/\/blogs.thesocialmedia.com\/leblogmoto\/#\/schema\/person\/90b2f8fd0d5a2cede2580e95fc79c6c0"},"breadcrumb":{"@id":"https:\/\/blogs.thesocialmedia.com\/leblogmoto\/2007\/02\/04\/enduro-premire\/#breadcrumb"},"inLanguage":"fr-FR","potentialAction":[{"@type":"ReadAction","target":["https:\/\/blogs.thesocialmedia.com\/leblogmoto\/2007\/02\/04\/enduro-premire\/"]}]},{"@type":"ImageObject","inLanguage":"fr-FR","@id":"https:\/\/blogs.thesocialmedia.com\/leblogmoto\/2007\/02\/04\/enduro-premire\/#primaryimage","url":"http:\/\/www.leblogmoto.com\/images\/fplanet_enduroindoor.jpg","contentUrl":"http:\/\/www.leblogmoto.com\/images\/fplanet_enduroindoor.jpg"},{"@type":"BreadcrumbList","@id":"https:\/\/blogs.thesocialmedia.com\/leblogmoto\/2007\/02\/04\/enduro-premire\/#breadcrumb","itemListElement":[{"@type":"ListItem","position":1,"name":"Accueil","item":"https:\/\/blogs.thesocialmedia.com\/leblogmoto\/"},{"@type":"ListItem","position":2,"name":"Enduro : premi\u00e8re \u00e9preuve en salle"}]},{"@type":"WebSite","@id":"https:\/\/blogs.thesocialmedia.com\/leblogmoto\/#website","url":"https:\/\/blogs.thesocialmedia.com\/leblogmoto\/","name":"leblogmoto","description":"Toute l&#039;actualit\u00e9 des 2 roues","potentialAction":[{"@type":"SearchAction","target":{"@type":"EntryPoint","urlTemplate":"https:\/\/blogs.thesocialmedia.com\/leblogmoto\/?s={search_term_string}"},"query-input":{"@type":"PropertyValueSpecification","valueRequired":true,"valueName":"search_term_string"}}],"inLanguage":"fr-FR"},{"@type":"Person","@id":"https:\/\/blogs.thesocialmedia.com\/leblogmoto\/#\/schema\/person\/90b2f8fd0d5a2cede2580e95fc79c6c0","name":"christian tirat","image":{"@type":"ImageObject","inLanguage":"fr-FR","@id":"https:\/\/blogs.thesocialmedia.com\/leblogmoto\/#\/schema\/person\/image\/","url":"https:\/\/secure.gravatar.com\/avatar\/?s=96&d=mm&r=g","contentUrl":"https:\/\/secure.gravatar.com\/avatar\/?s=96&d=mm&r=g","caption":"christian tirat"},"url":"https:\/\/blogs.thesocialmedia.com\/leblogmoto\/author\/christian-tirat\/"}]}},"_links":{"self":[{"href":"https:\/\/blogs.thesocialmedia.com\/leblogmoto\/wp-json\/wp\/v2\/posts\/1578","targetHints":{"allow":["GET"]}}],"collection":[{"href":"https:\/\/blogs.thesocialmedia.com\/leblogmoto\/wp-json\/wp\/v2\/posts"}],"about":[{"href":"https:\/\/blogs.thesocialmedia.com\/leblogmoto\/wp-json\/wp\/v2\/types\/post"}],"author":[{"embeddable":true,"href":"https:\/\/blogs.thesocialmedia.com\/leblogmoto\/wp-json\/wp\/v2\/users\/333"}],"replies":[{"embeddable":true,"href":"https:\/\/blogs.thesocialmedia.com\/leblogmoto\/wp-json\/wp\/v2\/comments?post=1578"}],"version-history":[{"count":2,"href":"https:\/\/blogs.thesocialmedia.com\/leblogmoto\/wp-json\/wp\/v2\/posts\/1578\/revisions"}],"predecessor-version":[{"id":7975,"href":"https:\/\/blogs.thesocialmedia.com\/leblogmoto\/wp-json\/wp\/v2\/posts\/1578\/revisions\/7975"}],"wp:attachment":[{"href":"https:\/\/blogs.thesocialmedia.com\/leblogmoto\/wp-json\/wp\/v2\/media?parent=1578"}],"wp:term":[{"taxonomy":"category","embeddable":true,"href":"https:\/\/blogs.thesocialmedia.com\/leblogmoto\/wp-json\/wp\/v2\/categories?post=1578"},{"taxonomy":"post_tag","embeddable":true,"href":"https:\/\/blogs.thesocialmedia.com\/leblogmoto\/wp-json\/wp\/v2\/tags?post=1578"}],"curies":[{"name":"wp","href":"https:\/\/api.w.org\/{rel}","templated":true}]}}